{"id":1,"date":"2021-09-12T12:33:56","date_gmt":"2021-09-12T10:33:56","guid":{"rendered":"http:\/\/parcsaintecroix.com\/?p=1"},"modified":"2023-03-16T10:35:15","modified_gmt":"2023-03-16T09:35:15","slug":"sainte-croix-au-coeur-dune-reserve-de-biosphere-de-lunesco","status":"publish","type":"post","link":"https:\/\/parcsaintecroix.com\/fr\/sainte-croix-au-coeur-dune-reserve-de-biosphere-de-lunesco","title":{"rendered":"Sainte-Croix au c\u0153ur d\u2019une R\u00e9serve de Biosph\u00e8re de l\u2019UNESCO !"},"content":{"rendered":"<section class=\"block-grid-wrapper block-grid-for-core-paragraph\">\n      <div class=\"default-editor-content grid-for-core-paragraph grid-container fluid fluid\">\n        <div class=\"grid-x grid-padding-x align-center\">\n          <div class=\"cell\">\n            \n<p class=\"has-text-align-center\">Une reconnaissance mondiale ! Le territoire de Moselle Sud, o\u00f9 se situe le Parc Animalier de Sainte-Croix, int\u00e8gre officiellement le programme \u00ab Man and biosphere \u00bb de l\u2019UNESCO et devient la 15\u00e8me r\u00e9serve de biosph\u00e8re en France.<\/p>\n          <\/div>\n        <\/div>\n      <\/div>\n\n      <\/section>\n\n<section class=\"block-grid-wrapper block-grid-for-core-embed\">\n      <div class=\"default-editor-content grid-for-core-embed grid-container fluid fluid\">\n        <div class=\"grid-x grid-padding-x align-center\">\n          <div class=\"cell\">\n            \n  <div class=\"wp-block-embed\">\n    \n    <youtube-embed class=\"wp-block-embed__wrapper\" videoId=\"ve8q--TU8ds\" custom-button>\n      <div class=\"overlay\"><\/div>\n      <div class=\"read-more\">Lancer la vid\u00e9o<\/div>\n    <\/youtube-embed>\n  <\/div>\n\n            <\/div>\n        <\/div>\n      <\/div>\n\n      <\/section>\n\n<section class=\"block-grid-wrapper block-grid-for-core-heading\">\n      <div class=\"default-editor-content grid-for-core-heading grid-container fluid fluid\">\n        <div class=\"grid-x grid-padding-x align-center\">\n          <div class=\"cell\">\n            \n<h2 class=\"wp-block-heading\">Une reconnaissance mondiale : la moselle sud devient la 15\u00e8me r\u00e9serve de biosph\u00e8re reconnue par l\u2019unesco en france !<\/h2>\n          <\/div>\n        <\/div>\n      <\/div>\n\n      <\/section>\n\n<section class=\"block-grid-wrapper block-grid-for-core-paragraph\">\n      <div class=\"default-editor-content grid-for-core-paragraph grid-container fluid fluid\">\n        <div class=\"grid-x grid-padding-x align-center\">\n          <div class=\"cell\">\n            \n<p>Pr\u00e8s de 1 400 km2 de verdure, 50 000 ha de for\u00eats de conif\u00e8res et feuillus, plus de 200 esp\u00e8ces d\u2019oiseaux et bien s\u00fbr des zones humides \u00e0 perte de vue, la Moselle Sud h\u00e9berge une tr\u00e8s riche nature.<\/p>\n          <\/div>\n        <\/div>\n      <\/div>\n\n      <\/section>\n\n<section class=\"block-grid-wrapper block-grid-for-core-image\">\n      <div class=\"default-editor-content grid-for-core-image grid-container fluid fluid\">\n        <div class=\"grid-x grid-padding-x align-center\">\n          <div class=\"cell\">\n            \n<figure class=\"wp-block-image aligncenter size-large\"><img loading=\"lazy\" decoding=\"async\" width=\"1024\" height=\"576\" src=\"https:\/\/parcsaintecroix.com\/wp-content\/uploads\/2022\/07\/img-7316@2x-1024x576-fd90e2c36371.jpg\" alt=\"\" class=\"wp-image-201\" srcset=\"https:\/\/parcsaintecroix.com\/wp-content\/uploads\/2022\/07\/img-7316@2x-1024x576-fd90e2c36371.jpg 1024w, https:\/\/parcsaintecroix.com\/wp-content\/uploads\/2022\/07\/img-7316@2x-300x169-512c1e2135f8.jpg 300w, https:\/\/parcsaintecroix.com\/wp-content\/uploads\/2022\/07\/img-7316@2x-768x432-b56108145cc7.jpg 768w, https:\/\/parcsaintecroix.com\/wp-content\/uploads\/2022\/07\/img-7316@2x-1536x865-3c33d8efde71.jpg 1536w, https:\/\/parcsaintecroix.com\/wp-content\/uploads\/2022\/07\/img-7316@2x-2048x1153-539fcd4e84ba.jpg 2048w, https:\/\/parcsaintecroix.com\/wp-content\/uploads\/2022\/07\/img-7316@2x-100x56-fab7673e88b9.jpg 100w\" sizes=\"auto, (max-width: 1024px) 100vw, 1024px\" \/><figcaption>\u00a9 Cr\u00e9dit photo : Jean Lavergne<\/figcaption><\/figure>\n          <\/div>\n        <\/div>\n      <\/div>\n\n      <\/section>\n\n<section class=\"block-grid-wrapper block-grid-for-core-paragraph\">\n      <div class=\"default-editor-content grid-for-core-paragraph grid-container fluid fluid\">\n        <div class=\"grid-x grid-padding-x align-center\">\n          <div class=\"cell\">\n            \n<p>L\u2019objectif de cette nouvelle r\u00e9serve ? <\/p>\n          <\/div>\n        <\/div>\n      <\/div>\n\n      <\/section>\n\n<section class=\"block-grid-wrapper block-grid-for-core-paragraph\">\n      <div class=\"default-editor-content grid-for-core-paragraph grid-container fluid fluid\">\n        <div class=\"grid-x grid-padding-x align-center\">\n          <div class=\"cell\">\n            \n<p>Promouvoir un \u00e9quilibre entre les activit\u00e9s humaines et l\u2019environnement. Caract\u00e9ris\u00e9 par l\u2019omnipr\u00e9sence de l\u2019eau, ce patrimoine naturel est une richesse inestimable avec des esp\u00e8ces parfois uniques au monde. La r\u00e9serve permettra la cr\u00e9ation d\u2019une aire de d\u00e9veloppement sans restriction, d\u2019une zone tampon o\u00f9 les activit\u00e9s humaines sont respectueuses de la biodiversit\u00e9 et \u00e9videmment d\u2019aires centrales, o\u00f9 la protection de l\u2019environnement sera la priorit\u00e9. <\/p>\n          <\/div>\n        <\/div>\n      <\/div>\n\n      <\/section>\n\n<section class=\"block-grid-wrapper block-grid-for-core-paragraph\">\n      <div class=\"default-editor-content grid-for-core-paragraph grid-container fluid fluid\">\n        <div class=\"grid-x grid-padding-x align-center\">\n          <div class=\"cell\">\n            \n<p>Cette reconnaissance de l\u2019UNESCO est un privil\u00e8ge pour notre territoire puisqu\u2019on ne compte que 16 r\u00e9serves de biosph\u00e8re reconnues par l\u2019UNESCO en France !<\/p>\n          <\/div>\n        <\/div>\n      <\/div>\n\n      <\/section>\n\n<section class=\"block-grid-wrapper block-grid-for-core-heading\">\n      <div class=\"default-editor-content grid-for-core-heading grid-container fluid fluid\">\n        <div class=\"grid-x grid-padding-x align-center\">\n          <div class=\"cell\">\n            \n<h2 class=\"wp-block-heading\">Sainte-croix, r\u00e9serve naturelle de biodiversit\u00e9 avant l\u2019heure<\/h2>\n          <\/div>\n        <\/div>\n      <\/div>\n\n      <\/section>\n\n<section class=\"block-grid-wrapper block-grid-for-core-paragraph\">\n      <div class=\"default-editor-content grid-for-core-paragraph grid-container fluid fluid\">\n        <div class=\"grid-x grid-padding-x align-center\">\n          <div class=\"cell\">\n            \n<p>\u00c9merveiller et sensibiliser la population \u00e0 l\u2019environnement, c\u2019est le but que s\u2019\u00e9taient fix\u00e9s G\u00e9rald et Liliane Singer lors de la cr\u00e9ation du Parc en 1980. Pour atteindre cet objectif quoi de mieux qu\u2019une r\u00e9serve naturelle de 120 ha qui rassemble tous les \u00e9cosyst\u00e8mes locaux, \u00e0 savoir les plaines, les for\u00eats et les zones humides. R\u00e9concilier l\u2019Homme et la Nature avec p\u00e9dagogie, a toujours \u00e9t\u00e9 au c\u0153ur du projet du Parc, qui accueille 360 000 visiteurs chaque ann\u00e9e dont 25 000 scolaires et qui \u0153uvre pour la protection de la biodiversit\u00e9 locale et mondiale.<\/p>\n          <\/div>\n        <\/div>\n      <\/div>\n\n      <\/section>\n\n<section class=\"block-grid-wrapper block-grid-for-core-image\">\n      <div class=\"default-editor-content grid-for-core-image grid-container fluid fluid\">\n        <div class=\"grid-x grid-padding-x align-center\">\n          <div class=\"cell\">\n            \n<figure class=\"wp-block-image aligncenter size-large\"><img loading=\"lazy\" decoding=\"async\" width=\"1024\" height=\"576\" src=\"https:\/\/parcsaintecroix.com\/wp-content\/uploads\/2022\/07\/foret-rayon-soleil@2x-1024x576-fd90e2c36371.jpg\" alt=\"\" class=\"wp-image-204\" srcset=\"https:\/\/parcsaintecroix.com\/wp-content\/uploads\/2022\/07\/foret-rayon-soleil@2x-1024x576-fd90e2c36371.jpg 1024w, https:\/\/parcsaintecroix.com\/wp-content\/uploads\/2022\/07\/foret-rayon-soleil@2x-300x169-512c1e2135f8.jpg 300w, https:\/\/parcsaintecroix.com\/wp-content\/uploads\/2022\/07\/foret-rayon-soleil@2x-768x432-b56108145cc7.jpg 768w, https:\/\/parcsaintecroix.com\/wp-content\/uploads\/2022\/07\/foret-rayon-soleil@2x-1536x865-3c33d8efde71.jpg 1536w, https:\/\/parcsaintecroix.com\/wp-content\/uploads\/2022\/07\/foret-rayon-soleil@2x-2048x1153-539fcd4e84ba.jpg 2048w, https:\/\/parcsaintecroix.com\/wp-content\/uploads\/2022\/07\/foret-rayon-soleil@2x-100x56-fab7673e88b9.jpg 100w\" sizes=\"auto, (max-width: 1024px) 100vw, 1024px\" \/><\/figure>\n          <\/div>\n        <\/div>\n      <\/div>\n\n      <\/section>\n\n<section class=\"block-grid-wrapper block-grid-for-core-paragraph\">\n      <div class=\"default-editor-content grid-for-core-paragraph grid-container fluid fluid\">\n        <div class=\"grid-x grid-padding-x align-center\">\n          <div class=\"cell\">\n            \n<p><\/p>\n          <\/div>\n        <\/div>\n      <\/div>\n\n      <\/section>\n\n<section class=\"block-grid-wrapper block-grid-for-core-paragraph\">\n      <div class=\"default-editor-content grid-for-core-paragraph grid-container fluid fluid\">\n        <div class=\"grid-x grid-padding-x align-center\">\n          <div class=\"cell\">\n            \n<p>Le Parc Animalier de Sainte-Croix est donc tr\u00e8s heureux de se trouver au c\u0153ur de ce territoire d\u2019exception qui b\u00e9n\u00e9ficie d\u00e9sormais d\u2019une reconnaissance mondiale. Les fondateurs du Parc seraient \u00e9galement tr\u00e8s fiers de voir que les terres qu\u2019ils ont tant ch\u00e9ries et o\u00f9 ils ont d\u00e9velopp\u00e9 le projet de leurs vies, soit reconnues par l\u2019UNESCO. Cette reconnaissance s\u2019inscrit ainsi dans la continuit\u00e9 de l\u2019\u0153uvre de G\u00e9rald et Liliane Singer : reconnecter l\u2019Homme \u00e0 la Nature. <\/p>\n          <\/div>\n        <\/div>\n      <\/div>\n\n      <\/section>\n\n<section class=\"block-grid-wrapper block-grid-for-core-paragraph\">\n      <div class=\"default-editor-content grid-for-core-paragraph grid-container fluid fluid\">\n        <div class=\"grid-x grid-padding-x align-center\">\n          <div class=\"cell\">\n            \n<p>Apr\u00e8s avoir \u00e9t\u00e9 \u00e0 l\u2019initiative du projet de R\u00e9serve de Biosph\u00e8re de l\u2019UNESCO, Sainte-Croix s\u2019engage r\u00e9solument dans cette aventure gr\u00e2ce au Fonds de dotation Sainte-Croix Biodiversit\u00e9 qui aux c\u00f4t\u00e9s de Center Parcs domaine Les Trois For\u00eats et de l\u2019Agence R\u00e9gionale du tourisme Grand Est, a cr\u00e9\u00e9 en mai dernier un Lab Tourisme et Biodiversit\u00e9. Dot\u00e9 de 100.000 euros, ce Lab doit permettre la promotion d\u2019un tourisme respectueux de l\u2019environnement en partenariat avec les acteurs locaux.<\/p>\n          <\/div>\n        <\/div>\n      <\/div>\n\n      <\/section>\n\n<section class=\"block-grid-wrapper block-grid-for-core-heading\">\n      <div class=\"default-editor-content grid-for-core-heading grid-container fluid fluid\">\n        <div class=\"grid-x grid-padding-x align-center\">\n          <div class=\"cell\">\n            \n<h2 class=\"wp-block-heading\">Du r\u00eave \u00e0 la r\u00e9alit\u00e9 : la moselle sud reconnue par l\u2019unesco<\/h2>\n          <\/div>\n        <\/div>\n      <\/div>\n\n      <\/section>\n\n<section class=\"block-grid-wrapper block-grid-for-core-paragraph\">\n      <div class=\"default-editor-content grid-for-core-paragraph grid-container fluid fluid\">\n        <div class=\"grid-x grid-padding-x align-center\">\n          <div class=\"cell\">\n            \n<p>C\u2019est depuis le site de l\u2019Etang de Lindre \u00e0 Dieuze (57) que les diff\u00e9rents acteurs du projet ont appris la nouvelle en direct le 15 septembre. Il aura fallu attendre 5 ans pour obtenir cette fameuse reconnaissance de la part de l\u2019UNESCO ! C\u2019est en effet en 2016 que l\u2019id\u00e9e s\u2019est d\u00e9velopp\u00e9e au sein du Conseil de D\u00e9veloppement du Pays de Sarrebourg, \u00e0 travers son pr\u00e9sident notamment, Pierre Singer. <\/p>\n          <\/div>\n        <\/div>\n      <\/div>\n\n      <\/section>\n\n<section class=\"block-grid-wrapper block-grid-for-core-paragraph\">\n      <div class=\"default-editor-content grid-for-core-paragraph grid-container fluid fluid\">\n        <div class=\"grid-x grid-padding-x align-center\">\n          <div class=\"cell\">\n            \n<p>Le projet est avant tout collectif, r\u00e9unissant le P\u00f4le d\u2019\u00e9quilibre Territorial et Rural du Pays de Sarrebourg, le Parc naturel R\u00e9gional de Lorraine, les communaut\u00e9s de communes de Sarrebourg, du Saulnois et de Phalsbourg et les diff\u00e9rents gestionnaires d\u2019espaces naturels du territoire (associations et organismes d\u2019Etat). Ces diff\u00e9rents acteurs ont particip\u00e9 \u00e0 de nombreux ateliers de concertation pour le 1er d\u00e9cembre 2020.<\/p>\n          <\/div>\n        <\/div>\n      <\/div>\n\n      <\/section>\n\n<section class=\"block-grid-wrapper block-grid-for-core-image\">\n      <div class=\"default-editor-content grid-for-core-image grid-container fluid fluid\">\n        <div class=\"grid-x grid-padding-x align-center\">\n          <div class=\"cell\">\n            \n<figure class=\"wp-block-image aligncenter size-large\"><img loading=\"lazy\" decoding=\"async\" width=\"1024\" height=\"576\" src=\"https:\/\/parcsaintecroix.com\/wp-content\/uploads\/2022\/07\/cerf-cp-morgane-bricard-162_790x380_2x@2x-1024x576-fd90e2c36371.jpg\" alt=\"\" class=\"wp-image-207\" srcset=\"https:\/\/parcsaintecroix.com\/wp-content\/uploads\/2022\/07\/cerf-cp-morgane-bricard-162_790x380_2x@2x-1024x576-fd90e2c36371.jpg 1024w, https:\/\/parcsaintecroix.com\/wp-content\/uploads\/2022\/07\/cerf-cp-morgane-bricard-162_790x380_2x@2x-300x169-512c1e2135f8.jpg 300w, https:\/\/parcsaintecroix.com\/wp-content\/uploads\/2022\/07\/cerf-cp-morgane-bricard-162_790x380_2x@2x-768x432-b56108145cc7.jpg 768w, https:\/\/parcsaintecroix.com\/wp-content\/uploads\/2022\/07\/cerf-cp-morgane-bricard-162_790x380_2x@2x-1536x865-3c33d8efde71.jpg 1536w, https:\/\/parcsaintecroix.com\/wp-content\/uploads\/2022\/07\/cerf-cp-morgane-bricard-162_790x380_2x@2x-2048x1153-539fcd4e84ba.jpg 2048w, https:\/\/parcsaintecroix.com\/wp-content\/uploads\/2022\/07\/cerf-cp-morgane-bricard-162_790x380_2x@2x-100x56-fab7673e88b9.jpg 100w, https:\/\/parcsaintecroix.com\/wp-content\/uploads\/2022\/07\/cerf-cp-morgane-bricard-162_790x380_2x@2x-1009x568-6f255e59085b.jpg 1009w, https:\/\/parcsaintecroix.com\/wp-content\/uploads\/2022\/07\/cerf-cp-morgane-bricard-162_790x380_2x@2x-2018x1136-8421bee02ef1.jpg 2018w\" sizes=\"auto, (max-width: 1024px) 100vw, 1024px\" \/><\/figure>\n          <\/div>\n        <\/div>\n      <\/div>\n\n      <\/section>\n\n<section class=\"block-grid-wrapper block-grid-for-core-paragraph\">\n      <div class=\"default-editor-content grid-for-core-paragraph grid-container fluid fluid\">\n        <div class=\"grid-x grid-padding-x align-center\">\n          <div class=\"cell\">\n            \n<p><\/p>\n          <\/div>\n        <\/div>\n      <\/div>\n\n      <\/section>\n\n<section class=\"block-grid-wrapper block-grid-for-core-heading\">\n      <div class=\"default-editor-content grid-for-core-heading grid-container fluid fluid\">\n        <div class=\"grid-x grid-padding-x align-center\">\n          <div class=\"cell\">\n            \n<h2 class=\"wp-block-heading\">Une r\u00e9serve de biosph\u00e8re, c\u2019est quoi ?<\/h2>\n          <\/div>\n        <\/div>\n      <\/div>\n\n      <\/section>\n\n<section class=\"block-grid-wrapper block-grid-for-core-paragraph\">\n      <div class=\"default-editor-content grid-for-core-paragraph grid-container fluid fluid\">\n        <div class=\"grid-x grid-padding-x align-center\">\n          <div class=\"cell\">\n            \n<p>Lanc\u00e9 par l\u2019UNESCO en 1971, le Programme sur l\u2019Homme et la Biosph\u00e8re (MAB, Man and Biosphere) encourage et accompagne les pratiques de d\u00e9veloppement durable. Il s\u2019agit avant tout d\u2019un programme scientifique pour \u00e9tudier les relations hommes et nature. Les r\u00e9serves de biosph\u00e8re sont ainsi con\u00e7ues pour r\u00e9pondre \u00e0 une probl\u00e9matique cruciale aujourd\u2019hui : comment concilier la conservation de la biodiversit\u00e9 et le d\u00e9veloppement des activit\u00e9s humaines ? <\/p>\n          <\/div>\n        <\/div>\n      <\/div>\n\n      <\/section>\n\n<section class=\"block-grid-wrapper block-grid-for-core-paragraph\">\n      <div class=\"default-editor-content grid-for-core-paragraph grid-container fluid fluid\">\n        <div class=\"grid-x grid-padding-x align-center\">\n          <div class=\"cell\">\n            \n<p>Le r\u00e9seau des r\u00e9serves s\u2019appuie sur la participation active des acteurs locaux pour conserver le patrimoine naturel et culturel, promouvoir le respect de l\u2019environnement et des cultures locales et d\u00e9velopper des activit\u00e9s de recherche et d\u2019\u00e9ducation.<\/p>\n          <\/div>\n        <\/div>\n      <\/div>\n\n      <\/section>\n\n<section class=\"block-grid-wrapper block-grid-for-core-paragraph\">\n      <div class=\"default-editor-content grid-for-core-paragraph grid-container fluid fluid\">\n        <div class=\"grid-x grid-padding-x align-center\">\n          <div class=\"cell\">\n            \n<p><\/p>\n          <\/div>\n        <\/div>\n      <\/div>\n\n      <\/section>\n\n\n    <section  class=\"wp-block-acf-three-articles  block-index-23 section-content section-three-articles\"       itemprop=\"hasPart\" itemscope\n\n      <div class=\"grid-container full\">\n\n        <div class=\"grid-x title-wrapper\">\n\n          <div class=\"cell\">\n                          <h2 class=\"section-title\" itemprop=\"name heading\">En ce moment \u00e0 Sainte-Croix<\/h2>\n            \n                      <\/div>\n\n        <\/div>\n\n\n        <div class=\"grid-x listing-latest-news news-slider align-center\">\n          <article class=\"cell medium-6 large-4 js-article article-box flex-container flex-dir-column post-37937 post type-post status-publish format-standard has-post-thumbnail hentry category-animaux category-le-parc\"  itemscope itemtype=\"https:\/\/schema.org\/Article\" itemid=\"https:\/\/parcsaintecroix.com\/fr\/quelle-est-la-difference-entre-le-bison-deurope-et-le-bison-damerique\" itemref=\"publisher\">\n      <meta itemprop=\"author\" content=\"Parc de Saint Croix\" \/>\n    <meta itemprop=\"image\" content=\"https:\/\/parcsaintecroix.com\/wp-content\/uploads\/2025\/10\/CP-Morgane-Bricard-64-scaled.jpg\" \/>\n    <meta itemprop=\"datePublished\" content=\"2026-04-30T20:33:47+02:00\" \/>\n    <meta itemprop=\"dateModified\" content=\"2026-04-30T20:33:50+02:00\" \/>\n      <div class=\"news-content-wrapper\">\n          <a href=\"https:\/\/parcsaintecroix.com\/fr\/quelle-est-la-difference-entre-le-bison-deurope-et-le-bison-damerique\" itemprop=\"url mainEntityOfPage\">\n        \n                  <span class=\"label-category\">Animaux<\/span>\n        \n        <figure>\n          <img decoding=\"async\"  data-fade-in loading=\"lazy\" src=\"data:image\/png;base64,R0lGODlhAQABAAD\/ACwAAAAAAQABAAACADs=\" data-lazy-interchange=\"[https:\/\/parcsaintecroix.com\/wp-content\/uploads\/2025\/10\/CP-Morgane-Bricard-64-scaled-668x668-71ab615e0a86.jpg, small], [https:\/\/parcsaintecroix.com\/wp-content\/uploads\/2025\/10\/CP-Morgane-Bricard-64-scaled-423x423-f5ddf0753daf.jpg, large], [https:\/\/parcsaintecroix.com\/wp-content\/uploads\/2025\/10\/CP-Morgane-Bricard-64-scaled-800x800-b303cee25c1f.jpg, xlarge], [https:\/\/parcsaintecroix.com\/wp-content\/uploads\/2025\/10\/CP-Morgane-Bricard-64-scaled-846x846-97851059a762.jpg, large_retina], [https:\/\/parcsaintecroix.com\/wp-content\/uploads\/2025\/10\/CP-Morgane-Bricard-64-scaled-1600x1600-f1dbcba1895c.jpg, xlarge_retina]\" data-interchange-sizes=\"{&quot;small&quot;:{&quot;w&quot;:668,&quot;h&quot;:668},&quot;large&quot;:{&quot;w&quot;:423,&quot;h&quot;:423},&quot;xlarge&quot;:{&quot;w&quot;:800,&quot;h&quot;:800},&quot;large_retina&quot;:{&quot;w&quot;:846,&quot;h&quot;:846},&quot;xlarge_retina&quot;:{&quot;w&quot;:1600,&quot;h&quot;:1600}}\"  style=\";--aspect-ratio-small: 1;--aspect-ratio-large: 1;--aspect-ratio-xlarge: 1;--aspect-ratio-large_retina: 1;--aspect-ratio-xlarge_retina: 1\" data-has-aspect-ratio=\"true\" alt=\"Quelle est la diff\u00e9rence entre le bison d&rsquo;Europe et le bison d&rsquo;Am\u00e9rique ?\" itemprop=\"image\" data-fade-in \/>\n        <\/figure>\n\n              <\/a>\n      <\/div>\n\n  <div class=\"article-box-content flex-child-grow flex-container flex-dir-column\">\n    <header class=\"entry-header\">\n      <h2 class=\"entry-name\" itemprop=\"name headline\">\n        <a href=\"https:\/\/parcsaintecroix.com\/fr\/quelle-est-la-difference-entre-le-bison-deurope-et-le-bison-damerique\">Quelle est la diff\u00e9rence entre le bison d&rsquo;Europe et le bison d&rsquo;Am\u00e9rique ?<\/a>\n      <\/h2>\n    <\/header>\n\n    <div class=\"entry-content\">\n      <p class=\"excerpt\">Au Parc Animalier de Sainte\u2011Croix, deux esp\u00e8ces impressionnantes issues d\u2019un h\u00e9ritage pr\u00e9historique commun, proche de l\u2019aurochs, \u00e9voluent &#8230;<\/p>\n    <\/div>\n\n    <p class=\"entry-date\">\n      Publi\u00e9 le 30 avril 2026    <\/p>\n\n  <\/div>\n<\/article>\n\n<article class=\"cell medium-6 large-4 js-article article-box flex-container flex-dir-column post-38694 post type-post status-publish format-standard has-post-thumbnail hentry category-animaux category-le-parc\"  itemscope itemtype=\"https:\/\/schema.org\/Article\" itemid=\"https:\/\/parcsaintecroix.com\/fr\/le-renard-roux-en-france-une-espece-nuisible\" itemref=\"publisher\">\n      <meta itemprop=\"author\" content=\"Parc de Saint Croix\" \/>\n    <meta itemprop=\"image\" content=\"https:\/\/parcsaintecroix.com\/wp-content\/uploads\/2025\/12\/CP-Lydie-Comte-Antoine.jpg\" \/>\n    <meta itemprop=\"datePublished\" content=\"2026-04-30T20:32:32+02:00\" \/>\n    <meta itemprop=\"dateModified\" content=\"2026-04-30T20:32:36+02:00\" \/>\n      <div class=\"news-content-wrapper\">\n          <a href=\"https:\/\/parcsaintecroix.com\/fr\/le-renard-roux-en-france-une-espece-nuisible\" itemprop=\"url mainEntityOfPage\">\n        \n                  <span class=\"label-category\">Animaux<\/span>\n        \n        <figure>\n          <img decoding=\"async\"  data-fade-in loading=\"lazy\" src=\"data:image\/png;base64,R0lGODlhAQABAAD\/ACwAAAAAAQABAAACADs=\" data-lazy-interchange=\"[https:\/\/parcsaintecroix.com\/wp-content\/uploads\/2025\/12\/CP-Lydie-Comte-Antoine-668x668-71ab615e0a86.jpg, small], [https:\/\/parcsaintecroix.com\/wp-content\/uploads\/2025\/12\/CP-Lydie-Comte-Antoine-423x423-f5ddf0753daf.jpg, large], [https:\/\/parcsaintecroix.com\/wp-content\/uploads\/2025\/12\/CP-Lydie-Comte-Antoine-800x800-b303cee25c1f.jpg, xlarge], [https:\/\/parcsaintecroix.com\/wp-content\/uploads\/2025\/12\/CP-Lydie-Comte-Antoine-846x846-97851059a762.jpg, large_retina], [https:\/\/parcsaintecroix.com\/wp-content\/uploads\/2025\/12\/CP-Lydie-Comte-Antoine-1366x1366-f1dbcba1895c.jpg, xlarge_retina]\" data-interchange-sizes=\"{&quot;small&quot;:{&quot;w&quot;:668,&quot;h&quot;:668},&quot;large&quot;:{&quot;w&quot;:423,&quot;h&quot;:423},&quot;xlarge&quot;:{&quot;w&quot;:800,&quot;h&quot;:800},&quot;large_retina&quot;:{&quot;w&quot;:846,&quot;h&quot;:846},&quot;xlarge_retina&quot;:{&quot;w&quot;:1366,&quot;h&quot;:1366}}\"  style=\";--aspect-ratio-small: 1;--aspect-ratio-large: 1;--aspect-ratio-xlarge: 1;--aspect-ratio-large_retina: 1;--aspect-ratio-xlarge_retina: 1\" data-has-aspect-ratio=\"true\" alt=\"Le renard roux en France : une esp\u00e8ce nuisible ?\" itemprop=\"image\" data-fade-in \/>\n        <\/figure>\n\n              <\/a>\n      <\/div>\n\n  <div class=\"article-box-content flex-child-grow flex-container flex-dir-column\">\n    <header class=\"entry-header\">\n      <h2 class=\"entry-name\" itemprop=\"name headline\">\n        <a href=\"https:\/\/parcsaintecroix.com\/fr\/le-renard-roux-en-france-une-espece-nuisible\">Le renard roux en France : une esp\u00e8ce nuisible ?<\/a>\n      <\/h2>\n    <\/header>\n\n    <div class=\"entry-content\">\n      <p class=\"excerpt\">Longtemps consid\u00e9r\u00e9 comme une esp\u00e8ce animale nuisible, le renard roux est encore aujourd\u2019hui porteur de nombreux pr\u00e9jug\u00e9s. &#8230;<\/p>\n    <\/div>\n\n    <p class=\"entry-date\">\n      Publi\u00e9 le 30 avril 2026    <\/p>\n\n  <\/div>\n<\/article>\n\n<article class=\"cell medium-6 large-4 js-article article-box flex-container flex-dir-column post-41005 post type-post status-publish format-standard has-post-thumbnail hentry category-animaux category-le-parc\"  itemscope itemtype=\"https:\/\/schema.org\/Article\" itemid=\"https:\/\/parcsaintecroix.com\/fr\/comment-faire-un-jardin-agroecologique-chez-soi\" itemref=\"publisher\">\n      <meta itemprop=\"author\" content=\"Parc de Saint Croix\" \/>\n    <meta itemprop=\"image\" content=\"https:\/\/parcsaintecroix.com\/wp-content\/uploads\/2026\/04\/Station-sol-CP-Carla-Datola-4.jpg\" \/>\n    <meta itemprop=\"datePublished\" content=\"2026-04-30T20:29:21+02:00\" \/>\n    <meta itemprop=\"dateModified\" content=\"2026-04-30T20:29:24+02:00\" \/>\n      <div class=\"news-content-wrapper\">\n          <a href=\"https:\/\/parcsaintecroix.com\/fr\/comment-faire-un-jardin-agroecologique-chez-soi\" itemprop=\"url mainEntityOfPage\">\n        \n                  <span class=\"label-category\">Animaux<\/span>\n        \n        <figure>\n          <img decoding=\"async\"  data-fade-in loading=\"lazy\" src=\"data:image\/png;base64,R0lGODlhAQABAAD\/ACwAAAAAAQABAAACADs=\" data-lazy-interchange=\"[https:\/\/parcsaintecroix.com\/wp-content\/uploads\/2026\/04\/Station-sol-CP-Carla-Datola-4-668x668-71ab615e0a86.jpg, small], [https:\/\/parcsaintecroix.com\/wp-content\/uploads\/2026\/04\/Station-sol-CP-Carla-Datola-4-423x423-f5ddf0753daf.jpg, large], [https:\/\/parcsaintecroix.com\/wp-content\/uploads\/2026\/04\/Station-sol-CP-Carla-Datola-4-800x800-b303cee25c1f.jpg, xlarge], [https:\/\/parcsaintecroix.com\/wp-content\/uploads\/2026\/04\/Station-sol-CP-Carla-Datola-4-846x846-97851059a762.jpg, large_retina], [https:\/\/parcsaintecroix.com\/wp-content\/uploads\/2026\/04\/Station-sol-CP-Carla-Datola-4-1366x1366-f1dbcba1895c.jpg, xlarge_retina]\" data-interchange-sizes=\"{&quot;small&quot;:{&quot;w&quot;:668,&quot;h&quot;:668},&quot;large&quot;:{&quot;w&quot;:423,&quot;h&quot;:423},&quot;xlarge&quot;:{&quot;w&quot;:800,&quot;h&quot;:800},&quot;large_retina&quot;:{&quot;w&quot;:846,&quot;h&quot;:846},&quot;xlarge_retina&quot;:{&quot;w&quot;:1366,&quot;h&quot;:1366}}\"  style=\";--aspect-ratio-small: 1;--aspect-ratio-large: 1;--aspect-ratio-xlarge: 1;--aspect-ratio-large_retina: 1;--aspect-ratio-xlarge_retina: 1\" data-has-aspect-ratio=\"true\" alt=\"Comment faire un jardin agro\u00e9cologique chez soi ?\" itemprop=\"image\" data-fade-in \/>\n        <\/figure>\n\n              <\/a>\n      <\/div>\n\n  <div class=\"article-box-content flex-child-grow flex-container flex-dir-column\">\n    <header class=\"entry-header\">\n      <h2 class=\"entry-name\" itemprop=\"name headline\">\n        <a href=\"https:\/\/parcsaintecroix.com\/fr\/comment-faire-un-jardin-agroecologique-chez-soi\">Comment faire un jardin agro\u00e9cologique chez soi ?<\/a>\n      <\/h2>\n    <\/header>\n\n    <div class=\"entry-content\">\n      <p class=\"excerpt\">Cr\u00e9er un jardin agro\u00e9cologique chez soi, c\u2019est choisir un mode de culture respectueux de la nature, de &#8230;<\/p>\n    <\/div>\n\n    <p class=\"entry-date\">\n      Publi\u00e9 le 30 avril 2026    <\/p>\n\n  <\/div>\n<\/article>\n\n        <\/div>\n\n\n              <\/div>\n    <\/section>\n    ","protected":false},"excerpt":{"rendered":"<p>Une reconnaissance mondiale ! Le territoire de Moselle Sud, o\u00f9 se situe le Parc Animalier de Sainte-Croix, int\u00e8gre officiellement le programme \u00ab Man and biosphere \u00bb de l\u2019UNESCO et devient la 15\u00e8me r\u00e9serve de biosph\u00e8re en France. Une reconnaissance mondiale : la moselle sud devient la 15\u00e8me r\u00e9serve de biosph\u00e8re reconnue par l\u2019unesco en france [&hellip;]<\/p>\n","protected":false},"author":1,"featured_media":213,"comment_status":"open","ping_status":"open","sticky":false,"template":"","format":"standard","meta":{"_acf_changed":false,"_themeisle_gutenberg_block_has_review":false,"footnotes":""},"categories":[23],"tags":[],"class_list":["post-1","post","type-post","status-publish","format-standard","has-post-thumbnail","hentry","category-le-parc"],"acf":[],"yoast_head":"<!-- This site is optimized with the Yoast SEO plugin v27.3 - https:\/\/yoast.com\/product\/yoast-seo-wordpress\/ -->\n<title>Sainte-Croix au c\u0153ur d\u2019une R\u00e9serve de Biosph\u00e8re de l\u2019UNESCO ! | Parc Animalier Sainte-Croix<\/title>\n<meta name=\"description\" content=\"Sainte-Croix situ\u00e9 au c\u0153ur d\u2019une R\u00e9serve de Biosph\u00e8re de l\u2019UNESCO ! Le territoire de Moselle Sud vient de recevoir cette pr\u00e9stigieuse reconnaissance.\" \/>\n<meta name=\"robots\" content=\"index, follow, max-snippet:-1, max-image-preview:large, max-video-preview:-1\" \/>\n<link rel=\"canonical\" href=\"https:\/\/parcsaintecroix.com\/fr\/sainte-croix-au-coeur-dune-reserve-de-biosphere-de-lunesco\" \/>\n<meta property=\"og:locale\" content=\"fr_FR\" \/>\n<meta property=\"og:type\" content=\"article\" \/>\n<meta property=\"og:title\" content=\"Sainte-Croix au c\u0153ur d\u2019une R\u00e9serve de Biosph\u00e8re de l\u2019UNESCO ! | Parc Animalier Sainte-Croix\" \/>\n<meta property=\"og:description\" content=\"Sainte-Croix situ\u00e9 au c\u0153ur d\u2019une R\u00e9serve de Biosph\u00e8re de l\u2019UNESCO ! Le territoire de Moselle Sud vient de recevoir cette pr\u00e9stigieuse reconnaissance.\" \/>\n<meta property=\"og:url\" content=\"https:\/\/parcsaintecroix.com\/fr\/sainte-croix-au-coeur-dune-reserve-de-biosphere-de-lunesco\" \/>\n<meta property=\"og:site_name\" content=\"Parc de Saint Croix\" \/>\n<meta property=\"article:publisher\" content=\"https:\/\/www.facebook.com\/LodgesSainteCroix\/\" \/>\n<meta property=\"article:published_time\" content=\"2021-09-12T10:33:56+00:00\" \/>\n<meta property=\"article:modified_time\" content=\"2023-03-16T09:35:15+00:00\" \/>\n<meta property=\"og:image\" content=\"https:\/\/parcsaintecroix.com\/wp-content\/uploads\/2022\/07\/Visuel@2x-scaled.jpg\" \/>\n\t<meta property=\"og:image:width\" content=\"2560\" \/>\n\t<meta property=\"og:image:height\" content=\"860\" \/>\n\t<meta property=\"og:image:type\" content=\"image\/jpeg\" \/>\n<meta name=\"author\" content=\"smartimpact\" \/>\n<meta name=\"twitter:card\" content=\"summary_large_image\" \/>\n<meta name=\"twitter:creator\" content=\"@parc_stecroix\" \/>\n<meta name=\"twitter:site\" content=\"@parc_stecroix\" \/>\n<meta name=\"twitter:label1\" content=\"\u00c9crit par\" \/>\n\t<meta name=\"twitter:data1\" content=\"smartimpact\" \/>\n\t<meta name=\"twitter:label2\" content=\"Dur\u00e9e de lecture estim\u00e9e\" \/>\n\t<meta name=\"twitter:data2\" content=\"5 minutes\" \/>\n<script type=\"application\/ld+json\" class=\"yoast-schema-graph\">{\"@context\":\"https:\\\/\\\/schema.org\",\"@graph\":[{\"@type\":\"Article\",\"@id\":\"https:\\\/\\\/parcsaintecroix.com\\\/fr\\\/sainte-croix-au-coeur-dune-reserve-de-biosphere-de-lunesco#article\",\"isPartOf\":{\"@id\":\"https:\\\/\\\/parcsaintecroix.com\\\/fr\\\/sainte-croix-au-coeur-dune-reserve-de-biosphere-de-lunesco\"},\"author\":{\"name\":\"smartimpact\",\"@id\":\"https:\\\/\\\/parcsaintecroix.com\\\/fr\\\/#\\\/schema\\\/person\\\/91718d9278dd4fad3236251dd2f723dd\"},\"headline\":\"Sainte-Croix au c\u0153ur d\u2019une R\u00e9serve de Biosph\u00e8re de l\u2019UNESCO !\",\"datePublished\":\"2021-09-12T10:33:56+00:00\",\"dateModified\":\"2023-03-16T09:35:15+00:00\",\"mainEntityOfPage\":{\"@id\":\"https:\\\/\\\/parcsaintecroix.com\\\/fr\\\/sainte-croix-au-coeur-dune-reserve-de-biosphere-de-lunesco\"},\"wordCount\":809,\"commentCount\":0,\"publisher\":{\"@id\":\"https:\\\/\\\/parcsaintecroix.com\\\/fr\\\/#organization\"},\"image\":{\"@id\":\"https:\\\/\\\/parcsaintecroix.com\\\/fr\\\/sainte-croix-au-coeur-dune-reserve-de-biosphere-de-lunesco#primaryimage\"},\"thumbnailUrl\":\"https:\\\/\\\/parcsaintecroix.com\\\/wp-content\\\/uploads\\\/2022\\\/07\\\/Visuel@2x-scaled.jpg\",\"articleSection\":[\"Le parc\"],\"inLanguage\":\"fr-FR\",\"potentialAction\":[{\"@type\":\"CommentAction\",\"name\":\"Comment\",\"target\":[\"https:\\\/\\\/parcsaintecroix.com\\\/fr\\\/sainte-croix-au-coeur-dune-reserve-de-biosphere-de-lunesco#respond\"]}]},{\"@type\":\"WebPage\",\"@id\":\"https:\\\/\\\/parcsaintecroix.com\\\/fr\\\/sainte-croix-au-coeur-dune-reserve-de-biosphere-de-lunesco\",\"url\":\"https:\\\/\\\/parcsaintecroix.com\\\/fr\\\/sainte-croix-au-coeur-dune-reserve-de-biosphere-de-lunesco\",\"name\":\"Sainte-Croix au c\u0153ur d\u2019une R\u00e9serve de Biosph\u00e8re de l\u2019UNESCO ! | Parc Animalier Sainte-Croix\",\"isPartOf\":{\"@id\":\"https:\\\/\\\/parcsaintecroix.com\\\/fr\\\/#website\"},\"primaryImageOfPage\":{\"@id\":\"https:\\\/\\\/parcsaintecroix.com\\\/fr\\\/sainte-croix-au-coeur-dune-reserve-de-biosphere-de-lunesco#primaryimage\"},\"image\":{\"@id\":\"https:\\\/\\\/parcsaintecroix.com\\\/fr\\\/sainte-croix-au-coeur-dune-reserve-de-biosphere-de-lunesco#primaryimage\"},\"thumbnailUrl\":\"https:\\\/\\\/parcsaintecroix.com\\\/wp-content\\\/uploads\\\/2022\\\/07\\\/Visuel@2x-scaled.jpg\",\"datePublished\":\"2021-09-12T10:33:56+00:00\",\"dateModified\":\"2023-03-16T09:35:15+00:00\",\"description\":\"Sainte-Croix situ\u00e9 au c\u0153ur d\u2019une R\u00e9serve de Biosph\u00e8re de l\u2019UNESCO ! Le territoire de Moselle Sud vient de recevoir cette pr\u00e9stigieuse reconnaissance.\",\"breadcrumb\":{\"@id\":\"https:\\\/\\\/parcsaintecroix.com\\\/fr\\\/sainte-croix-au-coeur-dune-reserve-de-biosphere-de-lunesco#breadcrumb\"},\"inLanguage\":\"fr-FR\",\"potentialAction\":[{\"@type\":\"ReadAction\",\"target\":[\"https:\\\/\\\/parcsaintecroix.com\\\/fr\\\/sainte-croix-au-coeur-dune-reserve-de-biosphere-de-lunesco\"]}]},{\"@type\":\"ImageObject\",\"inLanguage\":\"fr-FR\",\"@id\":\"https:\\\/\\\/parcsaintecroix.com\\\/fr\\\/sainte-croix-au-coeur-dune-reserve-de-biosphere-de-lunesco#primaryimage\",\"url\":\"https:\\\/\\\/parcsaintecroix.com\\\/wp-content\\\/uploads\\\/2022\\\/07\\\/Visuel@2x-scaled.jpg\",\"contentUrl\":\"https:\\\/\\\/parcsaintecroix.com\\\/wp-content\\\/uploads\\\/2022\\\/07\\\/Visuel@2x-scaled.jpg\",\"width\":2560,\"height\":860},{\"@type\":\"BreadcrumbList\",\"@id\":\"https:\\\/\\\/parcsaintecroix.com\\\/fr\\\/sainte-croix-au-coeur-dune-reserve-de-biosphere-de-lunesco#breadcrumb\",\"itemListElement\":[{\"@type\":\"ListItem\",\"position\":1,\"name\":\"Accueil\",\"item\":\"https:\\\/\\\/parcsaintecroix.com\\\/fr\"},{\"@type\":\"ListItem\",\"position\":2,\"name\":\"Sainte-Croix au c\u0153ur d\u2019une R\u00e9serve de Biosph\u00e8re de l\u2019UNESCO !\"}]},{\"@type\":\"WebSite\",\"@id\":\"https:\\\/\\\/parcsaintecroix.com\\\/fr\\\/#website\",\"url\":\"https:\\\/\\\/parcsaintecroix.com\\\/fr\\\/\",\"name\":\"Parc de Saint Croix\",\"description\":\"\",\"publisher\":{\"@id\":\"https:\\\/\\\/parcsaintecroix.com\\\/fr\\\/#organization\"},\"inLanguage\":\"fr-FR\"},{\"@type\":\"Organization\",\"@id\":\"https:\\\/\\\/parcsaintecroix.com\\\/fr\\\/#organization\",\"name\":\"Parc de Saint Croix\",\"url\":\"https:\\\/\\\/parcsaintecroix.com\\\/fr\\\/\",\"logo\":{\"@type\":\"ImageObject\",\"inLanguage\":\"fr-FR\",\"@id\":\"https:\\\/\\\/parcsaintecroix.com\\\/fr\\\/#\\\/schema\\\/logo\\\/image\\\/\",\"url\":\"https:\\\/\\\/parcsaintecroix.com\\\/wp-content\\\/uploads\\\/2022\\\/09\\\/SainteCroix-Favicon.png\",\"contentUrl\":\"https:\\\/\\\/parcsaintecroix.com\\\/wp-content\\\/uploads\\\/2022\\\/09\\\/SainteCroix-Favicon.png\",\"width\":512,\"height\":512,\"caption\":\"Parc de Saint Croix\"},\"image\":{\"@id\":\"https:\\\/\\\/parcsaintecroix.com\\\/fr\\\/#\\\/schema\\\/logo\\\/image\\\/\"},\"sameAs\":[\"https:\\\/\\\/www.facebook.com\\\/LodgesSainteCroix\\\/\",\"https:\\\/\\\/x.com\\\/parc_stecroix\"]},{\"@type\":\"Person\",\"@id\":\"https:\\\/\\\/parcsaintecroix.com\\\/fr\\\/#\\\/schema\\\/person\\\/91718d9278dd4fad3236251dd2f723dd\",\"name\":\"smartimpact\",\"sameAs\":[\"https:\\\/\\\/parcsaintecroix.com\"]}]}<\/script>\n<!-- \/ Yoast SEO plugin. -->","yoast_head_json":{"title":"Sainte-Croix au c\u0153ur d\u2019une R\u00e9serve de Biosph\u00e8re de l\u2019UNESCO ! | Parc Animalier Sainte-Croix","description":"Sainte-Croix situ\u00e9 au c\u0153ur d\u2019une R\u00e9serve de Biosph\u00e8re de l\u2019UNESCO ! Le territoire de Moselle Sud vient de recevoir cette pr\u00e9stigieuse reconnaissance.","robots":{"index":"index","follow":"follow","max-snippet":"max-snippet:-1","max-image-preview":"max-image-preview:large","max-video-preview":"max-video-preview:-1"},"canonical":"https:\/\/parcsaintecroix.com\/fr\/sainte-croix-au-coeur-dune-reserve-de-biosphere-de-lunesco","og_locale":"fr_FR","og_type":"article","og_title":"Sainte-Croix au c\u0153ur d\u2019une R\u00e9serve de Biosph\u00e8re de l\u2019UNESCO ! | Parc Animalier Sainte-Croix","og_description":"Sainte-Croix situ\u00e9 au c\u0153ur d\u2019une R\u00e9serve de Biosph\u00e8re de l\u2019UNESCO ! Le territoire de Moselle Sud vient de recevoir cette pr\u00e9stigieuse reconnaissance.","og_url":"https:\/\/parcsaintecroix.com\/fr\/sainte-croix-au-coeur-dune-reserve-de-biosphere-de-lunesco","og_site_name":"Parc de Saint Croix","article_publisher":"https:\/\/www.facebook.com\/LodgesSainteCroix\/","article_published_time":"2021-09-12T10:33:56+00:00","article_modified_time":"2023-03-16T09:35:15+00:00","og_image":[{"width":2560,"height":860,"url":"https:\/\/parcsaintecroix.com\/wp-content\/uploads\/2022\/07\/Visuel@2x-scaled.jpg","type":"image\/jpeg"}],"author":"smartimpact","twitter_card":"summary_large_image","twitter_creator":"@parc_stecroix","twitter_site":"@parc_stecroix","twitter_misc":{"\u00c9crit par":"smartimpact","Dur\u00e9e de lecture estim\u00e9e":"5 minutes"},"schema":{"@context":"https:\/\/schema.org","@graph":[{"@type":"Article","@id":"https:\/\/parcsaintecroix.com\/fr\/sainte-croix-au-coeur-dune-reserve-de-biosphere-de-lunesco#article","isPartOf":{"@id":"https:\/\/parcsaintecroix.com\/fr\/sainte-croix-au-coeur-dune-reserve-de-biosphere-de-lunesco"},"author":{"name":"smartimpact","@id":"https:\/\/parcsaintecroix.com\/fr\/#\/schema\/person\/91718d9278dd4fad3236251dd2f723dd"},"headline":"Sainte-Croix au c\u0153ur d\u2019une R\u00e9serve de Biosph\u00e8re de l\u2019UNESCO !","datePublished":"2021-09-12T10:33:56+00:00","dateModified":"2023-03-16T09:35:15+00:00","mainEntityOfPage":{"@id":"https:\/\/parcsaintecroix.com\/fr\/sainte-croix-au-coeur-dune-reserve-de-biosphere-de-lunesco"},"wordCount":809,"commentCount":0,"publisher":{"@id":"https:\/\/parcsaintecroix.com\/fr\/#organization"},"image":{"@id":"https:\/\/parcsaintecroix.com\/fr\/sainte-croix-au-coeur-dune-reserve-de-biosphere-de-lunesco#primaryimage"},"thumbnailUrl":"https:\/\/parcsaintecroix.com\/wp-content\/uploads\/2022\/07\/Visuel@2x-scaled.jpg","articleSection":["Le parc"],"inLanguage":"fr-FR","potentialAction":[{"@type":"CommentAction","name":"Comment","target":["https:\/\/parcsaintecroix.com\/fr\/sainte-croix-au-coeur-dune-reserve-de-biosphere-de-lunesco#respond"]}]},{"@type":"WebPage","@id":"https:\/\/parcsaintecroix.com\/fr\/sainte-croix-au-coeur-dune-reserve-de-biosphere-de-lunesco","url":"https:\/\/parcsaintecroix.com\/fr\/sainte-croix-au-coeur-dune-reserve-de-biosphere-de-lunesco","name":"Sainte-Croix au c\u0153ur d\u2019une R\u00e9serve de Biosph\u00e8re de l\u2019UNESCO ! | Parc Animalier Sainte-Croix","isPartOf":{"@id":"https:\/\/parcsaintecroix.com\/fr\/#website"},"primaryImageOfPage":{"@id":"https:\/\/parcsaintecroix.com\/fr\/sainte-croix-au-coeur-dune-reserve-de-biosphere-de-lunesco#primaryimage"},"image":{"@id":"https:\/\/parcsaintecroix.com\/fr\/sainte-croix-au-coeur-dune-reserve-de-biosphere-de-lunesco#primaryimage"},"thumbnailUrl":"https:\/\/parcsaintecroix.com\/wp-content\/uploads\/2022\/07\/Visuel@2x-scaled.jpg","datePublished":"2021-09-12T10:33:56+00:00","dateModified":"2023-03-16T09:35:15+00:00","description":"Sainte-Croix situ\u00e9 au c\u0153ur d\u2019une R\u00e9serve de Biosph\u00e8re de l\u2019UNESCO ! Le territoire de Moselle Sud vient de recevoir cette pr\u00e9stigieuse reconnaissance.","breadcrumb":{"@id":"https:\/\/parcsaintecroix.com\/fr\/sainte-croix-au-coeur-dune-reserve-de-biosphere-de-lunesco#breadcrumb"},"inLanguage":"fr-FR","potentialAction":[{"@type":"ReadAction","target":["https:\/\/parcsaintecroix.com\/fr\/sainte-croix-au-coeur-dune-reserve-de-biosphere-de-lunesco"]}]},{"@type":"ImageObject","inLanguage":"fr-FR","@id":"https:\/\/parcsaintecroix.com\/fr\/sainte-croix-au-coeur-dune-reserve-de-biosphere-de-lunesco#primaryimage","url":"https:\/\/parcsaintecroix.com\/wp-content\/uploads\/2022\/07\/Visuel@2x-scaled.jpg","contentUrl":"https:\/\/parcsaintecroix.com\/wp-content\/uploads\/2022\/07\/Visuel@2x-scaled.jpg","width":2560,"height":860},{"@type":"BreadcrumbList","@id":"https:\/\/parcsaintecroix.com\/fr\/sainte-croix-au-coeur-dune-reserve-de-biosphere-de-lunesco#breadcrumb","itemListElement":[{"@type":"ListItem","position":1,"name":"Accueil","item":"https:\/\/parcsaintecroix.com\/fr"},{"@type":"ListItem","position":2,"name":"Sainte-Croix au c\u0153ur d\u2019une R\u00e9serve de Biosph\u00e8re de l\u2019UNESCO !"}]},{"@type":"WebSite","@id":"https:\/\/parcsaintecroix.com\/fr\/#website","url":"https:\/\/parcsaintecroix.com\/fr\/","name":"Parc de Saint Croix","description":"","publisher":{"@id":"https:\/\/parcsaintecroix.com\/fr\/#organization"},"inLanguage":"fr-FR"},{"@type":"Organization","@id":"https:\/\/parcsaintecroix.com\/fr\/#organization","name":"Parc de Saint Croix","url":"https:\/\/parcsaintecroix.com\/fr\/","logo":{"@type":"ImageObject","inLanguage":"fr-FR","@id":"https:\/\/parcsaintecroix.com\/fr\/#\/schema\/logo\/image\/","url":"https:\/\/parcsaintecroix.com\/wp-content\/uploads\/2022\/09\/SainteCroix-Favicon.png","contentUrl":"https:\/\/parcsaintecroix.com\/wp-content\/uploads\/2022\/09\/SainteCroix-Favicon.png","width":512,"height":512,"caption":"Parc de Saint Croix"},"image":{"@id":"https:\/\/parcsaintecroix.com\/fr\/#\/schema\/logo\/image\/"},"sameAs":["https:\/\/www.facebook.com\/LodgesSainteCroix\/","https:\/\/x.com\/parc_stecroix"]},{"@type":"Person","@id":"https:\/\/parcsaintecroix.com\/fr\/#\/schema\/person\/91718d9278dd4fad3236251dd2f723dd","name":"smartimpact","sameAs":["https:\/\/parcsaintecroix.com"]}]}},"_links":{"self":[{"href":"https:\/\/parcsaintecroix.com\/fr\/wp-json\/wp\/v2\/posts\/1","targetHints":{"allow":["GET"]}}],"collection":[{"href":"https:\/\/parcsaintecroix.com\/fr\/wp-json\/wp\/v2\/posts"}],"about":[{"href":"https:\/\/parcsaintecroix.com\/fr\/wp-json\/wp\/v2\/types\/post"}],"author":[{"embeddable":true,"href":"https:\/\/parcsaintecroix.com\/fr\/wp-json\/wp\/v2\/users\/1"}],"replies":[{"embeddable":true,"href":"https:\/\/parcsaintecroix.com\/fr\/wp-json\/wp\/v2\/comments?post=1"}],"version-history":[{"count":21,"href":"https:\/\/parcsaintecroix.com\/fr\/wp-json\/wp\/v2\/posts\/1\/revisions"}],"predecessor-version":[{"id":5284,"href":"https:\/\/parcsaintecroix.com\/fr\/wp-json\/wp\/v2\/posts\/1\/revisions\/5284"}],"wp:featuredmedia":[{"embeddable":true,"href":"https:\/\/parcsaintecroix.com\/fr\/wp-json\/wp\/v2\/media\/213"}],"wp:attachment":[{"href":"https:\/\/parcsaintecroix.com\/fr\/wp-json\/wp\/v2\/media?parent=1"}],"wp:term":[{"taxonomy":"category","embeddable":true,"href":"https:\/\/parcsaintecroix.com\/fr\/wp-json\/wp\/v2\/categories?post=1"},{"taxonomy":"post_tag","embeddable":true,"href":"https:\/\/parcsaintecroix.com\/fr\/wp-json\/wp\/v2\/tags?post=1"}],"curies":[{"name":"wp","href":"https:\/\/api.w.org\/{rel}","templated":true}]}}