{"id":17785,"date":"2022-12-02T16:54:42","date_gmt":"2022-12-02T15:54:42","guid":{"rendered":"https:\/\/parcsaintecroix.com\/?p=17785"},"modified":"2023-03-16T10:36:41","modified_gmt":"2023-03-16T09:36:41","slug":"reintroduction-du-bison-europeen","status":"publish","type":"post","link":"https:\/\/parcsaintecroix.com\/fr\/reintroduction-du-bison-europeen","title":{"rendered":"R\u00e9introduction du bison europ\u00e9en"},"content":{"rendered":"<section class=\"block-grid-wrapper block-grid-for-core-paragraph\">\n      <div class=\"default-editor-content grid-for-core-paragraph grid-container fluid fluid\">\n        <div class=\"grid-x grid-padding-x align-center\">\n          <div class=\"cell\">\n            \n<p>Projet en collaboration avec le WWF Azerba\u00efdjan<\/p>\n          <\/div>\n        <\/div>\n      <\/div>\n\n      <\/section>\n\n<section class=\"block-grid-wrapper block-grid-for-core-paragraph\">\n      <div class=\"default-editor-content grid-for-core-paragraph grid-container fluid fluid\">\n        <div class=\"grid-x grid-padding-x align-center\">\n          <div class=\"cell\">\n            \n<p>\u00c0 la fin des ann\u00e9es 1920, les seuls bisons d\u2019Europe encore vivants (54, dont 29 m\u00e2les et 25 femelles) ne survivaient plus que dans les zoos. \u00c0 compter de 1952, les Polonais ont r\u00e9alis\u00e9 la premi\u00e8re r\u00e9introduction du bison d\u2019Europe dans la for\u00eat de Bia\u0142owie\u017ca. La r\u00e9introduction a \u00e9t\u00e9 couronn\u00e9e de succ\u00e8s, et d\u2019autres r\u00e9introductions ont suivi dans l\u2019est de l\u2019Europe. On trouve aujourd\u2019hui des bisons sauvages en Pologne, Roumanie, Ukraine, Bi\u00e9lorussie, Slovaquie, Russie, Lituanie, Allemagne et Suisse.<\/p>\n          <\/div>\n        <\/div>\n      <\/div>\n\n      <\/section>\n\n<section class=\"block-grid-wrapper block-grid-for-core-heading\">\n      <div class=\"default-editor-content grid-for-core-heading grid-container fluid fluid\">\n        <div class=\"grid-x grid-padding-x align-center\">\n          <div class=\"cell\">\n            \n<h2 class=\"wp-block-heading\"><strong>Retour du bison d\u2019Europe en Azerba\u00efdjan<\/strong><\/h2>\n          <\/div>\n        <\/div>\n      <\/div>\n\n      <\/section>\n\n<section class=\"block-grid-wrapper block-grid-for-core-paragraph\">\n      <div class=\"default-editor-content grid-for-core-paragraph grid-container fluid fluid\">\n        <div class=\"grid-x grid-padding-x align-center\">\n          <div class=\"cell\">\n            \n<p>Au printemps 2019, dans le cadre de l\u2019un des programmes de reproduction men\u00e9 par l\u2019EAZA, auquel participe le parc animalier, et en partenariat avec le WWF Azerbaidjan, douze bisons europ\u00e9ens dont deux de Sainte-Croix sont partis pour le Parc National de Shahdag en Azerba\u00efdjan : Wufeliah, \u00e2g\u00e9e de 4 ans et Crystalle, \u00e2g\u00e9e de 2 ans.<\/p>\n          <\/div>\n        <\/div>\n      <\/div>\n\n      <\/section>\n\n<section class=\"block-grid-wrapper block-grid-for-core-paragraph\">\n      <div class=\"default-editor-content grid-for-core-paragraph grid-container fluid fluid\">\n        <div class=\"grid-x grid-padding-x align-center\">\n          <div class=\"cell\">\n            \n<p>Avant le d\u00e9part, Wufeliah a \u00e9t\u00e9 \u00e9quip\u00e9e d\u2019un collier GPS pour assurer un suivi scientifique.<\/p>\n          <\/div>\n        <\/div>\n      <\/div>\n\n      <\/section>\n\n<section class=\"block-grid-wrapper block-grid-for-core-paragraph\">\n      <div class=\"default-editor-content grid-for-core-paragraph grid-container fluid fluid\">\n        <div class=\"grid-x grid-padding-x align-center\">\n          <div class=\"cell\">\n            \n<p>Pour cette r\u00e9introduction, les bisons ont voyag\u00e9 en camion puis en avion vers l\u2019Azerba\u00efdjan, en Asie centrale, pour rejoindre leur milieu naturel.<\/p>\n          <\/div>\n        <\/div>\n      <\/div>\n\n      <\/section>\n\n<section class=\"block-grid-wrapper block-grid-for-core-paragraph\">\n      <div class=\"default-editor-content grid-for-core-paragraph grid-container fluid fluid\">\n        <div class=\"grid-x grid-padding-x align-center\">\n          <div class=\"cell\">\n            \n<p>La r\u00e9introduction s\u2019est d\u00e9roul\u00e9e en plusieurs \u00e9tapes : les bisons ont \u00e9t\u00e9 d\u2019abord en groupe dans un enclos restreint, puis dans un plus grand de 280 hectares avant la totale libert\u00e9 quelques semaines plus tard sur les 130 000 hectares du Parc National de Shahdag. Ces \u00e9tapes successives leur ont permis de s\u2019acclimater \u00e0 leur nouveau territoire et \u00e0 apprendre \u00e0 se nourrir seuls.<br>En novembre 2019, le premier bisonneau du groupe est n\u00e9 !<\/p>\n          <\/div>\n        <\/div>\n      <\/div>\n\n      <\/section>\n\n<section class=\"block-grid-wrapper block-grid-for-core-heading\">\n      <div class=\"default-editor-content grid-for-core-heading grid-container fluid fluid\">\n        <div class=\"grid-x grid-padding-x align-center\">\n          <div class=\"cell\">\n            \n<h3 class=\"wp-block-heading\"><strong>Pourquoi r\u00e9introduire cette esp\u00e8ce ?<\/strong><\/h3>\n          <\/div>\n        <\/div>\n      <\/div>\n\n      <\/section>\n\n<section class=\"block-grid-wrapper block-grid-for-core-paragraph\">\n      <div class=\"default-editor-content grid-for-core-paragraph grid-container fluid fluid\">\n        <div class=\"grid-x grid-padding-x align-center\">\n          <div class=\"cell\">\n            \n<p>L\u2019organisation WWF a lanc\u00e9 le programme de r\u00e9introduction avec le Minist\u00e8re de l\u2019Ecologie d\u2019Azerba\u00efdjan et l\u2019association environnementale IDEA Public Union. L\u2019herbivore g\u00e9ant et typique du Caucase a pratiquement disparu de la r\u00e9gion depuis le d\u00e9but du XXe si\u00e8cle.<\/p>\n          <\/div>\n        <\/div>\n      <\/div>\n\n      <\/section>\n\n<section class=\"block-grid-wrapper block-grid-for-core-paragraph\">\n      <div class=\"default-editor-content grid-for-core-paragraph grid-container fluid fluid\">\n        <div class=\"grid-x grid-padding-x align-center\">\n          <div class=\"cell\">\n            \n<p>Johannes Van Vlasakker, expert en bisons, explique les avantages du relief du Caucase pour l\u2019esp\u00e8ce : \u00ab&nbsp;La vari\u00e9t\u00e9 des paysages ici, avec des steppes, des for\u00eats, des d\u00e9serts, des hautes montagnes, etc \u2026 c\u2019est id\u00e9al pour des esp\u00e8ces menac\u00e9es. En Azerba\u00efdjan, beaucoup d\u2019esp\u00e8ces consid\u00e9r\u00e9es comme \u00e9teintes ont \u00e9t\u00e9 oubli\u00e9es et c\u2019est notamment le cas des bisons.&nbsp;\u00bb<\/p>\n          <\/div>\n        <\/div>\n      <\/div>\n\n      <\/section>\n\n<section class=\"block-grid-wrapper block-grid-for-core-paragraph\">\n      <div class=\"default-editor-content grid-for-core-paragraph grid-container fluid fluid\">\n        <div class=\"grid-x grid-padding-x align-center\">\n          <div class=\"cell\">\n            \n<p>D\u2019apr\u00e8s Elshad Askerov, Directeur du WWF Azerba\u00efdjan : \u00ab&nbsp;Le bison a disparu du Caucase depuis longtemps, surtout du Caucase du Sud. En Azerba\u00efdjan, par exemple, nous n\u2019avons m\u00eame plus de nom pour cet animal. Depuis leur arriv\u00e9e, les bisons ont attir\u00e9 beaucoup de monde. Ils sont curieux du projet&nbsp;\u00bb.<\/p>\n          <\/div>\n        <\/div>\n      <\/div>\n\n      <\/section>\n\n<section class=\"block-grid-wrapper block-grid-for-core-paragraph\">\n      <div class=\"default-editor-content grid-for-core-paragraph grid-container fluid fluid\">\n        <div class=\"grid-x grid-padding-x align-center\">\n          <div class=\"cell\">\n            \n<p>\u00ab\u00a0En Azerba\u00efdjan, par exemple, nous n\u2019avons m\u00eame plus de nom pour cet animal\u00a0\u00bb<\/p>\n          <\/div>\n        <\/div>\n      <\/div>\n\n      <\/section>\n\n<section class=\"block-grid-wrapper block-grid-for-core-heading\">\n      <div class=\"default-editor-content grid-for-core-heading grid-container fluid fluid\">\n        <div class=\"grid-x grid-padding-x align-center\">\n          <div class=\"cell\">\n            \n<h2 class=\"wp-block-heading\"><strong>Retour du bison d\u2019Europe en Espagne<\/strong><\/h2>\n          <\/div>\n        <\/div>\n      <\/div>\n\n      <\/section>\n\n<section class=\"block-grid-wrapper block-grid-for-core-paragraph\">\n      <div class=\"default-editor-content grid-for-core-paragraph grid-container fluid fluid\">\n        <div class=\"grid-x grid-padding-x align-center\">\n          <div class=\"cell\">\n            \n<p>En 2014, notre m\u00e2le bison europ\u00e9en Abraham \u00e2g\u00e9 de 11 ans a rejoint une r\u00e9serve en Espagne pour participer \u00e0 un programme de r\u00e9introduction. La r\u00e9serve de 1 000 hectares de Paleol\u00edtico Vivo accueille en plus des bisons europ\u00e9ens, des aurochs, des chevaux de Przewalski, des chevaux tarpan et des cerfs. Le but du projet est de pr\u00e9senter les animaux pr\u00e9historiques qui vivaient en Europe il y a des milliers d\u2019ann\u00e9es. La motivation d\u2019Antonio, g\u00e9rant, est que \u00ab le bison ne soit plus en voie d\u2019extinction mais devienne une ressource touristique, qu\u2019il nettoie les zones arides et fasse revivre l\u2019environnement rural \u00bb. Tout le transport a \u00e9t\u00e9 coordonn\u00e9 par Joep Van de Vlasakker de Flaxfield Nature avec son partenaire Fernando Wisent Moran Castillo qui ont \u00e9galement conseill\u00e9 tout le projet.<\/p>\n          <\/div>\n        <\/div>\n      <\/div>\n\n      <\/section>\n\n<section class=\"block-grid-wrapper block-grid-for-core-paragraph\">\n      <div class=\"default-editor-content grid-for-core-paragraph grid-container fluid fluid\">\n        <div class=\"grid-x grid-padding-x align-center\">\n          <div class=\"cell\">\n            \n<p><\/p>\n          <\/div>\n        <\/div>\n      <\/div>\n\n      <\/section>","protected":false},"excerpt":{"rendered":"<p>Projet en collaboration avec le WWF Azerba\u00efdjan \u00c0 la fin des ann\u00e9es 1920, les seuls bisons d\u2019Europe encore vivants (54, dont 29 m\u00e2les et 25 femelles) ne survivaient plus que dans les zoos. \u00c0 compter de 1952, les Polonais ont r\u00e9alis\u00e9 la premi\u00e8re r\u00e9introduction du bison d\u2019Europe dans la for\u00eat de Bia\u0142owie\u017ca. La r\u00e9introduction a [&hellip;]<\/p>\n","protected":false},"author":9,"featured_media":7688,"comment_status":"open","ping_status":"closed","sticky":false,"template":"","format":"standard","meta":{"_acf_changed":false,"_themeisle_gutenberg_block_has_review":false,"footnotes":""},"categories":[23],"tags":[],"class_list":["post-17785","post","type-post","status-publish","format-standard","has-post-thumbnail","hentry","category-le-parc"],"acf":[],"yoast_head":"<!-- This site is optimized with the Yoast SEO plugin v27.3 - https:\/\/yoast.com\/product\/yoast-seo-wordpress\/ -->\n<title>R\u00e9introduction du bison europ\u00e9en | Parc Animalier Sainte-Croix<\/title>\n<meta name=\"robots\" content=\"index, follow, max-snippet:-1, max-image-preview:large, max-video-preview:-1\" \/>\n<link rel=\"canonical\" href=\"https:\/\/parcsaintecroix.com\/fr\/reintroduction-du-bison-europeen\" \/>\n<meta property=\"og:locale\" content=\"fr_FR\" \/>\n<meta property=\"og:type\" content=\"article\" \/>\n<meta property=\"og:title\" content=\"R\u00e9introduction du bison europ\u00e9en | Parc Animalier Sainte-Croix\" \/>\n<meta property=\"og:description\" content=\"Projet en collaboration avec le WWF Azerba\u00efdjan \u00c0 la fin des ann\u00e9es 1920, les seuls bisons d\u2019Europe encore vivants (54, dont 29 m\u00e2les et 25 femelles) ne survivaient plus que dans les zoos. \u00c0 compter de 1952, les Polonais ont r\u00e9alis\u00e9 la premi\u00e8re r\u00e9introduction du bison d\u2019Europe dans la for\u00eat de Bia\u0142owie\u017ca. La r\u00e9introduction a [&hellip;]\" \/>\n<meta property=\"og:url\" content=\"https:\/\/parcsaintecroix.com\/fr\/reintroduction-du-bison-europeen\" \/>\n<meta property=\"og:site_name\" content=\"Parc de Saint Croix\" \/>\n<meta property=\"article:publisher\" content=\"https:\/\/www.facebook.com\/LodgesSainteCroix\/\" \/>\n<meta property=\"article:published_time\" content=\"2022-12-02T15:54:42+00:00\" \/>\n<meta property=\"article:modified_time\" content=\"2023-03-16T09:36:41+00:00\" \/>\n<meta property=\"og:image\" content=\"https:\/\/parcsaintecroix.com\/wp-content\/uploads\/2022\/09\/File290-scaled.jpg\" \/>\n\t<meta property=\"og:image:width\" content=\"2560\" \/>\n\t<meta property=\"og:image:height\" content=\"1707\" \/>\n\t<meta property=\"og:image:type\" content=\"image\/jpeg\" \/>\n<meta name=\"author\" content=\"accueil psc\" \/>\n<meta name=\"twitter:card\" content=\"summary_large_image\" \/>\n<meta name=\"twitter:creator\" content=\"@parc_stecroix\" \/>\n<meta name=\"twitter:site\" content=\"@parc_stecroix\" \/>\n<meta name=\"twitter:label1\" content=\"\u00c9crit par\" \/>\n\t<meta name=\"twitter:data1\" content=\"accueil psc\" \/>\n\t<meta name=\"twitter:label2\" content=\"Dur\u00e9e de lecture estim\u00e9e\" \/>\n\t<meta name=\"twitter:data2\" content=\"3 minutes\" \/>\n<script type=\"application\/ld+json\" class=\"yoast-schema-graph\">{\"@context\":\"https:\\\/\\\/schema.org\",\"@graph\":[{\"@type\":\"Article\",\"@id\":\"https:\\\/\\\/parcsaintecroix.com\\\/fr\\\/reintroduction-du-bison-europeen#article\",\"isPartOf\":{\"@id\":\"https:\\\/\\\/parcsaintecroix.com\\\/fr\\\/reintroduction-du-bison-europeen\"},\"author\":{\"name\":\"accueil psc\",\"@id\":\"https:\\\/\\\/parcsaintecroix.com\\\/fr\\\/#\\\/schema\\\/person\\\/7266c807920faa3ee8868aa167294065\"},\"headline\":\"R\u00e9introduction du bison europ\u00e9en\",\"datePublished\":\"2022-12-02T15:54:42+00:00\",\"dateModified\":\"2023-03-16T09:36:41+00:00\",\"mainEntityOfPage\":{\"@id\":\"https:\\\/\\\/parcsaintecroix.com\\\/fr\\\/reintroduction-du-bison-europeen\"},\"wordCount\":632,\"commentCount\":0,\"publisher\":{\"@id\":\"https:\\\/\\\/parcsaintecroix.com\\\/fr\\\/#organization\"},\"image\":{\"@id\":\"https:\\\/\\\/parcsaintecroix.com\\\/fr\\\/reintroduction-du-bison-europeen#primaryimage\"},\"thumbnailUrl\":\"https:\\\/\\\/parcsaintecroix.com\\\/wp-content\\\/uploads\\\/2022\\\/09\\\/File290-scaled.jpg\",\"articleSection\":[\"Le parc\"],\"inLanguage\":\"fr-FR\",\"potentialAction\":[{\"@type\":\"CommentAction\",\"name\":\"Comment\",\"target\":[\"https:\\\/\\\/parcsaintecroix.com\\\/fr\\\/reintroduction-du-bison-europeen#respond\"]}]},{\"@type\":\"WebPage\",\"@id\":\"https:\\\/\\\/parcsaintecroix.com\\\/fr\\\/reintroduction-du-bison-europeen\",\"url\":\"https:\\\/\\\/parcsaintecroix.com\\\/fr\\\/reintroduction-du-bison-europeen\",\"name\":\"R\u00e9introduction du bison europ\u00e9en | Parc Animalier Sainte-Croix\",\"isPartOf\":{\"@id\":\"https:\\\/\\\/parcsaintecroix.com\\\/fr\\\/#website\"},\"primaryImageOfPage\":{\"@id\":\"https:\\\/\\\/parcsaintecroix.com\\\/fr\\\/reintroduction-du-bison-europeen#primaryimage\"},\"image\":{\"@id\":\"https:\\\/\\\/parcsaintecroix.com\\\/fr\\\/reintroduction-du-bison-europeen#primaryimage\"},\"thumbnailUrl\":\"https:\\\/\\\/parcsaintecroix.com\\\/wp-content\\\/uploads\\\/2022\\\/09\\\/File290-scaled.jpg\",\"datePublished\":\"2022-12-02T15:54:42+00:00\",\"dateModified\":\"2023-03-16T09:36:41+00:00\",\"breadcrumb\":{\"@id\":\"https:\\\/\\\/parcsaintecroix.com\\\/fr\\\/reintroduction-du-bison-europeen#breadcrumb\"},\"inLanguage\":\"fr-FR\",\"potentialAction\":[{\"@type\":\"ReadAction\",\"target\":[\"https:\\\/\\\/parcsaintecroix.com\\\/fr\\\/reintroduction-du-bison-europeen\"]}]},{\"@type\":\"ImageObject\",\"inLanguage\":\"fr-FR\",\"@id\":\"https:\\\/\\\/parcsaintecroix.com\\\/fr\\\/reintroduction-du-bison-europeen#primaryimage\",\"url\":\"https:\\\/\\\/parcsaintecroix.com\\\/wp-content\\\/uploads\\\/2022\\\/09\\\/File290-scaled.jpg\",\"contentUrl\":\"https:\\\/\\\/parcsaintecroix.com\\\/wp-content\\\/uploads\\\/2022\\\/09\\\/File290-scaled.jpg\",\"width\":2560,\"height\":1707},{\"@type\":\"BreadcrumbList\",\"@id\":\"https:\\\/\\\/parcsaintecroix.com\\\/fr\\\/reintroduction-du-bison-europeen#breadcrumb\",\"itemListElement\":[{\"@type\":\"ListItem\",\"position\":1,\"name\":\"Accueil\",\"item\":\"https:\\\/\\\/parcsaintecroix.com\\\/fr\"},{\"@type\":\"ListItem\",\"position\":2,\"name\":\"R\u00e9introduction du bison europ\u00e9en\"}]},{\"@type\":\"WebSite\",\"@id\":\"https:\\\/\\\/parcsaintecroix.com\\\/fr\\\/#website\",\"url\":\"https:\\\/\\\/parcsaintecroix.com\\\/fr\\\/\",\"name\":\"Parc de Saint Croix\",\"description\":\"\",\"publisher\":{\"@id\":\"https:\\\/\\\/parcsaintecroix.com\\\/fr\\\/#organization\"},\"inLanguage\":\"fr-FR\"},{\"@type\":\"Organization\",\"@id\":\"https:\\\/\\\/parcsaintecroix.com\\\/fr\\\/#organization\",\"name\":\"Parc de Saint Croix\",\"url\":\"https:\\\/\\\/parcsaintecroix.com\\\/fr\\\/\",\"logo\":{\"@type\":\"ImageObject\",\"inLanguage\":\"fr-FR\",\"@id\":\"https:\\\/\\\/parcsaintecroix.com\\\/fr\\\/#\\\/schema\\\/logo\\\/image\\\/\",\"url\":\"https:\\\/\\\/parcsaintecroix.com\\\/wp-content\\\/uploads\\\/2022\\\/09\\\/SainteCroix-Favicon.png\",\"contentUrl\":\"https:\\\/\\\/parcsaintecroix.com\\\/wp-content\\\/uploads\\\/2022\\\/09\\\/SainteCroix-Favicon.png\",\"width\":512,\"height\":512,\"caption\":\"Parc de Saint Croix\"},\"image\":{\"@id\":\"https:\\\/\\\/parcsaintecroix.com\\\/fr\\\/#\\\/schema\\\/logo\\\/image\\\/\"},\"sameAs\":[\"https:\\\/\\\/www.facebook.com\\\/LodgesSainteCroix\\\/\",\"https:\\\/\\\/x.com\\\/parc_stecroix\"]},{\"@type\":\"Person\",\"@id\":\"https:\\\/\\\/parcsaintecroix.com\\\/fr\\\/#\\\/schema\\\/person\\\/7266c807920faa3ee8868aa167294065\",\"name\":\"accueil psc\"}]}<\/script>\n<!-- \/ Yoast SEO plugin. -->","yoast_head_json":{"title":"R\u00e9introduction du bison europ\u00e9en | Parc Animalier Sainte-Croix","robots":{"index":"index","follow":"follow","max-snippet":"max-snippet:-1","max-image-preview":"max-image-preview:large","max-video-preview":"max-video-preview:-1"},"canonical":"https:\/\/parcsaintecroix.com\/fr\/reintroduction-du-bison-europeen","og_locale":"fr_FR","og_type":"article","og_title":"R\u00e9introduction du bison europ\u00e9en | Parc Animalier Sainte-Croix","og_description":"Projet en collaboration avec le WWF Azerba\u00efdjan \u00c0 la fin des ann\u00e9es 1920, les seuls bisons d\u2019Europe encore vivants (54, dont 29 m\u00e2les et 25 femelles) ne survivaient plus que dans les zoos. \u00c0 compter de 1952, les Polonais ont r\u00e9alis\u00e9 la premi\u00e8re r\u00e9introduction du bison d\u2019Europe dans la for\u00eat de Bia\u0142owie\u017ca. La r\u00e9introduction a [&hellip;]","og_url":"https:\/\/parcsaintecroix.com\/fr\/reintroduction-du-bison-europeen","og_site_name":"Parc de Saint Croix","article_publisher":"https:\/\/www.facebook.com\/LodgesSainteCroix\/","article_published_time":"2022-12-02T15:54:42+00:00","article_modified_time":"2023-03-16T09:36:41+00:00","og_image":[{"width":2560,"height":1707,"url":"https:\/\/parcsaintecroix.com\/wp-content\/uploads\/2022\/09\/File290-scaled.jpg","type":"image\/jpeg"}],"author":"accueil psc","twitter_card":"summary_large_image","twitter_creator":"@parc_stecroix","twitter_site":"@parc_stecroix","twitter_misc":{"\u00c9crit par":"accueil psc","Dur\u00e9e de lecture estim\u00e9e":"3 minutes"},"schema":{"@context":"https:\/\/schema.org","@graph":[{"@type":"Article","@id":"https:\/\/parcsaintecroix.com\/fr\/reintroduction-du-bison-europeen#article","isPartOf":{"@id":"https:\/\/parcsaintecroix.com\/fr\/reintroduction-du-bison-europeen"},"author":{"name":"accueil psc","@id":"https:\/\/parcsaintecroix.com\/fr\/#\/schema\/person\/7266c807920faa3ee8868aa167294065"},"headline":"R\u00e9introduction du bison europ\u00e9en","datePublished":"2022-12-02T15:54:42+00:00","dateModified":"2023-03-16T09:36:41+00:00","mainEntityOfPage":{"@id":"https:\/\/parcsaintecroix.com\/fr\/reintroduction-du-bison-europeen"},"wordCount":632,"commentCount":0,"publisher":{"@id":"https:\/\/parcsaintecroix.com\/fr\/#organization"},"image":{"@id":"https:\/\/parcsaintecroix.com\/fr\/reintroduction-du-bison-europeen#primaryimage"},"thumbnailUrl":"https:\/\/parcsaintecroix.com\/wp-content\/uploads\/2022\/09\/File290-scaled.jpg","articleSection":["Le parc"],"inLanguage":"fr-FR","potentialAction":[{"@type":"CommentAction","name":"Comment","target":["https:\/\/parcsaintecroix.com\/fr\/reintroduction-du-bison-europeen#respond"]}]},{"@type":"WebPage","@id":"https:\/\/parcsaintecroix.com\/fr\/reintroduction-du-bison-europeen","url":"https:\/\/parcsaintecroix.com\/fr\/reintroduction-du-bison-europeen","name":"R\u00e9introduction du bison europ\u00e9en | Parc Animalier Sainte-Croix","isPartOf":{"@id":"https:\/\/parcsaintecroix.com\/fr\/#website"},"primaryImageOfPage":{"@id":"https:\/\/parcsaintecroix.com\/fr\/reintroduction-du-bison-europeen#primaryimage"},"image":{"@id":"https:\/\/parcsaintecroix.com\/fr\/reintroduction-du-bison-europeen#primaryimage"},"thumbnailUrl":"https:\/\/parcsaintecroix.com\/wp-content\/uploads\/2022\/09\/File290-scaled.jpg","datePublished":"2022-12-02T15:54:42+00:00","dateModified":"2023-03-16T09:36:41+00:00","breadcrumb":{"@id":"https:\/\/parcsaintecroix.com\/fr\/reintroduction-du-bison-europeen#breadcrumb"},"inLanguage":"fr-FR","potentialAction":[{"@type":"ReadAction","target":["https:\/\/parcsaintecroix.com\/fr\/reintroduction-du-bison-europeen"]}]},{"@type":"ImageObject","inLanguage":"fr-FR","@id":"https:\/\/parcsaintecroix.com\/fr\/reintroduction-du-bison-europeen#primaryimage","url":"https:\/\/parcsaintecroix.com\/wp-content\/uploads\/2022\/09\/File290-scaled.jpg","contentUrl":"https:\/\/parcsaintecroix.com\/wp-content\/uploads\/2022\/09\/File290-scaled.jpg","width":2560,"height":1707},{"@type":"BreadcrumbList","@id":"https:\/\/parcsaintecroix.com\/fr\/reintroduction-du-bison-europeen#breadcrumb","itemListElement":[{"@type":"ListItem","position":1,"name":"Accueil","item":"https:\/\/parcsaintecroix.com\/fr"},{"@type":"ListItem","position":2,"name":"R\u00e9introduction du bison europ\u00e9en"}]},{"@type":"WebSite","@id":"https:\/\/parcsaintecroix.com\/fr\/#website","url":"https:\/\/parcsaintecroix.com\/fr\/","name":"Parc de Saint Croix","description":"","publisher":{"@id":"https:\/\/parcsaintecroix.com\/fr\/#organization"},"inLanguage":"fr-FR"},{"@type":"Organization","@id":"https:\/\/parcsaintecroix.com\/fr\/#organization","name":"Parc de Saint Croix","url":"https:\/\/parcsaintecroix.com\/fr\/","logo":{"@type":"ImageObject","inLanguage":"fr-FR","@id":"https:\/\/parcsaintecroix.com\/fr\/#\/schema\/logo\/image\/","url":"https:\/\/parcsaintecroix.com\/wp-content\/uploads\/2022\/09\/SainteCroix-Favicon.png","contentUrl":"https:\/\/parcsaintecroix.com\/wp-content\/uploads\/2022\/09\/SainteCroix-Favicon.png","width":512,"height":512,"caption":"Parc de Saint Croix"},"image":{"@id":"https:\/\/parcsaintecroix.com\/fr\/#\/schema\/logo\/image\/"},"sameAs":["https:\/\/www.facebook.com\/LodgesSainteCroix\/","https:\/\/x.com\/parc_stecroix"]},{"@type":"Person","@id":"https:\/\/parcsaintecroix.com\/fr\/#\/schema\/person\/7266c807920faa3ee8868aa167294065","name":"accueil psc"}]}},"_links":{"self":[{"href":"https:\/\/parcsaintecroix.com\/fr\/wp-json\/wp\/v2\/posts\/17785","targetHints":{"allow":["GET"]}}],"collection":[{"href":"https:\/\/parcsaintecroix.com\/fr\/wp-json\/wp\/v2\/posts"}],"about":[{"href":"https:\/\/parcsaintecroix.com\/fr\/wp-json\/wp\/v2\/types\/post"}],"author":[{"embeddable":true,"href":"https:\/\/parcsaintecroix.com\/fr\/wp-json\/wp\/v2\/users\/9"}],"replies":[{"embeddable":true,"href":"https:\/\/parcsaintecroix.com\/fr\/wp-json\/wp\/v2\/comments?post=17785"}],"version-history":[{"count":2,"href":"https:\/\/parcsaintecroix.com\/fr\/wp-json\/wp\/v2\/posts\/17785\/revisions"}],"predecessor-version":[{"id":17791,"href":"https:\/\/parcsaintecroix.com\/fr\/wp-json\/wp\/v2\/posts\/17785\/revisions\/17791"}],"wp:featuredmedia":[{"embeddable":true,"href":"https:\/\/parcsaintecroix.com\/fr\/wp-json\/wp\/v2\/media\/7688"}],"wp:attachment":[{"href":"https:\/\/parcsaintecroix.com\/fr\/wp-json\/wp\/v2\/media?parent=17785"}],"wp:term":[{"taxonomy":"category","embeddable":true,"href":"https:\/\/parcsaintecroix.com\/fr\/wp-json\/wp\/v2\/categories?post=17785"},{"taxonomy":"post_tag","embeddable":true,"href":"https:\/\/parcsaintecroix.com\/fr\/wp-json\/wp\/v2\/tags?post=17785"}],"curies":[{"name":"wp","href":"https:\/\/api.w.org\/{rel}","templated":true}]}}