{"id":24686,"date":"2022-11-21T15:10:36","date_gmt":"2022-11-21T14:10:36","guid":{"rendered":"https:\/\/parcsaintecroix.com\/?p=24686"},"modified":"2023-06-21T15:11:21","modified_gmt":"2023-06-21T13:11:21","slug":"sejours-nature-sainte-croix-premier-parc-animalier-ecolabellise","status":"publish","type":"post","link":"https:\/\/parcsaintecroix.com\/fr\/sejours-nature-sainte-croix-premier-parc-animalier-ecolabellise","title":{"rendered":"S\u00e9jours nature : Sainte-Croix, premier Parc animalier \u00e9colabellis\u00e9"},"content":{"rendered":"<section class=\"block-grid-wrapper block-grid-for-core-paragraph\">\n      <div class=\"default-editor-content grid-for-core-paragraph grid-container fluid fluid\">\n        <div class=\"grid-x grid-padding-x align-center\">\n          <div class=\"cell\">\n            \n<p class=\"has-text-align-center\">Ce label europ\u00e9en garantit que le Parc Animalier, en tant que lieu de s\u00e9jour nature d\u2019exception, contribue activement \u00e0 l\u2019utilisation de sources d\u2019\u00e9nergie renouvelables, aux \u00e9conomies d\u2019eau et d\u2019\u00e9nergie, ainsi qu\u2019\u00e0 la protection de la biodiversit\u00e9.<\/p>\n          <\/div>\n        <\/div>\n      <\/div>\n\n      <\/section>\n\n<section class=\"block-grid-wrapper block-grid-for-core-image\">\n      <div class=\"default-editor-content grid-for-core-image grid-container fluid fluid\">\n        <div class=\"grid-x grid-padding-x align-center\">\n          <div class=\"cell\">\n            \n<figure class=\"wp-block-image aligncenter size-large\"><img loading=\"lazy\" decoding=\"async\" width=\"1024\" height=\"365\" src=\"https:\/\/parcsaintecroix.com\/wp-content\/uploads\/2022\/09\/plaine-des-cerfs-pano-1024x365-fd90e2c36371.jpg\" alt=\"\" class=\"wp-image-5441\" srcset=\"https:\/\/parcsaintecroix.com\/wp-content\/uploads\/2022\/09\/plaine-des-cerfs-pano-1024x365-fd90e2c36371.jpg 1024w, https:\/\/parcsaintecroix.com\/wp-content\/uploads\/2022\/09\/plaine-des-cerfs-pano-300x107-512c1e2135f8.jpg 300w, https:\/\/parcsaintecroix.com\/wp-content\/uploads\/2022\/09\/plaine-des-cerfs-pano-768x273-b56108145cc7.jpg 768w, https:\/\/parcsaintecroix.com\/wp-content\/uploads\/2022\/09\/plaine-des-cerfs-pano-100x36-fab7673e88b9.jpg 100w, https:\/\/parcsaintecroix.com\/wp-content\/uploads\/2022\/09\/plaine-des-cerfs-pano.jpg 1500w\" sizes=\"auto, (max-width: 1024px) 100vw, 1024px\" \/><\/figure>\n          <\/div>\n        <\/div>\n      <\/div>\n\n      <\/section>\n\n<section class=\"block-grid-wrapper block-grid-for-core-paragraph\">\n      <div class=\"default-editor-content grid-for-core-paragraph grid-container fluid fluid\">\n        <div class=\"grid-x grid-padding-x align-center\">\n          <div class=\"cell\">\n            \n<p><\/p>\n          <\/div>\n        <\/div>\n      <\/div>\n\n      <\/section>\n\n<section class=\"block-grid-wrapper block-grid-for-core-heading\">\n      <div class=\"default-editor-content grid-for-core-heading grid-container fluid fluid\">\n        <div class=\"grid-x grid-padding-x align-center\">\n          <div class=\"cell\">\n            \n<h2 class=\"wp-block-heading\"><strong>Petit d\u00e9jeuner local <\/strong><\/h2>\n          <\/div>\n        <\/div>\n      <\/div>\n\n      <\/section>\n\n<section class=\"block-grid-wrapper block-grid-for-core-paragraph\">\n      <div class=\"default-editor-content grid-for-core-paragraph grid-container fluid fluid\">\n        <div class=\"grid-x grid-padding-x align-center\">\n          <div class=\"cell\">\n            \n<p>Des saveurs locales pour votre petit-d\u00e9jeuner : yaourts de la ferme des Friches, confitures de Sylviane, cake maison et miel de Lorraine font partie des nombreux produits locaux et bio que vous pourrez d\u00e9guster lors de votre s\u00e9jour nature au sein du Parc Animalier de Sainte-Croix.<\/p>\n          <\/div>\n        <\/div>\n      <\/div>\n\n      <\/section>\n\n<section class=\"block-grid-wrapper block-grid-for-core-heading\">\n      <div class=\"default-editor-content grid-for-core-heading grid-container fluid fluid\">\n        <div class=\"grid-x grid-padding-x align-center\">\n          <div class=\"cell\">\n            \n<h2 class=\"wp-block-heading\"><strong>Mat\u00e9riaux de construction<\/strong><\/h2>\n          <\/div>\n        <\/div>\n      <\/div>\n\n      <\/section>\n\n<section class=\"block-grid-wrapper block-grid-for-core-paragraph\">\n      <div class=\"default-editor-content grid-for-core-paragraph grid-container fluid fluid\">\n        <div class=\"grid-x grid-padding-x align-center\">\n          <div class=\"cell\">\n            \n<p>Le Parc s\u2019efforce de construire ses b\u00e2timents avec des mat\u00e9riaux neutres pour minimiser son impact sur l\u2019environnement. Utilisation de bois de nos for\u00eats, panneaux solaires et b\u00e2timent bioclimatique, r\u00e9cup\u00e9ration d\u2019eau de pluie pour les sanitaires et toilettes s\u00e8ches dans les h\u00e9bergements.<\/p>\n          <\/div>\n        <\/div>\n      <\/div>\n\n      <\/section>\n\n<section class=\"block-grid-wrapper block-grid-for-core-heading\">\n      <div class=\"default-editor-content grid-for-core-heading grid-container fluid fluid\">\n        <div class=\"grid-x grid-padding-x align-center\">\n          <div class=\"cell\">\n            \n<h2 class=\"wp-block-heading\"><strong>\u00c9nergie<\/strong><\/h2>\n          <\/div>\n        <\/div>\n      <\/div>\n\n      <\/section>\n\n<section class=\"block-grid-wrapper block-grid-for-core-paragraph\">\n      <div class=\"default-editor-content grid-for-core-paragraph grid-container fluid fluid\">\n        <div class=\"grid-x grid-padding-x align-center\">\n          <div class=\"cell\">\n            \n<p>La r\u00e9duction des consommations \u00e9nerg\u00e9tiques et d\u2019eau est un point primordial au Parc Animalier de Sainte-Croix\u00a0: choix d\u2019\u00e9quipements \u00e9conomes, limitation de consommation d\u2019\u00e9nergies fossiles, utilisation de v\u00e9hicules \u00e9lectriques. Notre \u00e9lectricit\u00e9 provient \u00e0 100% d\u2019\u00e9nergie renouvelable.<\/p>\n          <\/div>\n        <\/div>\n      <\/div>\n\n      <\/section>\n\n\n    <section  class=\"wp-block-acf-three-articles  block-index-9 section-content section-three-articles\"       itemprop=\"hasPart\" itemscope\n\n      <div class=\"grid-container full\">\n\n        <div class=\"grid-x title-wrapper\">\n\n          <div class=\"cell\">\n                          <h2 class=\"section-title\" itemprop=\"name heading\">En ce moment \u00e0 Sainte-Croix<\/h2>\n            \n                      <\/div>\n\n        <\/div>\n\n\n        <div class=\"grid-x listing-latest-news news-slider align-center\">\n          <article class=\"cell medium-6 large-4 js-article article-box flex-container flex-dir-column post-37937 post type-post status-publish format-standard has-post-thumbnail hentry category-animaux category-le-parc\"  itemscope itemtype=\"https:\/\/schema.org\/Article\" itemid=\"https:\/\/parcsaintecroix.com\/fr\/quelle-est-la-difference-entre-le-bison-deurope-et-le-bison-damerique\" itemref=\"publisher\">\n      <meta itemprop=\"author\" content=\"Parc de Saint Croix\" \/>\n    <meta itemprop=\"image\" content=\"https:\/\/parcsaintecroix.com\/wp-content\/uploads\/2025\/10\/CP-Morgane-Bricard-64-scaled.jpg\" \/>\n    <meta itemprop=\"datePublished\" content=\"2026-04-30T20:33:47+02:00\" \/>\n    <meta itemprop=\"dateModified\" content=\"2026-04-30T20:33:50+02:00\" \/>\n      <div class=\"news-content-wrapper\">\n          <a href=\"https:\/\/parcsaintecroix.com\/fr\/quelle-est-la-difference-entre-le-bison-deurope-et-le-bison-damerique\" itemprop=\"url mainEntityOfPage\">\n        \n                  <span class=\"label-category\">Animaux<\/span>\n        \n        <figure>\n          <img decoding=\"async\"  data-fade-in loading=\"lazy\" src=\"data:image\/png;base64,R0lGODlhAQABAAD\/ACwAAAAAAQABAAACADs=\" data-lazy-interchange=\"[https:\/\/parcsaintecroix.com\/wp-content\/uploads\/2025\/10\/CP-Morgane-Bricard-64-scaled-668x668-71ab615e0a86.jpg, small], [https:\/\/parcsaintecroix.com\/wp-content\/uploads\/2025\/10\/CP-Morgane-Bricard-64-scaled-423x423-f5ddf0753daf.jpg, large], [https:\/\/parcsaintecroix.com\/wp-content\/uploads\/2025\/10\/CP-Morgane-Bricard-64-scaled-800x800-b303cee25c1f.jpg, xlarge], [https:\/\/parcsaintecroix.com\/wp-content\/uploads\/2025\/10\/CP-Morgane-Bricard-64-scaled-846x846-97851059a762.jpg, large_retina], [https:\/\/parcsaintecroix.com\/wp-content\/uploads\/2025\/10\/CP-Morgane-Bricard-64-scaled-1600x1600-f1dbcba1895c.jpg, xlarge_retina]\" data-interchange-sizes=\"{&quot;small&quot;:{&quot;w&quot;:668,&quot;h&quot;:668},&quot;large&quot;:{&quot;w&quot;:423,&quot;h&quot;:423},&quot;xlarge&quot;:{&quot;w&quot;:800,&quot;h&quot;:800},&quot;large_retina&quot;:{&quot;w&quot;:846,&quot;h&quot;:846},&quot;xlarge_retina&quot;:{&quot;w&quot;:1600,&quot;h&quot;:1600}}\"  style=\";--aspect-ratio-small: 1;--aspect-ratio-large: 1;--aspect-ratio-xlarge: 1;--aspect-ratio-large_retina: 1;--aspect-ratio-xlarge_retina: 1\" data-has-aspect-ratio=\"true\" alt=\"Quelle est la diff\u00e9rence entre le bison d&rsquo;Europe et le bison d&rsquo;Am\u00e9rique ?\" itemprop=\"image\" data-fade-in \/>\n        <\/figure>\n\n              <\/a>\n      <\/div>\n\n  <div class=\"article-box-content flex-child-grow flex-container flex-dir-column\">\n    <header class=\"entry-header\">\n      <h2 class=\"entry-name\" itemprop=\"name headline\">\n        <a href=\"https:\/\/parcsaintecroix.com\/fr\/quelle-est-la-difference-entre-le-bison-deurope-et-le-bison-damerique\">Quelle est la diff\u00e9rence entre le bison d&rsquo;Europe et le bison d&rsquo;Am\u00e9rique ?<\/a>\n      <\/h2>\n    <\/header>\n\n    <div class=\"entry-content\">\n      <p class=\"excerpt\">Au Parc Animalier de Sainte\u2011Croix, deux esp\u00e8ces impressionnantes issues d\u2019un h\u00e9ritage pr\u00e9historique commun, proche de l\u2019aurochs, \u00e9voluent &#8230;<\/p>\n    <\/div>\n\n    <p class=\"entry-date\">\n      Publi\u00e9 le 30 avril 2026    <\/p>\n\n  <\/div>\n<\/article>\n\n<article class=\"cell medium-6 large-4 js-article article-box flex-container flex-dir-column post-38694 post type-post status-publish format-standard has-post-thumbnail hentry category-animaux category-le-parc\"  itemscope itemtype=\"https:\/\/schema.org\/Article\" itemid=\"https:\/\/parcsaintecroix.com\/fr\/le-renard-roux-en-france-une-espece-nuisible\" itemref=\"publisher\">\n      <meta itemprop=\"author\" content=\"Parc de Saint Croix\" \/>\n    <meta itemprop=\"image\" content=\"https:\/\/parcsaintecroix.com\/wp-content\/uploads\/2025\/12\/CP-Lydie-Comte-Antoine.jpg\" \/>\n    <meta itemprop=\"datePublished\" content=\"2026-04-30T20:32:32+02:00\" \/>\n    <meta itemprop=\"dateModified\" content=\"2026-04-30T20:32:36+02:00\" \/>\n      <div class=\"news-content-wrapper\">\n          <a href=\"https:\/\/parcsaintecroix.com\/fr\/le-renard-roux-en-france-une-espece-nuisible\" itemprop=\"url mainEntityOfPage\">\n        \n                  <span class=\"label-category\">Animaux<\/span>\n        \n        <figure>\n          <img decoding=\"async\"  data-fade-in loading=\"lazy\" src=\"data:image\/png;base64,R0lGODlhAQABAAD\/ACwAAAAAAQABAAACADs=\" data-lazy-interchange=\"[https:\/\/parcsaintecroix.com\/wp-content\/uploads\/2025\/12\/CP-Lydie-Comte-Antoine-668x668-71ab615e0a86.jpg, small], [https:\/\/parcsaintecroix.com\/wp-content\/uploads\/2025\/12\/CP-Lydie-Comte-Antoine-423x423-f5ddf0753daf.jpg, large], [https:\/\/parcsaintecroix.com\/wp-content\/uploads\/2025\/12\/CP-Lydie-Comte-Antoine-800x800-b303cee25c1f.jpg, xlarge], [https:\/\/parcsaintecroix.com\/wp-content\/uploads\/2025\/12\/CP-Lydie-Comte-Antoine-846x846-97851059a762.jpg, large_retina], [https:\/\/parcsaintecroix.com\/wp-content\/uploads\/2025\/12\/CP-Lydie-Comte-Antoine-1366x1366-f1dbcba1895c.jpg, xlarge_retina]\" data-interchange-sizes=\"{&quot;small&quot;:{&quot;w&quot;:668,&quot;h&quot;:668},&quot;large&quot;:{&quot;w&quot;:423,&quot;h&quot;:423},&quot;xlarge&quot;:{&quot;w&quot;:800,&quot;h&quot;:800},&quot;large_retina&quot;:{&quot;w&quot;:846,&quot;h&quot;:846},&quot;xlarge_retina&quot;:{&quot;w&quot;:1366,&quot;h&quot;:1366}}\"  style=\";--aspect-ratio-small: 1;--aspect-ratio-large: 1;--aspect-ratio-xlarge: 1;--aspect-ratio-large_retina: 1;--aspect-ratio-xlarge_retina: 1\" data-has-aspect-ratio=\"true\" alt=\"Le renard roux en France : une esp\u00e8ce nuisible ?\" itemprop=\"image\" data-fade-in \/>\n        <\/figure>\n\n              <\/a>\n      <\/div>\n\n  <div class=\"article-box-content flex-child-grow flex-container flex-dir-column\">\n    <header class=\"entry-header\">\n      <h2 class=\"entry-name\" itemprop=\"name headline\">\n        <a href=\"https:\/\/parcsaintecroix.com\/fr\/le-renard-roux-en-france-une-espece-nuisible\">Le renard roux en France : une esp\u00e8ce nuisible ?<\/a>\n      <\/h2>\n    <\/header>\n\n    <div class=\"entry-content\">\n      <p class=\"excerpt\">Longtemps consid\u00e9r\u00e9 comme une esp\u00e8ce animale nuisible, le renard roux est encore aujourd\u2019hui porteur de nombreux pr\u00e9jug\u00e9s. &#8230;<\/p>\n    <\/div>\n\n    <p class=\"entry-date\">\n      Publi\u00e9 le 30 avril 2026    <\/p>\n\n  <\/div>\n<\/article>\n\n<article class=\"cell medium-6 large-4 js-article article-box flex-container flex-dir-column post-41005 post type-post status-publish format-standard has-post-thumbnail hentry category-animaux category-le-parc\"  itemscope itemtype=\"https:\/\/schema.org\/Article\" itemid=\"https:\/\/parcsaintecroix.com\/fr\/comment-faire-un-jardin-agroecologique-chez-soi\" itemref=\"publisher\">\n      <meta itemprop=\"author\" content=\"Parc de Saint Croix\" \/>\n    <meta itemprop=\"image\" content=\"https:\/\/parcsaintecroix.com\/wp-content\/uploads\/2026\/04\/Station-sol-CP-Carla-Datola-4.jpg\" \/>\n    <meta itemprop=\"datePublished\" content=\"2026-04-30T20:29:21+02:00\" \/>\n    <meta itemprop=\"dateModified\" content=\"2026-04-30T20:29:24+02:00\" \/>\n      <div class=\"news-content-wrapper\">\n          <a href=\"https:\/\/parcsaintecroix.com\/fr\/comment-faire-un-jardin-agroecologique-chez-soi\" itemprop=\"url mainEntityOfPage\">\n        \n                  <span class=\"label-category\">Animaux<\/span>\n        \n        <figure>\n          <img decoding=\"async\"  data-fade-in loading=\"lazy\" src=\"data:image\/png;base64,R0lGODlhAQABAAD\/ACwAAAAAAQABAAACADs=\" data-lazy-interchange=\"[https:\/\/parcsaintecroix.com\/wp-content\/uploads\/2026\/04\/Station-sol-CP-Carla-Datola-4-668x668-71ab615e0a86.jpg, small], [https:\/\/parcsaintecroix.com\/wp-content\/uploads\/2026\/04\/Station-sol-CP-Carla-Datola-4-423x423-f5ddf0753daf.jpg, large], [https:\/\/parcsaintecroix.com\/wp-content\/uploads\/2026\/04\/Station-sol-CP-Carla-Datola-4-800x800-b303cee25c1f.jpg, xlarge], [https:\/\/parcsaintecroix.com\/wp-content\/uploads\/2026\/04\/Station-sol-CP-Carla-Datola-4-846x846-97851059a762.jpg, large_retina], [https:\/\/parcsaintecroix.com\/wp-content\/uploads\/2026\/04\/Station-sol-CP-Carla-Datola-4-1366x1366-f1dbcba1895c.jpg, xlarge_retina]\" data-interchange-sizes=\"{&quot;small&quot;:{&quot;w&quot;:668,&quot;h&quot;:668},&quot;large&quot;:{&quot;w&quot;:423,&quot;h&quot;:423},&quot;xlarge&quot;:{&quot;w&quot;:800,&quot;h&quot;:800},&quot;large_retina&quot;:{&quot;w&quot;:846,&quot;h&quot;:846},&quot;xlarge_retina&quot;:{&quot;w&quot;:1366,&quot;h&quot;:1366}}\"  style=\";--aspect-ratio-small: 1;--aspect-ratio-large: 1;--aspect-ratio-xlarge: 1;--aspect-ratio-large_retina: 1;--aspect-ratio-xlarge_retina: 1\" data-has-aspect-ratio=\"true\" alt=\"Comment faire un jardin agro\u00e9cologique chez soi ?\" itemprop=\"image\" data-fade-in \/>\n        <\/figure>\n\n              <\/a>\n      <\/div>\n\n  <div class=\"article-box-content flex-child-grow flex-container flex-dir-column\">\n    <header class=\"entry-header\">\n      <h2 class=\"entry-name\" itemprop=\"name headline\">\n        <a href=\"https:\/\/parcsaintecroix.com\/fr\/comment-faire-un-jardin-agroecologique-chez-soi\">Comment faire un jardin agro\u00e9cologique chez soi ?<\/a>\n      <\/h2>\n    <\/header>\n\n    <div class=\"entry-content\">\n      <p class=\"excerpt\">Cr\u00e9er un jardin agro\u00e9cologique chez soi, c\u2019est choisir un mode de culture respectueux de la nature, de &#8230;<\/p>\n    <\/div>\n\n    <p class=\"entry-date\">\n      Publi\u00e9 le 30 avril 2026    <\/p>\n\n  <\/div>\n<\/article>\n\n        <\/div>\n\n\n              <\/div>\n    <\/section>\n    ","protected":false},"excerpt":{"rendered":"<p>Ce label europ\u00e9en garantit que le Parc Animalier, en tant que lieu de s\u00e9jour nature d\u2019exception, contribue activement \u00e0 l\u2019utilisation de sources d\u2019\u00e9nergie renouvelables, aux \u00e9conomies d\u2019eau et d\u2019\u00e9nergie, ainsi qu\u2019\u00e0 la protection de la biodiversit\u00e9. Petit d\u00e9jeuner local Des saveurs locales pour votre petit-d\u00e9jeuner : yaourts de la ferme des Friches, confitures de Sylviane, [&hellip;]<\/p>\n","protected":false},"author":9,"featured_media":0,"comment_status":"closed","ping_status":"closed","sticky":false,"template":"","format":"standard","meta":{"_acf_changed":false,"_themeisle_gutenberg_block_has_review":false,"footnotes":""},"categories":[23],"tags":[],"class_list":["post-24686","post","type-post","status-publish","format-standard","hentry","category-le-parc"],"acf":[],"yoast_head":"<!-- This site is optimized with the Yoast SEO plugin v27.3 - https:\/\/yoast.com\/product\/yoast-seo-wordpress\/ -->\n<title>S\u00e9jours nature : Sainte-Croix, premier Parc animalier \u00e9colabellis\u00e9 | Parc Animalier Sainte-Croix<\/title>\n<meta name=\"robots\" content=\"index, follow, max-snippet:-1, max-image-preview:large, max-video-preview:-1\" \/>\n<link rel=\"canonical\" href=\"https:\/\/parcsaintecroix.com\/fr\/sejours-nature-sainte-croix-premier-parc-animalier-ecolabellise\" \/>\n<meta property=\"og:locale\" content=\"fr_FR\" \/>\n<meta property=\"og:type\" content=\"article\" \/>\n<meta property=\"og:title\" content=\"S\u00e9jours nature : Sainte-Croix, premier Parc animalier \u00e9colabellis\u00e9 | Parc Animalier Sainte-Croix\" \/>\n<meta property=\"og:description\" content=\"Ce label europ\u00e9en garantit que le Parc Animalier, en tant que lieu de s\u00e9jour nature d\u2019exception, contribue activement \u00e0 l\u2019utilisation de sources d\u2019\u00e9nergie renouvelables, aux \u00e9conomies d\u2019eau et d\u2019\u00e9nergie, ainsi qu\u2019\u00e0 la protection de la biodiversit\u00e9. Petit d\u00e9jeuner local Des saveurs locales pour votre petit-d\u00e9jeuner : yaourts de la ferme des Friches, confitures de Sylviane, [&hellip;]\" \/>\n<meta property=\"og:url\" content=\"https:\/\/parcsaintecroix.com\/fr\/sejours-nature-sainte-croix-premier-parc-animalier-ecolabellise\" \/>\n<meta property=\"og:site_name\" content=\"Parc de Saint Croix\" \/>\n<meta property=\"article:publisher\" content=\"https:\/\/www.facebook.com\/LodgesSainteCroix\/\" \/>\n<meta property=\"article:published_time\" content=\"2022-11-21T14:10:36+00:00\" \/>\n<meta property=\"article:modified_time\" content=\"2023-06-21T13:11:21+00:00\" \/>\n<meta property=\"og:image\" content=\"https:\/\/parcsaintecroix.com\/wp-content\/uploads\/2022\/08\/Image-01@2x-scaled.jpg\" \/>\n\t<meta property=\"og:image:width\" content=\"2560\" \/>\n\t<meta property=\"og:image:height\" content=\"941\" \/>\n\t<meta property=\"og:image:type\" content=\"image\/jpeg\" \/>\n<meta name=\"author\" content=\"accueil psc\" \/>\n<meta name=\"twitter:card\" content=\"summary_large_image\" \/>\n<meta name=\"twitter:creator\" content=\"@parc_stecroix\" \/>\n<meta name=\"twitter:site\" content=\"@parc_stecroix\" \/>\n<meta name=\"twitter:label1\" content=\"\u00c9crit par\" \/>\n\t<meta name=\"twitter:data1\" content=\"accueil psc\" \/>\n\t<meta name=\"twitter:label2\" content=\"Dur\u00e9e de lecture estim\u00e9e\" \/>\n\t<meta name=\"twitter:data2\" content=\"2 minutes\" \/>\n<script type=\"application\/ld+json\" class=\"yoast-schema-graph\">{\"@context\":\"https:\\\/\\\/schema.org\",\"@graph\":[{\"@type\":\"Article\",\"@id\":\"https:\\\/\\\/parcsaintecroix.com\\\/fr\\\/sejours-nature-sainte-croix-premier-parc-animalier-ecolabellise#article\",\"isPartOf\":{\"@id\":\"https:\\\/\\\/parcsaintecroix.com\\\/fr\\\/sejours-nature-sainte-croix-premier-parc-animalier-ecolabellise\"},\"author\":{\"name\":\"accueil psc\",\"@id\":\"https:\\\/\\\/parcsaintecroix.com\\\/fr\\\/#\\\/schema\\\/person\\\/7266c807920faa3ee8868aa167294065\"},\"headline\":\"S\u00e9jours nature : Sainte-Croix, premier Parc animalier \u00e9colabellis\u00e9\",\"datePublished\":\"2022-11-21T14:10:36+00:00\",\"dateModified\":\"2023-06-21T13:11:21+00:00\",\"mainEntityOfPage\":{\"@id\":\"https:\\\/\\\/parcsaintecroix.com\\\/fr\\\/sejours-nature-sainte-croix-premier-parc-animalier-ecolabellise\"},\"wordCount\":199,\"publisher\":{\"@id\":\"https:\\\/\\\/parcsaintecroix.com\\\/fr\\\/#organization\"},\"image\":{\"@id\":\"https:\\\/\\\/parcsaintecroix.com\\\/fr\\\/sejours-nature-sainte-croix-premier-parc-animalier-ecolabellise#primaryimage\"},\"thumbnailUrl\":\"https:\\\/\\\/parcsaintecroix.com\\\/wp-content\\\/uploads\\\/2022\\\/09\\\/plaine-des-cerfs-pano-1024x365-fd90e2c36371.jpg\",\"articleSection\":[\"Le parc\"],\"inLanguage\":\"fr-FR\"},{\"@type\":\"WebPage\",\"@id\":\"https:\\\/\\\/parcsaintecroix.com\\\/fr\\\/sejours-nature-sainte-croix-premier-parc-animalier-ecolabellise\",\"url\":\"https:\\\/\\\/parcsaintecroix.com\\\/fr\\\/sejours-nature-sainte-croix-premier-parc-animalier-ecolabellise\",\"name\":\"S\u00e9jours nature : Sainte-Croix, premier Parc animalier \u00e9colabellis\u00e9 | Parc Animalier Sainte-Croix\",\"isPartOf\":{\"@id\":\"https:\\\/\\\/parcsaintecroix.com\\\/fr\\\/#website\"},\"primaryImageOfPage\":{\"@id\":\"https:\\\/\\\/parcsaintecroix.com\\\/fr\\\/sejours-nature-sainte-croix-premier-parc-animalier-ecolabellise#primaryimage\"},\"image\":{\"@id\":\"https:\\\/\\\/parcsaintecroix.com\\\/fr\\\/sejours-nature-sainte-croix-premier-parc-animalier-ecolabellise#primaryimage\"},\"thumbnailUrl\":\"https:\\\/\\\/parcsaintecroix.com\\\/wp-content\\\/uploads\\\/2022\\\/09\\\/plaine-des-cerfs-pano-1024x365-fd90e2c36371.jpg\",\"datePublished\":\"2022-11-21T14:10:36+00:00\",\"dateModified\":\"2023-06-21T13:11:21+00:00\",\"breadcrumb\":{\"@id\":\"https:\\\/\\\/parcsaintecroix.com\\\/fr\\\/sejours-nature-sainte-croix-premier-parc-animalier-ecolabellise#breadcrumb\"},\"inLanguage\":\"fr-FR\",\"potentialAction\":[{\"@type\":\"ReadAction\",\"target\":[\"https:\\\/\\\/parcsaintecroix.com\\\/fr\\\/sejours-nature-sainte-croix-premier-parc-animalier-ecolabellise\"]}]},{\"@type\":\"ImageObject\",\"inLanguage\":\"fr-FR\",\"@id\":\"https:\\\/\\\/parcsaintecroix.com\\\/fr\\\/sejours-nature-sainte-croix-premier-parc-animalier-ecolabellise#primaryimage\",\"url\":\"https:\\\/\\\/parcsaintecroix.com\\\/wp-content\\\/uploads\\\/2022\\\/09\\\/plaine-des-cerfs-pano-1024x365-fd90e2c36371.jpg\",\"contentUrl\":\"https:\\\/\\\/parcsaintecroix.com\\\/wp-content\\\/uploads\\\/2022\\\/09\\\/plaine-des-cerfs-pano-1024x365-fd90e2c36371.jpg\"},{\"@type\":\"BreadcrumbList\",\"@id\":\"https:\\\/\\\/parcsaintecroix.com\\\/fr\\\/sejours-nature-sainte-croix-premier-parc-animalier-ecolabellise#breadcrumb\",\"itemListElement\":[{\"@type\":\"ListItem\",\"position\":1,\"name\":\"Accueil\",\"item\":\"https:\\\/\\\/parcsaintecroix.com\\\/fr\"},{\"@type\":\"ListItem\",\"position\":2,\"name\":\"S\u00e9jours nature : Sainte-Croix, premier Parc animalier \u00e9colabellis\u00e9\"}]},{\"@type\":\"WebSite\",\"@id\":\"https:\\\/\\\/parcsaintecroix.com\\\/fr\\\/#website\",\"url\":\"https:\\\/\\\/parcsaintecroix.com\\\/fr\\\/\",\"name\":\"Parc de Saint Croix\",\"description\":\"\",\"publisher\":{\"@id\":\"https:\\\/\\\/parcsaintecroix.com\\\/fr\\\/#organization\"},\"inLanguage\":\"fr-FR\"},{\"@type\":\"Organization\",\"@id\":\"https:\\\/\\\/parcsaintecroix.com\\\/fr\\\/#organization\",\"name\":\"Parc de Saint Croix\",\"url\":\"https:\\\/\\\/parcsaintecroix.com\\\/fr\\\/\",\"logo\":{\"@type\":\"ImageObject\",\"inLanguage\":\"fr-FR\",\"@id\":\"https:\\\/\\\/parcsaintecroix.com\\\/fr\\\/#\\\/schema\\\/logo\\\/image\\\/\",\"url\":\"https:\\\/\\\/parcsaintecroix.com\\\/wp-content\\\/uploads\\\/2022\\\/09\\\/SainteCroix-Favicon.png\",\"contentUrl\":\"https:\\\/\\\/parcsaintecroix.com\\\/wp-content\\\/uploads\\\/2022\\\/09\\\/SainteCroix-Favicon.png\",\"width\":512,\"height\":512,\"caption\":\"Parc de Saint Croix\"},\"image\":{\"@id\":\"https:\\\/\\\/parcsaintecroix.com\\\/fr\\\/#\\\/schema\\\/logo\\\/image\\\/\"},\"sameAs\":[\"https:\\\/\\\/www.facebook.com\\\/LodgesSainteCroix\\\/\",\"https:\\\/\\\/x.com\\\/parc_stecroix\"]},{\"@type\":\"Person\",\"@id\":\"https:\\\/\\\/parcsaintecroix.com\\\/fr\\\/#\\\/schema\\\/person\\\/7266c807920faa3ee8868aa167294065\",\"name\":\"accueil psc\"}]}<\/script>\n<!-- \/ Yoast SEO plugin. -->","yoast_head_json":{"title":"S\u00e9jours nature : Sainte-Croix, premier Parc animalier \u00e9colabellis\u00e9 | Parc Animalier Sainte-Croix","robots":{"index":"index","follow":"follow","max-snippet":"max-snippet:-1","max-image-preview":"max-image-preview:large","max-video-preview":"max-video-preview:-1"},"canonical":"https:\/\/parcsaintecroix.com\/fr\/sejours-nature-sainte-croix-premier-parc-animalier-ecolabellise","og_locale":"fr_FR","og_type":"article","og_title":"S\u00e9jours nature : Sainte-Croix, premier Parc animalier \u00e9colabellis\u00e9 | Parc Animalier Sainte-Croix","og_description":"Ce label europ\u00e9en garantit que le Parc Animalier, en tant que lieu de s\u00e9jour nature d\u2019exception, contribue activement \u00e0 l\u2019utilisation de sources d\u2019\u00e9nergie renouvelables, aux \u00e9conomies d\u2019eau et d\u2019\u00e9nergie, ainsi qu\u2019\u00e0 la protection de la biodiversit\u00e9. Petit d\u00e9jeuner local Des saveurs locales pour votre petit-d\u00e9jeuner : yaourts de la ferme des Friches, confitures de Sylviane, [&hellip;]","og_url":"https:\/\/parcsaintecroix.com\/fr\/sejours-nature-sainte-croix-premier-parc-animalier-ecolabellise","og_site_name":"Parc de Saint Croix","article_publisher":"https:\/\/www.facebook.com\/LodgesSainteCroix\/","article_published_time":"2022-11-21T14:10:36+00:00","article_modified_time":"2023-06-21T13:11:21+00:00","og_image":[{"width":2560,"height":941,"url":"https:\/\/parcsaintecroix.com\/wp-content\/uploads\/2022\/08\/Image-01@2x-scaled.jpg","type":"image\/jpeg"}],"author":"accueil psc","twitter_card":"summary_large_image","twitter_creator":"@parc_stecroix","twitter_site":"@parc_stecroix","twitter_misc":{"\u00c9crit par":"accueil psc","Dur\u00e9e de lecture estim\u00e9e":"2 minutes"},"schema":{"@context":"https:\/\/schema.org","@graph":[{"@type":"Article","@id":"https:\/\/parcsaintecroix.com\/fr\/sejours-nature-sainte-croix-premier-parc-animalier-ecolabellise#article","isPartOf":{"@id":"https:\/\/parcsaintecroix.com\/fr\/sejours-nature-sainte-croix-premier-parc-animalier-ecolabellise"},"author":{"name":"accueil psc","@id":"https:\/\/parcsaintecroix.com\/fr\/#\/schema\/person\/7266c807920faa3ee8868aa167294065"},"headline":"S\u00e9jours nature : Sainte-Croix, premier Parc animalier \u00e9colabellis\u00e9","datePublished":"2022-11-21T14:10:36+00:00","dateModified":"2023-06-21T13:11:21+00:00","mainEntityOfPage":{"@id":"https:\/\/parcsaintecroix.com\/fr\/sejours-nature-sainte-croix-premier-parc-animalier-ecolabellise"},"wordCount":199,"publisher":{"@id":"https:\/\/parcsaintecroix.com\/fr\/#organization"},"image":{"@id":"https:\/\/parcsaintecroix.com\/fr\/sejours-nature-sainte-croix-premier-parc-animalier-ecolabellise#primaryimage"},"thumbnailUrl":"https:\/\/parcsaintecroix.com\/wp-content\/uploads\/2022\/09\/plaine-des-cerfs-pano-1024x365-fd90e2c36371.jpg","articleSection":["Le parc"],"inLanguage":"fr-FR"},{"@type":"WebPage","@id":"https:\/\/parcsaintecroix.com\/fr\/sejours-nature-sainte-croix-premier-parc-animalier-ecolabellise","url":"https:\/\/parcsaintecroix.com\/fr\/sejours-nature-sainte-croix-premier-parc-animalier-ecolabellise","name":"S\u00e9jours nature : Sainte-Croix, premier Parc animalier \u00e9colabellis\u00e9 | Parc Animalier Sainte-Croix","isPartOf":{"@id":"https:\/\/parcsaintecroix.com\/fr\/#website"},"primaryImageOfPage":{"@id":"https:\/\/parcsaintecroix.com\/fr\/sejours-nature-sainte-croix-premier-parc-animalier-ecolabellise#primaryimage"},"image":{"@id":"https:\/\/parcsaintecroix.com\/fr\/sejours-nature-sainte-croix-premier-parc-animalier-ecolabellise#primaryimage"},"thumbnailUrl":"https:\/\/parcsaintecroix.com\/wp-content\/uploads\/2022\/09\/plaine-des-cerfs-pano-1024x365-fd90e2c36371.jpg","datePublished":"2022-11-21T14:10:36+00:00","dateModified":"2023-06-21T13:11:21+00:00","breadcrumb":{"@id":"https:\/\/parcsaintecroix.com\/fr\/sejours-nature-sainte-croix-premier-parc-animalier-ecolabellise#breadcrumb"},"inLanguage":"fr-FR","potentialAction":[{"@type":"ReadAction","target":["https:\/\/parcsaintecroix.com\/fr\/sejours-nature-sainte-croix-premier-parc-animalier-ecolabellise"]}]},{"@type":"ImageObject","inLanguage":"fr-FR","@id":"https:\/\/parcsaintecroix.com\/fr\/sejours-nature-sainte-croix-premier-parc-animalier-ecolabellise#primaryimage","url":"https:\/\/parcsaintecroix.com\/wp-content\/uploads\/2022\/09\/plaine-des-cerfs-pano-1024x365-fd90e2c36371.jpg","contentUrl":"https:\/\/parcsaintecroix.com\/wp-content\/uploads\/2022\/09\/plaine-des-cerfs-pano-1024x365-fd90e2c36371.jpg"},{"@type":"BreadcrumbList","@id":"https:\/\/parcsaintecroix.com\/fr\/sejours-nature-sainte-croix-premier-parc-animalier-ecolabellise#breadcrumb","itemListElement":[{"@type":"ListItem","position":1,"name":"Accueil","item":"https:\/\/parcsaintecroix.com\/fr"},{"@type":"ListItem","position":2,"name":"S\u00e9jours nature : Sainte-Croix, premier Parc animalier \u00e9colabellis\u00e9"}]},{"@type":"WebSite","@id":"https:\/\/parcsaintecroix.com\/fr\/#website","url":"https:\/\/parcsaintecroix.com\/fr\/","name":"Parc de Saint Croix","description":"","publisher":{"@id":"https:\/\/parcsaintecroix.com\/fr\/#organization"},"inLanguage":"fr-FR"},{"@type":"Organization","@id":"https:\/\/parcsaintecroix.com\/fr\/#organization","name":"Parc de Saint Croix","url":"https:\/\/parcsaintecroix.com\/fr\/","logo":{"@type":"ImageObject","inLanguage":"fr-FR","@id":"https:\/\/parcsaintecroix.com\/fr\/#\/schema\/logo\/image\/","url":"https:\/\/parcsaintecroix.com\/wp-content\/uploads\/2022\/09\/SainteCroix-Favicon.png","contentUrl":"https:\/\/parcsaintecroix.com\/wp-content\/uploads\/2022\/09\/SainteCroix-Favicon.png","width":512,"height":512,"caption":"Parc de Saint Croix"},"image":{"@id":"https:\/\/parcsaintecroix.com\/fr\/#\/schema\/logo\/image\/"},"sameAs":["https:\/\/www.facebook.com\/LodgesSainteCroix\/","https:\/\/x.com\/parc_stecroix"]},{"@type":"Person","@id":"https:\/\/parcsaintecroix.com\/fr\/#\/schema\/person\/7266c807920faa3ee8868aa167294065","name":"accueil psc"}]}},"_links":{"self":[{"href":"https:\/\/parcsaintecroix.com\/fr\/wp-json\/wp\/v2\/posts\/24686","targetHints":{"allow":["GET"]}}],"collection":[{"href":"https:\/\/parcsaintecroix.com\/fr\/wp-json\/wp\/v2\/posts"}],"about":[{"href":"https:\/\/parcsaintecroix.com\/fr\/wp-json\/wp\/v2\/types\/post"}],"author":[{"embeddable":true,"href":"https:\/\/parcsaintecroix.com\/fr\/wp-json\/wp\/v2\/users\/9"}],"replies":[{"embeddable":true,"href":"https:\/\/parcsaintecroix.com\/fr\/wp-json\/wp\/v2\/comments?post=24686"}],"version-history":[{"count":5,"href":"https:\/\/parcsaintecroix.com\/fr\/wp-json\/wp\/v2\/posts\/24686\/revisions"}],"predecessor-version":[{"id":24699,"href":"https:\/\/parcsaintecroix.com\/fr\/wp-json\/wp\/v2\/posts\/24686\/revisions\/24699"}],"wp:attachment":[{"href":"https:\/\/parcsaintecroix.com\/fr\/wp-json\/wp\/v2\/media?parent=24686"}],"wp:term":[{"taxonomy":"category","embeddable":true,"href":"https:\/\/parcsaintecroix.com\/fr\/wp-json\/wp\/v2\/categories?post=24686"},{"taxonomy":"post_tag","embeddable":true,"href":"https:\/\/parcsaintecroix.com\/fr\/wp-json\/wp\/v2\/tags?post=24686"}],"curies":[{"name":"wp","href":"https:\/\/api.w.org\/{rel}","templated":true}]}}