{"id":24862,"date":"2023-05-01T11:37:11","date_gmt":"2023-05-01T09:37:11","guid":{"rendered":"https:\/\/parcsaintecroix.com\/?p=24862"},"modified":"2023-06-26T12:03:03","modified_gmt":"2023-06-26T10:03:03","slug":"soiree-inopinee-avec-michel-henault","status":"publish","type":"post","link":"https:\/\/parcsaintecroix.com\/fr\/soiree-inopinee-avec-michel-henault","title":{"rendered":"Soir\u00e9e inopin\u00e9e avec Michel Henault"},"content":{"rendered":"<section class=\"block-grid-wrapper block-grid-for-core-paragraph\">\n      <div class=\"default-editor-content grid-for-core-paragraph grid-container fluid fluid\">\n        <div class=\"grid-x grid-padding-x align-center\">\n          <div class=\"cell\">\n            \n<p>Samedi 10 juin, nous avons eu le plaisir d&rsquo;accueillir Michel H\u00e9nault, biologiste qu\u00e9b\u00e9cois pour une soir\u00e9e inopin\u00e9e dans le cadre de l\u2019ann\u00e9e du loup.<\/p>\n          <\/div>\n        <\/div>\n      <\/div>\n\n      <\/section>\n\n<section class=\"block-grid-wrapper block-grid-for-core-heading\">\n      <div class=\"default-editor-content grid-for-core-heading grid-container fluid fluid\">\n        <div class=\"grid-x grid-padding-x align-center\">\n          <div class=\"cell\">\n            \n<h3 class=\"wp-block-heading\"><strong>Une conf\u00e9rence \u00e0 la Grange aux Spectacles<\/strong><\/h3>\n          <\/div>\n        <\/div>\n      <\/div>\n\n      <\/section>\n\n<section class=\"block-grid-wrapper block-grid-for-core-paragraph\">\n      <div class=\"default-editor-content grid-for-core-paragraph grid-container fluid fluid\">\n        <div class=\"grid-x grid-padding-x align-center\">\n          <div class=\"cell\">\n            \n<p>Nous avons eu le privil\u00e8ge d&rsquo;entendre Michel H\u00e9nault nous \u00e9clairer sur la situation du loup au Qu\u00e9bec, ainsi que sur la cohabitation du coyote et de l&rsquo;ours noir avec l&rsquo;Homme. Ses connaissances approfondies nous ont permis d&rsquo;en apprendre davantage sur ces esp\u00e8ces et de mieux comprendre leur place dans notre \u00e9cosyst\u00e8me.<\/p>\n          <\/div>\n        <\/div>\n      <\/div>\n\n      <\/section>\n\n<section class=\"block-grid-wrapper block-grid-for-core-heading\">\n      <div class=\"default-editor-content grid-for-core-heading grid-container fluid fluid\">\n        <div class=\"grid-x grid-padding-x align-center\">\n          <div class=\"cell\">\n            \n<h3 class=\"wp-block-heading\"><strong>Une intervention sur le terrain avec les loups blancs<\/strong><\/h3>\n          <\/div>\n        <\/div>\n      <\/div>\n\n      <\/section>\n\n<section class=\"block-grid-wrapper block-grid-for-core-paragraph\">\n      <div class=\"default-editor-content grid-for-core-paragraph grid-container fluid fluid\">\n        <div class=\"grid-x grid-padding-x align-center\">\n          <div class=\"cell\">\n            \n<p>Notre directeur zoologique, Anthony Kohler, nous a guid\u00e9s \u00e0 travers la vie de cette nouvelle meute et nous avons \u00e9galement eu l&rsquo;occasion d&rsquo;\u00e9changer sur la situation des loups en France. Cette exp\u00e9rience nous a sensibilis\u00e9s \u00e0 l&rsquo;importance de pr\u00e9server ces animaux et leur habitat naturel.<\/p>\n          <\/div>\n        <\/div>\n      <\/div>\n\n      <\/section>\n\n<section class=\"block-grid-wrapper block-grid-for-core-heading\">\n      <div class=\"default-editor-content grid-for-core-heading grid-container fluid fluid\">\n        <div class=\"grid-x grid-padding-x align-center\">\n          <div class=\"cell\">\n            \n<h3 class=\"wp-block-heading\"><strong>Un repas convivial au restaurant La Fabrique<\/strong><\/h3>\n          <\/div>\n        <\/div>\n      <\/div>\n\n      <\/section>\n\n<section class=\"block-grid-wrapper block-grid-for-core-paragraph\">\n      <div class=\"default-editor-content grid-for-core-paragraph grid-container fluid fluid\">\n        <div class=\"grid-x grid-padding-x align-center\">\n          <div class=\"cell\">\n            \n<p>Nous avons cl\u00f4tur\u00e9 cette soir\u00e9e riche en d\u00e9couvertes par un barbecue qu\u00e9b\u00e9cois. Ce moment de partage nous a permis de prolonger les discussions passionnantes autour de la pr\u00e9servation de notre environnement.<\/p>\n          <\/div>\n        <\/div>\n      <\/div>\n\n      <\/section>\n\n<section class=\"block-grid-wrapper block-grid-for-core-image\">\n      <div class=\"default-editor-content grid-for-core-image grid-container fluid fluid\">\n        <div class=\"grid-x grid-padding-x align-center\">\n          <div class=\"cell\">\n            \n<figure class=\"wp-block-image aligncenter size-large is-resized\"><img loading=\"lazy\" decoding=\"async\" src=\"https:\/\/parcsaintecroix.com\/wp-content\/uploads\/2023\/06\/352519249_576920094626595_5109122559126972323_n.jpg\" alt=\"\" class=\"wp-image-24863\" width=\"469\" height=\"470\" srcset=\"https:\/\/parcsaintecroix.com\/wp-content\/uploads\/2023\/06\/352519249_576920094626595_5109122559126972323_n.jpg 659w, https:\/\/parcsaintecroix.com\/wp-content\/uploads\/2023\/06\/352519249_576920094626595_5109122559126972323_n-300x300-512c1e2135f8.jpg 300w, https:\/\/parcsaintecroix.com\/wp-content\/uploads\/2023\/06\/352519249_576920094626595_5109122559126972323_n-150x150-1247d8f4d458.jpg 150w, https:\/\/parcsaintecroix.com\/wp-content\/uploads\/2023\/06\/352519249_576920094626595_5109122559126972323_n-100x100-fab7673e88b9.jpg 100w, https:\/\/parcsaintecroix.com\/wp-content\/uploads\/2023\/06\/352519249_576920094626595_5109122559126972323_n-500x500-ad0950baee13.jpg 500w\" sizes=\"auto, (max-width: 469px) 100vw, 469px\" \/><figcaption>Michel Henault, biologiste qu\u00e9b\u00e9cois<\/figcaption><\/figure>\n          <\/div>\n        <\/div>\n      <\/div>\n\n      <\/section>\n\n<section class=\"block-grid-wrapper block-grid-for-core-paragraph\">\n      <div class=\"default-editor-content grid-for-core-paragraph grid-container fluid fluid\">\n        <div class=\"grid-x grid-padding-x align-center\">\n          <div class=\"cell\">\n            \n<p><\/p>\n          <\/div>\n        <\/div>\n      <\/div>\n\n      <\/section>\n\n<section class=\"block-grid-wrapper block-grid-for-core-paragraph\">\n      <div class=\"default-editor-content grid-for-core-paragraph grid-container fluid fluid\">\n        <div class=\"grid-x grid-padding-x align-center\">\n          <div class=\"cell\">\n            \n<p class=\"has-text-align-center\">Ce type d\u2019\u00e9v\u00e9nement refl\u00e8te parfaitement les valeurs de Sainte-Croix de reconnecter l\u2019homme et la Nature. Nous sommes fiers de pouvoir offrir \u00e0 nos visiteurs des exp\u00e9riences uniques qui favorisent l&rsquo;\u00e9ducation, la sensibilisation et le respect de notre biodiversit\u00e9. Nous tenons \u00e0 remercier chaleureusement Michel H\u00e9nault, Anthony Kohler et tous les participants qui ont contribu\u00e9 au succ\u00e8s de cette soir\u00e9e exceptionnelle. Ensemble, agissons pour la biodiversit\u00e9 et continuons \u00e0 \u0153uvrer pour la pr\u00e9servation de notre patrimoine naturel.<\/p>\n          <\/div>\n        <\/div>\n      <\/div>\n\n      <\/section>\n\n\n    <section  class=\"wp-block-acf-three-articles  block-index-10 section-content section-three-articles\"       itemprop=\"hasPart\" itemscope\n\n      <div class=\"grid-container full\">\n\n        <div class=\"grid-x title-wrapper\">\n\n          <div class=\"cell\">\n                          <h2 class=\"section-title\" itemprop=\"name heading\">En ce moment \u00e0 Sainte-Croix<\/h2>\n            \n                      <\/div>\n\n        <\/div>\n\n\n        <div class=\"grid-x listing-latest-news news-slider align-center\">\n          <article class=\"cell medium-6 large-4 js-article article-box flex-container flex-dir-column post-31005 post type-post status-publish format-standard has-post-thumbnail hentry category-animaux\"  itemscope itemtype=\"https:\/\/schema.org\/Article\" itemid=\"https:\/\/parcsaintecroix.com\/fr\/est-ce-que-grand-tetras-espece-menacee\" itemref=\"publisher\">\n      <meta itemprop=\"author\" content=\"Parc de Saint Croix\" \/>\n    <meta itemprop=\"image\" content=\"https:\/\/parcsaintecroix.com\/wp-content\/uploads\/2022\/09\/J_lavergne_2008-116-scaled.jpg\" \/>\n    <meta itemprop=\"datePublished\" content=\"2026-04-24T16:52:39+02:00\" \/>\n    <meta itemprop=\"dateModified\" content=\"2026-04-24T16:52:43+02:00\" \/>\n      <div class=\"news-content-wrapper\">\n          <a href=\"https:\/\/parcsaintecroix.com\/fr\/est-ce-que-grand-tetras-espece-menacee\" itemprop=\"url mainEntityOfPage\">\n        \n                  <span class=\"label-category\">Animaux<\/span>\n        \n        <figure>\n          <img decoding=\"async\"  data-fade-in loading=\"lazy\" src=\"data:image\/png;base64,R0lGODlhAQABAAD\/ACwAAAAAAQABAAACADs=\" data-lazy-interchange=\"[https:\/\/parcsaintecroix.com\/wp-content\/uploads\/2022\/09\/J_lavergne_2008-116-scaled-668x668-71ab615e0a86.jpg, small], [https:\/\/parcsaintecroix.com\/wp-content\/uploads\/2022\/09\/J_lavergne_2008-116-scaled-423x423-f5ddf0753daf.jpg, large], [https:\/\/parcsaintecroix.com\/wp-content\/uploads\/2022\/09\/J_lavergne_2008-116-scaled-800x800-b303cee25c1f.jpg, xlarge], [https:\/\/parcsaintecroix.com\/wp-content\/uploads\/2022\/09\/J_lavergne_2008-116-scaled-846x846-97851059a762.jpg, large_retina], [https:\/\/parcsaintecroix.com\/wp-content\/uploads\/2022\/09\/J_lavergne_2008-116-scaled-1600x1600-f1dbcba1895c.jpg, xlarge_retina]\" data-interchange-sizes=\"{&quot;small&quot;:{&quot;w&quot;:668,&quot;h&quot;:668},&quot;large&quot;:{&quot;w&quot;:423,&quot;h&quot;:423},&quot;xlarge&quot;:{&quot;w&quot;:800,&quot;h&quot;:800},&quot;large_retina&quot;:{&quot;w&quot;:846,&quot;h&quot;:846},&quot;xlarge_retina&quot;:{&quot;w&quot;:1600,&quot;h&quot;:1600}}\"  style=\";--aspect-ratio-small: 1;--aspect-ratio-large: 1;--aspect-ratio-xlarge: 1;--aspect-ratio-large_retina: 1;--aspect-ratio-xlarge_retina: 1\" data-has-aspect-ratio=\"true\" alt=\"Est ce que le Grand T\u00e9tras est une esp\u00e8ce menac\u00e9e ?\" itemprop=\"image\" data-fade-in \/>\n        <\/figure>\n\n              <\/a>\n      <\/div>\n\n  <div class=\"article-box-content flex-child-grow flex-container flex-dir-column\">\n    <header class=\"entry-header\">\n      <h2 class=\"entry-name\" itemprop=\"name headline\">\n        <a href=\"https:\/\/parcsaintecroix.com\/fr\/est-ce-que-grand-tetras-espece-menacee\">Est ce que le Grand T\u00e9tras est une esp\u00e8ce menac\u00e9e ?<\/a>\n      <\/h2>\n    <\/header>\n\n    <div class=\"entry-content\">\n      <p class=\"excerpt\">Oiseaux embl\u00e9matique, le&nbsp;Grand T\u00e9tras&nbsp;est un des plus menac\u00e9s d\u2019Europe. Symbole des for\u00eats de montagne, ce galliforme discret &#8230;<\/p>\n    <\/div>\n\n    <p class=\"entry-date\">\n      Publi\u00e9 le 24 avril 2026    <\/p>\n\n  <\/div>\n<\/article>\n\n<article class=\"cell medium-6 large-4 js-article article-box flex-container flex-dir-column post-40141 post type-post status-publish format-standard has-post-thumbnail hentry category-le-parc\"  itemscope itemtype=\"https:\/\/schema.org\/Article\" itemid=\"https:\/\/parcsaintecroix.com\/fr\/ce-printemps-vivez-un-sejour-famille-inoubliable-au-parc-de-sainte-croix\" itemref=\"publisher\">\n      <meta itemprop=\"author\" content=\"Parc de Saint Croix\" \/>\n    <meta itemprop=\"image\" content=\"https:\/\/parcsaintecroix.com\/wp-content\/uploads\/2025\/06\/ste-croix-2193-scaled.jpg\" \/>\n    <meta itemprop=\"datePublished\" content=\"2026-04-13T16:58:25+02:00\" \/>\n    <meta itemprop=\"dateModified\" content=\"2026-04-13T16:58:28+02:00\" \/>\n      <div class=\"news-content-wrapper\">\n          <a href=\"https:\/\/parcsaintecroix.com\/fr\/ce-printemps-vivez-un-sejour-famille-inoubliable-au-parc-de-sainte-croix\" itemprop=\"url mainEntityOfPage\">\n        \n                  <span class=\"label-category\">Le parc<\/span>\n        \n        <figure>\n          <img decoding=\"async\"  data-fade-in loading=\"lazy\" src=\"data:image\/png;base64,R0lGODlhAQABAAD\/ACwAAAAAAQABAAACADs=\" data-lazy-interchange=\"[https:\/\/parcsaintecroix.com\/wp-content\/uploads\/2025\/06\/ste-croix-2193-scaled-668x668-71ab615e0a86.jpg, small], [https:\/\/parcsaintecroix.com\/wp-content\/uploads\/2025\/06\/ste-croix-2193-scaled-423x423-f5ddf0753daf.jpg, large], [https:\/\/parcsaintecroix.com\/wp-content\/uploads\/2025\/06\/ste-croix-2193-scaled-800x800-b303cee25c1f.jpg, xlarge], [https:\/\/parcsaintecroix.com\/wp-content\/uploads\/2025\/06\/ste-croix-2193-scaled-846x846-97851059a762.jpg, large_retina], [https:\/\/parcsaintecroix.com\/wp-content\/uploads\/2025\/06\/ste-croix-2193-scaled-1600x1600-f1dbcba1895c.jpg, xlarge_retina]\" data-interchange-sizes=\"{&quot;small&quot;:{&quot;w&quot;:668,&quot;h&quot;:668},&quot;large&quot;:{&quot;w&quot;:423,&quot;h&quot;:423},&quot;xlarge&quot;:{&quot;w&quot;:800,&quot;h&quot;:800},&quot;large_retina&quot;:{&quot;w&quot;:846,&quot;h&quot;:846},&quot;xlarge_retina&quot;:{&quot;w&quot;:1600,&quot;h&quot;:1600}}\"  style=\";--aspect-ratio-small: 1;--aspect-ratio-large: 1;--aspect-ratio-xlarge: 1;--aspect-ratio-large_retina: 1;--aspect-ratio-xlarge_retina: 1\" data-has-aspect-ratio=\"true\" alt=\"Ce printemps, vivez un s\u00e9jour famille inoubliable au Parc de Sainte-Croix !\" itemprop=\"image\" data-fade-in \/>\n        <\/figure>\n\n              <\/a>\n      <\/div>\n\n  <div class=\"article-box-content flex-child-grow flex-container flex-dir-column\">\n    <header class=\"entry-header\">\n      <h2 class=\"entry-name\" itemprop=\"name headline\">\n        <a href=\"https:\/\/parcsaintecroix.com\/fr\/ce-printemps-vivez-un-sejour-famille-inoubliable-au-parc-de-sainte-croix\">Ce printemps, vivez un s\u00e9jour famille inoubliable au Parc de Sainte-Croix !<\/a>\n      <\/h2>\n    <\/header>\n\n    <div class=\"entry-content\">\n      <p class=\"excerpt\">Venez profiter de 3 jours de d\u00e9paysement total au c\u0153ur de la nature ! Vivez une exp\u00e9rience &#8230;<\/p>\n    <\/div>\n\n    <p class=\"entry-date\">\n      Publi\u00e9 le 13 avril 2026    <\/p>\n\n  <\/div>\n<\/article>\n\n<article class=\"cell medium-6 large-4 js-article article-box flex-container flex-dir-column post-40154 post type-post status-publish format-standard has-post-thumbnail hentry category-le-parc\"  itemscope itemtype=\"https:\/\/schema.org\/Article\" itemid=\"https:\/\/parcsaintecroix.com\/fr\/votre-sejour-nature-pour-sevader-du-quotidien\" itemref=\"publisher\">\n      <meta itemprop=\"author\" content=\"Parc de Saint Croix\" \/>\n    <meta itemprop=\"image\" content=\"https:\/\/parcsaintecroix.com\/wp-content\/uploads\/2022\/09\/plaine-des-cerfs-pano.jpg\" \/>\n    <meta itemprop=\"datePublished\" content=\"2026-04-02T17:25:39+02:00\" \/>\n    <meta itemprop=\"dateModified\" content=\"2026-04-02T17:25:44+02:00\" \/>\n      <div class=\"news-content-wrapper\">\n          <a href=\"https:\/\/parcsaintecroix.com\/fr\/votre-sejour-nature-pour-sevader-du-quotidien\" itemprop=\"url mainEntityOfPage\">\n        \n                  <span class=\"label-category\">Le parc<\/span>\n        \n        <figure>\n          <img decoding=\"async\"  data-fade-in loading=\"lazy\" src=\"data:image\/png;base64,R0lGODlhAQABAAD\/ACwAAAAAAQABAAACADs=\" data-lazy-interchange=\"[https:\/\/parcsaintecroix.com\/wp-content\/uploads\/2022\/09\/plaine-des-cerfs-pano-668x668-71ab615e0a86.jpg, small], [https:\/\/parcsaintecroix.com\/wp-content\/uploads\/2022\/09\/plaine-des-cerfs-pano-423x423-f5ddf0753daf.jpg, large], [https:\/\/parcsaintecroix.com\/wp-content\/uploads\/2022\/09\/plaine-des-cerfs-pano-800x800-b303cee25c1f.jpg, xlarge], [https:\/\/parcsaintecroix.com\/wp-content\/uploads\/2022\/09\/plaine-des-cerfs-pano-846x846-97851059a762.jpg, large_retina], [https:\/\/parcsaintecroix.com\/wp-content\/uploads\/2022\/09\/plaine-des-cerfs-pano-1366x1366-f1dbcba1895c.jpg, xlarge_retina]\" data-interchange-sizes=\"{&quot;small&quot;:{&quot;w&quot;:668,&quot;h&quot;:668},&quot;large&quot;:{&quot;w&quot;:423,&quot;h&quot;:423},&quot;xlarge&quot;:{&quot;w&quot;:800,&quot;h&quot;:800},&quot;large_retina&quot;:{&quot;w&quot;:846,&quot;h&quot;:846},&quot;xlarge_retina&quot;:{&quot;w&quot;:1366,&quot;h&quot;:1366}}\"  style=\";--aspect-ratio-small: 1;--aspect-ratio-large: 1;--aspect-ratio-xlarge: 1;--aspect-ratio-large_retina: 1;--aspect-ratio-xlarge_retina: 1\" data-has-aspect-ratio=\"true\" alt=\"Votre s\u00e9jour nature pour s&rsquo;\u00e9vader du quotidien\" itemprop=\"image\" data-fade-in \/>\n        <\/figure>\n\n              <\/a>\n      <\/div>\n\n  <div class=\"article-box-content flex-child-grow flex-container flex-dir-column\">\n    <header class=\"entry-header\">\n      <h2 class=\"entry-name\" itemprop=\"name headline\">\n        <a href=\"https:\/\/parcsaintecroix.com\/fr\/votre-sejour-nature-pour-sevader-du-quotidien\">Votre s\u00e9jour nature pour s&rsquo;\u00e9vader du quotidien<\/a>\n      <\/h2>\n    <\/header>\n\n    <div class=\"entry-content\">\n      <p class=\"excerpt\">Venez profiter de 3 jours de d\u00e9paysement total au Parc de Sainte-Croix ! Dormez face aux animaux &#8230;<\/p>\n    <\/div>\n\n    <p class=\"entry-date\">\n      Publi\u00e9 le 02 avril 2026    <\/p>\n\n  <\/div>\n<\/article>\n\n        <\/div>\n\n\n              <\/div>\n    <\/section>\n    ","protected":false},"excerpt":{"rendered":"<p>Samedi 10 juin, nous avons eu le plaisir d&rsquo;accueillir Michel H\u00e9nault, biologiste qu\u00e9b\u00e9cois pour une soir\u00e9e inopin\u00e9e dans le cadre de l\u2019ann\u00e9e du loup. Une conf\u00e9rence \u00e0 la Grange aux Spectacles Nous avons eu le privil\u00e8ge d&rsquo;entendre Michel H\u00e9nault nous \u00e9clairer sur la situation du loup au Qu\u00e9bec, ainsi que sur la cohabitation du coyote [&hellip;]<\/p>\n","protected":false},"author":9,"featured_media":24869,"comment_status":"closed","ping_status":"closed","sticky":false,"template":"","format":"standard","meta":{"_acf_changed":false,"_themeisle_gutenberg_block_has_review":false,"footnotes":""},"categories":[1],"tags":[],"class_list":["post-24862","post","type-post","status-publish","format-standard","has-post-thumbnail","hentry","category-evenement"],"acf":[],"yoast_head":"<!-- This site is optimized with the Yoast SEO plugin v27.3 - https:\/\/yoast.com\/product\/yoast-seo-wordpress\/ -->\n<title>Soir\u00e9e inopin\u00e9e avec Michel Henault | Parc Animalier Sainte-Croix<\/title>\n<meta name=\"robots\" content=\"index, follow, max-snippet:-1, max-image-preview:large, max-video-preview:-1\" \/>\n<link rel=\"canonical\" href=\"https:\/\/parcsaintecroix.com\/fr\/soiree-inopinee-avec-michel-henault\" \/>\n<meta property=\"og:locale\" content=\"fr_FR\" \/>\n<meta property=\"og:type\" content=\"article\" \/>\n<meta property=\"og:title\" content=\"Soir\u00e9e inopin\u00e9e avec Michel Henault | Parc Animalier Sainte-Croix\" \/>\n<meta property=\"og:description\" content=\"Samedi 10 juin, nous avons eu le plaisir d&rsquo;accueillir Michel H\u00e9nault, biologiste qu\u00e9b\u00e9cois pour une soir\u00e9e inopin\u00e9e dans le cadre de l\u2019ann\u00e9e du loup. Une conf\u00e9rence \u00e0 la Grange aux Spectacles Nous avons eu le privil\u00e8ge d&rsquo;entendre Michel H\u00e9nault nous \u00e9clairer sur la situation du loup au Qu\u00e9bec, ainsi que sur la cohabitation du coyote [&hellip;]\" \/>\n<meta property=\"og:url\" content=\"https:\/\/parcsaintecroix.com\/fr\/soiree-inopinee-avec-michel-henault\" \/>\n<meta property=\"og:site_name\" content=\"Parc de Saint Croix\" \/>\n<meta property=\"article:publisher\" content=\"https:\/\/www.facebook.com\/LodgesSainteCroix\/\" \/>\n<meta property=\"article:published_time\" content=\"2023-05-01T09:37:11+00:00\" \/>\n<meta property=\"article:modified_time\" content=\"2023-06-26T10:03:03+00:00\" \/>\n<meta property=\"og:image\" content=\"https:\/\/parcsaintecroix.com\/wp-content\/uploads\/2023\/06\/cp-morgane-bricard-126-scaled.jpg\" \/>\n\t<meta property=\"og:image:width\" content=\"2560\" \/>\n\t<meta property=\"og:image:height\" content=\"1707\" \/>\n\t<meta property=\"og:image:type\" content=\"image\/jpeg\" \/>\n<meta name=\"author\" content=\"accueil psc\" \/>\n<meta name=\"twitter:card\" content=\"summary_large_image\" \/>\n<meta name=\"twitter:creator\" content=\"@parc_stecroix\" \/>\n<meta name=\"twitter:site\" content=\"@parc_stecroix\" \/>\n<meta name=\"twitter:label1\" content=\"\u00c9crit par\" \/>\n\t<meta name=\"twitter:data1\" content=\"accueil psc\" \/>\n\t<meta name=\"twitter:label2\" content=\"Dur\u00e9e de lecture estim\u00e9e\" \/>\n\t<meta name=\"twitter:data2\" content=\"2 minutes\" \/>\n<script type=\"application\/ld+json\" class=\"yoast-schema-graph\">{\"@context\":\"https:\\\/\\\/schema.org\",\"@graph\":[{\"@type\":\"Article\",\"@id\":\"https:\\\/\\\/parcsaintecroix.com\\\/fr\\\/soiree-inopinee-avec-michel-henault#article\",\"isPartOf\":{\"@id\":\"https:\\\/\\\/parcsaintecroix.com\\\/fr\\\/soiree-inopinee-avec-michel-henault\"},\"author\":{\"name\":\"accueil psc\",\"@id\":\"https:\\\/\\\/parcsaintecroix.com\\\/fr\\\/#\\\/schema\\\/person\\\/7266c807920faa3ee8868aa167294065\"},\"headline\":\"Soir\u00e9e inopin\u00e9e avec Michel Henault\",\"datePublished\":\"2023-05-01T09:37:11+00:00\",\"dateModified\":\"2023-06-26T10:03:03+00:00\",\"mainEntityOfPage\":{\"@id\":\"https:\\\/\\\/parcsaintecroix.com\\\/fr\\\/soiree-inopinee-avec-michel-henault\"},\"wordCount\":297,\"publisher\":{\"@id\":\"https:\\\/\\\/parcsaintecroix.com\\\/fr\\\/#organization\"},\"image\":{\"@id\":\"https:\\\/\\\/parcsaintecroix.com\\\/fr\\\/soiree-inopinee-avec-michel-henault#primaryimage\"},\"thumbnailUrl\":\"https:\\\/\\\/parcsaintecroix.com\\\/wp-content\\\/uploads\\\/2023\\\/06\\\/cp-morgane-bricard-126-scaled.jpg\",\"articleSection\":[\"\u00c9v\u00e9nement\"],\"inLanguage\":\"fr-FR\"},{\"@type\":\"WebPage\",\"@id\":\"https:\\\/\\\/parcsaintecroix.com\\\/fr\\\/soiree-inopinee-avec-michel-henault\",\"url\":\"https:\\\/\\\/parcsaintecroix.com\\\/fr\\\/soiree-inopinee-avec-michel-henault\",\"name\":\"Soir\u00e9e inopin\u00e9e avec Michel Henault | Parc Animalier Sainte-Croix\",\"isPartOf\":{\"@id\":\"https:\\\/\\\/parcsaintecroix.com\\\/fr\\\/#website\"},\"primaryImageOfPage\":{\"@id\":\"https:\\\/\\\/parcsaintecroix.com\\\/fr\\\/soiree-inopinee-avec-michel-henault#primaryimage\"},\"image\":{\"@id\":\"https:\\\/\\\/parcsaintecroix.com\\\/fr\\\/soiree-inopinee-avec-michel-henault#primaryimage\"},\"thumbnailUrl\":\"https:\\\/\\\/parcsaintecroix.com\\\/wp-content\\\/uploads\\\/2023\\\/06\\\/cp-morgane-bricard-126-scaled.jpg\",\"datePublished\":\"2023-05-01T09:37:11+00:00\",\"dateModified\":\"2023-06-26T10:03:03+00:00\",\"breadcrumb\":{\"@id\":\"https:\\\/\\\/parcsaintecroix.com\\\/fr\\\/soiree-inopinee-avec-michel-henault#breadcrumb\"},\"inLanguage\":\"fr-FR\",\"potentialAction\":[{\"@type\":\"ReadAction\",\"target\":[\"https:\\\/\\\/parcsaintecroix.com\\\/fr\\\/soiree-inopinee-avec-michel-henault\"]}]},{\"@type\":\"ImageObject\",\"inLanguage\":\"fr-FR\",\"@id\":\"https:\\\/\\\/parcsaintecroix.com\\\/fr\\\/soiree-inopinee-avec-michel-henault#primaryimage\",\"url\":\"https:\\\/\\\/parcsaintecroix.com\\\/wp-content\\\/uploads\\\/2023\\\/06\\\/cp-morgane-bricard-126-scaled.jpg\",\"contentUrl\":\"https:\\\/\\\/parcsaintecroix.com\\\/wp-content\\\/uploads\\\/2023\\\/06\\\/cp-morgane-bricard-126-scaled.jpg\",\"width\":2560,\"height\":1707},{\"@type\":\"BreadcrumbList\",\"@id\":\"https:\\\/\\\/parcsaintecroix.com\\\/fr\\\/soiree-inopinee-avec-michel-henault#breadcrumb\",\"itemListElement\":[{\"@type\":\"ListItem\",\"position\":1,\"name\":\"Accueil\",\"item\":\"https:\\\/\\\/parcsaintecroix.com\\\/fr\"},{\"@type\":\"ListItem\",\"position\":2,\"name\":\"Soir\u00e9e inopin\u00e9e avec Michel Henault\"}]},{\"@type\":\"WebSite\",\"@id\":\"https:\\\/\\\/parcsaintecroix.com\\\/fr\\\/#website\",\"url\":\"https:\\\/\\\/parcsaintecroix.com\\\/fr\\\/\",\"name\":\"Parc de Saint Croix\",\"description\":\"\",\"publisher\":{\"@id\":\"https:\\\/\\\/parcsaintecroix.com\\\/fr\\\/#organization\"},\"inLanguage\":\"fr-FR\"},{\"@type\":\"Organization\",\"@id\":\"https:\\\/\\\/parcsaintecroix.com\\\/fr\\\/#organization\",\"name\":\"Parc de Saint Croix\",\"url\":\"https:\\\/\\\/parcsaintecroix.com\\\/fr\\\/\",\"logo\":{\"@type\":\"ImageObject\",\"inLanguage\":\"fr-FR\",\"@id\":\"https:\\\/\\\/parcsaintecroix.com\\\/fr\\\/#\\\/schema\\\/logo\\\/image\\\/\",\"url\":\"https:\\\/\\\/parcsaintecroix.com\\\/wp-content\\\/uploads\\\/2022\\\/09\\\/SainteCroix-Favicon.png\",\"contentUrl\":\"https:\\\/\\\/parcsaintecroix.com\\\/wp-content\\\/uploads\\\/2022\\\/09\\\/SainteCroix-Favicon.png\",\"width\":512,\"height\":512,\"caption\":\"Parc de Saint Croix\"},\"image\":{\"@id\":\"https:\\\/\\\/parcsaintecroix.com\\\/fr\\\/#\\\/schema\\\/logo\\\/image\\\/\"},\"sameAs\":[\"https:\\\/\\\/www.facebook.com\\\/LodgesSainteCroix\\\/\",\"https:\\\/\\\/x.com\\\/parc_stecroix\"]},{\"@type\":\"Person\",\"@id\":\"https:\\\/\\\/parcsaintecroix.com\\\/fr\\\/#\\\/schema\\\/person\\\/7266c807920faa3ee8868aa167294065\",\"name\":\"accueil psc\"}]}<\/script>\n<!-- \/ Yoast SEO plugin. -->","yoast_head_json":{"title":"Soir\u00e9e inopin\u00e9e avec Michel Henault | Parc Animalier Sainte-Croix","robots":{"index":"index","follow":"follow","max-snippet":"max-snippet:-1","max-image-preview":"max-image-preview:large","max-video-preview":"max-video-preview:-1"},"canonical":"https:\/\/parcsaintecroix.com\/fr\/soiree-inopinee-avec-michel-henault","og_locale":"fr_FR","og_type":"article","og_title":"Soir\u00e9e inopin\u00e9e avec Michel Henault | Parc Animalier Sainte-Croix","og_description":"Samedi 10 juin, nous avons eu le plaisir d&rsquo;accueillir Michel H\u00e9nault, biologiste qu\u00e9b\u00e9cois pour une soir\u00e9e inopin\u00e9e dans le cadre de l\u2019ann\u00e9e du loup. Une conf\u00e9rence \u00e0 la Grange aux Spectacles Nous avons eu le privil\u00e8ge d&rsquo;entendre Michel H\u00e9nault nous \u00e9clairer sur la situation du loup au Qu\u00e9bec, ainsi que sur la cohabitation du coyote [&hellip;]","og_url":"https:\/\/parcsaintecroix.com\/fr\/soiree-inopinee-avec-michel-henault","og_site_name":"Parc de Saint Croix","article_publisher":"https:\/\/www.facebook.com\/LodgesSainteCroix\/","article_published_time":"2023-05-01T09:37:11+00:00","article_modified_time":"2023-06-26T10:03:03+00:00","og_image":[{"width":2560,"height":1707,"url":"https:\/\/parcsaintecroix.com\/wp-content\/uploads\/2023\/06\/cp-morgane-bricard-126-scaled.jpg","type":"image\/jpeg"}],"author":"accueil psc","twitter_card":"summary_large_image","twitter_creator":"@parc_stecroix","twitter_site":"@parc_stecroix","twitter_misc":{"\u00c9crit par":"accueil psc","Dur\u00e9e de lecture estim\u00e9e":"2 minutes"},"schema":{"@context":"https:\/\/schema.org","@graph":[{"@type":"Article","@id":"https:\/\/parcsaintecroix.com\/fr\/soiree-inopinee-avec-michel-henault#article","isPartOf":{"@id":"https:\/\/parcsaintecroix.com\/fr\/soiree-inopinee-avec-michel-henault"},"author":{"name":"accueil psc","@id":"https:\/\/parcsaintecroix.com\/fr\/#\/schema\/person\/7266c807920faa3ee8868aa167294065"},"headline":"Soir\u00e9e inopin\u00e9e avec Michel Henault","datePublished":"2023-05-01T09:37:11+00:00","dateModified":"2023-06-26T10:03:03+00:00","mainEntityOfPage":{"@id":"https:\/\/parcsaintecroix.com\/fr\/soiree-inopinee-avec-michel-henault"},"wordCount":297,"publisher":{"@id":"https:\/\/parcsaintecroix.com\/fr\/#organization"},"image":{"@id":"https:\/\/parcsaintecroix.com\/fr\/soiree-inopinee-avec-michel-henault#primaryimage"},"thumbnailUrl":"https:\/\/parcsaintecroix.com\/wp-content\/uploads\/2023\/06\/cp-morgane-bricard-126-scaled.jpg","articleSection":["\u00c9v\u00e9nement"],"inLanguage":"fr-FR"},{"@type":"WebPage","@id":"https:\/\/parcsaintecroix.com\/fr\/soiree-inopinee-avec-michel-henault","url":"https:\/\/parcsaintecroix.com\/fr\/soiree-inopinee-avec-michel-henault","name":"Soir\u00e9e inopin\u00e9e avec Michel Henault | Parc Animalier Sainte-Croix","isPartOf":{"@id":"https:\/\/parcsaintecroix.com\/fr\/#website"},"primaryImageOfPage":{"@id":"https:\/\/parcsaintecroix.com\/fr\/soiree-inopinee-avec-michel-henault#primaryimage"},"image":{"@id":"https:\/\/parcsaintecroix.com\/fr\/soiree-inopinee-avec-michel-henault#primaryimage"},"thumbnailUrl":"https:\/\/parcsaintecroix.com\/wp-content\/uploads\/2023\/06\/cp-morgane-bricard-126-scaled.jpg","datePublished":"2023-05-01T09:37:11+00:00","dateModified":"2023-06-26T10:03:03+00:00","breadcrumb":{"@id":"https:\/\/parcsaintecroix.com\/fr\/soiree-inopinee-avec-michel-henault#breadcrumb"},"inLanguage":"fr-FR","potentialAction":[{"@type":"ReadAction","target":["https:\/\/parcsaintecroix.com\/fr\/soiree-inopinee-avec-michel-henault"]}]},{"@type":"ImageObject","inLanguage":"fr-FR","@id":"https:\/\/parcsaintecroix.com\/fr\/soiree-inopinee-avec-michel-henault#primaryimage","url":"https:\/\/parcsaintecroix.com\/wp-content\/uploads\/2023\/06\/cp-morgane-bricard-126-scaled.jpg","contentUrl":"https:\/\/parcsaintecroix.com\/wp-content\/uploads\/2023\/06\/cp-morgane-bricard-126-scaled.jpg","width":2560,"height":1707},{"@type":"BreadcrumbList","@id":"https:\/\/parcsaintecroix.com\/fr\/soiree-inopinee-avec-michel-henault#breadcrumb","itemListElement":[{"@type":"ListItem","position":1,"name":"Accueil","item":"https:\/\/parcsaintecroix.com\/fr"},{"@type":"ListItem","position":2,"name":"Soir\u00e9e inopin\u00e9e avec Michel Henault"}]},{"@type":"WebSite","@id":"https:\/\/parcsaintecroix.com\/fr\/#website","url":"https:\/\/parcsaintecroix.com\/fr\/","name":"Parc de Saint Croix","description":"","publisher":{"@id":"https:\/\/parcsaintecroix.com\/fr\/#organization"},"inLanguage":"fr-FR"},{"@type":"Organization","@id":"https:\/\/parcsaintecroix.com\/fr\/#organization","name":"Parc de Saint Croix","url":"https:\/\/parcsaintecroix.com\/fr\/","logo":{"@type":"ImageObject","inLanguage":"fr-FR","@id":"https:\/\/parcsaintecroix.com\/fr\/#\/schema\/logo\/image\/","url":"https:\/\/parcsaintecroix.com\/wp-content\/uploads\/2022\/09\/SainteCroix-Favicon.png","contentUrl":"https:\/\/parcsaintecroix.com\/wp-content\/uploads\/2022\/09\/SainteCroix-Favicon.png","width":512,"height":512,"caption":"Parc de Saint Croix"},"image":{"@id":"https:\/\/parcsaintecroix.com\/fr\/#\/schema\/logo\/image\/"},"sameAs":["https:\/\/www.facebook.com\/LodgesSainteCroix\/","https:\/\/x.com\/parc_stecroix"]},{"@type":"Person","@id":"https:\/\/parcsaintecroix.com\/fr\/#\/schema\/person\/7266c807920faa3ee8868aa167294065","name":"accueil psc"}]}},"_links":{"self":[{"href":"https:\/\/parcsaintecroix.com\/fr\/wp-json\/wp\/v2\/posts\/24862","targetHints":{"allow":["GET"]}}],"collection":[{"href":"https:\/\/parcsaintecroix.com\/fr\/wp-json\/wp\/v2\/posts"}],"about":[{"href":"https:\/\/parcsaintecroix.com\/fr\/wp-json\/wp\/v2\/types\/post"}],"author":[{"embeddable":true,"href":"https:\/\/parcsaintecroix.com\/fr\/wp-json\/wp\/v2\/users\/9"}],"replies":[{"embeddable":true,"href":"https:\/\/parcsaintecroix.com\/fr\/wp-json\/wp\/v2\/comments?post=24862"}],"version-history":[{"count":6,"href":"https:\/\/parcsaintecroix.com\/fr\/wp-json\/wp\/v2\/posts\/24862\/revisions"}],"predecessor-version":[{"id":24885,"href":"https:\/\/parcsaintecroix.com\/fr\/wp-json\/wp\/v2\/posts\/24862\/revisions\/24885"}],"wp:featuredmedia":[{"embeddable":true,"href":"https:\/\/parcsaintecroix.com\/fr\/wp-json\/wp\/v2\/media\/24869"}],"wp:attachment":[{"href":"https:\/\/parcsaintecroix.com\/fr\/wp-json\/wp\/v2\/media?parent=24862"}],"wp:term":[{"taxonomy":"category","embeddable":true,"href":"https:\/\/parcsaintecroix.com\/fr\/wp-json\/wp\/v2\/categories?post=24862"},{"taxonomy":"post_tag","embeddable":true,"href":"https:\/\/parcsaintecroix.com\/fr\/wp-json\/wp\/v2\/tags?post=24862"}],"curies":[{"name":"wp","href":"https:\/\/api.w.org\/{rel}","templated":true}]}}