{"id":25571,"date":"2026-04-30T20:24:44","date_gmt":"2026-04-30T18:24:44","guid":{"rendered":"https:\/\/parcsaintecroix.com\/?p=25571"},"modified":"2026-04-30T20:24:47","modified_gmt":"2026-04-30T18:24:47","slug":"reintroduction-de-chouettes-de-loural-en-baviere","status":"publish","type":"post","link":"https:\/\/parcsaintecroix.com\/fr\/reintroduction-de-chouettes-de-loural-en-baviere","title":{"rendered":"R\u00e9introduction de Chouettes de l\u2019Oural en Bavi\u00e8re"},"content":{"rendered":"<section class=\"block-grid-wrapper block-grid-for-core-paragraph\">\n      <div class=\"default-editor-content grid-for-core-paragraph grid-container fluid fluid\">\n        <div class=\"grid-x grid-padding-x align-center\">\n          <div class=\"cell\">\n            \n<p class=\"has-text-align-center\"><\/p>\n          <\/div>\n        <\/div>\n      <\/div>\n\n      <\/section>\n\n<section class=\"block-grid-wrapper block-grid-for-core-heading\">\n      <div class=\"default-editor-content grid-for-core-heading grid-container fluid fluid\">\n        <div class=\"grid-x grid-padding-x align-center\">\n          <div class=\"cell\">\n            \n<h2 class=\"wp-block-heading\"><strong>Qui est la Chouette de l\u2019Oural ?<\/strong><\/h2>\n          <\/div>\n        <\/div>\n      <\/div>\n\n      <\/section>\n\n<section  class=\"wp-block-acf-text-image-v2  block-index-9 section-content section-text-image-v2\"   itemprop=\"hasPart\" itemscope itemtype=\"https:\/\/schema.org\/WebPageElement\">\n  <div class=\"grid-container full\">\n    <div class=\"grid-x grid-padding-x align-middle\">\n      <div class=\"cell medium-6 cell-image medium-order-1\">\n                  <figure>\n            <picture><source srcset=\"data:image\/svg+xml;base64,PHN2ZyB4bWxucz0naHR0cDovL3d3dy53My5vcmcvMjAwMC9zdmcnIHk9JzAnIHg9JzAnIHdpZHRoPScxMzY2JyBoZWlnaHQ9Jzc2OScgdmlld0JveD0nMCAwIDEzNjYgNzY5Jz48L3N2Zz4=\" data-srcset=\"https:\/\/parcsaintecroix.com\/wp-content\/uploads\/2025\/01\/chouette-1366x769-bd0c36cdcd66.jpg\" media=\"(min-width: 75rem) and (min-resolution: 192dpi), (min-width: 75rem) and (-webkit-min-device-pixel-ratio: 2)\"><source srcset=\"data:image\/svg+xml;base64,PHN2ZyB4bWxucz0naHR0cDovL3d3dy53My5vcmcvMjAwMC9zdmcnIHk9JzAnIHg9JzAnIHdpZHRoPScxMzQ4JyBoZWlnaHQ9JzgwMCcgdmlld0JveD0nMCAwIDEzNDggODAwJz48L3N2Zz4=\" data-srcset=\"https:\/\/parcsaintecroix.com\/wp-content\/uploads\/2025\/01\/chouette-1348x800-7ede2b98e9ec.jpg\" media=\"(min-width: 64rem) and (min-resolution: 192dpi), (min-width: 64rem) and (-webkit-min-device-pixel-ratio: 2)\"><source srcset=\"data:image\/svg+xml;base64,PHN2ZyB4bWxucz0naHR0cDovL3d3dy53My5vcmcvMjAwMC9zdmcnIHk9JzAnIHg9JzAnIHdpZHRoPScxMzY2JyBoZWlnaHQ9JzY2Nycgdmlld0JveD0nMCAwIDEzNjYgNjY3Jz48L3N2Zz4=\" data-srcset=\"https:\/\/parcsaintecroix.com\/wp-content\/uploads\/2025\/01\/chouette-1366x667-bb7ec63851c5.jpg\" media=\"(min-width: 48rem) and (min-resolution: 192dpi), (min-width: 48rem) and (-webkit-min-device-pixel-ratio: 2)\"><source srcset=\"data:image\/svg+xml;base64,PHN2ZyB4bWxucz0naHR0cDovL3d3dy53My5vcmcvMjAwMC9zdmcnIHk9JzAnIHg9JzAnIHdpZHRoPSc3NTAnIGhlaWdodD0nNDQ0JyB2aWV3Qm94PScwIDAgNzUwIDQ0NCc+PC9zdmc+\" data-srcset=\"https:\/\/parcsaintecroix.com\/wp-content\/uploads\/2025\/01\/chouette-750x444-09dfa22551d8.jpg\" media=\"(min-resolution: 192dpi), (-webkit-min-device-pixel-ratio: 2)\"><source srcset=\"data:image\/svg+xml;base64,PHN2ZyB4bWxucz0naHR0cDovL3d3dy53My5vcmcvMjAwMC9zdmcnIHk9JzAnIHg9JzAnIHdpZHRoPScxMzY2JyBoZWlnaHQ9Jzc2OScgdmlld0JveD0nMCAwIDEzNjYgNzY5Jz48L3N2Zz4=\" data-srcset=\"https:\/\/parcsaintecroix.com\/wp-content\/uploads\/2025\/01\/chouette-1366x769-3a6a75d42fb4.jpg\" media=\"(min-width: 75rem)\"><source srcset=\"data:image\/svg+xml;base64,PHN2ZyB4bWxucz0naHR0cDovL3d3dy53My5vcmcvMjAwMC9zdmcnIHk9JzAnIHg9JzAnIHdpZHRoPSc2NzQnIGhlaWdodD0nNDAwJyB2aWV3Qm94PScwIDAgNjc0IDQwMCc+PC9zdmc+\" data-srcset=\"https:\/\/parcsaintecroix.com\/wp-content\/uploads\/2025\/01\/chouette-674x400-c3cd2f7e06f5.jpg\" media=\"(min-width: 64rem)\"><source srcset=\"data:image\/svg+xml;base64,PHN2ZyB4bWxucz0naHR0cDovL3d3dy53My5vcmcvMjAwMC9zdmcnIHk9JzAnIHg9JzAnIHdpZHRoPScxMDIzJyBoZWlnaHQ9JzUwMCcgdmlld0JveD0nMCAwIDEwMjMgNTAwJz48L3N2Zz4=\" data-srcset=\"https:\/\/parcsaintecroix.com\/wp-content\/uploads\/2025\/01\/chouette-1023x500-39c01c9212ae.jpg\" media=\"(min-width: 48rem)\"><img loading=\"lazy\" decoding=\"async\" src=\"data:image\/svg+xml;base64,PHN2ZyB4bWxucz0naHR0cDovL3d3dy53My5vcmcvMjAwMC9zdmcnIHk9JzAnIHg9JzAnIHdpZHRoPSczNzUnIGhlaWdodD0nMjIyJyB2aWV3Qm94PScwIDAgMzc1IDIyMic+PC9zdmc+\"  width=\"375\" height=\"222\" data-fade-in data-lazy-img data-src=\"https:\/\/parcsaintecroix.com\/wp-content\/uploads\/2025\/01\/chouette-375x222-d2fc0a4f0947.jpg\" alt=\"\" style=\";--aspect-ratio-small: 1.6891891891892;--aspect-ratio-medium: 2.046;--aspect-ratio-large: 1.685;--aspect-ratio-xlarge: 1.7777777777778;--aspect-ratio-retina: 1.6891891891892;--aspect-ratio-medium_retina: 2.046;--aspect-ratio-large_retina: 1.685;--aspect-ratio-xlarge_retina: 1.7777777777778\" data-has-aspect-ratio=\"true\" \/><\/picture>          <\/figure>\n              <\/div>\n\n      <div class=\"cell medium-6 inner-blocks medium-order-2\">\n        <div class=\"text-wrapper\">\n          \n          \n\n<p>La <a href=\"https:\/\/parcsaintecroix.com\/fr\/animaux\/chouette-de-loural\"><strong>Chouette de l\u2019Oural<\/strong> <\/a>(<em>Strix uralensis<\/em>) est un grand rapace nocturne des for\u00eats temp\u00e9r\u00e9es.<\/p>\n\n\n\n<p>Elle se reconna\u00eet \u00e0 :<\/p>\n\n\n\n<ul class=\"wp-block-list\">\n<li>sa silhouette \u00e9lanc\u00e9e,<\/li>\n\n\n\n<li>son regard sombre et profond,<\/li>\n\n\n\n<li>son vol silencieux dans les sous-bois.<\/li>\n<\/ul>\n\n\n\n<p>Elle vit principalement dans des <strong>for\u00eats anciennes<\/strong>, riches en arbres \u00e0 cavit\u00e9s et en proies comme les petits rongeurs.<\/p>\n\n        <\/div>\n      <\/div>\n    <\/div>\n  <\/div>\n<\/section>\n\n\n<section class=\"block-grid-wrapper block-grid-for-core-heading\">\n      <div class=\"default-editor-content grid-for-core-heading grid-container fluid fluid\">\n        <div class=\"grid-x grid-padding-x align-center\">\n          <div class=\"cell\">\n            \n<h2 class=\"wp-block-heading\"><strong>Le retour de la Chouette de l\u2019Oural en Europe<\/strong><\/h2>\n          <\/div>\n        <\/div>\n      <\/div>\n\n      <\/section>\n\n<section class=\"block-grid-wrapper block-grid-for-core-heading\">\n      <div class=\"default-editor-content grid-for-core-heading grid-container fluid fluid\">\n        <div class=\"grid-x grid-padding-x align-center\">\n          <div class=\"cell\">\n            \n<h3 class=\"wp-block-heading\"><strong>Pourquoi la Chouette de l\u2019Oural a-t-elle disparu en Europe centrale ?<\/strong><\/h3>\n          <\/div>\n        <\/div>\n      <\/div>\n\n      <\/section>\n\n<section class=\"block-grid-wrapper block-grid-for-core-paragraph\">\n      <div class=\"default-editor-content grid-for-core-paragraph grid-container fluid fluid\">\n        <div class=\"grid-x grid-padding-x align-center\">\n          <div class=\"cell\">\n            \n<p>Les principales causes de cette extinction est d\u00fb \u00e0 :<\/p>\n          <\/div>\n        <\/div>\n      <\/div>\n\n      <\/section>\n\n<section class=\"block-grid-wrapper block-grid-for-core-paragraph\">\n      <div class=\"default-editor-content grid-for-core-paragraph grid-container fluid fluid\">\n        <div class=\"grid-x grid-padding-x align-center\">\n          <div class=\"cell\">\n            \n<p>Autrefois elle etait pr\u00e9sente en Bavi\u00e8re, en Boh\u00eame ou encore dans certaines r\u00e9gions d\u2019Europe centrale mais depuis le XX\u00e8me si\u00e8cles, la Chouette de l\u2019Oural a pratiquement disparu.<\/p>\n          <\/div>\n        <\/div>\n      <\/div>\n\n      <\/section>\n\n<section class=\"block-grid-wrapper block-grid-for-core-list\">\n      <div class=\"default-editor-content grid-for-core-list grid-container fluid fluid\">\n        <div class=\"grid-x grid-padding-x align-center\">\n          <div class=\"cell\">\n            \n<ul class=\"wp-block-list\">\n<li>l&rsquo;exploitation intensive des for\u00eats<\/li>\n\n\n\n<li>la disparition des vieux arbres percheur<\/li>\n\n\n\n<li>les pressions humaines qui ont un fort impact sur l&rsquo;esp\u00e8ce<\/li>\n<\/ul>\n          <\/div>\n        <\/div>\n      <\/div>\n\n      <\/section>\n\n<section class=\"block-grid-wrapper block-grid-for-core-heading\">\n      <div class=\"default-editor-content grid-for-core-heading grid-container fluid fluid\">\n        <div class=\"grid-x grid-padding-x align-center\">\n          <div class=\"cell\">\n            \n<h3 class=\"wp-block-heading\"><strong>Et maintenant ? <\/strong><\/h3>\n          <\/div>\n        <\/div>\n      <\/div>\n\n      <\/section>\n\n<section class=\"block-grid-wrapper block-grid-for-core-paragraph\">\n      <div class=\"default-editor-content grid-for-core-paragraph grid-container fluid fluid\">\n        <div class=\"grid-x grid-padding-x align-center\">\n          <div class=\"cell\">\n            \n<p>Depuis les ann\u00e9es 2000, des programmes de r\u00e9introduction ont permis de relancer l\u2019esp\u00e8ce<\/p>\n          <\/div>\n        <\/div>\n      <\/div>\n\n      <\/section>\n\n\n<section  class=\"wp-block-acf-general-internal-linking  block-index-20 section-content section-internal-linking\"  itemprop=\"hasPart\" itemscope itemtype=\"https:\/\/schema.org\/WebPageElement\">\n  <div class=\"grid-container full\">\n    <div class=\"grid-x grid-padding-x\">\n      <div class=\"cell text-center\">\n              <\/div>\n    <\/div>\n\n          <div class=\"grid-x internal-linking-wrapper align-center\">\n                  <div class=\"cell medium-6 large-4 cell-colored text-center\"  style=\"--bg-color: #55775e;\" >\n            <div class=\"wrapper\">\n                                <figure>\n                    <picture><source srcset=\"data:image\/svg+xml;base64,PHN2ZyB4bWxucz0naHR0cDovL3d3dy53My5vcmcvMjAwMC9zdmcnIHk9JzAnIHg9JzAnIHdpZHRoPSc4NDQnIGhlaWdodD0nNDgyJyB2aWV3Qm94PScwIDAgODQ0IDQ4Mic+PC9zdmc+\" data-srcset=\"https:\/\/parcsaintecroix.com\/wp-content\/uploads\/2025\/05\/CP-Carla-Datola-1-1-844x482-2cd2f400a2ce.jpg\" media=\"(min-width: 64rem) and (min-resolution: 192dpi), (min-width: 64rem) and (-webkit-min-device-pixel-ratio: 2)\"><source srcset=\"data:image\/svg+xml;base64,PHN2ZyB4bWxucz0naHR0cDovL3d3dy53My5vcmcvMjAwMC9zdmcnIHk9JzAnIHg9JzAnIHdpZHRoPSc0MjgnIGhlaWdodD0nMzYwJyB2aWV3Qm94PScwIDAgNDI4IDM2MCc+PC9zdmc+\" data-srcset=\"https:\/\/parcsaintecroix.com\/wp-content\/uploads\/2025\/05\/CP-Carla-Datola-1-1-428x360-a6b75eaa16c5.jpg\" media=\"(min-width: 48rem) and (min-resolution: 192dpi), (min-width: 48rem) and (-webkit-min-device-pixel-ratio: 2)\"><source srcset=\"data:image\/svg+xml;base64,PHN2ZyB4bWxucz0naHR0cDovL3d3dy53My5vcmcvMjAwMC9zdmcnIHk9JzAnIHg9JzAnIHdpZHRoPSc2NzInIGhlaWdodD0nMzgwJyB2aWV3Qm94PScwIDAgNjcyIDM4MCc+PC9zdmc+\" data-srcset=\"https:\/\/parcsaintecroix.com\/wp-content\/uploads\/2025\/05\/CP-Carla-Datola-1-1-672x380-6a3712c35a52.jpg\" media=\"(min-resolution: 192dpi), (-webkit-min-device-pixel-ratio: 2)\"><source srcset=\"data:image\/svg+xml;base64,PHN2ZyB4bWxucz0naHR0cDovL3d3dy53My5vcmcvMjAwMC9zdmcnIHk9JzAnIHg9JzAnIHdpZHRoPSc0MjInIGhlaWdodD0nMjQxJyB2aWV3Qm94PScwIDAgNDIyIDI0MSc+PC9zdmc+\" data-srcset=\"https:\/\/parcsaintecroix.com\/wp-content\/uploads\/2025\/05\/CP-Carla-Datola-1-1-422x241-d9c38540e3e0.jpg\" media=\"(min-width: 64rem)\"><source srcset=\"data:image\/svg+xml;base64,PHN2ZyB4bWxucz0naHR0cDovL3d3dy53My5vcmcvMjAwMC9zdmcnIHk9JzAnIHg9JzAnIHdpZHRoPScyMTQnIGhlaWdodD0nMTgwJyB2aWV3Qm94PScwIDAgMjE0IDE4MCc+PC9zdmc+\" data-srcset=\"https:\/\/parcsaintecroix.com\/wp-content\/uploads\/2025\/05\/CP-Carla-Datola-1-1-214x180-e8f49b86c123.jpg\" media=\"(min-width: 48rem)\"><img loading=\"lazy\" decoding=\"async\" src=\"data:image\/svg+xml;base64,PHN2ZyB4bWxucz0naHR0cDovL3d3dy53My5vcmcvMjAwMC9zdmcnIHk9JzAnIHg9JzAnIHdpZHRoPSczMzYnIGhlaWdodD0nMTkwJyB2aWV3Qm94PScwIDAgMzM2IDE5MCc+PC9zdmc+\"  width=\"336\" height=\"190\" data-fade-in data-lazy-img data-src=\"https:\/\/parcsaintecroix.com\/wp-content\/uploads\/2025\/05\/CP-Carla-Datola-1-1-336x190-3bbe5c31bbe7.jpg\" alt=\"\" style=\";--aspect-ratio-small: 1.7684210526316;--aspect-ratio-medium: 1.1888888888889;--aspect-ratio-large: 1.7510373443983;--aspect-ratio-retina: 1.7684210526316;--aspect-ratio-medium_retina: 1.1888888888889;--aspect-ratio-large_retina: 1.7510373443983\" data-has-aspect-ratio=\"true\" \/><\/picture>                  <\/figure>\n                \n              <div class=\"text-wrapper\">\n                                  <h3 class=\"title\" itemprop=\"name\">En Autriche : un programme exemplaire<\/h3>\n                \n                                  <p class=\"descr\" itemprop=\"description\">On parle de plus de 560 chouettes rel\u00e2ch\u00e9es, des reproductions naturelles confirm\u00e9es et d&rsquo;installation de territoires durables.<\/p>\n                \n                              <\/div>\n            <\/div>\n          <\/div>\n\n                  <div class=\"cell medium-6 large-4 cell-colored text-center\"  style=\"--bg-color: #55775e;\" >\n            <div class=\"wrapper\">\n                                <figure>\n                    <picture><source srcset=\"data:image\/svg+xml;base64,PHN2ZyB4bWxucz0naHR0cDovL3d3dy53My5vcmcvMjAwMC9zdmcnIHk9JzAnIHg9JzAnIHdpZHRoPSc4NDQnIGhlaWdodD0nNDgyJyB2aWV3Qm94PScwIDAgODQ0IDQ4Mic+PC9zdmc+\" data-srcset=\"https:\/\/parcsaintecroix.com\/wp-content\/uploads\/2023\/08\/chouette-de-loural-cp-vlab-2-844x482-2cd2f400a2ce.jpg\" media=\"(min-width: 64rem) and (min-resolution: 192dpi), (min-width: 64rem) and (-webkit-min-device-pixel-ratio: 2)\"><source srcset=\"data:image\/svg+xml;base64,PHN2ZyB4bWxucz0naHR0cDovL3d3dy53My5vcmcvMjAwMC9zdmcnIHk9JzAnIHg9JzAnIHdpZHRoPSc0MjgnIGhlaWdodD0nMzYwJyB2aWV3Qm94PScwIDAgNDI4IDM2MCc+PC9zdmc+\" data-srcset=\"https:\/\/parcsaintecroix.com\/wp-content\/uploads\/2023\/08\/chouette-de-loural-cp-vlab-2-428x360-a6b75eaa16c5.jpg\" media=\"(min-width: 48rem) and (min-resolution: 192dpi), (min-width: 48rem) and (-webkit-min-device-pixel-ratio: 2)\"><source srcset=\"data:image\/svg+xml;base64,PHN2ZyB4bWxucz0naHR0cDovL3d3dy53My5vcmcvMjAwMC9zdmcnIHk9JzAnIHg9JzAnIHdpZHRoPSc2NzInIGhlaWdodD0nMzgwJyB2aWV3Qm94PScwIDAgNjcyIDM4MCc+PC9zdmc+\" data-srcset=\"https:\/\/parcsaintecroix.com\/wp-content\/uploads\/2023\/08\/chouette-de-loural-cp-vlab-2-672x380-6a3712c35a52.jpg\" media=\"(min-resolution: 192dpi), (-webkit-min-device-pixel-ratio: 2)\"><source srcset=\"data:image\/svg+xml;base64,PHN2ZyB4bWxucz0naHR0cDovL3d3dy53My5vcmcvMjAwMC9zdmcnIHk9JzAnIHg9JzAnIHdpZHRoPSc0MjInIGhlaWdodD0nMjQxJyB2aWV3Qm94PScwIDAgNDIyIDI0MSc+PC9zdmc+\" data-srcset=\"https:\/\/parcsaintecroix.com\/wp-content\/uploads\/2023\/08\/chouette-de-loural-cp-vlab-2-422x241-d9c38540e3e0.jpg\" media=\"(min-width: 64rem)\"><source srcset=\"data:image\/svg+xml;base64,PHN2ZyB4bWxucz0naHR0cDovL3d3dy53My5vcmcvMjAwMC9zdmcnIHk9JzAnIHg9JzAnIHdpZHRoPScyMTQnIGhlaWdodD0nMTgwJyB2aWV3Qm94PScwIDAgMjE0IDE4MCc+PC9zdmc+\" data-srcset=\"https:\/\/parcsaintecroix.com\/wp-content\/uploads\/2023\/08\/chouette-de-loural-cp-vlab-2-214x180-e8f49b86c123.jpg\" media=\"(min-width: 48rem)\"><img loading=\"lazy\" decoding=\"async\" src=\"data:image\/svg+xml;base64,PHN2ZyB4bWxucz0naHR0cDovL3d3dy53My5vcmcvMjAwMC9zdmcnIHk9JzAnIHg9JzAnIHdpZHRoPSczMzYnIGhlaWdodD0nMTkwJyB2aWV3Qm94PScwIDAgMzM2IDE5MCc+PC9zdmc+\"  width=\"336\" height=\"190\" data-fade-in data-lazy-img data-src=\"https:\/\/parcsaintecroix.com\/wp-content\/uploads\/2023\/08\/chouette-de-loural-cp-vlab-2-336x190-3bbe5c31bbe7.jpg\" alt=\"\" style=\";--aspect-ratio-small: 1.7684210526316;--aspect-ratio-medium: 1.1888888888889;--aspect-ratio-large: 1.7510373443983;--aspect-ratio-retina: 1.7684210526316;--aspect-ratio-medium_retina: 1.1888888888889;--aspect-ratio-large_retina: 1.7510373443983\" data-has-aspect-ratio=\"true\" \/><\/picture>                  <\/figure>\n                \n              <div class=\"text-wrapper\">\n                                  <h3 class=\"title\" itemprop=\"name\">En Allemagne (Bavi\u00e8re), un avenir<\/h3>\n                \n                                  <p class=\"descr\" itemprop=\"description\">On r\u00e9cence plus de 130 individus rel\u00e2ch\u00e9s, des premi\u00e8res reproductions observ\u00e9es et une population en cours de structuration qui donne espoir.<\/p>\n                \n                              <\/div>\n            <\/div>\n          <\/div>\n\n              <\/div>\n    \n  <\/div>\n<\/section>\n\n\n<section class=\"block-grid-wrapper block-grid-for-core-paragraph\">\n      <div class=\"default-editor-content grid-for-core-paragraph grid-container fluid fluid\">\n        <div class=\"grid-x grid-padding-x align-center\">\n          <div class=\"cell\">\n            \n<p><\/p>\n          <\/div>\n        <\/div>\n      <\/div>\n\n      <\/section>\n\n<section class=\"block-grid-wrapper block-grid-for-core-paragraph\">\n      <div class=\"default-editor-content grid-for-core-paragraph grid-container fluid fluid\">\n        <div class=\"grid-x grid-padding-x align-center\">\n          <div class=\"cell\">\n            \n<p><\/p>\n          <\/div>\n        <\/div>\n      <\/div>\n\n      <\/section>\n\n<section class=\"block-grid-wrapper block-grid-for-core-heading\">\n      <div class=\"default-editor-content grid-for-core-heading grid-container fluid fluid\">\n        <div class=\"grid-x grid-padding-x align-center\">\n          <div class=\"cell\">\n            \n<h2 class=\"wp-block-heading\"><strong>L&rsquo;association VLAB<\/strong><\/h2>\n          <\/div>\n        <\/div>\n      <\/div>\n\n      <\/section>\n\n<section class=\"block-grid-wrapper block-grid-for-core-paragraph\">\n      <div class=\"default-editor-content grid-for-core-paragraph grid-container fluid fluid\">\n        <div class=\"grid-x grid-padding-x align-center\">\n          <div class=\"cell\">\n            \n<p>L&rsquo;association VLAB s&rsquo;applique depuis 7 ans au retour de la chouette de l&rsquo;Oural dans le Haut-Palatinat d&rsquo;o\u00f9 elle avait disparu.<\/p>\n          <\/div>\n        <\/div>\n      <\/div>\n\n      <\/section>\n\n<section class=\"block-grid-wrapper block-grid-for-core-paragraph\">\n      <div class=\"default-editor-content grid-for-core-paragraph grid-container fluid fluid\">\n        <div class=\"grid-x grid-padding-x align-center\">\n          <div class=\"cell\">\n            \n<p>L\u2019association est financ\u00e9e exclusivement par la <strong>cotisation des adh\u00e9rents<\/strong> ou par les <strong>dons de fondations<\/strong> ou de <strong>personnes priv\u00e9es<\/strong>. Le travail du comit\u00e9 d\u2018administration, des conseillers, des directeurs r\u00e9gionaux et du comit\u00e9 honoraire est r\u00e9alis\u00e9 sur la base du volontariat. Les membres associatifs sont des amis de la nature, des experts de la protection de la nature, des associations diverses, des soci\u00e9t\u00e9s civiles. Tous oeuvrent dans un m\u00eame but : <strong>pr\u00e9server et prot\u00e9ger la nature et l\u2018environnement.<\/strong><\/p>\n          <\/div>\n        <\/div>\n      <\/div>\n\n      <\/section>\n\n<section class=\"block-grid-wrapper block-grid-for-core-paragraph\">\n      <div class=\"default-editor-content grid-for-core-paragraph grid-container fluid fluid\">\n        <div class=\"grid-x grid-padding-x align-center\">\n          <div class=\"cell\">\n            \n<p>L\u2018association jouit d\u2018une <strong>reconnaissance \u00e0 l\u2018\u00e9chelle nationale<\/strong> et travaille \u00e0 la r\u00e9introduction de cette esp\u00e8ce disparue de la r\u00e9gion depuis une centaine d\u2018ann\u00e9es. Selon un rapport de presse de l\u2018association, plus de <strong>60 jeunes chouettes de l\u2018Oural ont \u00e9t\u00e9 r\u00e9introduites dans la nature depuis le lancement du projet<\/strong>. \u00ab <em>Notre but est d\u2019\u00e9tablir une petite population stable et de la relier \u00e0 une autre petite population isol\u00e9e actuelle du parc national de la for\u00eat bavaroise<\/em> \u00bb, explique Michaela Domeyer, responsable du projet, \u00ab <em>afin d\u2019atteindre une am\u00e9lioration de la diversit\u00e9 g\u00e9n\u00e9tique des chouettes et de minimiser le risque d\u2019extinction<\/em> \u00bb.<\/p>\n          <\/div>\n        <\/div>\n      <\/div>\n\n      <\/section>\n\n<section  class=\"wp-block-acf-two-images  block-index-27 section-content section-two-images\"   itemprop=\"hasPart\" itemscope itemtype=\"https:\/\/schema.org\/WebPageElement\">\n  <div class=\"grid-container fluid\">\n    <div class=\"grid-x grid-padding-x align-middle\">\n      <div class=\"cell small-6\">\n                  <figure>\n            <picture><source srcset=\"data:image\/svg+xml;base64,PHN2ZyB4bWxucz0naHR0cDovL3d3dy53My5vcmcvMjAwMC9zdmcnIHk9JzAnIHg9JzAnIHdpZHRoPScxMTI4JyBoZWlnaHQ9JzExMjgnIHZpZXdCb3g9JzAgMCAxMTI4IDExMjgnPjwvc3ZnPg==\" data-srcset=\"https:\/\/parcsaintecroix.com\/wp-content\/uploads\/2023\/08\/chouette-de-loural-cp-vlab_2-1128x1128-12855f90cbd8.jpg\" media=\"(min-width: 64rem) and (min-resolution: 192dpi), (min-width: 64rem) and (-webkit-min-device-pixel-ratio: 2)\"><source srcset=\"data:image\/svg+xml;base64,PHN2ZyB4bWxucz0naHR0cDovL3d3dy53My5vcmcvMjAwMC9zdmcnIHk9JzAnIHg9JzAnIHdpZHRoPScxMTI4JyBoZWlnaHQ9JzExMjgnIHZpZXdCb3g9JzAgMCAxMTI4IDExMjgnPjwvc3ZnPg==\" data-srcset=\"https:\/\/parcsaintecroix.com\/wp-content\/uploads\/2023\/08\/chouette-de-loural-cp-vlab_2-1128x1128-2026d05e3807.jpg\" media=\"(min-width: 48rem) and (min-resolution: 192dpi), (min-width: 48rem) and (-webkit-min-device-pixel-ratio: 2)\"><source srcset=\"data:image\/svg+xml;base64,PHN2ZyB4bWxucz0naHR0cDovL3d3dy53My5vcmcvMjAwMC9zdmcnIHk9JzAnIHg9JzAnIHdpZHRoPSczMjAnIGhlaWdodD0nMzIwJyB2aWV3Qm94PScwIDAgMzIwIDMyMCc+PC9zdmc+\" data-srcset=\"https:\/\/parcsaintecroix.com\/wp-content\/uploads\/2023\/08\/chouette-de-loural-cp-vlab_2-320x320-0b0f2f2fadf5.jpg\" media=\"(min-resolution: 192dpi), (-webkit-min-device-pixel-ratio: 2)\"><source srcset=\"data:image\/svg+xml;base64,PHN2ZyB4bWxucz0naHR0cDovL3d3dy53My5vcmcvMjAwMC9zdmcnIHk9JzAnIHg9JzAnIHdpZHRoPSc1NjQnIGhlaWdodD0nNTY0JyB2aWV3Qm94PScwIDAgNTY0IDU2NCc+PC9zdmc+\" data-srcset=\"https:\/\/parcsaintecroix.com\/wp-content\/uploads\/2023\/08\/chouette-de-loural-cp-vlab_2-564x564-856c1b2a36df.jpg\" media=\"(min-width: 64rem)\"><source srcset=\"data:image\/svg+xml;base64,PHN2ZyB4bWxucz0naHR0cDovL3d3dy53My5vcmcvMjAwMC9zdmcnIHk9JzAnIHg9JzAnIHdpZHRoPSc1NjQnIGhlaWdodD0nNTY0JyB2aWV3Qm94PScwIDAgNTY0IDU2NCc+PC9zdmc+\" data-srcset=\"https:\/\/parcsaintecroix.com\/wp-content\/uploads\/2023\/08\/chouette-de-loural-cp-vlab_2-564x564-f24007e60c88.jpg\" media=\"(min-width: 48rem)\"><img loading=\"lazy\" decoding=\"async\" src=\"data:image\/svg+xml;base64,PHN2ZyB4bWxucz0naHR0cDovL3d3dy53My5vcmcvMjAwMC9zdmcnIHk9JzAnIHg9JzAnIHdpZHRoPScxNjAnIGhlaWdodD0nMTYwJyB2aWV3Qm94PScwIDAgMTYwIDE2MCc+PC9zdmc+\"  width=\"160\" height=\"160\" data-fade-in data-lazy-img data-src=\"https:\/\/parcsaintecroix.com\/wp-content\/uploads\/2023\/08\/chouette-de-loural-cp-vlab_2-160x160-2c997b4cd4d1.jpg\" alt=\"\" style=\";--aspect-ratio-small: 1;--aspect-ratio-medium: 1;--aspect-ratio-large: 1;--aspect-ratio-retina: 1;--aspect-ratio-medium_retina: 1;--aspect-ratio-large_retina: 1\" data-has-aspect-ratio=\"true\" \/><\/picture>          <\/figure>\n              <\/div>\n\n      <div class=\"cell small-6\">\n                  <figure>\n            <picture><source srcset=\"data:image\/svg+xml;base64,PHN2ZyB4bWxucz0naHR0cDovL3d3dy53My5vcmcvMjAwMC9zdmcnIHk9JzAnIHg9JzAnIHdpZHRoPScxMTI4JyBoZWlnaHQ9JzExMjgnIHZpZXdCb3g9JzAgMCAxMTI4IDExMjgnPjwvc3ZnPg==\" data-srcset=\"https:\/\/parcsaintecroix.com\/wp-content\/uploads\/2023\/08\/chouette-de-loural-cp-vlab-1128x1128-12855f90cbd8.jpg\" media=\"(min-width: 64rem) and (min-resolution: 192dpi), (min-width: 64rem) and (-webkit-min-device-pixel-ratio: 2)\"><source srcset=\"data:image\/svg+xml;base64,PHN2ZyB4bWxucz0naHR0cDovL3d3dy53My5vcmcvMjAwMC9zdmcnIHk9JzAnIHg9JzAnIHdpZHRoPScxMTI4JyBoZWlnaHQ9JzExMjgnIHZpZXdCb3g9JzAgMCAxMTI4IDExMjgnPjwvc3ZnPg==\" data-srcset=\"https:\/\/parcsaintecroix.com\/wp-content\/uploads\/2023\/08\/chouette-de-loural-cp-vlab-1128x1128-2026d05e3807.jpg\" media=\"(min-width: 48rem) and (min-resolution: 192dpi), (min-width: 48rem) and (-webkit-min-device-pixel-ratio: 2)\"><source srcset=\"data:image\/svg+xml;base64,PHN2ZyB4bWxucz0naHR0cDovL3d3dy53My5vcmcvMjAwMC9zdmcnIHk9JzAnIHg9JzAnIHdpZHRoPSczMjAnIGhlaWdodD0nMzIwJyB2aWV3Qm94PScwIDAgMzIwIDMyMCc+PC9zdmc+\" data-srcset=\"https:\/\/parcsaintecroix.com\/wp-content\/uploads\/2023\/08\/chouette-de-loural-cp-vlab-320x320-0b0f2f2fadf5.jpg\" media=\"(min-resolution: 192dpi), (-webkit-min-device-pixel-ratio: 2)\"><source srcset=\"data:image\/svg+xml;base64,PHN2ZyB4bWxucz0naHR0cDovL3d3dy53My5vcmcvMjAwMC9zdmcnIHk9JzAnIHg9JzAnIHdpZHRoPSc1NjQnIGhlaWdodD0nNTY0JyB2aWV3Qm94PScwIDAgNTY0IDU2NCc+PC9zdmc+\" data-srcset=\"https:\/\/parcsaintecroix.com\/wp-content\/uploads\/2023\/08\/chouette-de-loural-cp-vlab-564x564-856c1b2a36df.jpg\" media=\"(min-width: 64rem)\"><source srcset=\"data:image\/svg+xml;base64,PHN2ZyB4bWxucz0naHR0cDovL3d3dy53My5vcmcvMjAwMC9zdmcnIHk9JzAnIHg9JzAnIHdpZHRoPSc1NjQnIGhlaWdodD0nNTY0JyB2aWV3Qm94PScwIDAgNTY0IDU2NCc+PC9zdmc+\" data-srcset=\"https:\/\/parcsaintecroix.com\/wp-content\/uploads\/2023\/08\/chouette-de-loural-cp-vlab-564x564-f24007e60c88.jpg\" media=\"(min-width: 48rem)\"><img loading=\"lazy\" decoding=\"async\" src=\"data:image\/svg+xml;base64,PHN2ZyB4bWxucz0naHR0cDovL3d3dy53My5vcmcvMjAwMC9zdmcnIHk9JzAnIHg9JzAnIHdpZHRoPScxNjAnIGhlaWdodD0nMTYwJyB2aWV3Qm94PScwIDAgMTYwIDE2MCc+PC9zdmc+\"  width=\"160\" height=\"160\" data-fade-in data-lazy-img data-src=\"https:\/\/parcsaintecroix.com\/wp-content\/uploads\/2023\/08\/chouette-de-loural-cp-vlab-160x160-2c997b4cd4d1.jpg\" alt=\"\" style=\";--aspect-ratio-small: 1;--aspect-ratio-medium: 1;--aspect-ratio-large: 1;--aspect-ratio-retina: 1;--aspect-ratio-medium_retina: 1;--aspect-ratio-large_retina: 1\" data-has-aspect-ratio=\"true\" \/><\/picture>          <\/figure>\n              <\/div>\n\n    <\/div>\n  <\/div>\n<\/section>\n\n\n<section class=\"block-grid-wrapper block-grid-for-core-heading\">\n      <div class=\"default-editor-content grid-for-core-heading grid-container fluid fluid\">\n        <div class=\"grid-x grid-padding-x align-center\">\n          <div class=\"cell\">\n            \n<h2 class=\"wp-block-heading\"><strong>Sainte-Croix, coordinateur du programme europ\u00e9en<\/strong><\/h2>\n          <\/div>\n        <\/div>\n      <\/div>\n\n      <\/section>\n\n<section class=\"block-grid-wrapper block-grid-for-core-paragraph\">\n      <div class=\"default-editor-content grid-for-core-paragraph grid-container fluid fluid\">\n        <div class=\"grid-x grid-padding-x align-center\">\n          <div class=\"cell\">\n            \n<p>Depuis 2023, le Parc Animalier de Sainte-Croix coordonne le programme europ\u00e9en EEP d\u00e9di\u00e9 \u00e0 la Chouette de l\u2019Oural.<\/p>\n          <\/div>\n        <\/div>\n      <\/div>\n\n      <\/section>\n\n<section class=\"block-grid-wrapper block-grid-for-core-paragraph\">\n      <div class=\"default-editor-content grid-for-core-paragraph grid-container fluid fluid\">\n        <div class=\"grid-x grid-padding-x align-center\">\n          <div class=\"cell\">\n            \n<p>Ce programme a pour un objectif d&rsquo;assurer une gestion g\u00e9n\u00e9tique rigoureuse et produire des oiseaux adapt\u00e9s \u00e0 la vie sauvage.<\/p>\n          <\/div>\n        <\/div>\n      <\/div>\n\n      <\/section>\n\n<section class=\"block-grid-wrapper block-grid-for-core-paragraph\">\n      <div class=\"default-editor-content grid-for-core-paragraph grid-container fluid fluid\">\n        <div class=\"grid-x grid-padding-x align-center\">\n          <div class=\"cell\">\n            \n<p>Aujourd\u2019hui, le programme s\u2019appuie sur :<\/p>\n          <\/div>\n        <\/div>\n      <\/div>\n\n      <\/section>\n\n<section class=\"block-grid-wrapper block-grid-for-core-list\">\n      <div class=\"default-editor-content grid-for-core-list grid-container fluid fluid\">\n        <div class=\"grid-x grid-padding-x align-center\">\n          <div class=\"cell\">\n            \n<ul class=\"wp-block-list\">\n<li>une coordination scientifique \u00e0 l\u2019\u00e9chelle europ\u00e9enne.<\/li>\n\n\n\n<li>plus de <strong>1 100 individus r\u00e9f\u00e9renc\u00e9s en Europe<\/strong>,<\/li>\n\n\n\n<li>un r\u00e9seau de dizaines de parcs et partenaires,<\/li>\n<\/ul>\n          <\/div>\n        <\/div>\n      <\/div>\n\n      <\/section>\n\n<section class=\"block-grid-wrapper block-grid-for-core-heading\">\n      <div class=\"default-editor-content grid-for-core-heading grid-container fluid fluid\">\n        <div class=\"grid-x grid-padding-x align-center\">\n          <div class=\"cell\">\n            \n<h3 class=\"wp-block-heading\"><strong>\u00c9levage et reproduction<\/strong><\/h3>\n          <\/div>\n        <\/div>\n      <\/div>\n\n      <\/section>\n\n<section class=\"block-grid-wrapper block-grid-for-core-paragraph\">\n      <div class=\"default-editor-content grid-for-core-paragraph grid-container fluid fluid\">\n        <div class=\"grid-x grid-padding-x align-center\">\n          <div class=\"cell\">\n            \n<p><br>Au parc, plusieurs voli\u00e8res sont d\u00e9di\u00e9es \u00e0 la reproduction de la Chouette de l\u2019Oural. Les \u00e9quipes travaillent \u00e0 :<\/p>\n          <\/div>\n        <\/div>\n      <\/div>\n\n      <\/section>\n\n<section class=\"block-grid-wrapper block-grid-for-core-list\">\n      <div class=\"default-editor-content grid-for-core-list grid-container fluid fluid\">\n        <div class=\"grid-x grid-padding-x align-center\">\n          <div class=\"cell\">\n            \n<ul class=\"wp-block-list\">\n<li>produire des jeunes aptes \u00e0 \u00eatre rel\u00e2ch\u00e9s.<\/li>\n\n\n\n<li>favoriser l\u2019\u00e9levage parental (sans impr\u00e9gnation humaine),<\/li>\n\n\n\n<li>garantir des comportements naturels,<\/li>\n<\/ul>\n          <\/div>\n        <\/div>\n      <\/div>\n\n      <\/section>\n\n<section class=\"block-grid-wrapper block-grid-for-core-paragraph\">\n      <div class=\"default-editor-content grid-for-core-paragraph grid-container fluid fluid\">\n        <div class=\"grid-x grid-padding-x align-center\">\n          <div class=\"cell\">\n            \n<p>Les petits n\u00e9s \u00e0 Sainte-Croix sont sous l\u2019\u0153il attentif de l\u2019\u00e9quipe animali\u00e8re, nourris et \u00e9lev\u00e9s par leurs parents. En effet, cela assure un d\u00e9veloppement optimal de l\u2019oiseau et lui permet de se sociabiliser avec ses cong\u00e9n\u00e8res. <strong>Autrement, il ne pourrait pas regagner son milieu naturel dans de bonnes conditions.<\/strong><\/p>\n          <\/div>\n        <\/div>\n      <\/div>\n\n      <\/section>\n\n<section class=\"block-grid-wrapper block-grid-for-core-image\">\n      <div class=\"default-editor-content grid-for-core-image grid-container fluid fluid\">\n        <div class=\"grid-x grid-padding-x align-center\">\n          <div class=\"cell\">\n            \n<figure class=\"wp-block-image aligncenter size-large is-resized\"><img loading=\"lazy\" decoding=\"async\" width=\"1024\" height=\"707\" src=\"https:\/\/parcsaintecroix.com\/wp-content\/uploads\/2023\/08\/cp-margaux-c-5-2-scaled-1024x707-fd90e2c36371.jpg\" alt=\"\" class=\"wp-image-25581\" style=\"width:-273px;height:-188px\" srcset=\"https:\/\/parcsaintecroix.com\/wp-content\/uploads\/2023\/08\/cp-margaux-c-5-2-scaled-1024x707-fd90e2c36371.jpg 1024w, https:\/\/parcsaintecroix.com\/wp-content\/uploads\/2023\/08\/cp-margaux-c-5-2-scaled-300x207-512c1e2135f8.jpg 300w, https:\/\/parcsaintecroix.com\/wp-content\/uploads\/2023\/08\/cp-margaux-c-5-2-scaled-768x530-b56108145cc7.jpg 768w, https:\/\/parcsaintecroix.com\/wp-content\/uploads\/2023\/08\/cp-margaux-c-5-2-scaled-1536x1061-3c33d8efde71.jpg 1536w, https:\/\/parcsaintecroix.com\/wp-content\/uploads\/2023\/08\/cp-margaux-c-5-2-scaled-2048x1414-539fcd4e84ba.jpg 2048w, https:\/\/parcsaintecroix.com\/wp-content\/uploads\/2023\/08\/cp-margaux-c-5-2-scaled-100x69-fab7673e88b9.jpg 100w\" sizes=\"auto, (max-width: 1024px) 100vw, 1024px\" \/><\/figure>\n          <\/div>\n        <\/div>\n      <\/div>\n\n      <\/section>\n\n<section class=\"block-grid-wrapper block-grid-for-core-paragraph\">\n      <div class=\"default-editor-content grid-for-core-paragraph grid-container fluid fluid\">\n        <div class=\"grid-x grid-padding-x align-center\">\n          <div class=\"cell\">\n            \n<p><\/p>\n          <\/div>\n        <\/div>\n      <\/div>\n\n      <\/section>\n\n<section class=\"block-grid-wrapper block-grid-for-core-heading\">\n      <div class=\"default-editor-content grid-for-core-heading grid-container fluid fluid\">\n        <div class=\"grid-x grid-padding-x align-center\">\n          <div class=\"cell\">\n            \n<h2 class=\"wp-block-heading\"><strong>Le bilan annuel<\/strong><\/h2>\n          <\/div>\n        <\/div>\n      <\/div>\n\n      <\/section>\n\n<section class=\"block-grid-wrapper block-grid-for-core-paragraph\">\n      <div class=\"default-editor-content grid-for-core-paragraph grid-container fluid fluid\">\n        <div class=\"grid-x grid-padding-x align-center\">\n          <div class=\"cell\">\n            \n<p><strong>Depuis 2020, ce sont 11 individus n\u00e9s \u00e0 Sainte-Croix qui ont \u00e9t\u00e9 r\u00e9introduits au nord des for\u00eats de Bavi\u00e8re.<\/strong><\/p>\n          <\/div>\n        <\/div>\n      <\/div>\n\n      <\/section>\n\n<section class=\"block-grid-wrapper block-grid-for-core-paragraph\">\n      <div class=\"default-editor-content grid-for-core-paragraph grid-container fluid fluid\">\n        <div class=\"grid-x grid-padding-x align-center\">\n          <div class=\"cell\">\n            \n<p>N\u00e9anmoins, <strong>la majorit\u00e9 des oiseaux rel\u00e2ch\u00e9s sont issus de structures fran\u00e7aises<\/strong>. <\/p>\n          <\/div>\n        <\/div>\n      <\/div>\n\n      <\/section>\n\n<section class=\"block-grid-wrapper block-grid-for-core-paragraph\">\n      <div class=\"default-editor-content grid-for-core-paragraph grid-container fluid fluid\">\n        <div class=\"grid-x grid-padding-x align-center\">\n          <div class=\"cell\">\n            \n<p><strong>Siane<\/strong>, transporteur fran\u00e7ais d\u2019animaux vivants reconnu par un grand nombre de parcs zoologiques, a <strong>assur\u00e9 le transport des jeunes chouettes jusqu\u2019en Bavi\u00e8re.<\/strong> Le co\u00fbt de cette op\u00e9ration est \u00e0 la fois support\u00e9 par le transporteur lui-m\u00eame, renfor\u00e7ant ainsi sa contribution au projet, et est majoritairement financ\u00e9 par le Parc Animalier de Sainte-Croix.<\/p>\n          <\/div>\n        <\/div>\n      <\/div>\n\n      <\/section>\n\n<section  class=\"wp-block-acf-two-images  block-index-49 section-content section-two-images\"   itemprop=\"hasPart\" itemscope itemtype=\"https:\/\/schema.org\/WebPageElement\">\n  <div class=\"grid-container fluid\">\n    <div class=\"grid-x grid-padding-x align-middle\">\n      <div class=\"cell small-6\">\n                  <figure>\n            <picture><source srcset=\"data:image\/svg+xml;base64,PHN2ZyB4bWxucz0naHR0cDovL3d3dy53My5vcmcvMjAwMC9zdmcnIHk9JzAnIHg9JzAnIHdpZHRoPScxMTI4JyBoZWlnaHQ9JzExMjgnIHZpZXdCb3g9JzAgMCAxMTI4IDExMjgnPjwvc3ZnPg==\" data-srcset=\"https:\/\/parcsaintecroix.com\/wp-content\/uploads\/2023\/08\/cp-margaux-c-1-scaled-1128x1128-12855f90cbd8.jpg\" media=\"(min-width: 64rem) and (min-resolution: 192dpi), (min-width: 64rem) and (-webkit-min-device-pixel-ratio: 2)\"><source srcset=\"data:image\/svg+xml;base64,PHN2ZyB4bWxucz0naHR0cDovL3d3dy53My5vcmcvMjAwMC9zdmcnIHk9JzAnIHg9JzAnIHdpZHRoPScxMTI4JyBoZWlnaHQ9JzExMjgnIHZpZXdCb3g9JzAgMCAxMTI4IDExMjgnPjwvc3ZnPg==\" data-srcset=\"https:\/\/parcsaintecroix.com\/wp-content\/uploads\/2023\/08\/cp-margaux-c-1-scaled-1128x1128-2026d05e3807.jpg\" media=\"(min-width: 48rem) and (min-resolution: 192dpi), (min-width: 48rem) and (-webkit-min-device-pixel-ratio: 2)\"><source srcset=\"data:image\/svg+xml;base64,PHN2ZyB4bWxucz0naHR0cDovL3d3dy53My5vcmcvMjAwMC9zdmcnIHk9JzAnIHg9JzAnIHdpZHRoPSczMjAnIGhlaWdodD0nMzIwJyB2aWV3Qm94PScwIDAgMzIwIDMyMCc+PC9zdmc+\" data-srcset=\"https:\/\/parcsaintecroix.com\/wp-content\/uploads\/2023\/08\/cp-margaux-c-1-scaled-320x320-0b0f2f2fadf5.jpg\" media=\"(min-resolution: 192dpi), (-webkit-min-device-pixel-ratio: 2)\"><source srcset=\"data:image\/svg+xml;base64,PHN2ZyB4bWxucz0naHR0cDovL3d3dy53My5vcmcvMjAwMC9zdmcnIHk9JzAnIHg9JzAnIHdpZHRoPSc1NjQnIGhlaWdodD0nNTY0JyB2aWV3Qm94PScwIDAgNTY0IDU2NCc+PC9zdmc+\" data-srcset=\"https:\/\/parcsaintecroix.com\/wp-content\/uploads\/2023\/08\/cp-margaux-c-1-scaled-564x564-856c1b2a36df.jpg\" media=\"(min-width: 64rem)\"><source srcset=\"data:image\/svg+xml;base64,PHN2ZyB4bWxucz0naHR0cDovL3d3dy53My5vcmcvMjAwMC9zdmcnIHk9JzAnIHg9JzAnIHdpZHRoPSc1NjQnIGhlaWdodD0nNTY0JyB2aWV3Qm94PScwIDAgNTY0IDU2NCc+PC9zdmc+\" data-srcset=\"https:\/\/parcsaintecroix.com\/wp-content\/uploads\/2023\/08\/cp-margaux-c-1-scaled-564x564-f24007e60c88.jpg\" media=\"(min-width: 48rem)\"><img loading=\"lazy\" decoding=\"async\" src=\"data:image\/svg+xml;base64,PHN2ZyB4bWxucz0naHR0cDovL3d3dy53My5vcmcvMjAwMC9zdmcnIHk9JzAnIHg9JzAnIHdpZHRoPScxNjAnIGhlaWdodD0nMTYwJyB2aWV3Qm94PScwIDAgMTYwIDE2MCc+PC9zdmc+\"  width=\"160\" height=\"160\" data-fade-in data-lazy-img data-src=\"https:\/\/parcsaintecroix.com\/wp-content\/uploads\/2023\/08\/cp-margaux-c-1-scaled-160x160-2c997b4cd4d1.jpg\" alt=\"\" style=\";--aspect-ratio-small: 1;--aspect-ratio-medium: 1;--aspect-ratio-large: 1;--aspect-ratio-retina: 1;--aspect-ratio-medium_retina: 1;--aspect-ratio-large_retina: 1\" data-has-aspect-ratio=\"true\" \/><\/picture>          <\/figure>\n              <\/div>\n\n      <div class=\"cell small-6\">\n                  <figure>\n            <picture><source srcset=\"data:image\/svg+xml;base64,PHN2ZyB4bWxucz0naHR0cDovL3d3dy53My5vcmcvMjAwMC9zdmcnIHk9JzAnIHg9JzAnIHdpZHRoPScxMTI4JyBoZWlnaHQ9JzExMjgnIHZpZXdCb3g9JzAgMCAxMTI4IDExMjgnPjwvc3ZnPg==\" data-srcset=\"https:\/\/parcsaintecroix.com\/wp-content\/uploads\/2023\/06\/359963912_853471742838291_6000256368551222781_n-1128x1128-12855f90cbd8.jpg\" media=\"(min-width: 64rem) and (min-resolution: 192dpi), (min-width: 64rem) and (-webkit-min-device-pixel-ratio: 2)\"><source srcset=\"data:image\/svg+xml;base64,PHN2ZyB4bWxucz0naHR0cDovL3d3dy53My5vcmcvMjAwMC9zdmcnIHk9JzAnIHg9JzAnIHdpZHRoPScxMTI4JyBoZWlnaHQ9JzExMjgnIHZpZXdCb3g9JzAgMCAxMTI4IDExMjgnPjwvc3ZnPg==\" data-srcset=\"https:\/\/parcsaintecroix.com\/wp-content\/uploads\/2023\/06\/359963912_853471742838291_6000256368551222781_n-1128x1128-2026d05e3807.jpg\" media=\"(min-width: 48rem) and (min-resolution: 192dpi), (min-width: 48rem) and (-webkit-min-device-pixel-ratio: 2)\"><source srcset=\"data:image\/svg+xml;base64,PHN2ZyB4bWxucz0naHR0cDovL3d3dy53My5vcmcvMjAwMC9zdmcnIHk9JzAnIHg9JzAnIHdpZHRoPSczMjAnIGhlaWdodD0nMzIwJyB2aWV3Qm94PScwIDAgMzIwIDMyMCc+PC9zdmc+\" data-srcset=\"https:\/\/parcsaintecroix.com\/wp-content\/uploads\/2023\/06\/359963912_853471742838291_6000256368551222781_n-320x320-0b0f2f2fadf5.jpg\" media=\"(min-resolution: 192dpi), (-webkit-min-device-pixel-ratio: 2)\"><source srcset=\"data:image\/svg+xml;base64,PHN2ZyB4bWxucz0naHR0cDovL3d3dy53My5vcmcvMjAwMC9zdmcnIHk9JzAnIHg9JzAnIHdpZHRoPSc1NjQnIGhlaWdodD0nNTY0JyB2aWV3Qm94PScwIDAgNTY0IDU2NCc+PC9zdmc+\" data-srcset=\"https:\/\/parcsaintecroix.com\/wp-content\/uploads\/2023\/06\/359963912_853471742838291_6000256368551222781_n-564x564-856c1b2a36df.jpg\" media=\"(min-width: 64rem)\"><source srcset=\"data:image\/svg+xml;base64,PHN2ZyB4bWxucz0naHR0cDovL3d3dy53My5vcmcvMjAwMC9zdmcnIHk9JzAnIHg9JzAnIHdpZHRoPSc1NjQnIGhlaWdodD0nNTY0JyB2aWV3Qm94PScwIDAgNTY0IDU2NCc+PC9zdmc+\" data-srcset=\"https:\/\/parcsaintecroix.com\/wp-content\/uploads\/2023\/06\/359963912_853471742838291_6000256368551222781_n-564x564-f24007e60c88.jpg\" media=\"(min-width: 48rem)\"><img loading=\"lazy\" decoding=\"async\" src=\"data:image\/svg+xml;base64,PHN2ZyB4bWxucz0naHR0cDovL3d3dy53My5vcmcvMjAwMC9zdmcnIHk9JzAnIHg9JzAnIHdpZHRoPScxNjAnIGhlaWdodD0nMTYwJyB2aWV3Qm94PScwIDAgMTYwIDE2MCc+PC9zdmc+\"  width=\"160\" height=\"160\" data-fade-in data-lazy-img data-src=\"https:\/\/parcsaintecroix.com\/wp-content\/uploads\/2023\/06\/359963912_853471742838291_6000256368551222781_n-160x160-2c997b4cd4d1.jpg\" alt=\"\" style=\";--aspect-ratio-small: 1;--aspect-ratio-medium: 1;--aspect-ratio-large: 1;--aspect-ratio-retina: 1;--aspect-ratio-medium_retina: 1;--aspect-ratio-large_retina: 1\" data-has-aspect-ratio=\"true\" \/><\/picture>          <\/figure>\n              <\/div>\n\n    <\/div>\n  <\/div>\n<\/section>\n\n\n<section class=\"block-grid-wrapper block-grid-for-core-heading\">\n      <div class=\"default-editor-content grid-for-core-heading grid-container fluid fluid\">\n        <div class=\"grid-x grid-padding-x align-center\">\n          <div class=\"cell\">\n            \n<h2 class=\"wp-block-heading\"><strong>Et ensuite&#8230;<\/strong><\/h2>\n          <\/div>\n        <\/div>\n      <\/div>\n\n      <\/section>\n\n<section class=\"block-grid-wrapper block-grid-for-core-paragraph\">\n      <div class=\"default-editor-content grid-for-core-paragraph grid-container fluid fluid\">\n        <div class=\"grid-x grid-padding-x align-center\">\n          <div class=\"cell\">\n            \n<p>Une fois arriv\u00e9s \u00e0 destination, les animaux vont patienter environ quatre semaines dans des voli\u00e8res sp\u00e9cialement con\u00e7ues afin qu\u2018ils s\u2018habituent \u00e0 leur nouvel environnement et perdent leur lien aux personnes humaines. Ces derniers sont nourris par l\u2018interm\u00e9diaire d\u2018\u00e9quipements sp\u00e9ciaux, sans aucun contact anthropique. Ces voli\u00e8res d\u2018acclimatation seront par la suite ouvertes pour permettre aux chouettes d\u2019explorer et regagner progressivement leur habitat naturel tout en gardant ces voli\u00e8res comme rep\u00e8re.<\/p>\n          <\/div>\n        <\/div>\n      <\/div>\n\n      <\/section>\n\n<section  class=\"wp-block-acf-two-images  block-index-52 section-content section-two-images\"   itemprop=\"hasPart\" itemscope itemtype=\"https:\/\/schema.org\/WebPageElement\">\n  <div class=\"grid-container fluid\">\n    <div class=\"grid-x grid-padding-x align-middle\">\n      <div class=\"cell small-6\">\n                  <figure>\n            <picture><source srcset=\"data:image\/svg+xml;base64,PHN2ZyB4bWxucz0naHR0cDovL3d3dy53My5vcmcvMjAwMC9zdmcnIHk9JzAnIHg9JzAnIHdpZHRoPScxMTI4JyBoZWlnaHQ9JzExMjgnIHZpZXdCb3g9JzAgMCAxMTI4IDExMjgnPjwvc3ZnPg==\" data-srcset=\"https:\/\/parcsaintecroix.com\/wp-content\/uploads\/2023\/08\/chouette-de-loural-cp-vlab-2-1128x1128-12855f90cbd8.jpg\" media=\"(min-width: 64rem) and (min-resolution: 192dpi), (min-width: 64rem) and (-webkit-min-device-pixel-ratio: 2)\"><source srcset=\"data:image\/svg+xml;base64,PHN2ZyB4bWxucz0naHR0cDovL3d3dy53My5vcmcvMjAwMC9zdmcnIHk9JzAnIHg9JzAnIHdpZHRoPScxMTI4JyBoZWlnaHQ9JzExMjgnIHZpZXdCb3g9JzAgMCAxMTI4IDExMjgnPjwvc3ZnPg==\" data-srcset=\"https:\/\/parcsaintecroix.com\/wp-content\/uploads\/2023\/08\/chouette-de-loural-cp-vlab-2-1128x1128-2026d05e3807.jpg\" media=\"(min-width: 48rem) and (min-resolution: 192dpi), (min-width: 48rem) and (-webkit-min-device-pixel-ratio: 2)\"><source srcset=\"data:image\/svg+xml;base64,PHN2ZyB4bWxucz0naHR0cDovL3d3dy53My5vcmcvMjAwMC9zdmcnIHk9JzAnIHg9JzAnIHdpZHRoPSczMjAnIGhlaWdodD0nMzIwJyB2aWV3Qm94PScwIDAgMzIwIDMyMCc+PC9zdmc+\" data-srcset=\"https:\/\/parcsaintecroix.com\/wp-content\/uploads\/2023\/08\/chouette-de-loural-cp-vlab-2-320x320-0b0f2f2fadf5.jpg\" media=\"(min-resolution: 192dpi), (-webkit-min-device-pixel-ratio: 2)\"><source srcset=\"data:image\/svg+xml;base64,PHN2ZyB4bWxucz0naHR0cDovL3d3dy53My5vcmcvMjAwMC9zdmcnIHk9JzAnIHg9JzAnIHdpZHRoPSc1NjQnIGhlaWdodD0nNTY0JyB2aWV3Qm94PScwIDAgNTY0IDU2NCc+PC9zdmc+\" data-srcset=\"https:\/\/parcsaintecroix.com\/wp-content\/uploads\/2023\/08\/chouette-de-loural-cp-vlab-2-564x564-856c1b2a36df.jpg\" media=\"(min-width: 64rem)\"><source srcset=\"data:image\/svg+xml;base64,PHN2ZyB4bWxucz0naHR0cDovL3d3dy53My5vcmcvMjAwMC9zdmcnIHk9JzAnIHg9JzAnIHdpZHRoPSc1NjQnIGhlaWdodD0nNTY0JyB2aWV3Qm94PScwIDAgNTY0IDU2NCc+PC9zdmc+\" data-srcset=\"https:\/\/parcsaintecroix.com\/wp-content\/uploads\/2023\/08\/chouette-de-loural-cp-vlab-2-564x564-f24007e60c88.jpg\" media=\"(min-width: 48rem)\"><img loading=\"lazy\" decoding=\"async\" src=\"data:image\/svg+xml;base64,PHN2ZyB4bWxucz0naHR0cDovL3d3dy53My5vcmcvMjAwMC9zdmcnIHk9JzAnIHg9JzAnIHdpZHRoPScxNjAnIGhlaWdodD0nMTYwJyB2aWV3Qm94PScwIDAgMTYwIDE2MCc+PC9zdmc+\"  width=\"160\" height=\"160\" data-fade-in data-lazy-img data-src=\"https:\/\/parcsaintecroix.com\/wp-content\/uploads\/2023\/08\/chouette-de-loural-cp-vlab-2-160x160-2c997b4cd4d1.jpg\" alt=\"\" style=\";--aspect-ratio-small: 1;--aspect-ratio-medium: 1;--aspect-ratio-large: 1;--aspect-ratio-retina: 1;--aspect-ratio-medium_retina: 1;--aspect-ratio-large_retina: 1\" data-has-aspect-ratio=\"true\" \/><\/picture>          <\/figure>\n              <\/div>\n\n      <div class=\"cell small-6\">\n                  <figure>\n            <picture><source srcset=\"data:image\/svg+xml;base64,PHN2ZyB4bWxucz0naHR0cDovL3d3dy53My5vcmcvMjAwMC9zdmcnIHk9JzAnIHg9JzAnIHdpZHRoPScxMTI4JyBoZWlnaHQ9JzExMjgnIHZpZXdCb3g9JzAgMCAxMTI4IDExMjgnPjwvc3ZnPg==\" data-srcset=\"https:\/\/parcsaintecroix.com\/wp-content\/uploads\/2023\/08\/chouette-de-loural-cp-vlab-1-1128x1128-12855f90cbd8.jpg\" media=\"(min-width: 64rem) and (min-resolution: 192dpi), (min-width: 64rem) and (-webkit-min-device-pixel-ratio: 2)\"><source srcset=\"data:image\/svg+xml;base64,PHN2ZyB4bWxucz0naHR0cDovL3d3dy53My5vcmcvMjAwMC9zdmcnIHk9JzAnIHg9JzAnIHdpZHRoPScxMTI4JyBoZWlnaHQ9JzExMjgnIHZpZXdCb3g9JzAgMCAxMTI4IDExMjgnPjwvc3ZnPg==\" data-srcset=\"https:\/\/parcsaintecroix.com\/wp-content\/uploads\/2023\/08\/chouette-de-loural-cp-vlab-1-1128x1128-2026d05e3807.jpg\" media=\"(min-width: 48rem) and (min-resolution: 192dpi), (min-width: 48rem) and (-webkit-min-device-pixel-ratio: 2)\"><source srcset=\"data:image\/svg+xml;base64,PHN2ZyB4bWxucz0naHR0cDovL3d3dy53My5vcmcvMjAwMC9zdmcnIHk9JzAnIHg9JzAnIHdpZHRoPSczMjAnIGhlaWdodD0nMzIwJyB2aWV3Qm94PScwIDAgMzIwIDMyMCc+PC9zdmc+\" data-srcset=\"https:\/\/parcsaintecroix.com\/wp-content\/uploads\/2023\/08\/chouette-de-loural-cp-vlab-1-320x320-0b0f2f2fadf5.jpg\" media=\"(min-resolution: 192dpi), (-webkit-min-device-pixel-ratio: 2)\"><source srcset=\"data:image\/svg+xml;base64,PHN2ZyB4bWxucz0naHR0cDovL3d3dy53My5vcmcvMjAwMC9zdmcnIHk9JzAnIHg9JzAnIHdpZHRoPSc1NjQnIGhlaWdodD0nNTY0JyB2aWV3Qm94PScwIDAgNTY0IDU2NCc+PC9zdmc+\" data-srcset=\"https:\/\/parcsaintecroix.com\/wp-content\/uploads\/2023\/08\/chouette-de-loural-cp-vlab-1-564x564-856c1b2a36df.jpg\" media=\"(min-width: 64rem)\"><source srcset=\"data:image\/svg+xml;base64,PHN2ZyB4bWxucz0naHR0cDovL3d3dy53My5vcmcvMjAwMC9zdmcnIHk9JzAnIHg9JzAnIHdpZHRoPSc1NjQnIGhlaWdodD0nNTY0JyB2aWV3Qm94PScwIDAgNTY0IDU2NCc+PC9zdmc+\" data-srcset=\"https:\/\/parcsaintecroix.com\/wp-content\/uploads\/2023\/08\/chouette-de-loural-cp-vlab-1-564x564-f24007e60c88.jpg\" media=\"(min-width: 48rem)\"><img loading=\"lazy\" decoding=\"async\" src=\"data:image\/svg+xml;base64,PHN2ZyB4bWxucz0naHR0cDovL3d3dy53My5vcmcvMjAwMC9zdmcnIHk9JzAnIHg9JzAnIHdpZHRoPScxNjAnIGhlaWdodD0nMTYwJyB2aWV3Qm94PScwIDAgMTYwIDE2MCc+PC9zdmc+\"  width=\"160\" height=\"160\" data-fade-in data-lazy-img data-src=\"https:\/\/parcsaintecroix.com\/wp-content\/uploads\/2023\/08\/chouette-de-loural-cp-vlab-1-160x160-2c997b4cd4d1.jpg\" alt=\"\" style=\";--aspect-ratio-small: 1;--aspect-ratio-medium: 1;--aspect-ratio-large: 1;--aspect-ratio-retina: 1;--aspect-ratio-medium_retina: 1;--aspect-ratio-large_retina: 1\" data-has-aspect-ratio=\"true\" \/><\/picture>          <\/figure>\n              <\/div>\n\n    <\/div>\n  <\/div>\n<\/section>\n\n\n<section class=\"block-grid-wrapper block-grid-for-core-heading\">\n      <div class=\"default-editor-content grid-for-core-heading grid-container fluid fluid\">\n        <div class=\"grid-x grid-padding-x align-center\">\n          <div class=\"cell\">\n            \n<h2 class=\"wp-block-heading\"><strong>Un travail de sensibilisation<\/strong><\/h2>\n          <\/div>\n        <\/div>\n      <\/div>\n\n      <\/section>\n\n<section class=\"block-grid-wrapper block-grid-for-core-paragraph\">\n      <div class=\"default-editor-content grid-for-core-paragraph grid-container fluid fluid\">\n        <div class=\"grid-x grid-padding-x align-center\">\n          <div class=\"cell\">\n            \n<p>Un <strong>travail de sensibilisation<\/strong> des populations locales est d\u00e9j\u00e0 assur\u00e9 par des associations aupr\u00e8s des \u00e9coles afin d\u2019expliquer les conflits qui ont pu conduire \u00e0 l\u2019extinction de l\u2019esp\u00e8ce en Europe Centrale et ainsi l\u2019en pr\u00e9server : <strong>la chasse et la perte de son habitat en sont les principales facteurs.<\/strong><\/p>\n          <\/div>\n        <\/div>\n      <\/div>\n\n      <\/section>\n\n<section class=\"block-grid-wrapper block-grid-for-core-paragraph\">\n      <div class=\"default-editor-content grid-for-core-paragraph grid-container fluid fluid\">\n        <div class=\"grid-x grid-padding-x align-center\">\n          <div class=\"cell\">\n            \n<p>Un des challenges pour l\u2019EEP nouvellement cr\u00e9\u00e9 va \u00eatre d\u2019\u00e9valuer la diversit\u00e9 g\u00e9n\u00e9tique qui existe au sein des populations d\u2019Europe Centrale, mais \u00e9galement au sein des parcs zoologiques afin d\u2019entreprendre des <strong>actions de rel\u00e2ch\u00e9 plus cibl\u00e9es<\/strong> et d\u2019<strong>optimiser les recommandations de reproduction<\/strong> aupr\u00e8s des structures animali\u00e8res.<\/p>\n          <\/div>\n        <\/div>\n      <\/div>\n\n      <\/section>\n\n<section class=\"block-grid-wrapper block-grid-for-core-heading\">\n      <div class=\"default-editor-content grid-for-core-heading grid-container fluid fluid\">\n        <div class=\"grid-x grid-padding-x align-center\">\n          <div class=\"cell\">\n            \n<h2 class=\"wp-block-heading\"><strong>L&rsquo;importance du projet<\/strong><\/h2>\n          <\/div>\n        <\/div>\n      <\/div>\n\n      <\/section>\n\n<section class=\"block-grid-wrapper block-grid-for-core-paragraph\">\n      <div class=\"default-editor-content grid-for-core-paragraph grid-container fluid fluid\">\n        <div class=\"grid-x grid-padding-x align-center\">\n          <div class=\"cell\">\n            \n<p>Esp\u00e8ce prot\u00e9g\u00e9e, la chouette de l\u2019Oural pr\u00e9sente un <strong>r\u00f4le primordial dans l\u2019\u00e9quilibre \u00e9cosyst\u00e9mique en tant que pr\u00e9dateur<\/strong> : rapace nocturne de grande taille, elle est l\u2019une des rares esp\u00e8ces de son genre \u00e0 chasser des proies telles que les rats, les pigeons ou les pies. Elles vont consommer diverses esp\u00e8ces de rongeurs, d\u2019oiseaux et d\u2019amphibiens, <strong>assurant ainsi leur r\u00f4le de r\u00e9gulateur naturel des populations.<\/strong> <\/p>\n          <\/div>\n        <\/div>\n      <\/div>\n\n      <\/section>\n\n<section class=\"block-grid-wrapper block-grid-for-core-paragraph\">\n      <div class=\"default-editor-content grid-for-core-paragraph grid-container fluid fluid\">\n        <div class=\"grid-x grid-padding-x align-center\">\n          <div class=\"cell\">\n            \n<p>Assurer le r\u00e9tablissement de cette esp\u00e8ce doit permettre d&rsquo;<strong>am\u00e9liorer les structures foresti\u00e8res<\/strong> qu&rsquo;elles occupent avec des effets de synergie positifs pour de nombreux groupes d&rsquo;esp\u00e8ces des r\u00e8gnes v\u00e9g\u00e9tal, animal et fongique.<\/p>\n          <\/div>\n        <\/div>\n      <\/div>\n\n      <\/section>\n\n\n    <section  class=\"wp-block-acf-three-articles  block-index-59 section-content section-three-articles\"       itemprop=\"hasPart\" itemscope\n\n      <div class=\"grid-container full\">\n\n        <div class=\"grid-x title-wrapper\">\n\n          <div class=\"cell\">\n            \n                      <\/div>\n\n        <\/div>\n\n\n        <div class=\"grid-x listing-latest-news news-slider align-center\">\n          <article class=\"cell medium-6 large-4 js-article article-box flex-container flex-dir-column post-37937 post type-post status-publish format-standard has-post-thumbnail hentry category-animaux category-le-parc\"  itemscope itemtype=\"https:\/\/schema.org\/Article\" itemid=\"https:\/\/parcsaintecroix.com\/fr\/quelle-est-la-difference-entre-le-bison-deurope-et-le-bison-damerique\" itemref=\"publisher\">\n      <meta itemprop=\"author\" content=\"Parc de Saint Croix\" \/>\n    <meta itemprop=\"image\" content=\"https:\/\/parcsaintecroix.com\/wp-content\/uploads\/2025\/10\/CP-Morgane-Bricard-64-scaled.jpg\" \/>\n    <meta itemprop=\"datePublished\" content=\"2026-04-30T20:33:47+02:00\" \/>\n    <meta itemprop=\"dateModified\" content=\"2026-04-30T20:33:50+02:00\" \/>\n      <div class=\"news-content-wrapper\">\n          <a href=\"https:\/\/parcsaintecroix.com\/fr\/quelle-est-la-difference-entre-le-bison-deurope-et-le-bison-damerique\" itemprop=\"url mainEntityOfPage\">\n        \n                  <span class=\"label-category\">Animaux<\/span>\n        \n        <figure>\n          <img decoding=\"async\"  data-fade-in loading=\"lazy\" src=\"data:image\/png;base64,R0lGODlhAQABAAD\/ACwAAAAAAQABAAACADs=\" data-lazy-interchange=\"[https:\/\/parcsaintecroix.com\/wp-content\/uploads\/2025\/10\/CP-Morgane-Bricard-64-scaled-668x668-71ab615e0a86.jpg, small], [https:\/\/parcsaintecroix.com\/wp-content\/uploads\/2025\/10\/CP-Morgane-Bricard-64-scaled-423x423-f5ddf0753daf.jpg, large], [https:\/\/parcsaintecroix.com\/wp-content\/uploads\/2025\/10\/CP-Morgane-Bricard-64-scaled-800x800-b303cee25c1f.jpg, xlarge], [https:\/\/parcsaintecroix.com\/wp-content\/uploads\/2025\/10\/CP-Morgane-Bricard-64-scaled-846x846-97851059a762.jpg, large_retina], [https:\/\/parcsaintecroix.com\/wp-content\/uploads\/2025\/10\/CP-Morgane-Bricard-64-scaled-1600x1600-f1dbcba1895c.jpg, xlarge_retina]\" data-interchange-sizes=\"{&quot;small&quot;:{&quot;w&quot;:668,&quot;h&quot;:668},&quot;large&quot;:{&quot;w&quot;:423,&quot;h&quot;:423},&quot;xlarge&quot;:{&quot;w&quot;:800,&quot;h&quot;:800},&quot;large_retina&quot;:{&quot;w&quot;:846,&quot;h&quot;:846},&quot;xlarge_retina&quot;:{&quot;w&quot;:1600,&quot;h&quot;:1600}}\"  style=\";--aspect-ratio-small: 1;--aspect-ratio-large: 1;--aspect-ratio-xlarge: 1;--aspect-ratio-large_retina: 1;--aspect-ratio-xlarge_retina: 1\" data-has-aspect-ratio=\"true\" alt=\"Quelle est la diff\u00e9rence entre le bison d&rsquo;Europe et le bison d&rsquo;Am\u00e9rique ?\" itemprop=\"image\" data-fade-in \/>\n        <\/figure>\n\n              <\/a>\n      <\/div>\n\n  <div class=\"article-box-content flex-child-grow flex-container flex-dir-column\">\n    <header class=\"entry-header\">\n      <h2 class=\"entry-name\" itemprop=\"name headline\">\n        <a href=\"https:\/\/parcsaintecroix.com\/fr\/quelle-est-la-difference-entre-le-bison-deurope-et-le-bison-damerique\">Quelle est la diff\u00e9rence entre le bison d&rsquo;Europe et le bison d&rsquo;Am\u00e9rique ?<\/a>\n      <\/h2>\n    <\/header>\n\n    <div class=\"entry-content\">\n      <p class=\"excerpt\">Au Parc Animalier de Sainte\u2011Croix, deux esp\u00e8ces impressionnantes issues d\u2019un h\u00e9ritage pr\u00e9historique commun, proche de l\u2019aurochs, \u00e9voluent &#8230;<\/p>\n    <\/div>\n\n    <p class=\"entry-date\">\n      Publi\u00e9 le 30 avril 2026    <\/p>\n\n  <\/div>\n<\/article>\n\n<article class=\"cell medium-6 large-4 js-article article-box flex-container flex-dir-column post-38694 post type-post status-publish format-standard has-post-thumbnail hentry category-animaux category-le-parc\"  itemscope itemtype=\"https:\/\/schema.org\/Article\" itemid=\"https:\/\/parcsaintecroix.com\/fr\/le-renard-roux-en-france-une-espece-nuisible\" itemref=\"publisher\">\n      <meta itemprop=\"author\" content=\"Parc de Saint Croix\" \/>\n    <meta itemprop=\"image\" content=\"https:\/\/parcsaintecroix.com\/wp-content\/uploads\/2025\/12\/CP-Lydie-Comte-Antoine.jpg\" \/>\n    <meta itemprop=\"datePublished\" content=\"2026-04-30T20:32:32+02:00\" \/>\n    <meta itemprop=\"dateModified\" content=\"2026-04-30T20:32:36+02:00\" \/>\n      <div class=\"news-content-wrapper\">\n          <a href=\"https:\/\/parcsaintecroix.com\/fr\/le-renard-roux-en-france-une-espece-nuisible\" itemprop=\"url mainEntityOfPage\">\n        \n                  <span class=\"label-category\">Animaux<\/span>\n        \n        <figure>\n          <img decoding=\"async\"  data-fade-in loading=\"lazy\" src=\"data:image\/png;base64,R0lGODlhAQABAAD\/ACwAAAAAAQABAAACADs=\" data-lazy-interchange=\"[https:\/\/parcsaintecroix.com\/wp-content\/uploads\/2025\/12\/CP-Lydie-Comte-Antoine-668x668-71ab615e0a86.jpg, small], [https:\/\/parcsaintecroix.com\/wp-content\/uploads\/2025\/12\/CP-Lydie-Comte-Antoine-423x423-f5ddf0753daf.jpg, large], [https:\/\/parcsaintecroix.com\/wp-content\/uploads\/2025\/12\/CP-Lydie-Comte-Antoine-800x800-b303cee25c1f.jpg, xlarge], [https:\/\/parcsaintecroix.com\/wp-content\/uploads\/2025\/12\/CP-Lydie-Comte-Antoine-846x846-97851059a762.jpg, large_retina], [https:\/\/parcsaintecroix.com\/wp-content\/uploads\/2025\/12\/CP-Lydie-Comte-Antoine-1366x1366-f1dbcba1895c.jpg, xlarge_retina]\" data-interchange-sizes=\"{&quot;small&quot;:{&quot;w&quot;:668,&quot;h&quot;:668},&quot;large&quot;:{&quot;w&quot;:423,&quot;h&quot;:423},&quot;xlarge&quot;:{&quot;w&quot;:800,&quot;h&quot;:800},&quot;large_retina&quot;:{&quot;w&quot;:846,&quot;h&quot;:846},&quot;xlarge_retina&quot;:{&quot;w&quot;:1366,&quot;h&quot;:1366}}\"  style=\";--aspect-ratio-small: 1;--aspect-ratio-large: 1;--aspect-ratio-xlarge: 1;--aspect-ratio-large_retina: 1;--aspect-ratio-xlarge_retina: 1\" data-has-aspect-ratio=\"true\" alt=\"Le renard roux en France : une esp\u00e8ce nuisible ?\" itemprop=\"image\" data-fade-in \/>\n        <\/figure>\n\n              <\/a>\n      <\/div>\n\n  <div class=\"article-box-content flex-child-grow flex-container flex-dir-column\">\n    <header class=\"entry-header\">\n      <h2 class=\"entry-name\" itemprop=\"name headline\">\n        <a href=\"https:\/\/parcsaintecroix.com\/fr\/le-renard-roux-en-france-une-espece-nuisible\">Le renard roux en France : une esp\u00e8ce nuisible ?<\/a>\n      <\/h2>\n    <\/header>\n\n    <div class=\"entry-content\">\n      <p class=\"excerpt\">Longtemps consid\u00e9r\u00e9 comme une esp\u00e8ce animale nuisible, le renard roux est encore aujourd\u2019hui porteur de nombreux pr\u00e9jug\u00e9s. &#8230;<\/p>\n    <\/div>\n\n    <p class=\"entry-date\">\n      Publi\u00e9 le 30 avril 2026    <\/p>\n\n  <\/div>\n<\/article>\n\n<article class=\"cell medium-6 large-4 js-article article-box flex-container flex-dir-column post-41005 post type-post status-publish format-standard has-post-thumbnail hentry category-animaux category-le-parc\"  itemscope itemtype=\"https:\/\/schema.org\/Article\" itemid=\"https:\/\/parcsaintecroix.com\/fr\/comment-faire-un-jardin-agroecologique-chez-soi\" itemref=\"publisher\">\n      <meta itemprop=\"author\" content=\"Parc de Saint Croix\" \/>\n    <meta itemprop=\"image\" content=\"https:\/\/parcsaintecroix.com\/wp-content\/uploads\/2026\/04\/Station-sol-CP-Carla-Datola-4.jpg\" \/>\n    <meta itemprop=\"datePublished\" content=\"2026-04-30T20:29:21+02:00\" \/>\n    <meta itemprop=\"dateModified\" content=\"2026-04-30T20:29:24+02:00\" \/>\n      <div class=\"news-content-wrapper\">\n          <a href=\"https:\/\/parcsaintecroix.com\/fr\/comment-faire-un-jardin-agroecologique-chez-soi\" itemprop=\"url mainEntityOfPage\">\n        \n                  <span class=\"label-category\">Animaux<\/span>\n        \n        <figure>\n          <img decoding=\"async\"  data-fade-in loading=\"lazy\" src=\"data:image\/png;base64,R0lGODlhAQABAAD\/ACwAAAAAAQABAAACADs=\" data-lazy-interchange=\"[https:\/\/parcsaintecroix.com\/wp-content\/uploads\/2026\/04\/Station-sol-CP-Carla-Datola-4-668x668-71ab615e0a86.jpg, small], [https:\/\/parcsaintecroix.com\/wp-content\/uploads\/2026\/04\/Station-sol-CP-Carla-Datola-4-423x423-f5ddf0753daf.jpg, large], [https:\/\/parcsaintecroix.com\/wp-content\/uploads\/2026\/04\/Station-sol-CP-Carla-Datola-4-800x800-b303cee25c1f.jpg, xlarge], [https:\/\/parcsaintecroix.com\/wp-content\/uploads\/2026\/04\/Station-sol-CP-Carla-Datola-4-846x846-97851059a762.jpg, large_retina], [https:\/\/parcsaintecroix.com\/wp-content\/uploads\/2026\/04\/Station-sol-CP-Carla-Datola-4-1366x1366-f1dbcba1895c.jpg, xlarge_retina]\" data-interchange-sizes=\"{&quot;small&quot;:{&quot;w&quot;:668,&quot;h&quot;:668},&quot;large&quot;:{&quot;w&quot;:423,&quot;h&quot;:423},&quot;xlarge&quot;:{&quot;w&quot;:800,&quot;h&quot;:800},&quot;large_retina&quot;:{&quot;w&quot;:846,&quot;h&quot;:846},&quot;xlarge_retina&quot;:{&quot;w&quot;:1366,&quot;h&quot;:1366}}\"  style=\";--aspect-ratio-small: 1;--aspect-ratio-large: 1;--aspect-ratio-xlarge: 1;--aspect-ratio-large_retina: 1;--aspect-ratio-xlarge_retina: 1\" data-has-aspect-ratio=\"true\" alt=\"Comment faire un jardin agro\u00e9cologique chez soi ?\" itemprop=\"image\" data-fade-in \/>\n        <\/figure>\n\n              <\/a>\n      <\/div>\n\n  <div class=\"article-box-content flex-child-grow flex-container flex-dir-column\">\n    <header class=\"entry-header\">\n      <h2 class=\"entry-name\" itemprop=\"name headline\">\n        <a href=\"https:\/\/parcsaintecroix.com\/fr\/comment-faire-un-jardin-agroecologique-chez-soi\">Comment faire un jardin agro\u00e9cologique chez soi ?<\/a>\n      <\/h2>\n    <\/header>\n\n    <div class=\"entry-content\">\n      <p class=\"excerpt\">Cr\u00e9er un jardin agro\u00e9cologique chez soi, c\u2019est choisir un mode de culture respectueux de la nature, de &#8230;<\/p>\n    <\/div>\n\n    <p class=\"entry-date\">\n      Publi\u00e9 le 30 avril 2026    <\/p>\n\n  <\/div>\n<\/article>\n\n        <\/div>\n\n\n              <\/div>\n    <\/section>\n    ","protected":false},"excerpt":{"rendered":"<p>Qui est la Chouette de l\u2019Oural ? Le retour de la Chouette de l\u2019Oural en Europe Pourquoi la Chouette de l\u2019Oural a-t-elle disparu en Europe centrale ? Les principales causes de cette extinction est d\u00fb \u00e0 : Autrefois elle etait pr\u00e9sente en Bavi\u00e8re, en Boh\u00eame ou encore dans certaines r\u00e9gions d\u2019Europe centrale mais depuis le [&hellip;]<\/p>\n","protected":false},"author":9,"featured_media":25688,"comment_status":"closed","ping_status":"closed","sticky":false,"template":"","format":"standard","meta":{"_acf_changed":false,"_themeisle_gutenberg_block_has_review":false,"footnotes":""},"categories":[1],"tags":[],"class_list":["post-25571","post","type-post","status-publish","format-standard","has-post-thumbnail","hentry","category-evenement"],"acf":[],"yoast_head":"<!-- This site is optimized with the Yoast SEO plugin v27.3 - https:\/\/yoast.com\/product\/yoast-seo-wordpress\/ -->\n<title>R\u00e9introduction de la Chouette de l&#039;Oural | Parc de Sainte-Croix<\/title>\n<meta name=\"description\" content=\"D\u00e9couvrez la Chouette de l\u2019Oural et les actions du Parc de Sainte-Croix pour sa r\u00e9introduction en Europe.\" \/>\n<meta name=\"robots\" content=\"index, follow, max-snippet:-1, max-image-preview:large, max-video-preview:-1\" \/>\n<link rel=\"canonical\" href=\"https:\/\/parcsaintecroix.com\/fr\/reintroduction-de-chouettes-de-loural-en-baviere\" \/>\n<meta property=\"og:locale\" content=\"fr_FR\" \/>\n<meta property=\"og:type\" content=\"article\" \/>\n<meta property=\"og:title\" content=\"R\u00e9introduction de la Chouette de l&#039;Oural | Parc de Sainte-Croix\" \/>\n<meta property=\"og:description\" content=\"D\u00e9couvrez la Chouette de l\u2019Oural et les actions du Parc de Sainte-Croix pour sa r\u00e9introduction en Europe.\" \/>\n<meta property=\"og:url\" content=\"https:\/\/parcsaintecroix.com\/fr\/reintroduction-de-chouettes-de-loural-en-baviere\" \/>\n<meta property=\"og:site_name\" content=\"Parc de Saint Croix\" \/>\n<meta property=\"article:publisher\" content=\"https:\/\/www.facebook.com\/LodgesSainteCroix\/\" \/>\n<meta property=\"article:published_time\" content=\"2026-04-30T18:24:44+00:00\" \/>\n<meta property=\"article:modified_time\" content=\"2026-04-30T18:24:47+00:00\" \/>\n<meta property=\"og:image\" content=\"https:\/\/parcsaintecroix.com\/wp-content\/uploads\/2023\/08\/cp-margaux-c-11-scaled-1024x683-fd90e2c36371.jpg\" \/>\n\t<meta property=\"og:image:width\" content=\"1024\" \/>\n\t<meta property=\"og:image:height\" content=\"683\" \/>\n\t<meta property=\"og:image:type\" content=\"image\/jpeg\" \/>\n<meta name=\"author\" content=\"accueil psc\" \/>\n<meta name=\"twitter:card\" content=\"summary_large_image\" \/>\n<meta name=\"twitter:creator\" content=\"@parc_stecroix\" \/>\n<meta name=\"twitter:site\" content=\"@parc_stecroix\" \/>\n<meta name=\"twitter:label1\" content=\"\u00c9crit par\" \/>\n\t<meta name=\"twitter:data1\" content=\"accueil psc\" \/>\n\t<meta name=\"twitter:label2\" content=\"Dur\u00e9e de lecture estim\u00e9e\" \/>\n\t<meta name=\"twitter:data2\" content=\"5 minutes\" \/>\n<script type=\"application\/ld+json\" class=\"yoast-schema-graph\">{\"@context\":\"https:\\\/\\\/schema.org\",\"@graph\":[{\"@type\":\"Article\",\"@id\":\"https:\\\/\\\/parcsaintecroix.com\\\/fr\\\/reintroduction-de-chouettes-de-loural-en-baviere#article\",\"isPartOf\":{\"@id\":\"https:\\\/\\\/parcsaintecroix.com\\\/fr\\\/reintroduction-de-chouettes-de-loural-en-baviere\"},\"author\":{\"name\":\"accueil psc\",\"@id\":\"https:\\\/\\\/parcsaintecroix.com\\\/fr\\\/#\\\/schema\\\/person\\\/7266c807920faa3ee8868aa167294065\"},\"headline\":\"R\u00e9introduction de Chouettes de l\u2019Oural en Bavi\u00e8re\",\"datePublished\":\"2026-04-30T18:24:44+00:00\",\"dateModified\":\"2026-04-30T18:24:47+00:00\",\"mainEntityOfPage\":{\"@id\":\"https:\\\/\\\/parcsaintecroix.com\\\/fr\\\/reintroduction-de-chouettes-de-loural-en-baviere\"},\"wordCount\":1007,\"publisher\":{\"@id\":\"https:\\\/\\\/parcsaintecroix.com\\\/fr\\\/#organization\"},\"image\":{\"@id\":\"https:\\\/\\\/parcsaintecroix.com\\\/fr\\\/reintroduction-de-chouettes-de-loural-en-baviere#primaryimage\"},\"thumbnailUrl\":\"https:\\\/\\\/parcsaintecroix.com\\\/wp-content\\\/uploads\\\/2023\\\/08\\\/cp-margaux-c-11-scaled.jpg\",\"articleSection\":[\"\u00c9v\u00e9nement\"],\"inLanguage\":\"fr-FR\"},{\"@type\":\"WebPage\",\"@id\":\"https:\\\/\\\/parcsaintecroix.com\\\/fr\\\/reintroduction-de-chouettes-de-loural-en-baviere\",\"url\":\"https:\\\/\\\/parcsaintecroix.com\\\/fr\\\/reintroduction-de-chouettes-de-loural-en-baviere\",\"name\":\"R\u00e9introduction de la Chouette de l'Oural | Parc de Sainte-Croix\",\"isPartOf\":{\"@id\":\"https:\\\/\\\/parcsaintecroix.com\\\/fr\\\/#website\"},\"primaryImageOfPage\":{\"@id\":\"https:\\\/\\\/parcsaintecroix.com\\\/fr\\\/reintroduction-de-chouettes-de-loural-en-baviere#primaryimage\"},\"image\":{\"@id\":\"https:\\\/\\\/parcsaintecroix.com\\\/fr\\\/reintroduction-de-chouettes-de-loural-en-baviere#primaryimage\"},\"thumbnailUrl\":\"https:\\\/\\\/parcsaintecroix.com\\\/wp-content\\\/uploads\\\/2023\\\/08\\\/cp-margaux-c-11-scaled.jpg\",\"datePublished\":\"2026-04-30T18:24:44+00:00\",\"dateModified\":\"2026-04-30T18:24:47+00:00\",\"description\":\"D\u00e9couvrez la Chouette de l\u2019Oural et les actions du Parc de Sainte-Croix pour sa r\u00e9introduction en Europe.\",\"breadcrumb\":{\"@id\":\"https:\\\/\\\/parcsaintecroix.com\\\/fr\\\/reintroduction-de-chouettes-de-loural-en-baviere#breadcrumb\"},\"inLanguage\":\"fr-FR\",\"potentialAction\":[{\"@type\":\"ReadAction\",\"target\":[\"https:\\\/\\\/parcsaintecroix.com\\\/fr\\\/reintroduction-de-chouettes-de-loural-en-baviere\"]}]},{\"@type\":\"ImageObject\",\"inLanguage\":\"fr-FR\",\"@id\":\"https:\\\/\\\/parcsaintecroix.com\\\/fr\\\/reintroduction-de-chouettes-de-loural-en-baviere#primaryimage\",\"url\":\"https:\\\/\\\/parcsaintecroix.com\\\/wp-content\\\/uploads\\\/2023\\\/08\\\/cp-margaux-c-11-scaled.jpg\",\"contentUrl\":\"https:\\\/\\\/parcsaintecroix.com\\\/wp-content\\\/uploads\\\/2023\\\/08\\\/cp-margaux-c-11-scaled.jpg\",\"width\":2560,\"height\":1707},{\"@type\":\"BreadcrumbList\",\"@id\":\"https:\\\/\\\/parcsaintecroix.com\\\/fr\\\/reintroduction-de-chouettes-de-loural-en-baviere#breadcrumb\",\"itemListElement\":[{\"@type\":\"ListItem\",\"position\":1,\"name\":\"Accueil\",\"item\":\"https:\\\/\\\/parcsaintecroix.com\\\/fr\"},{\"@type\":\"ListItem\",\"position\":2,\"name\":\"R\u00e9introduction de Chouettes de l\u2019Oural en Bavi\u00e8re\"}]},{\"@type\":\"WebSite\",\"@id\":\"https:\\\/\\\/parcsaintecroix.com\\\/fr\\\/#website\",\"url\":\"https:\\\/\\\/parcsaintecroix.com\\\/fr\\\/\",\"name\":\"Parc de Saint Croix\",\"description\":\"\",\"publisher\":{\"@id\":\"https:\\\/\\\/parcsaintecroix.com\\\/fr\\\/#organization\"},\"inLanguage\":\"fr-FR\"},{\"@type\":\"Organization\",\"@id\":\"https:\\\/\\\/parcsaintecroix.com\\\/fr\\\/#organization\",\"name\":\"Parc de Saint Croix\",\"url\":\"https:\\\/\\\/parcsaintecroix.com\\\/fr\\\/\",\"logo\":{\"@type\":\"ImageObject\",\"inLanguage\":\"fr-FR\",\"@id\":\"https:\\\/\\\/parcsaintecroix.com\\\/fr\\\/#\\\/schema\\\/logo\\\/image\\\/\",\"url\":\"https:\\\/\\\/parcsaintecroix.com\\\/wp-content\\\/uploads\\\/2022\\\/09\\\/SainteCroix-Favicon.png\",\"contentUrl\":\"https:\\\/\\\/parcsaintecroix.com\\\/wp-content\\\/uploads\\\/2022\\\/09\\\/SainteCroix-Favicon.png\",\"width\":512,\"height\":512,\"caption\":\"Parc de Saint Croix\"},\"image\":{\"@id\":\"https:\\\/\\\/parcsaintecroix.com\\\/fr\\\/#\\\/schema\\\/logo\\\/image\\\/\"},\"sameAs\":[\"https:\\\/\\\/www.facebook.com\\\/LodgesSainteCroix\\\/\",\"https:\\\/\\\/x.com\\\/parc_stecroix\"]},{\"@type\":\"Person\",\"@id\":\"https:\\\/\\\/parcsaintecroix.com\\\/fr\\\/#\\\/schema\\\/person\\\/7266c807920faa3ee8868aa167294065\",\"name\":\"accueil psc\"}]}<\/script>\n<!-- \/ Yoast SEO plugin. -->","yoast_head_json":{"title":"R\u00e9introduction de la Chouette de l'Oural | Parc de Sainte-Croix","description":"D\u00e9couvrez la Chouette de l\u2019Oural et les actions du Parc de Sainte-Croix pour sa r\u00e9introduction en Europe.","robots":{"index":"index","follow":"follow","max-snippet":"max-snippet:-1","max-image-preview":"max-image-preview:large","max-video-preview":"max-video-preview:-1"},"canonical":"https:\/\/parcsaintecroix.com\/fr\/reintroduction-de-chouettes-de-loural-en-baviere","og_locale":"fr_FR","og_type":"article","og_title":"R\u00e9introduction de la Chouette de l'Oural | Parc de Sainte-Croix","og_description":"D\u00e9couvrez la Chouette de l\u2019Oural et les actions du Parc de Sainte-Croix pour sa r\u00e9introduction en Europe.","og_url":"https:\/\/parcsaintecroix.com\/fr\/reintroduction-de-chouettes-de-loural-en-baviere","og_site_name":"Parc de Saint Croix","article_publisher":"https:\/\/www.facebook.com\/LodgesSainteCroix\/","article_published_time":"2026-04-30T18:24:44+00:00","article_modified_time":"2026-04-30T18:24:47+00:00","og_image":[{"width":1024,"height":683,"url":"https:\/\/parcsaintecroix.com\/wp-content\/uploads\/2023\/08\/cp-margaux-c-11-scaled-1024x683-fd90e2c36371.jpg","type":"image\/jpeg"}],"author":"accueil psc","twitter_card":"summary_large_image","twitter_creator":"@parc_stecroix","twitter_site":"@parc_stecroix","twitter_misc":{"\u00c9crit par":"accueil psc","Dur\u00e9e de lecture estim\u00e9e":"5 minutes"},"schema":{"@context":"https:\/\/schema.org","@graph":[{"@type":"Article","@id":"https:\/\/parcsaintecroix.com\/fr\/reintroduction-de-chouettes-de-loural-en-baviere#article","isPartOf":{"@id":"https:\/\/parcsaintecroix.com\/fr\/reintroduction-de-chouettes-de-loural-en-baviere"},"author":{"name":"accueil psc","@id":"https:\/\/parcsaintecroix.com\/fr\/#\/schema\/person\/7266c807920faa3ee8868aa167294065"},"headline":"R\u00e9introduction de Chouettes de l\u2019Oural en Bavi\u00e8re","datePublished":"2026-04-30T18:24:44+00:00","dateModified":"2026-04-30T18:24:47+00:00","mainEntityOfPage":{"@id":"https:\/\/parcsaintecroix.com\/fr\/reintroduction-de-chouettes-de-loural-en-baviere"},"wordCount":1007,"publisher":{"@id":"https:\/\/parcsaintecroix.com\/fr\/#organization"},"image":{"@id":"https:\/\/parcsaintecroix.com\/fr\/reintroduction-de-chouettes-de-loural-en-baviere#primaryimage"},"thumbnailUrl":"https:\/\/parcsaintecroix.com\/wp-content\/uploads\/2023\/08\/cp-margaux-c-11-scaled.jpg","articleSection":["\u00c9v\u00e9nement"],"inLanguage":"fr-FR"},{"@type":"WebPage","@id":"https:\/\/parcsaintecroix.com\/fr\/reintroduction-de-chouettes-de-loural-en-baviere","url":"https:\/\/parcsaintecroix.com\/fr\/reintroduction-de-chouettes-de-loural-en-baviere","name":"R\u00e9introduction de la Chouette de l'Oural | Parc de Sainte-Croix","isPartOf":{"@id":"https:\/\/parcsaintecroix.com\/fr\/#website"},"primaryImageOfPage":{"@id":"https:\/\/parcsaintecroix.com\/fr\/reintroduction-de-chouettes-de-loural-en-baviere#primaryimage"},"image":{"@id":"https:\/\/parcsaintecroix.com\/fr\/reintroduction-de-chouettes-de-loural-en-baviere#primaryimage"},"thumbnailUrl":"https:\/\/parcsaintecroix.com\/wp-content\/uploads\/2023\/08\/cp-margaux-c-11-scaled.jpg","datePublished":"2026-04-30T18:24:44+00:00","dateModified":"2026-04-30T18:24:47+00:00","description":"D\u00e9couvrez la Chouette de l\u2019Oural et les actions du Parc de Sainte-Croix pour sa r\u00e9introduction en Europe.","breadcrumb":{"@id":"https:\/\/parcsaintecroix.com\/fr\/reintroduction-de-chouettes-de-loural-en-baviere#breadcrumb"},"inLanguage":"fr-FR","potentialAction":[{"@type":"ReadAction","target":["https:\/\/parcsaintecroix.com\/fr\/reintroduction-de-chouettes-de-loural-en-baviere"]}]},{"@type":"ImageObject","inLanguage":"fr-FR","@id":"https:\/\/parcsaintecroix.com\/fr\/reintroduction-de-chouettes-de-loural-en-baviere#primaryimage","url":"https:\/\/parcsaintecroix.com\/wp-content\/uploads\/2023\/08\/cp-margaux-c-11-scaled.jpg","contentUrl":"https:\/\/parcsaintecroix.com\/wp-content\/uploads\/2023\/08\/cp-margaux-c-11-scaled.jpg","width":2560,"height":1707},{"@type":"BreadcrumbList","@id":"https:\/\/parcsaintecroix.com\/fr\/reintroduction-de-chouettes-de-loural-en-baviere#breadcrumb","itemListElement":[{"@type":"ListItem","position":1,"name":"Accueil","item":"https:\/\/parcsaintecroix.com\/fr"},{"@type":"ListItem","position":2,"name":"R\u00e9introduction de Chouettes de l\u2019Oural en Bavi\u00e8re"}]},{"@type":"WebSite","@id":"https:\/\/parcsaintecroix.com\/fr\/#website","url":"https:\/\/parcsaintecroix.com\/fr\/","name":"Parc de Saint Croix","description":"","publisher":{"@id":"https:\/\/parcsaintecroix.com\/fr\/#organization"},"inLanguage":"fr-FR"},{"@type":"Organization","@id":"https:\/\/parcsaintecroix.com\/fr\/#organization","name":"Parc de Saint Croix","url":"https:\/\/parcsaintecroix.com\/fr\/","logo":{"@type":"ImageObject","inLanguage":"fr-FR","@id":"https:\/\/parcsaintecroix.com\/fr\/#\/schema\/logo\/image\/","url":"https:\/\/parcsaintecroix.com\/wp-content\/uploads\/2022\/09\/SainteCroix-Favicon.png","contentUrl":"https:\/\/parcsaintecroix.com\/wp-content\/uploads\/2022\/09\/SainteCroix-Favicon.png","width":512,"height":512,"caption":"Parc de Saint Croix"},"image":{"@id":"https:\/\/parcsaintecroix.com\/fr\/#\/schema\/logo\/image\/"},"sameAs":["https:\/\/www.facebook.com\/LodgesSainteCroix\/","https:\/\/x.com\/parc_stecroix"]},{"@type":"Person","@id":"https:\/\/parcsaintecroix.com\/fr\/#\/schema\/person\/7266c807920faa3ee8868aa167294065","name":"accueil psc"}]}},"_links":{"self":[{"href":"https:\/\/parcsaintecroix.com\/fr\/wp-json\/wp\/v2\/posts\/25571","targetHints":{"allow":["GET"]}}],"collection":[{"href":"https:\/\/parcsaintecroix.com\/fr\/wp-json\/wp\/v2\/posts"}],"about":[{"href":"https:\/\/parcsaintecroix.com\/fr\/wp-json\/wp\/v2\/types\/post"}],"author":[{"embeddable":true,"href":"https:\/\/parcsaintecroix.com\/fr\/wp-json\/wp\/v2\/users\/9"}],"replies":[{"embeddable":true,"href":"https:\/\/parcsaintecroix.com\/fr\/wp-json\/wp\/v2\/comments?post=25571"}],"version-history":[{"count":12,"href":"https:\/\/parcsaintecroix.com\/fr\/wp-json\/wp\/v2\/posts\/25571\/revisions"}],"predecessor-version":[{"id":41187,"href":"https:\/\/parcsaintecroix.com\/fr\/wp-json\/wp\/v2\/posts\/25571\/revisions\/41187"}],"wp:featuredmedia":[{"embeddable":true,"href":"https:\/\/parcsaintecroix.com\/fr\/wp-json\/wp\/v2\/media\/25688"}],"wp:attachment":[{"href":"https:\/\/parcsaintecroix.com\/fr\/wp-json\/wp\/v2\/media?parent=25571"}],"wp:term":[{"taxonomy":"category","embeddable":true,"href":"https:\/\/parcsaintecroix.com\/fr\/wp-json\/wp\/v2\/categories?post=25571"},{"taxonomy":"post_tag","embeddable":true,"href":"https:\/\/parcsaintecroix.com\/fr\/wp-json\/wp\/v2\/tags?post=25571"}],"curies":[{"name":"wp","href":"https:\/\/api.w.org\/{rel}","templated":true}]}}