{"id":29820,"date":"2024-05-09T10:28:56","date_gmt":"2024-05-09T08:28:56","guid":{"rendered":"https:\/\/parcsaintecroix.com\/?p=29820"},"modified":"2024-06-21T12:48:04","modified_gmt":"2024-06-21T10:48:04","slug":"les-animaux-en-voie-de-disparition","status":"publish","type":"post","link":"https:\/\/parcsaintecroix.com\/fr\/les-animaux-en-voie-de-disparition","title":{"rendered":"Les animaux en voie de disparition"},"content":{"rendered":"<section class=\"block-grid-wrapper block-grid-for-core-paragraph\">\n      <div class=\"default-editor-content grid-for-core-paragraph grid-container fluid fluid\">\n        <div class=\"grid-x grid-padding-x align-center\">\n          <div class=\"cell\">\n            \n<p class=\"has-text-align-center\">Les esp\u00e8ces en voie de disparition, animales ou v\u00e9g\u00e9tales, sont de plus en plus menac\u00e9es par l\u2019activit\u00e9 humaine et l\u2019utilisation des ressources naturelles. 60% des populations animales ont disparu en 50 ans, la crise \u00e9cologique actuelle est sans pr\u00e9c\u00e9dent. Rien qu\u2019en France, 2 268 esp\u00e8ces sont menac\u00e9es (UICN). Chaque organisme vivant joue un r\u00f4le dans l\u2019\u00e9quilibre fragile de la biodiversit\u00e9, lorsqu\u2019une esp\u00e8ce dispara\u00eet, c\u2019est tout l\u2019\u00e9cosyst\u00e8me qui est impact\u00e9.<\/p>\n          <\/div>\n        <\/div>\n      <\/div>\n\n      <\/section>\n\n<section class=\"block-grid-wrapper block-grid-for-core-paragraph\">\n      <div class=\"default-editor-content grid-for-core-paragraph grid-container fluid fluid\">\n        <div class=\"grid-x grid-padding-x align-center\">\n          <div class=\"cell\">\n            \n<p class=\"has-text-align-center\">L\u2019Homme a aussi un r\u00f4le \u00e0 jouer dans la conservation de la biodiversit\u00e9, elle nous fournit des mat\u00e9riaux essentiels, de la nourriture, des m\u00e9dicaments, mais aussi de l\u2019eau, de l\u2019air et des sols de qualit\u00e9s. Au-del\u00e0 de sa valeur \u00e9conomique, la biodiversit\u00e9 est source de bien-\u00eatre, elle nous rassemble et nous transmet ses valeurs.<\/p>\n          <\/div>\n        <\/div>\n      <\/div>\n\n      <\/section>\n\n<section class=\"block-grid-wrapper block-grid-for-core-heading\">\n      <div class=\"default-editor-content grid-for-core-heading grid-container fluid fluid\">\n        <div class=\"grid-x grid-padding-x align-center\">\n          <div class=\"cell\">\n            \n<h2 class=\"wp-block-heading\"><strong>Qu&rsquo;est-ce qu&rsquo;un animal en voie de disparition ?<\/strong><\/h2>\n          <\/div>\n        <\/div>\n      <\/div>\n\n      <\/section>\n\n<section class=\"block-grid-wrapper block-grid-for-core-paragraph\">\n      <div class=\"default-editor-content grid-for-core-paragraph grid-container fluid fluid\">\n        <div class=\"grid-x grid-padding-x align-center\">\n          <div class=\"cell\">\n            \n<p>L\u2019UICN fait \u00e9tat de la conservation des esp\u00e8ces animales et v\u00e9g\u00e9tales dans le monde, les niveaux de menaces sur ces esp\u00e8ces, et identifie les actions \u00e0 entreprendre pour agir en faveur de la protection de la biodiversit\u00e9. Aujourd\u2019hui, 1 million d\u2019esp\u00e8ces sont menac\u00e9es de disparition&nbsp;! Un chiffre sous-estim\u00e9 puisqu\u2019il reste encore de nombreuses esp\u00e8ces pour qui les donn\u00e9es sont insuffisantes (DD), sans compter celles qui n\u2019ont pas encore \u00e9t\u00e9 d\u00e9couvertes et qui pourraient s\u2019ajouter \u00e0 la liste.<\/p>\n          <\/div>\n        <\/div>\n      <\/div>\n\n      <\/section>\n\n<section class=\"block-grid-wrapper block-grid-for-core-image\">\n      <div class=\"default-editor-content grid-for-core-image grid-container fluid fluid\">\n        <div class=\"grid-x grid-padding-x align-center\">\n          <div class=\"cell\">\n            \n<figure class=\"wp-block-image aligncenter size-full is-resized\"><img loading=\"lazy\" decoding=\"async\" width=\"896\" height=\"777\" src=\"https:\/\/parcsaintecroix.com\/wp-content\/uploads\/2024\/06\/article.png\" alt=\"\" class=\"wp-image-29821\" style=\"width:329px;height:auto\" srcset=\"https:\/\/parcsaintecroix.com\/wp-content\/uploads\/2024\/06\/article.png 896w, https:\/\/parcsaintecroix.com\/wp-content\/uploads\/2024\/06\/article-300x260-512c1e2135f8.png 300w, https:\/\/parcsaintecroix.com\/wp-content\/uploads\/2024\/06\/article-768x666-b56108145cc7.png 768w, https:\/\/parcsaintecroix.com\/wp-content\/uploads\/2024\/06\/article-100x87-fab7673e88b9.png 100w\" sizes=\"auto, (max-width: 896px) 100vw, 896px\" \/><\/figure>\n          <\/div>\n        <\/div>\n      <\/div>\n\n      <\/section>\n\n<section class=\"block-grid-wrapper block-grid-for-core-paragraph\">\n      <div class=\"default-editor-content grid-for-core-paragraph grid-container fluid fluid\">\n        <div class=\"grid-x grid-padding-x align-center\">\n          <div class=\"cell\">\n            \n<p><\/p>\n          <\/div>\n        <\/div>\n      <\/div>\n\n      <\/section>\n\n<section class=\"block-grid-wrapper block-grid-for-core-paragraph\">\n      <div class=\"default-editor-content grid-for-core-paragraph grid-container fluid fluid\">\n        <div class=\"grid-x grid-padding-x align-center\">\n          <div class=\"cell\">\n            \n<p>Sont consid\u00e9r\u00e9es menac\u00e9es les esp\u00e8ces dans la liste rouge de l\u2019UICN selon ces trois cat\u00e9gories&nbsp;:&nbsp;En danger critique d\u2019extinction (CR), En danger (EN), ou Vuln\u00e9rable (VU). Les crit\u00e8res de cette classification sont&nbsp;: \u00ab<em>&nbsp;taille de population, taux de d\u00e9clin, aire de r\u00e9partition g\u00e9ographique, degr\u00e9 de peuplement et de fragmentation de la r\u00e9partition&nbsp;<\/em>\u00bb (UICN, 2012).<\/p>\n          <\/div>\n        <\/div>\n      <\/div>\n\n      <\/section>\n\n<section class=\"block-grid-wrapper block-grid-for-core-heading\">\n      <div class=\"default-editor-content grid-for-core-heading grid-container fluid fluid\">\n        <div class=\"grid-x grid-padding-x align-center\">\n          <div class=\"cell\">\n            \n<h3 class=\"wp-block-heading\"><strong>Quels sont les animaux en voie de disparition ?<\/strong><\/h3>\n          <\/div>\n        <\/div>\n      <\/div>\n\n      <\/section>\n\n<section class=\"block-grid-wrapper block-grid-for-core-paragraph\">\n      <div class=\"default-editor-content grid-for-core-paragraph grid-container fluid fluid\">\n        <div class=\"grid-x grid-padding-x align-center\">\n          <div class=\"cell\">\n            \n<p>L\u2019activit\u00e9 humaine a un impact sans pr\u00e9c\u00e9dent sur la biodiversit\u00e9, malgr\u00e9 les efforts de conservation des milliers d\u2019esp\u00e8ces sont menac\u00e9es d\u2019extinction.<\/p>\n          <\/div>\n        <\/div>\n      <\/div>\n\n      <\/section>\n\n<section class=\"block-grid-wrapper block-grid-for-core-paragraph\">\n      <div class=\"default-editor-content grid-for-core-paragraph grid-container fluid fluid\">\n        <div class=\"grid-x grid-padding-x align-center\">\n          <div class=\"cell\">\n            \n<p>Liste de certaines esp\u00e8ces menac\u00e9es d\u2019extinction :<\/p>\n          <\/div>\n        <\/div>\n      <\/div>\n\n      <\/section>\n\n<section class=\"block-grid-wrapper block-grid-for-core-heading\">\n      <div class=\"default-editor-content grid-for-core-heading grid-container fluid fluid\">\n        <div class=\"grid-x grid-padding-x align-center\">\n          <div class=\"cell\">\n            \n<h4 class=\"wp-block-heading\"><strong>Les esp\u00e8ces en CR (danger critique) :<\/strong><\/h4>\n          <\/div>\n        <\/div>\n      <\/div>\n\n      <\/section>\n\n<section class=\"block-grid-wrapper block-grid-for-core-list\">\n      <div class=\"default-editor-content grid-for-core-list grid-container fluid fluid\">\n        <div class=\"grid-x grid-padding-x align-center\">\n          <div class=\"cell\">\n            \n<ul class=\"wp-block-list\">\n<li>Le<strong> Rhinoc\u00e9ros de Java<\/strong> est une esp\u00e8ce en fort d\u00e9clin \u00e0 cause de la chasse et de la perte de son habitat.<\/li>\n\n\n\n<li>Le <strong>L\u00e9opard de l\u2019Amour <\/strong>n\u2019est pr\u00e9sent que dans de petites r\u00e9gions en Russie et en Chine, avec une population d\u2019environ 100 individus, la fragmentation et la d\u00e9gradation de son habitat ne facilitent pas sa conservation.<\/li>\n\n\n\n<li>Le <strong>Tigre de Sumatra<\/strong> est une esp\u00e8ce rare et menac\u00e9e d\u00fb au braconnage et \u00e0 l\u2019extension des infrastructures humaines.<\/li>\n\n\n\n<li>L\u2019<strong>Orang-outan de Tapanuli<\/strong> est l\u2019esp\u00e8ce de grands singes la plus menac\u00e9e, notamment \u00e0 cause de la perte de son habitat et des pratiques agricoles humaines.<\/li>\n\n\n\n<li>Le <strong>Marsouin apt\u00e8re du Yangts\u00e9<\/strong> est class\u00e9 \u00ab&nbsp;En danger&nbsp;\u00bb d\u00fb \u00e0 la d\u00e9gradation de son habitat, \u00e0 la surp\u00eache, et \u00e0 la pollution.<\/li>\n\n\n\n<li>Le <strong>Rhinoc\u00e9ros noir d\u2019Afrique<\/strong> a bien failli dispara\u00eetre de son milieu naturel, malgr\u00e9 les efforts de conservation c\u2019est une esp\u00e8ce qui reste critiquement en danger \u00e0 cause du braconnage.<\/li>\n\n\n\n<li>L\u2019<strong>\u00c9l\u00e9phant de for\u00eat d\u2019Afrique<\/strong> lui aussi subit le braconnage, mais \u00e9galement la destruction de son habitat naturel. Sa population a d\u00e9clin\u00e9 de 86% en seulement une trentaine d\u2019ann\u00e9es.<\/li>\n\n\n\n<li>Le <strong><a href=\"https:\/\/parcsaintecroix.com\/fr\/animaux\/vari-roux\">Vari roux<\/a><\/strong>, class\u00e9 en danger critique, est menac\u00e9 par la d\u00e9forestation et le braconnage. Pr\u00e9sent au <strong>Parc de Sainte-Croix<\/strong>, nous soutenons des associations \u00e0 Madagascar qui agissent pour sa conservation.<\/li>\n<\/ul>\n          <\/div>\n        <\/div>\n      <\/div>\n\n      <\/section>\n\n<section class=\"block-grid-wrapper block-grid-for-core-heading\">\n      <div class=\"default-editor-content grid-for-core-heading grid-container fluid fluid\">\n        <div class=\"grid-x grid-padding-x align-center\">\n          <div class=\"cell\">\n            \n<h4 class=\"wp-block-heading\"><strong>Les esp\u00e8ces en EN (en danger) :<\/strong><\/h4>\n          <\/div>\n        <\/div>\n      <\/div>\n\n      <\/section>\n\n<section class=\"block-grid-wrapper block-grid-for-core-list\">\n      <div class=\"default-editor-content grid-for-core-list grid-container fluid fluid\">\n        <div class=\"grid-x grid-padding-x align-center\">\n          <div class=\"cell\">\n            \n<ul class=\"wp-block-list\">\n<li>Le <strong>Gorille des montagnes<\/strong> est prot\u00e9g\u00e9 par de nombreuses instances internationales de conservation, cependant la proximit\u00e9 de son habitat avec l\u2019Homme constitue une menace majeure, il n\u2019en reste plus que 1000 en milieu naturel.<\/li>\n\n\n\n<li>Le <strong><a href=\"https:\/\/parcsaintecroix.com\/fr\/animaux\/panda-roux\">Panda roux<\/a><\/strong>, que vous pouvez retrouver au Parc et parrainer, est menac\u00e9 par la d\u00e9forestation, le d\u00e9veloppement des zones d\u2019urbanisation et le braconnage.<\/li>\n<\/ul>\n          <\/div>\n        <\/div>\n      <\/div>\n\n      <\/section>\n\n<section class=\"block-grid-wrapper block-grid-for-core-paragraph\">\n      <div class=\"default-editor-content grid-for-core-paragraph grid-container fluid fluid\">\n        <div class=\"grid-x grid-padding-x align-center\">\n          <div class=\"cell\">\n            \n<p>Au<strong> Parc Animalier de Sainte-Croix<\/strong>, nous h\u00e9bergeons de nombreuses esp\u00e8ces menac\u00e9es d\u2019extinction, certaines sont class\u00e9es <strong>CR, EN ou VU<\/strong> (vuln\u00e9rable) telles que : le renne, l\u2019ours brun, le l\u00e9mur \u00e0 ventre roux, le glouton, le bison d\u2019Europe, le harfang des neiges, la grue de Mandchourie, etc\u2026<\/p>\n          <\/div>\n        <\/div>\n      <\/div>\n\n      <\/section>\n\n<section class=\"block-grid-wrapper block-grid-for-core-paragraph\">\n      <div class=\"default-editor-content grid-for-core-paragraph grid-container fluid fluid\">\n        <div class=\"grid-x grid-padding-x align-center\">\n          <div class=\"cell\">\n            \n<p>Dans sa d\u00e9marche de reconnecter l\u2019Homme \u00e0 la nature, le Parc sensibilise le public \u00e0 la conservation gr\u00e2ce aux animaux comme ambassadeurs de la biodiversit\u00e9. Il est essentiel que la population soit sensibilis\u00e9e \u00e0 la conservation des esp\u00e8ces et de leurs milieux afin de mieux les comprendre (milieu de vie, r\u00f4le dans l\u2019\u00e9cosyst\u00e8me, cohabitation avec l\u2019Homme) et ainsi de mieux les prot\u00e9ger.&nbsp;&nbsp;<\/p>\n          <\/div>\n        <\/div>\n      <\/div>\n\n      <\/section>\n\n<section class=\"block-grid-wrapper block-grid-for-core-heading\">\n      <div class=\"default-editor-content grid-for-core-heading grid-container fluid fluid\">\n        <div class=\"grid-x grid-padding-x align-center\">\n          <div class=\"cell\">\n            \n<h2 class=\"wp-block-heading\"><strong>Les esp\u00e8ces en voie d&rsquo;extinction, les prot\u00e9ger c&rsquo;est nous prot\u00e9ger !<\/strong><\/h2>\n          <\/div>\n        <\/div>\n      <\/div>\n\n      <\/section>\n\n<section class=\"block-grid-wrapper block-grid-for-core-heading\">\n      <div class=\"default-editor-content grid-for-core-heading grid-container fluid fluid\">\n        <div class=\"grid-x grid-padding-x align-center\">\n          <div class=\"cell\">\n            \n<h3 class=\"wp-block-heading\"><strong>Quelles sont les causes de disparition de ces esp\u00e8ces ?<\/strong><\/h3>\n          <\/div>\n        <\/div>\n      <\/div>\n\n      <\/section>\n\n<section class=\"block-grid-wrapper block-grid-for-core-list\">\n      <div class=\"default-editor-content grid-for-core-list grid-container fluid fluid\">\n        <div class=\"grid-x grid-padding-x align-center\">\n          <div class=\"cell\">\n            \n<ol class=\"wp-block-list\">\n<li>La destruction et la fragmentation des milieux naturels (urbanisation, d\u00e9veloppement des voies de transport, expansion des terres agricoles).<\/li>\n\n\n\n<li>La surexploitation des ressources (commerce ill\u00e9gal d\u2019animaux sauvages, surp\u00eache, braconnage).<\/li>\n\n\n\n<li>Les esp\u00e8ces exotiques envahissantes (implantation d\u2019esp\u00e8ces en dehors de leur aire d\u2019origine mena\u00e7ant la biodiversit\u00e9 locale).<\/li>\n\n\n\n<li>La pollution de l\u2019air, de l\u2019eau et des sols (d\u2019origine agricole, industrielle ou domestique).<\/li>\n\n\n\n<li>Les changements climatiques (modifient les conditions de vie et les ressources alimentaires des esp\u00e8ces).<\/li>\n<\/ol>\n          <\/div>\n        <\/div>\n      <\/div>\n\n      <\/section>\n\n<section class=\"block-grid-wrapper block-grid-for-core-heading\">\n      <div class=\"default-editor-content grid-for-core-heading grid-container fluid fluid\">\n        <div class=\"grid-x grid-padding-x align-center\">\n          <div class=\"cell\">\n            \n<h3 class=\"wp-block-heading\"><strong>Quelles sont les mesures mises en place pour les prot\u00e9ger ?<\/strong><\/h3>\n          <\/div>\n        <\/div>\n      <\/div>\n\n      <\/section>\n\n<section class=\"block-grid-wrapper block-grid-for-core-paragraph\">\n      <div class=\"default-editor-content grid-for-core-paragraph grid-container fluid fluid\">\n        <div class=\"grid-x grid-padding-x align-center\">\n          <div class=\"cell\">\n            \n<p>Les actions de conservation sont diverses et requi\u00e8rent la collaboration de nombreux acteurs (collectivit\u00e9s territoriales, Etat, associations, agriculteurs, organisations internationales, etc\u2026). Prot\u00e9ger les animaux n\u00e9cessite une approche \u00e9cosyst\u00e9mique, o\u00f9 la gestion des esp\u00e8ces passe par la compr\u00e9hension des interactions entre les organismes et leur environnement.<\/p>\n          <\/div>\n        <\/div>\n      <\/div>\n\n      <\/section>\n\n<section class=\"block-grid-wrapper block-grid-for-core-paragraph\">\n      <div class=\"default-editor-content grid-for-core-paragraph grid-container fluid fluid\">\n        <div class=\"grid-x grid-padding-x align-center\">\n          <div class=\"cell\">\n            \n<p><strong>Les actions pour pr\u00e9server les esp\u00e8ces&nbsp;:<\/strong><\/p>\n          <\/div>\n        <\/div>\n      <\/div>\n\n      <\/section>\n\n<section class=\"block-grid-wrapper block-grid-for-core-list\">\n      <div class=\"default-editor-content grid-for-core-list grid-container fluid fluid\">\n        <div class=\"grid-x grid-padding-x align-center\">\n          <div class=\"cell\">\n            \n<ul class=\"wp-block-list\">\n<li>Prot\u00e9ger le patrimoine naturel (parcs nationaux, parcs naturels terrestres et marins, etc\u2026).<\/li>\n\n\n\n<li>R\u00e9introduire les esp\u00e8ces menac\u00e9es ou disparues (renforcement des populations, restaurer les \u00e9quilibres \u00e9cologiques).<\/li>\n\n\n\n<li>Prot\u00e9ger les esp\u00e8ces (r\u00e9glementations, corridors \u00e9cologiques).<\/li>\n\n\n\n<li>Mettre en \u0153uvre de plans nationaux d\u2019actions (coordination des acteurs).<\/li>\n\n\n\n<li>Am\u00e9liorer les connaissances, \u00e9duquer, sensibiliser.<\/li>\n\n\n\n<li>Financer et participer \u00e0 des programmes de conservation.<\/li>\n\n\n\n<li>Recueillir les esp\u00e8ces victimes du commerce ill\u00e9gal.<\/li>\n<\/ul>\n          <\/div>\n        <\/div>\n      <\/div>\n\n      <\/section>\n\n<section class=\"block-grid-wrapper block-grid-for-core-paragraph\">\n      <div class=\"default-editor-content grid-for-core-paragraph grid-container fluid fluid\">\n        <div class=\"grid-x grid-padding-x align-center\">\n          <div class=\"cell\">\n            \n<p>Agir pour la biodiversit\u00e9 se fait aussi \u00e0 son \u00e9chelle, dans ses consommations du quotidien \u00e0 travers la nourriture, les d\u00e9chets, les d\u00e9placements, etc\u2026<\/p>\n          <\/div>\n        <\/div>\n      <\/div>\n\n      <\/section>\n\n<section class=\"block-grid-wrapper block-grid-for-core-heading\">\n      <div class=\"default-editor-content grid-for-core-heading grid-container fluid fluid\">\n        <div class=\"grid-x grid-padding-x align-center\">\n          <div class=\"cell\">\n            \n<h2 class=\"wp-block-heading\"><strong>La protection des esp\u00e8ces en voie de disparition au Parc de Sainte Croix<\/strong><\/h2>\n          <\/div>\n        <\/div>\n      <\/div>\n\n      <\/section>\n\n<section class=\"block-grid-wrapper block-grid-for-core-paragraph\">\n      <div class=\"default-editor-content grid-for-core-paragraph grid-container fluid fluid\">\n        <div class=\"grid-x grid-padding-x align-center\">\n          <div class=\"cell\">\n            \n<p>Afin d\u2019amplifier son impact, Sainte-Croix multiplie les partenaires avec les experts scientifiques, les acteurs de terrain, les associations et les acteurs publics ou priv\u00e9s qui partagent le m\u00eame engagement pour la pr\u00e9servation de la biodiversit\u00e9. C\u2019est cet engagement collectif qui permettra une meilleure expertise et un plus grand impact sur la protection de la nature.&nbsp;<\/p>\n          <\/div>\n        <\/div>\n      <\/div>\n\n      <\/section>\n\n<section class=\"block-grid-wrapper block-grid-for-core-image\">\n      <div class=\"default-editor-content grid-for-core-image grid-container fluid fluid\">\n        <div class=\"grid-x grid-padding-x align-center\">\n          <div class=\"cell\">\n            \n<figure class=\"wp-block-image aligncenter size-large is-resized\"><img loading=\"lazy\" decoding=\"async\" width=\"1024\" height=\"822\" src=\"https:\/\/parcsaintecroix.com\/wp-content\/uploads\/2024\/06\/a-sainte-croix-1024x822-fd90e2c36371.png\" alt=\"\" class=\"wp-image-29825\" style=\"width:441px;height:auto\" srcset=\"https:\/\/parcsaintecroix.com\/wp-content\/uploads\/2024\/06\/a-sainte-croix-1024x822-fd90e2c36371.png 1024w, https:\/\/parcsaintecroix.com\/wp-content\/uploads\/2024\/06\/a-sainte-croix-300x241-512c1e2135f8.png 300w, https:\/\/parcsaintecroix.com\/wp-content\/uploads\/2024\/06\/a-sainte-croix-768x616-b56108145cc7.png 768w, https:\/\/parcsaintecroix.com\/wp-content\/uploads\/2024\/06\/a-sainte-croix-100x80-fab7673e88b9.png 100w, https:\/\/parcsaintecroix.com\/wp-content\/uploads\/2024\/06\/a-sainte-croix.png 1457w\" sizes=\"auto, (max-width: 1024px) 100vw, 1024px\" \/><\/figure>\n          <\/div>\n        <\/div>\n      <\/div>\n\n      <\/section>\n\n<section class=\"block-grid-wrapper block-grid-for-core-paragraph\">\n      <div class=\"default-editor-content grid-for-core-paragraph grid-container fluid fluid\">\n        <div class=\"grid-x grid-padding-x align-center\">\n          <div class=\"cell\">\n            \n<p><\/p>\n          <\/div>\n        <\/div>\n      <\/div>\n\n      <\/section>\n\n<section class=\"block-grid-wrapper block-grid-for-core-heading\">\n      <div class=\"default-editor-content grid-for-core-heading grid-container fluid fluid\">\n        <div class=\"grid-x grid-padding-x align-center\">\n          <div class=\"cell\">\n            \n<h2 class=\"wp-block-heading\"><strong>Pour conclure<\/strong><\/h2>\n          <\/div>\n        <\/div>\n      <\/div>\n\n      <\/section>\n\n<section class=\"block-grid-wrapper block-grid-for-core-paragraph\">\n      <div class=\"default-editor-content grid-for-core-paragraph grid-container fluid fluid\">\n        <div class=\"grid-x grid-padding-x align-center\">\n          <div class=\"cell\">\n            \n<p><strong>En 2023,<\/strong> <strong>26% des mammif\u00e8res, 41% des amphibien et 12% des oiseaux sont menac\u00e9s d\u2019extinction dans le monde<\/strong>. Une situation critique, notre survie \u00e9tant d\u00e9pendante de celle des esp\u00e8ces animales et v\u00e9g\u00e9tales.<\/p>\n          <\/div>\n        <\/div>\n      <\/div>\n\n      <\/section>\n\n<section class=\"block-grid-wrapper block-grid-for-core-paragraph\">\n      <div class=\"default-editor-content grid-for-core-paragraph grid-container fluid fluid\">\n        <div class=\"grid-x grid-padding-x align-center\">\n          <div class=\"cell\">\n            \n<p>Pour r\u00e9pondre aux enjeux \u00e9cologiques de notre temps et favoriser la protection des esp\u00e8ces menac\u00e9es, le <strong>Parc Animalier de Sainte-Croix se pr\u00e9sente comme une \u00c9cole de la Nature,<\/strong> un lieu de m\u00e9diation, de sensibilisation \u00e0 la diversit\u00e9 du vivant et un levier favorisant les <strong>actions de conservation<\/strong>.<\/p>\n          <\/div>\n        <\/div>\n      <\/div>\n\n      <\/section>\n\n<section class=\"block-grid-wrapper block-grid-for-core-paragraph\">\n      <div class=\"default-editor-content grid-for-core-paragraph grid-container fluid fluid\">\n        <div class=\"grid-x grid-padding-x align-center\">\n          <div class=\"cell\">\n            \n<p>C\u2019est en appr\u00e9ciant et en comprenant la biodiversit\u00e9 qu\u2019on souhaite la prot\u00e9ger. Pr\u00e9server les richesses de la nature est un d\u00e9fi de grande envergure qui n\u00e9cessite la collaboration de chacun d\u2019entre nous. Partez \u00e0 la d\u00e9couverte de nos animaux \u00e0 Sainte-Croix et devenez des ambassadeurs de la nature, d\u00e9vou\u00e9s \u00e0 sa pr\u00e9servation&nbsp;!<\/p>\n          <\/div>\n        <\/div>\n      <\/div>\n\n      <\/section>\n\n<section class=\"block-grid-wrapper block-grid-for-core-paragraph\">\n      <div class=\"default-editor-content grid-for-core-paragraph grid-container fluid fluid\">\n        <div class=\"grid-x grid-padding-x align-center\">\n          <div class=\"cell\">\n            \n<p><\/p>\n          <\/div>\n        <\/div>\n      <\/div>\n\n      <\/section>\n\n\n    <section  class=\"wp-block-acf-three-articles  block-index-55 section-content section-three-articles\"       itemprop=\"hasPart\" itemscope\n\n      <div class=\"grid-container full\">\n\n        <div class=\"grid-x title-wrapper\">\n\n          <div class=\"cell\">\n            \n                      <\/div>\n\n        <\/div>\n\n\n        <div class=\"grid-x listing-latest-news news-slider align-center\">\n          <article class=\"cell medium-6 large-4 js-article article-box flex-container flex-dir-column post-31005 post type-post status-publish format-standard has-post-thumbnail hentry category-animaux\"  itemscope itemtype=\"https:\/\/schema.org\/Article\" itemid=\"https:\/\/parcsaintecroix.com\/fr\/est-ce-que-grand-tetras-espece-menacee\" itemref=\"publisher\">\n      <meta itemprop=\"author\" content=\"Parc de Saint Croix\" \/>\n    <meta itemprop=\"image\" content=\"https:\/\/parcsaintecroix.com\/wp-content\/uploads\/2022\/09\/J_lavergne_2008-116-scaled.jpg\" \/>\n    <meta itemprop=\"datePublished\" content=\"2026-04-24T16:52:39+02:00\" \/>\n    <meta itemprop=\"dateModified\" content=\"2026-04-24T16:52:43+02:00\" \/>\n      <div class=\"news-content-wrapper\">\n          <a href=\"https:\/\/parcsaintecroix.com\/fr\/est-ce-que-grand-tetras-espece-menacee\" itemprop=\"url mainEntityOfPage\">\n        \n                  <span class=\"label-category\">Animaux<\/span>\n        \n        <figure>\n          <img decoding=\"async\"  data-fade-in loading=\"lazy\" src=\"data:image\/png;base64,R0lGODlhAQABAAD\/ACwAAAAAAQABAAACADs=\" data-lazy-interchange=\"[https:\/\/parcsaintecroix.com\/wp-content\/uploads\/2022\/09\/J_lavergne_2008-116-scaled-668x668-71ab615e0a86.jpg, small], [https:\/\/parcsaintecroix.com\/wp-content\/uploads\/2022\/09\/J_lavergne_2008-116-scaled-423x423-f5ddf0753daf.jpg, large], [https:\/\/parcsaintecroix.com\/wp-content\/uploads\/2022\/09\/J_lavergne_2008-116-scaled-800x800-b303cee25c1f.jpg, xlarge], [https:\/\/parcsaintecroix.com\/wp-content\/uploads\/2022\/09\/J_lavergne_2008-116-scaled-846x846-97851059a762.jpg, large_retina], [https:\/\/parcsaintecroix.com\/wp-content\/uploads\/2022\/09\/J_lavergne_2008-116-scaled-1600x1600-f1dbcba1895c.jpg, xlarge_retina]\" data-interchange-sizes=\"{&quot;small&quot;:{&quot;w&quot;:668,&quot;h&quot;:668},&quot;large&quot;:{&quot;w&quot;:423,&quot;h&quot;:423},&quot;xlarge&quot;:{&quot;w&quot;:800,&quot;h&quot;:800},&quot;large_retina&quot;:{&quot;w&quot;:846,&quot;h&quot;:846},&quot;xlarge_retina&quot;:{&quot;w&quot;:1600,&quot;h&quot;:1600}}\"  style=\";--aspect-ratio-small: 1;--aspect-ratio-large: 1;--aspect-ratio-xlarge: 1;--aspect-ratio-large_retina: 1;--aspect-ratio-xlarge_retina: 1\" data-has-aspect-ratio=\"true\" alt=\"Est ce que le Grand T\u00e9tras est une esp\u00e8ce menac\u00e9e ?\" itemprop=\"image\" data-fade-in \/>\n        <\/figure>\n\n              <\/a>\n      <\/div>\n\n  <div class=\"article-box-content flex-child-grow flex-container flex-dir-column\">\n    <header class=\"entry-header\">\n      <h2 class=\"entry-name\" itemprop=\"name headline\">\n        <a href=\"https:\/\/parcsaintecroix.com\/fr\/est-ce-que-grand-tetras-espece-menacee\">Est ce que le Grand T\u00e9tras est une esp\u00e8ce menac\u00e9e ?<\/a>\n      <\/h2>\n    <\/header>\n\n    <div class=\"entry-content\">\n      <p class=\"excerpt\">Oiseaux embl\u00e9matique, le&nbsp;Grand T\u00e9tras&nbsp;est un des plus menac\u00e9s d\u2019Europe. Symbole des for\u00eats de montagne, ce galliforme discret &#8230;<\/p>\n    <\/div>\n\n    <p class=\"entry-date\">\n      Publi\u00e9 le 24 avril 2026    <\/p>\n\n  <\/div>\n<\/article>\n\n<article class=\"cell medium-6 large-4 js-article article-box flex-container flex-dir-column post-40141 post type-post status-publish format-standard has-post-thumbnail hentry category-le-parc\"  itemscope itemtype=\"https:\/\/schema.org\/Article\" itemid=\"https:\/\/parcsaintecroix.com\/fr\/ce-printemps-vivez-un-sejour-famille-inoubliable-au-parc-de-sainte-croix\" itemref=\"publisher\">\n      <meta itemprop=\"author\" content=\"Parc de Saint Croix\" \/>\n    <meta itemprop=\"image\" content=\"https:\/\/parcsaintecroix.com\/wp-content\/uploads\/2025\/06\/ste-croix-2193-scaled.jpg\" \/>\n    <meta itemprop=\"datePublished\" content=\"2026-04-13T16:58:25+02:00\" \/>\n    <meta itemprop=\"dateModified\" content=\"2026-04-13T16:58:28+02:00\" \/>\n      <div class=\"news-content-wrapper\">\n          <a href=\"https:\/\/parcsaintecroix.com\/fr\/ce-printemps-vivez-un-sejour-famille-inoubliable-au-parc-de-sainte-croix\" itemprop=\"url mainEntityOfPage\">\n        \n                  <span class=\"label-category\">Le parc<\/span>\n        \n        <figure>\n          <img decoding=\"async\"  data-fade-in loading=\"lazy\" src=\"data:image\/png;base64,R0lGODlhAQABAAD\/ACwAAAAAAQABAAACADs=\" data-lazy-interchange=\"[https:\/\/parcsaintecroix.com\/wp-content\/uploads\/2025\/06\/ste-croix-2193-scaled-668x668-71ab615e0a86.jpg, small], [https:\/\/parcsaintecroix.com\/wp-content\/uploads\/2025\/06\/ste-croix-2193-scaled-423x423-f5ddf0753daf.jpg, large], [https:\/\/parcsaintecroix.com\/wp-content\/uploads\/2025\/06\/ste-croix-2193-scaled-800x800-b303cee25c1f.jpg, xlarge], [https:\/\/parcsaintecroix.com\/wp-content\/uploads\/2025\/06\/ste-croix-2193-scaled-846x846-97851059a762.jpg, large_retina], [https:\/\/parcsaintecroix.com\/wp-content\/uploads\/2025\/06\/ste-croix-2193-scaled-1600x1600-f1dbcba1895c.jpg, xlarge_retina]\" data-interchange-sizes=\"{&quot;small&quot;:{&quot;w&quot;:668,&quot;h&quot;:668},&quot;large&quot;:{&quot;w&quot;:423,&quot;h&quot;:423},&quot;xlarge&quot;:{&quot;w&quot;:800,&quot;h&quot;:800},&quot;large_retina&quot;:{&quot;w&quot;:846,&quot;h&quot;:846},&quot;xlarge_retina&quot;:{&quot;w&quot;:1600,&quot;h&quot;:1600}}\"  style=\";--aspect-ratio-small: 1;--aspect-ratio-large: 1;--aspect-ratio-xlarge: 1;--aspect-ratio-large_retina: 1;--aspect-ratio-xlarge_retina: 1\" data-has-aspect-ratio=\"true\" alt=\"Ce printemps, vivez un s\u00e9jour famille inoubliable au Parc de Sainte-Croix !\" itemprop=\"image\" data-fade-in \/>\n        <\/figure>\n\n              <\/a>\n      <\/div>\n\n  <div class=\"article-box-content flex-child-grow flex-container flex-dir-column\">\n    <header class=\"entry-header\">\n      <h2 class=\"entry-name\" itemprop=\"name headline\">\n        <a href=\"https:\/\/parcsaintecroix.com\/fr\/ce-printemps-vivez-un-sejour-famille-inoubliable-au-parc-de-sainte-croix\">Ce printemps, vivez un s\u00e9jour famille inoubliable au Parc de Sainte-Croix !<\/a>\n      <\/h2>\n    <\/header>\n\n    <div class=\"entry-content\">\n      <p class=\"excerpt\">Venez profiter de 3 jours de d\u00e9paysement total au c\u0153ur de la nature ! Vivez une exp\u00e9rience &#8230;<\/p>\n    <\/div>\n\n    <p class=\"entry-date\">\n      Publi\u00e9 le 13 avril 2026    <\/p>\n\n  <\/div>\n<\/article>\n\n<article class=\"cell medium-6 large-4 js-article article-box flex-container flex-dir-column post-40154 post type-post status-publish format-standard has-post-thumbnail hentry category-le-parc\"  itemscope itemtype=\"https:\/\/schema.org\/Article\" itemid=\"https:\/\/parcsaintecroix.com\/fr\/votre-sejour-nature-pour-sevader-du-quotidien\" itemref=\"publisher\">\n      <meta itemprop=\"author\" content=\"Parc de Saint Croix\" \/>\n    <meta itemprop=\"image\" content=\"https:\/\/parcsaintecroix.com\/wp-content\/uploads\/2022\/09\/plaine-des-cerfs-pano.jpg\" \/>\n    <meta itemprop=\"datePublished\" content=\"2026-04-02T17:25:39+02:00\" \/>\n    <meta itemprop=\"dateModified\" content=\"2026-04-02T17:25:44+02:00\" \/>\n      <div class=\"news-content-wrapper\">\n          <a href=\"https:\/\/parcsaintecroix.com\/fr\/votre-sejour-nature-pour-sevader-du-quotidien\" itemprop=\"url mainEntityOfPage\">\n        \n                  <span class=\"label-category\">Le parc<\/span>\n        \n        <figure>\n          <img decoding=\"async\"  data-fade-in loading=\"lazy\" src=\"data:image\/png;base64,R0lGODlhAQABAAD\/ACwAAAAAAQABAAACADs=\" data-lazy-interchange=\"[https:\/\/parcsaintecroix.com\/wp-content\/uploads\/2022\/09\/plaine-des-cerfs-pano-668x668-71ab615e0a86.jpg, small], [https:\/\/parcsaintecroix.com\/wp-content\/uploads\/2022\/09\/plaine-des-cerfs-pano-423x423-f5ddf0753daf.jpg, large], [https:\/\/parcsaintecroix.com\/wp-content\/uploads\/2022\/09\/plaine-des-cerfs-pano-800x800-b303cee25c1f.jpg, xlarge], [https:\/\/parcsaintecroix.com\/wp-content\/uploads\/2022\/09\/plaine-des-cerfs-pano-846x846-97851059a762.jpg, large_retina], [https:\/\/parcsaintecroix.com\/wp-content\/uploads\/2022\/09\/plaine-des-cerfs-pano-1366x1366-f1dbcba1895c.jpg, xlarge_retina]\" data-interchange-sizes=\"{&quot;small&quot;:{&quot;w&quot;:668,&quot;h&quot;:668},&quot;large&quot;:{&quot;w&quot;:423,&quot;h&quot;:423},&quot;xlarge&quot;:{&quot;w&quot;:800,&quot;h&quot;:800},&quot;large_retina&quot;:{&quot;w&quot;:846,&quot;h&quot;:846},&quot;xlarge_retina&quot;:{&quot;w&quot;:1366,&quot;h&quot;:1366}}\"  style=\";--aspect-ratio-small: 1;--aspect-ratio-large: 1;--aspect-ratio-xlarge: 1;--aspect-ratio-large_retina: 1;--aspect-ratio-xlarge_retina: 1\" data-has-aspect-ratio=\"true\" alt=\"Votre s\u00e9jour nature pour s&rsquo;\u00e9vader du quotidien\" itemprop=\"image\" data-fade-in \/>\n        <\/figure>\n\n              <\/a>\n      <\/div>\n\n  <div class=\"article-box-content flex-child-grow flex-container flex-dir-column\">\n    <header class=\"entry-header\">\n      <h2 class=\"entry-name\" itemprop=\"name headline\">\n        <a href=\"https:\/\/parcsaintecroix.com\/fr\/votre-sejour-nature-pour-sevader-du-quotidien\">Votre s\u00e9jour nature pour s&rsquo;\u00e9vader du quotidien<\/a>\n      <\/h2>\n    <\/header>\n\n    <div class=\"entry-content\">\n      <p class=\"excerpt\">Venez profiter de 3 jours de d\u00e9paysement total au Parc de Sainte-Croix ! Dormez face aux animaux &#8230;<\/p>\n    <\/div>\n\n    <p class=\"entry-date\">\n      Publi\u00e9 le 02 avril 2026    <\/p>\n\n  <\/div>\n<\/article>\n\n        <\/div>\n\n\n              <\/div>\n    <\/section>\n    ","protected":false},"excerpt":{"rendered":"<p>Les esp\u00e8ces en voie de disparition, animales ou v\u00e9g\u00e9tales, sont de plus en plus menac\u00e9es par l\u2019activit\u00e9 humaine et l\u2019utilisation des ressources naturelles. 60% des populations animales ont disparu en 50 ans, la crise \u00e9cologique actuelle est sans pr\u00e9c\u00e9dent. Rien qu\u2019en France, 2 268 esp\u00e8ces sont menac\u00e9es (UICN). Chaque organisme vivant joue un r\u00f4le dans [&hellip;]<\/p>\n","protected":false},"author":9,"featured_media":8049,"comment_status":"closed","ping_status":"closed","sticky":false,"template":"","format":"standard","meta":{"_acf_changed":false,"_themeisle_gutenberg_block_has_review":false,"footnotes":""},"categories":[1],"tags":[],"class_list":["post-29820","post","type-post","status-publish","format-standard","has-post-thumbnail","hentry","category-evenement"],"acf":[],"yoast_head":"<!-- This site is optimized with the Yoast SEO plugin v27.3 - https:\/\/yoast.com\/product\/yoast-seo-wordpress\/ -->\n<title>Les animaux en voie de disparition | Parc Animalier Sainte-Croix<\/title>\n<meta name=\"robots\" content=\"index, follow, max-snippet:-1, max-image-preview:large, max-video-preview:-1\" \/>\n<link rel=\"canonical\" href=\"https:\/\/parcsaintecroix.com\/fr\/les-animaux-en-voie-de-disparition\" \/>\n<meta property=\"og:locale\" content=\"fr_FR\" \/>\n<meta property=\"og:type\" content=\"article\" \/>\n<meta property=\"og:title\" content=\"Les animaux en voie de disparition | Parc Animalier Sainte-Croix\" \/>\n<meta property=\"og:description\" content=\"Les esp\u00e8ces en voie de disparition, animales ou v\u00e9g\u00e9tales, sont de plus en plus menac\u00e9es par l\u2019activit\u00e9 humaine et l\u2019utilisation des ressources naturelles. 60% des populations animales ont disparu en 50 ans, la crise \u00e9cologique actuelle est sans pr\u00e9c\u00e9dent. Rien qu\u2019en France, 2 268 esp\u00e8ces sont menac\u00e9es (UICN). Chaque organisme vivant joue un r\u00f4le dans [&hellip;]\" \/>\n<meta property=\"og:url\" content=\"https:\/\/parcsaintecroix.com\/fr\/les-animaux-en-voie-de-disparition\" \/>\n<meta property=\"og:site_name\" content=\"Parc de Saint Croix\" \/>\n<meta property=\"article:publisher\" content=\"https:\/\/www.facebook.com\/LodgesSainteCroix\/\" \/>\n<meta property=\"article:published_time\" content=\"2024-05-09T08:28:56+00:00\" \/>\n<meta property=\"article:modified_time\" content=\"2024-06-21T10:48:04+00:00\" \/>\n<meta property=\"og:image\" content=\"https:\/\/parcsaintecroix.com\/wp-content\/uploads\/2022\/09\/IMG_8245-bao-scaled-1024x683-fd90e2c36371.jpg\" \/>\n\t<meta property=\"og:image:width\" content=\"1024\" \/>\n\t<meta property=\"og:image:height\" content=\"683\" \/>\n\t<meta property=\"og:image:type\" content=\"image\/jpeg\" \/>\n<meta name=\"author\" content=\"accueil psc\" \/>\n<meta name=\"twitter:card\" content=\"summary_large_image\" \/>\n<meta name=\"twitter:creator\" content=\"@parc_stecroix\" \/>\n<meta name=\"twitter:site\" content=\"@parc_stecroix\" \/>\n<meta name=\"twitter:label1\" content=\"\u00c9crit par\" \/>\n\t<meta name=\"twitter:data1\" content=\"accueil psc\" \/>\n\t<meta name=\"twitter:label2\" content=\"Dur\u00e9e de lecture estim\u00e9e\" \/>\n\t<meta name=\"twitter:data2\" content=\"7 minutes\" \/>\n<script type=\"application\/ld+json\" class=\"yoast-schema-graph\">{\"@context\":\"https:\\\/\\\/schema.org\",\"@graph\":[{\"@type\":\"Article\",\"@id\":\"https:\\\/\\\/parcsaintecroix.com\\\/fr\\\/les-animaux-en-voie-de-disparition#article\",\"isPartOf\":{\"@id\":\"https:\\\/\\\/parcsaintecroix.com\\\/fr\\\/les-animaux-en-voie-de-disparition\"},\"author\":{\"name\":\"accueil psc\",\"@id\":\"https:\\\/\\\/parcsaintecroix.com\\\/fr\\\/#\\\/schema\\\/person\\\/7266c807920faa3ee8868aa167294065\"},\"headline\":\"Les animaux en voie de disparition\",\"datePublished\":\"2024-05-09T08:28:56+00:00\",\"dateModified\":\"2024-06-21T10:48:04+00:00\",\"mainEntityOfPage\":{\"@id\":\"https:\\\/\\\/parcsaintecroix.com\\\/fr\\\/les-animaux-en-voie-de-disparition\"},\"wordCount\":1306,\"publisher\":{\"@id\":\"https:\\\/\\\/parcsaintecroix.com\\\/fr\\\/#organization\"},\"image\":{\"@id\":\"https:\\\/\\\/parcsaintecroix.com\\\/fr\\\/les-animaux-en-voie-de-disparition#primaryimage\"},\"thumbnailUrl\":\"https:\\\/\\\/parcsaintecroix.com\\\/wp-content\\\/uploads\\\/2022\\\/09\\\/IMG_8245-bao-scaled.jpg\",\"articleSection\":[\"\u00c9v\u00e9nement\"],\"inLanguage\":\"fr-FR\"},{\"@type\":\"WebPage\",\"@id\":\"https:\\\/\\\/parcsaintecroix.com\\\/fr\\\/les-animaux-en-voie-de-disparition\",\"url\":\"https:\\\/\\\/parcsaintecroix.com\\\/fr\\\/les-animaux-en-voie-de-disparition\",\"name\":\"Les animaux en voie de disparition | Parc Animalier Sainte-Croix\",\"isPartOf\":{\"@id\":\"https:\\\/\\\/parcsaintecroix.com\\\/fr\\\/#website\"},\"primaryImageOfPage\":{\"@id\":\"https:\\\/\\\/parcsaintecroix.com\\\/fr\\\/les-animaux-en-voie-de-disparition#primaryimage\"},\"image\":{\"@id\":\"https:\\\/\\\/parcsaintecroix.com\\\/fr\\\/les-animaux-en-voie-de-disparition#primaryimage\"},\"thumbnailUrl\":\"https:\\\/\\\/parcsaintecroix.com\\\/wp-content\\\/uploads\\\/2022\\\/09\\\/IMG_8245-bao-scaled.jpg\",\"datePublished\":\"2024-05-09T08:28:56+00:00\",\"dateModified\":\"2024-06-21T10:48:04+00:00\",\"breadcrumb\":{\"@id\":\"https:\\\/\\\/parcsaintecroix.com\\\/fr\\\/les-animaux-en-voie-de-disparition#breadcrumb\"},\"inLanguage\":\"fr-FR\",\"potentialAction\":[{\"@type\":\"ReadAction\",\"target\":[\"https:\\\/\\\/parcsaintecroix.com\\\/fr\\\/les-animaux-en-voie-de-disparition\"]}]},{\"@type\":\"ImageObject\",\"inLanguage\":\"fr-FR\",\"@id\":\"https:\\\/\\\/parcsaintecroix.com\\\/fr\\\/les-animaux-en-voie-de-disparition#primaryimage\",\"url\":\"https:\\\/\\\/parcsaintecroix.com\\\/wp-content\\\/uploads\\\/2022\\\/09\\\/IMG_8245-bao-scaled.jpg\",\"contentUrl\":\"https:\\\/\\\/parcsaintecroix.com\\\/wp-content\\\/uploads\\\/2022\\\/09\\\/IMG_8245-bao-scaled.jpg\",\"width\":2560,\"height\":1707,\"caption\":\"\u00a9 Parc de Sainte-Croix\"},{\"@type\":\"BreadcrumbList\",\"@id\":\"https:\\\/\\\/parcsaintecroix.com\\\/fr\\\/les-animaux-en-voie-de-disparition#breadcrumb\",\"itemListElement\":[{\"@type\":\"ListItem\",\"position\":1,\"name\":\"Accueil\",\"item\":\"https:\\\/\\\/parcsaintecroix.com\\\/fr\"},{\"@type\":\"ListItem\",\"position\":2,\"name\":\"Les animaux en voie de disparition\"}]},{\"@type\":\"WebSite\",\"@id\":\"https:\\\/\\\/parcsaintecroix.com\\\/fr\\\/#website\",\"url\":\"https:\\\/\\\/parcsaintecroix.com\\\/fr\\\/\",\"name\":\"Parc de Saint Croix\",\"description\":\"\",\"publisher\":{\"@id\":\"https:\\\/\\\/parcsaintecroix.com\\\/fr\\\/#organization\"},\"inLanguage\":\"fr-FR\"},{\"@type\":\"Organization\",\"@id\":\"https:\\\/\\\/parcsaintecroix.com\\\/fr\\\/#organization\",\"name\":\"Parc de Saint Croix\",\"url\":\"https:\\\/\\\/parcsaintecroix.com\\\/fr\\\/\",\"logo\":{\"@type\":\"ImageObject\",\"inLanguage\":\"fr-FR\",\"@id\":\"https:\\\/\\\/parcsaintecroix.com\\\/fr\\\/#\\\/schema\\\/logo\\\/image\\\/\",\"url\":\"https:\\\/\\\/parcsaintecroix.com\\\/wp-content\\\/uploads\\\/2022\\\/09\\\/SainteCroix-Favicon.png\",\"contentUrl\":\"https:\\\/\\\/parcsaintecroix.com\\\/wp-content\\\/uploads\\\/2022\\\/09\\\/SainteCroix-Favicon.png\",\"width\":512,\"height\":512,\"caption\":\"Parc de Saint Croix\"},\"image\":{\"@id\":\"https:\\\/\\\/parcsaintecroix.com\\\/fr\\\/#\\\/schema\\\/logo\\\/image\\\/\"},\"sameAs\":[\"https:\\\/\\\/www.facebook.com\\\/LodgesSainteCroix\\\/\",\"https:\\\/\\\/x.com\\\/parc_stecroix\"]},{\"@type\":\"Person\",\"@id\":\"https:\\\/\\\/parcsaintecroix.com\\\/fr\\\/#\\\/schema\\\/person\\\/7266c807920faa3ee8868aa167294065\",\"name\":\"accueil psc\"}]}<\/script>\n<!-- \/ Yoast SEO plugin. -->","yoast_head_json":{"title":"Les animaux en voie de disparition | Parc Animalier Sainte-Croix","robots":{"index":"index","follow":"follow","max-snippet":"max-snippet:-1","max-image-preview":"max-image-preview:large","max-video-preview":"max-video-preview:-1"},"canonical":"https:\/\/parcsaintecroix.com\/fr\/les-animaux-en-voie-de-disparition","og_locale":"fr_FR","og_type":"article","og_title":"Les animaux en voie de disparition | Parc Animalier Sainte-Croix","og_description":"Les esp\u00e8ces en voie de disparition, animales ou v\u00e9g\u00e9tales, sont de plus en plus menac\u00e9es par l\u2019activit\u00e9 humaine et l\u2019utilisation des ressources naturelles. 60% des populations animales ont disparu en 50 ans, la crise \u00e9cologique actuelle est sans pr\u00e9c\u00e9dent. Rien qu\u2019en France, 2 268 esp\u00e8ces sont menac\u00e9es (UICN). Chaque organisme vivant joue un r\u00f4le dans [&hellip;]","og_url":"https:\/\/parcsaintecroix.com\/fr\/les-animaux-en-voie-de-disparition","og_site_name":"Parc de Saint Croix","article_publisher":"https:\/\/www.facebook.com\/LodgesSainteCroix\/","article_published_time":"2024-05-09T08:28:56+00:00","article_modified_time":"2024-06-21T10:48:04+00:00","og_image":[{"width":1024,"height":683,"url":"https:\/\/parcsaintecroix.com\/wp-content\/uploads\/2022\/09\/IMG_8245-bao-scaled-1024x683-fd90e2c36371.jpg","type":"image\/jpeg"}],"author":"accueil psc","twitter_card":"summary_large_image","twitter_creator":"@parc_stecroix","twitter_site":"@parc_stecroix","twitter_misc":{"\u00c9crit par":"accueil psc","Dur\u00e9e de lecture estim\u00e9e":"7 minutes"},"schema":{"@context":"https:\/\/schema.org","@graph":[{"@type":"Article","@id":"https:\/\/parcsaintecroix.com\/fr\/les-animaux-en-voie-de-disparition#article","isPartOf":{"@id":"https:\/\/parcsaintecroix.com\/fr\/les-animaux-en-voie-de-disparition"},"author":{"name":"accueil psc","@id":"https:\/\/parcsaintecroix.com\/fr\/#\/schema\/person\/7266c807920faa3ee8868aa167294065"},"headline":"Les animaux en voie de disparition","datePublished":"2024-05-09T08:28:56+00:00","dateModified":"2024-06-21T10:48:04+00:00","mainEntityOfPage":{"@id":"https:\/\/parcsaintecroix.com\/fr\/les-animaux-en-voie-de-disparition"},"wordCount":1306,"publisher":{"@id":"https:\/\/parcsaintecroix.com\/fr\/#organization"},"image":{"@id":"https:\/\/parcsaintecroix.com\/fr\/les-animaux-en-voie-de-disparition#primaryimage"},"thumbnailUrl":"https:\/\/parcsaintecroix.com\/wp-content\/uploads\/2022\/09\/IMG_8245-bao-scaled.jpg","articleSection":["\u00c9v\u00e9nement"],"inLanguage":"fr-FR"},{"@type":"WebPage","@id":"https:\/\/parcsaintecroix.com\/fr\/les-animaux-en-voie-de-disparition","url":"https:\/\/parcsaintecroix.com\/fr\/les-animaux-en-voie-de-disparition","name":"Les animaux en voie de disparition | Parc Animalier Sainte-Croix","isPartOf":{"@id":"https:\/\/parcsaintecroix.com\/fr\/#website"},"primaryImageOfPage":{"@id":"https:\/\/parcsaintecroix.com\/fr\/les-animaux-en-voie-de-disparition#primaryimage"},"image":{"@id":"https:\/\/parcsaintecroix.com\/fr\/les-animaux-en-voie-de-disparition#primaryimage"},"thumbnailUrl":"https:\/\/parcsaintecroix.com\/wp-content\/uploads\/2022\/09\/IMG_8245-bao-scaled.jpg","datePublished":"2024-05-09T08:28:56+00:00","dateModified":"2024-06-21T10:48:04+00:00","breadcrumb":{"@id":"https:\/\/parcsaintecroix.com\/fr\/les-animaux-en-voie-de-disparition#breadcrumb"},"inLanguage":"fr-FR","potentialAction":[{"@type":"ReadAction","target":["https:\/\/parcsaintecroix.com\/fr\/les-animaux-en-voie-de-disparition"]}]},{"@type":"ImageObject","inLanguage":"fr-FR","@id":"https:\/\/parcsaintecroix.com\/fr\/les-animaux-en-voie-de-disparition#primaryimage","url":"https:\/\/parcsaintecroix.com\/wp-content\/uploads\/2022\/09\/IMG_8245-bao-scaled.jpg","contentUrl":"https:\/\/parcsaintecroix.com\/wp-content\/uploads\/2022\/09\/IMG_8245-bao-scaled.jpg","width":2560,"height":1707,"caption":"\u00a9 Parc de Sainte-Croix"},{"@type":"BreadcrumbList","@id":"https:\/\/parcsaintecroix.com\/fr\/les-animaux-en-voie-de-disparition#breadcrumb","itemListElement":[{"@type":"ListItem","position":1,"name":"Accueil","item":"https:\/\/parcsaintecroix.com\/fr"},{"@type":"ListItem","position":2,"name":"Les animaux en voie de disparition"}]},{"@type":"WebSite","@id":"https:\/\/parcsaintecroix.com\/fr\/#website","url":"https:\/\/parcsaintecroix.com\/fr\/","name":"Parc de Saint Croix","description":"","publisher":{"@id":"https:\/\/parcsaintecroix.com\/fr\/#organization"},"inLanguage":"fr-FR"},{"@type":"Organization","@id":"https:\/\/parcsaintecroix.com\/fr\/#organization","name":"Parc de Saint Croix","url":"https:\/\/parcsaintecroix.com\/fr\/","logo":{"@type":"ImageObject","inLanguage":"fr-FR","@id":"https:\/\/parcsaintecroix.com\/fr\/#\/schema\/logo\/image\/","url":"https:\/\/parcsaintecroix.com\/wp-content\/uploads\/2022\/09\/SainteCroix-Favicon.png","contentUrl":"https:\/\/parcsaintecroix.com\/wp-content\/uploads\/2022\/09\/SainteCroix-Favicon.png","width":512,"height":512,"caption":"Parc de Saint Croix"},"image":{"@id":"https:\/\/parcsaintecroix.com\/fr\/#\/schema\/logo\/image\/"},"sameAs":["https:\/\/www.facebook.com\/LodgesSainteCroix\/","https:\/\/x.com\/parc_stecroix"]},{"@type":"Person","@id":"https:\/\/parcsaintecroix.com\/fr\/#\/schema\/person\/7266c807920faa3ee8868aa167294065","name":"accueil psc"}]}},"_links":{"self":[{"href":"https:\/\/parcsaintecroix.com\/fr\/wp-json\/wp\/v2\/posts\/29820","targetHints":{"allow":["GET"]}}],"collection":[{"href":"https:\/\/parcsaintecroix.com\/fr\/wp-json\/wp\/v2\/posts"}],"about":[{"href":"https:\/\/parcsaintecroix.com\/fr\/wp-json\/wp\/v2\/types\/post"}],"author":[{"embeddable":true,"href":"https:\/\/parcsaintecroix.com\/fr\/wp-json\/wp\/v2\/users\/9"}],"replies":[{"embeddable":true,"href":"https:\/\/parcsaintecroix.com\/fr\/wp-json\/wp\/v2\/comments?post=29820"}],"version-history":[{"count":2,"href":"https:\/\/parcsaintecroix.com\/fr\/wp-json\/wp\/v2\/posts\/29820\/revisions"}],"predecessor-version":[{"id":29986,"href":"https:\/\/parcsaintecroix.com\/fr\/wp-json\/wp\/v2\/posts\/29820\/revisions\/29986"}],"wp:featuredmedia":[{"embeddable":true,"href":"https:\/\/parcsaintecroix.com\/fr\/wp-json\/wp\/v2\/media\/8049"}],"wp:attachment":[{"href":"https:\/\/parcsaintecroix.com\/fr\/wp-json\/wp\/v2\/media?parent=29820"}],"wp:term":[{"taxonomy":"category","embeddable":true,"href":"https:\/\/parcsaintecroix.com\/fr\/wp-json\/wp\/v2\/categories?post=29820"},{"taxonomy":"post_tag","embeddable":true,"href":"https:\/\/parcsaintecroix.com\/fr\/wp-json\/wp\/v2\/tags?post=29820"}],"curies":[{"name":"wp","href":"https:\/\/api.w.org\/{rel}","templated":true}]}}