{"id":30156,"date":"2024-07-04T15:12:00","date_gmt":"2024-07-04T13:12:00","guid":{"rendered":"https:\/\/parcsaintecroix.com\/?p=30156"},"modified":"2024-12-13T15:15:03","modified_gmt":"2024-12-13T14:15:03","slug":"sainte-croix-sengage-pour-le-pygargue-a-queue-blanche","status":"publish","type":"post","link":"https:\/\/parcsaintecroix.com\/fr\/sainte-croix-sengage-pour-le-pygargue-a-queue-blanche","title":{"rendered":"Pygargue \u00e0 queue blanche : comment prot\u00e9ger l&rsquo;esp\u00e8ce ?"},"content":{"rendered":"<section class=\"block-grid-wrapper block-grid-for-core-paragraph\">\n      <div class=\"default-editor-content grid-for-core-paragraph grid-container fluid fluid\">\n        <div class=\"grid-x grid-padding-x align-center\">\n          <div class=\"cell\">\n            \n<p class=\"has-text-align-center\">Le pygargue \u00e0 queue blanche surnomm\u00e9 \u00ab\u00a0l&rsquo;aigle de mer\u00a0\u00bb est une esp\u00e8ce menac\u00e9e pour laquelle Sainte-Croix s&rsquo;engage pour sa conservation.<\/p>\n          <\/div>\n        <\/div>\n      <\/div>\n\n      <\/section>\n\n<section class=\"block-grid-wrapper block-grid-for-core-heading\">\n      <div class=\"default-editor-content grid-for-core-heading grid-container fluid fluid\">\n        <div class=\"grid-x grid-padding-x align-center\">\n          <div class=\"cell\">\n            \n<h2 class=\"wp-block-heading\"><strong>Qui est le pygargue \u00e0 queue blanche ?<\/strong><\/h2>\n          <\/div>\n        <\/div>\n      <\/div>\n\n      <\/section>\n\n<section class=\"block-grid-wrapper block-grid-for-core-image\">\n      <div class=\"default-editor-content grid-for-core-image grid-container fluid fluid\">\n        <div class=\"grid-x grid-padding-x align-center\">\n          <div class=\"cell\">\n            \n<figure class=\"wp-block-image aligncenter size-large is-resized\"><img loading=\"lazy\" decoding=\"async\" width=\"1024\" height=\"545\" src=\"https:\/\/parcsaintecroix.com\/wp-content\/uploads\/2024\/07\/Premiere-image-56-1024x545-fd90e2c36371.png\" alt=\"\" class=\"wp-image-33094\" style=\"width:734px;height:auto\" srcset=\"https:\/\/parcsaintecroix.com\/wp-content\/uploads\/2024\/07\/Premiere-image-56-1024x545-fd90e2c36371.png 1024w, https:\/\/parcsaintecroix.com\/wp-content\/uploads\/2024\/07\/Premiere-image-56-300x160-512c1e2135f8.png 300w, https:\/\/parcsaintecroix.com\/wp-content\/uploads\/2024\/07\/Premiere-image-56-768x409-b56108145cc7.png 768w, https:\/\/parcsaintecroix.com\/wp-content\/uploads\/2024\/07\/Premiere-image-56-100x53-fab7673e88b9.png 100w, https:\/\/parcsaintecroix.com\/wp-content\/uploads\/2024\/07\/Premiere-image-56.png 1128w\" sizes=\"auto, (max-width: 1024px) 100vw, 1024px\" \/><\/figure>\n          <\/div>\n        <\/div>\n      <\/div>\n\n      <\/section>\n\n<section class=\"block-grid-wrapper block-grid-for-core-paragraph\">\n      <div class=\"default-editor-content grid-for-core-paragraph grid-container fluid fluid\">\n        <div class=\"grid-x grid-padding-x align-center\">\n          <div class=\"cell\">\n            \n<p><\/p>\n          <\/div>\n        <\/div>\n      <\/div>\n\n      <\/section>\n\n<section class=\"block-grid-wrapper block-grid-for-core-paragraph\">\n      <div class=\"default-editor-content grid-for-core-paragraph grid-container fluid fluid\">\n        <div class=\"grid-x grid-padding-x align-center\">\n          <div class=\"cell\">\n            \n<p>Proche cousin du pygargue \u00e0 t\u00eate blanche, (embl\u00e8me des \u00c9tats-Unis), le pygargue \u00e0 queue blanche, appel\u00e9 \u00e9galement <strong>aigle de mer<\/strong> est l\u2019<strong>un des plus grands rapaces diurnes d\u2019Europe<\/strong> avec une envergure \u00e0 250m. Il est facilement reconnaissable \u00e0 sa <strong>silhouette massive<\/strong> et sa <strong>queue cun\u00e9iforme de couleur blanche<\/strong>.<\/p>\n          <\/div>\n        <\/div>\n      <\/div>\n\n      <\/section>\n\n<section class=\"block-grid-wrapper block-grid-for-core-paragraph\">\n      <div class=\"default-editor-content grid-for-core-paragraph grid-container fluid fluid\">\n        <div class=\"grid-x grid-padding-x align-center\">\n          <div class=\"cell\">\n            \n<p>Il vit pr\u00e8s des \u00e9tangs, des c\u00f4tes, des rivi\u00e8res ou des lacs et se nourrit principalement d\u2019oiseaux, de mammif\u00e8res et de poissons, dont il est tr\u00e8s friand. <strong>Le pygargue \u00e0 queue blanche est inscrit sur la liste rouge des animaux menac\u00e9s de l\u2019UICN en tant \u00ab qu\u2019esp\u00e8ce en danger critique d\u2019extinction \u00bb en France<\/strong> et b\u00e9n\u00e9ficie d\u2019une protection totale sur le territoire.<\/p>\n          <\/div>\n        <\/div>\n      <\/div>\n\n      <\/section>\n\n<section class=\"block-grid-wrapper block-grid-for-core-image\">\n      <div class=\"default-editor-content grid-for-core-image grid-container fluid fluid\">\n        <div class=\"grid-x grid-padding-x align-center\">\n          <div class=\"cell\">\n            \n<figure class=\"wp-block-image aligncenter size-large is-resized\"><img loading=\"lazy\" decoding=\"async\" width=\"1024\" height=\"166\" src=\"https:\/\/parcsaintecroix.com\/wp-content\/uploads\/2024\/06\/chiffres-cle-pygargue-2-1024x166-fd90e2c36371.png\" alt=\"\" class=\"wp-image-30208\" style=\"width:1037px;height:auto\" srcset=\"https:\/\/parcsaintecroix.com\/wp-content\/uploads\/2024\/06\/chiffres-cle-pygargue-2-1024x166-fd90e2c36371.png 1024w, https:\/\/parcsaintecroix.com\/wp-content\/uploads\/2024\/06\/chiffres-cle-pygargue-2-300x49-512c1e2135f8.png 300w, https:\/\/parcsaintecroix.com\/wp-content\/uploads\/2024\/06\/chiffres-cle-pygargue-2-768x125-b56108145cc7.png 768w, https:\/\/parcsaintecroix.com\/wp-content\/uploads\/2024\/06\/chiffres-cle-pygargue-2-1536x249-3c33d8efde71.png 1536w, https:\/\/parcsaintecroix.com\/wp-content\/uploads\/2024\/06\/chiffres-cle-pygargue-2-2048x332-539fcd4e84ba.png 2048w, https:\/\/parcsaintecroix.com\/wp-content\/uploads\/2024\/06\/chiffres-cle-pygargue-2-100x16-fab7673e88b9.png 100w\" sizes=\"auto, (max-width: 1024px) 100vw, 1024px\" \/><\/figure>\n          <\/div>\n        <\/div>\n      <\/div>\n\n      <\/section>\n\n<section class=\"block-grid-wrapper block-grid-for-core-paragraph\">\n      <div class=\"default-editor-content grid-for-core-paragraph grid-container fluid fluid\">\n        <div class=\"grid-x grid-padding-x align-center\">\n          <div class=\"cell\">\n            \n<p><\/p>\n          <\/div>\n        <\/div>\n      <\/div>\n\n      <\/section>\n\n<section class=\"block-grid-wrapper block-grid-for-core-paragraph\">\n      <div class=\"default-editor-content grid-for-core-paragraph grid-container fluid fluid\">\n        <div class=\"grid-x grid-padding-x align-center\">\n          <div class=\"cell\">\n            \n<p><\/p>\n          <\/div>\n        <\/div>\n      <\/div>\n\n      <\/section>\n\n<section class=\"block-grid-wrapper block-grid-for-core-heading\">\n      <div class=\"default-editor-content grid-for-core-heading grid-container fluid fluid\">\n        <div class=\"grid-x grid-padding-x align-center\">\n          <div class=\"cell\">\n            \n<h2 class=\"wp-block-heading\"><strong>Une esp\u00e8ce menac\u00e9e <\/strong><\/h2>\n          <\/div>\n        <\/div>\n      <\/div>\n\n      <\/section>\n\n<section class=\"block-grid-wrapper block-grid-for-core-heading\">\n      <div class=\"default-editor-content grid-for-core-heading grid-container fluid fluid\">\n        <div class=\"grid-x grid-padding-x align-center\">\n          <div class=\"cell\">\n            \n<h3 class=\"wp-block-heading\"><strong>Un Plan National d&rsquo;Actions pour le g\u00e9ant des aigles europ\u00e9en<\/strong>s<\/h3>\n          <\/div>\n        <\/div>\n      <\/div>\n\n      <\/section>\n\n<section class=\"block-grid-wrapper block-grid-for-core-paragraph\">\n      <div class=\"default-editor-content grid-for-core-paragraph grid-container fluid fluid\">\n        <div class=\"grid-x grid-padding-x align-center\">\n          <div class=\"cell\">\n            \n<p><strong>Le pygargue \u00e0 queue blanche b\u00e9n\u00e9ficie d\u2019un Plan National d\u2019Actions.<\/strong> L\u2019objectif est d\u2019accompagner et de <strong>favoriser le retour de l\u2019esp\u00e8ce en France<\/strong> en pr\u00e9servant les couples reproducteurs et en assurant le dialogue entre les diff\u00e9rents acteurs qui agissent en faveur du rapace.<\/p>\n          <\/div>\n        <\/div>\n      <\/div>\n\n      <\/section>\n\n<section class=\"block-grid-wrapper block-grid-for-core-paragraph\">\n      <div class=\"default-editor-content grid-for-core-paragraph grid-container fluid fluid\">\n        <div class=\"grid-x grid-padding-x align-center\">\n          <div class=\"cell\">\n            \n<p><strong>Le premier couple a \u00e9t\u00e9 observ\u00e9 en 2010 dans le Grand Est<\/strong>. En 2011, la premi\u00e8re preuve de reproduction a \u00e9t\u00e9 constat\u00e9e en Moselle avec l\u2019observation de deux jeunes puis la d\u00e9couverte du nid en 2012. Depuis, le couple se reproduit avec succ\u00e8s. <\/p>\n          <\/div>\n        <\/div>\n      <\/div>\n\n      <\/section>\n\n<section class=\"block-grid-wrapper block-grid-for-core-paragraph\">\n      <div class=\"default-editor-content grid-for-core-paragraph grid-container fluid fluid\">\n        <div class=\"grid-x grid-padding-x align-center\">\n          <div class=\"cell\">\n            \n<p>Cependant, le retour des pygargues sur le sol fran\u00e7ais reste un d\u00e9fi en raison de l\u2019extr\u00eame fragilit\u00e9 de cette esp\u00e8ce, <strong>disparue du territoire national \u00e0 la fin du XIX\u1d49 si\u00e8cle, principalement en raison de <\/strong>:<\/p>\n          <\/div>\n        <\/div>\n      <\/div>\n\n      <\/section>\n\n<section class=\"block-grid-wrapper block-grid-for-core-list\">\n      <div class=\"default-editor-content grid-for-core-list grid-container fluid fluid\">\n        <div class=\"grid-x grid-padding-x align-center\">\n          <div class=\"cell\">\n            \n<ul class=\"wp-block-list\">\n<li>la d\u00e9gradation de son habitat<\/li>\n\n\n\n<li>la pollution<\/li>\n\n\n\n<li>les collisions (\u00e9oliennes, voitures, trains, lignes \u00e9lectroniques)<\/li>\n\n\n\n<li>le braconnage et l&rsquo;intoxication <\/li>\n<\/ul>\n          <\/div>\n        <\/div>\n      <\/div>\n\n      <\/section>\n\n<section class=\"block-grid-wrapper block-grid-for-core-paragraph\">\n      <div class=\"default-editor-content grid-for-core-paragraph grid-container fluid fluid\">\n        <div class=\"grid-x grid-padding-x align-center\">\n          <div class=\"cell\">\n            \n<p>Le lancement d\u2019un programme de r\u00e9introduction en France, auquel Sainte-Croix joue un r\u00f4le majeur, s\u2019est rapidement impos\u00e9 comme une initiative essentielle pour assurer la pr\u00e9sence durable de l\u2019esp\u00e8ce et favoriser la reconqu\u00eate de nouveaux territoires. Ce programme a permis de rel\u00e2cher les premiers oiseaux en 2022, avec 4 individus, suivis par 10 en 2023 et de 7 autres oiseaux en 2024 par les <a href=\"https:\/\/www.lesaiglesduleman.com\/\">Aigles du Leman<\/a>.<\/p>\n          <\/div>\n        <\/div>\n      <\/div>\n\n      <\/section>\n\n<section class=\"block-grid-wrapper block-grid-for-core-extended-special-paragraph-with-border\">\n      <div class=\"default-editor-content grid-for-core-extended-special-paragraph-with-border grid-container fluid fluid\">\n        <div class=\"grid-x grid-padding-x align-center\">\n          <div class=\"cell\">\n            \n<div class=\"wp-block-extended-special-paragraph-with-border\">\n<h3 class=\"wp-block-heading\"><strong>C&rsquo;est quoi un PNA ?<\/strong><\/h3>\n\n\n\n<p>Les Plans Nationaux d&rsquo;Actions (PNA) sont des documents d&rsquo;orientation non opposables visant \u00e0 d\u00e9finir les actions n\u00e9cessaires \u00e0 la conservation et \u00e0 la restauration des esp\u00e8ces les plus menac\u00e9es afin de s&rsquo;assurer de leur bon \u00e9tat de conservation.\u00a0<\/p>\n<\/div>\n          <\/div>\n        <\/div>\n      <\/div>\n\n      <\/section>\n\n<section class=\"block-grid-wrapper block-grid-for-core-paragraph\">\n      <div class=\"default-editor-content grid-for-core-paragraph grid-container fluid fluid\">\n        <div class=\"grid-x grid-padding-x align-center\">\n          <div class=\"cell\">\n            \n<p>En 2024, <strong>deux nouveaux couples<\/strong> de pygargues \u00e0 queue blanche ont \u00e9t\u00e9 d\u00e9couverts dans le sud de la Moselle et en Meuse. Ainsi, la France compte d\u00e9sormais <strong>8 couples territoriaux, dont 6 sont reproducteurs, avec un total de 11 jeunes <\/strong>observ\u00e9s \u00e0 l\u2019envol. Ce chiffre marque un record pour cette esp\u00e8ce. Autre bonne nouvelle : aucune diff\u00e9rence de comportement n\u2019a \u00e9t\u00e9 constat\u00e9e entre les pygargues r\u00e9introduits et ceux n\u00e9s \u00e0 l\u2019\u00e9tat sauvage.<\/p>\n          <\/div>\n        <\/div>\n      <\/div>\n\n      <\/section>\n\n<section class=\"block-grid-wrapper block-grid-for-core-paragraph\">\n      <div class=\"default-editor-content grid-for-core-paragraph grid-container fluid fluid\">\n        <div class=\"grid-x grid-padding-x align-center\">\n          <div class=\"cell\">\n            \n<p>Malheureusement, l\u2019ann\u00e9e 2024 a \u00e9galement \u00e9t\u00e9 marqu\u00e9e par des actes de braconnage. <strong>Deux pygargues \u00e9quip\u00e9s de balises ont perdu la vie<\/strong> : Morzine, abattue par un chasseur en f\u00e9vrier, et Michel Terrase, nomm\u00e9 en hommage au c\u00e9l\u00e8bre ornithologue, empoisonn\u00e9 en mai. Ces incidents soulignent l\u2019urgence de poursuivre les efforts de sensibilisation et de protection pour pr\u00e9server cette esp\u00e8ce.<\/p>\n          <\/div>\n        <\/div>\n      <\/div>\n\n      <\/section>\n\n<section class=\"block-grid-wrapper block-grid-for-core-heading\">\n      <div class=\"default-editor-content grid-for-core-heading grid-container fluid fluid\">\n        <div class=\"grid-x grid-padding-x align-center\">\n          <div class=\"cell\">\n            \n<h2 class=\"wp-block-heading\"><strong>Le pygargue \u00e0 queue blanche \u00e0 Sainte-Croix<\/strong><\/h2>\n          <\/div>\n        <\/div>\n      <\/div>\n\n      <\/section>\n\n<section class=\"block-grid-wrapper block-grid-for-core-heading\">\n      <div class=\"default-editor-content grid-for-core-heading grid-container fluid fluid\">\n        <div class=\"grid-x grid-padding-x align-center\">\n          <div class=\"cell\">\n            \n<h3 class=\"wp-block-heading\"><strong>Une vieille histoire au parc <\/strong><\/h3>\n          <\/div>\n        <\/div>\n      <\/div>\n\n      <\/section>\n\n<section class=\"block-grid-wrapper block-grid-for-core-image\">\n      <div class=\"default-editor-content grid-for-core-image grid-container fluid fluid\">\n        <div class=\"grid-x grid-padding-x align-center\">\n          <div class=\"cell\">\n            \n<figure class=\"wp-block-image aligncenter size-full is-resized\"><img loading=\"lazy\" decoding=\"async\" width=\"948\" height=\"180\" src=\"https:\/\/parcsaintecroix.com\/wp-content\/uploads\/2024\/07\/Premiere-observation-dun-jeune-pygargue.png\" alt=\"\" class=\"wp-image-33109\" style=\"width:1142px;height:auto\" srcset=\"https:\/\/parcsaintecroix.com\/wp-content\/uploads\/2024\/07\/Premiere-observation-dun-jeune-pygargue.png 948w, https:\/\/parcsaintecroix.com\/wp-content\/uploads\/2024\/07\/Premiere-observation-dun-jeune-pygargue-300x57-512c1e2135f8.png 300w, https:\/\/parcsaintecroix.com\/wp-content\/uploads\/2024\/07\/Premiere-observation-dun-jeune-pygargue-768x146-b56108145cc7.png 768w, https:\/\/parcsaintecroix.com\/wp-content\/uploads\/2024\/07\/Premiere-observation-dun-jeune-pygargue-100x19-fab7673e88b9.png 100w\" sizes=\"auto, (max-width: 948px) 100vw, 948px\" \/><\/figure>\n          <\/div>\n        <\/div>\n      <\/div>\n\n      <\/section>\n\n<section class=\"block-grid-wrapper block-grid-for-core-paragraph\">\n      <div class=\"default-editor-content grid-for-core-paragraph grid-container fluid fluid\">\n        <div class=\"grid-x grid-padding-x align-center\">\n          <div class=\"cell\">\n            \n<p><\/p>\n          <\/div>\n        <\/div>\n      <\/div>\n\n      <\/section>\n\n<section class=\"block-grid-wrapper block-grid-for-core-paragraph\">\n      <div class=\"default-editor-content grid-for-core-paragraph grid-container fluid fluid\">\n        <div class=\"grid-x grid-padding-x align-center\">\n          <div class=\"cell\">\n            \n<p><strong>L\u2019histoire commence avec la pr\u00e9sence d\u2019un jeune pygargue en 2006 au-dessus du Parc Animalier.<\/strong> Ce fut un v\u00e9ritable \u00e9v\u00e9nement pour les \u00e9quipes puisque l\u2019esp\u00e8ce \u00e9tait rarement observ\u00e9e dans la r\u00e9gion. <\/p>\n          <\/div>\n        <\/div>\n      <\/div>\n\n      <\/section>\n\n<section class=\"block-grid-wrapper block-grid-for-core-paragraph\">\n      <div class=\"default-editor-content grid-for-core-paragraph grid-container fluid fluid\">\n        <div class=\"grid-x grid-padding-x align-center\">\n          <div class=\"cell\">\n            \n<p>Depuis 2021, <strong>Sainte-Croix a souhait\u00e9 renforcer son implication dans la conservation de cet oiseau<\/strong>, d\u2019abord dans le cadre de son suivi en Moselle, puis par l\u2019achat d\u2019une balise qui a permis d\u2019\u00e9quiper un des deux jeunes lors du baguage. Cette op\u00e9ration a \u00e9t\u00e9 reconduite l\u2019ann\u00e9e suivante avec le financement d\u2019une balise en Moselle et d\u2019une autre en Brenne.<\/p>\n          <\/div>\n        <\/div>\n      <\/div>\n\n      <\/section>\n\n<section class=\"block-grid-wrapper block-grid-for-core-paragraph\">\n      <div class=\"default-editor-content grid-for-core-paragraph grid-container fluid fluid\">\n        <div class=\"grid-x grid-padding-x align-center\">\n          <div class=\"cell\">\n            \n<p>En 2023, l\u2019\u00e9pop\u00e9e de la femelle, baptis\u00e9e<strong> Moselle<\/strong>, est venue bousculer l\u2019id\u00e9e que l\u2019on se faisait de l\u2019\u00e9mancipation de cette esp\u00e8ce en parcourt des distances jamais enregistr\u00e9es . L\u2019ann\u00e9e pr\u00e9c\u00e9dente, la jeune <strong>Sainte-Croix et sa s\u0153ur<\/strong>, elles aussi \u00e9quip\u00e9es de balises, avaient d\u00e9j\u00e0 fourni des <strong>donn\u00e9es scientifiques in\u00e9dites<\/strong> <strong>sur le comportement du pygargue en milieu sauvage<\/strong>, notamment des vols en duo jusqu\u2019en Allemagne et des trajets aux distances impressionnantes.<\/p>\n          <\/div>\n        <\/div>\n      <\/div>\n\n      <\/section>\n\n<section class=\"block-grid-wrapper block-grid-for-core-paragraph\">\n      <div class=\"default-editor-content grid-for-core-paragraph grid-container fluid fluid\">\n        <div class=\"grid-x grid-padding-x align-center\">\n          <div class=\"cell\">\n            \n<p>En 2024, deux nouveaux jeunes ont \u00e9t\u00e9 nomm\u00e9s : Olympe, par les \u00e9quipes du Parc, et Mielle, par les \u00e9quipes de terrain.<\/p>\n          <\/div>\n        <\/div>\n      <\/div>\n\n      <\/section>\n\n<section class=\"block-grid-wrapper block-grid-for-core-heading\">\n      <div class=\"default-editor-content grid-for-core-heading grid-container fluid fluid\">\n        <div class=\"grid-x grid-padding-x align-center\">\n          <div class=\"cell\">\n            \n<h3 class=\"wp-block-heading\"><strong>L&rsquo;aigle des mers \u00e0 Sainte-Croix<\/strong><\/h3>\n          <\/div>\n        <\/div>\n      <\/div>\n\n      <\/section>\n\n<section class=\"block-grid-wrapper block-grid-for-core-heading\">\n      <div class=\"default-editor-content grid-for-core-heading grid-container fluid fluid\">\n        <div class=\"grid-x grid-padding-x align-center\">\n          <div class=\"cell\">\n            \n<h4 class=\"wp-block-heading\"><strong>Un couple arrive au Parc<\/strong><\/h4>\n          <\/div>\n        <\/div>\n      <\/div>\n\n      <\/section>\n\n<section class=\"block-grid-wrapper block-grid-for-core-paragraph\">\n      <div class=\"default-editor-content grid-for-core-paragraph grid-container fluid fluid\">\n        <div class=\"grid-x grid-padding-x align-center\">\n          <div class=\"cell\">\n            \n<p><strong>En 2024, un couple de pygargues \u00e0 queue blanche<\/strong> a rejoint le Parc de Sainte-Croix. Rencontrez <em>Toundra<\/em>, la femelle n\u00e9e en 2013 au Puy du Fou et <em>Bolcho\u00ef<\/em>, le m\u00e2le n\u00e9 en 2016 en Hollande !<\/p>\n          <\/div>\n        <\/div>\n      <\/div>\n\n      <\/section>\n\n<section class=\"block-grid-wrapper block-grid-for-core-paragraph\">\n      <div class=\"default-editor-content grid-for-core-paragraph grid-container fluid fluid\">\n        <div class=\"grid-x grid-padding-x align-center\">\n          <div class=\"cell\">\n            \n<p>Ils ont \u00e9t\u00e9 mis en contact en 2022 et sont pr\u00e9sents au Parc dans l&rsquo;espoir qu&rsquo;ils se reproduisent. Par la suite, les jeunes pygargues pourront alors \u00eatre rel\u00e2ch\u00e9s dans leur milieu naturel pour <strong>participer au programme de r\u00e9introduction<\/strong> des Aigles du L\u00e9man.<\/p>\n          <\/div>\n        <\/div>\n      <\/div>\n\n      <\/section>\n\n<section  class=\"wp-block-acf-two-images  block-index-37 section-content section-two-images\"   itemprop=\"hasPart\" itemscope itemtype=\"https:\/\/schema.org\/WebPageElement\">\n  <div class=\"grid-container fluid\">\n    <div class=\"grid-x grid-padding-x align-middle\">\n      <div class=\"cell small-6\">\n                  <figure>\n            <picture><source srcset=\"data:image\/svg+xml;base64,PHN2ZyB4bWxucz0naHR0cDovL3d3dy53My5vcmcvMjAwMC9zdmcnIHk9JzAnIHg9JzAnIHdpZHRoPScxMTI4JyBoZWlnaHQ9JzExMjgnIHZpZXdCb3g9JzAgMCAxMTI4IDExMjgnPjwvc3ZnPg==\" data-srcset=\"https:\/\/parcsaintecroix.com\/wp-content\/uploads\/2024\/07\/reseaux-31-1128x1128-12855f90cbd8.png\" media=\"(min-width: 64rem) and (min-resolution: 192dpi), (min-width: 64rem) and (-webkit-min-device-pixel-ratio: 2)\"><source srcset=\"data:image\/svg+xml;base64,PHN2ZyB4bWxucz0naHR0cDovL3d3dy53My5vcmcvMjAwMC9zdmcnIHk9JzAnIHg9JzAnIHdpZHRoPScxMTI4JyBoZWlnaHQ9JzExMjgnIHZpZXdCb3g9JzAgMCAxMTI4IDExMjgnPjwvc3ZnPg==\" data-srcset=\"https:\/\/parcsaintecroix.com\/wp-content\/uploads\/2024\/07\/reseaux-31-1128x1128-2026d05e3807.png\" media=\"(min-width: 48rem) and (min-resolution: 192dpi), (min-width: 48rem) and (-webkit-min-device-pixel-ratio: 2)\"><source srcset=\"data:image\/svg+xml;base64,PHN2ZyB4bWxucz0naHR0cDovL3d3dy53My5vcmcvMjAwMC9zdmcnIHk9JzAnIHg9JzAnIHdpZHRoPSczMjAnIGhlaWdodD0nMzIwJyB2aWV3Qm94PScwIDAgMzIwIDMyMCc+PC9zdmc+\" data-srcset=\"https:\/\/parcsaintecroix.com\/wp-content\/uploads\/2024\/07\/reseaux-31-320x320-0b0f2f2fadf5.png\" media=\"(min-resolution: 192dpi), (-webkit-min-device-pixel-ratio: 2)\"><source srcset=\"data:image\/svg+xml;base64,PHN2ZyB4bWxucz0naHR0cDovL3d3dy53My5vcmcvMjAwMC9zdmcnIHk9JzAnIHg9JzAnIHdpZHRoPSc1NjQnIGhlaWdodD0nNTY0JyB2aWV3Qm94PScwIDAgNTY0IDU2NCc+PC9zdmc+\" data-srcset=\"https:\/\/parcsaintecroix.com\/wp-content\/uploads\/2024\/07\/reseaux-31-564x564-856c1b2a36df.png\" media=\"(min-width: 64rem)\"><source srcset=\"data:image\/svg+xml;base64,PHN2ZyB4bWxucz0naHR0cDovL3d3dy53My5vcmcvMjAwMC9zdmcnIHk9JzAnIHg9JzAnIHdpZHRoPSc1NjQnIGhlaWdodD0nNTY0JyB2aWV3Qm94PScwIDAgNTY0IDU2NCc+PC9zdmc+\" data-srcset=\"https:\/\/parcsaintecroix.com\/wp-content\/uploads\/2024\/07\/reseaux-31-564x564-f24007e60c88.png\" media=\"(min-width: 48rem)\"><img loading=\"lazy\" decoding=\"async\" src=\"data:image\/svg+xml;base64,PHN2ZyB4bWxucz0naHR0cDovL3d3dy53My5vcmcvMjAwMC9zdmcnIHk9JzAnIHg9JzAnIHdpZHRoPScxNjAnIGhlaWdodD0nMTYwJyB2aWV3Qm94PScwIDAgMTYwIDE2MCc+PC9zdmc+\"  width=\"160\" height=\"160\" data-fade-in data-lazy-img data-src=\"https:\/\/parcsaintecroix.com\/wp-content\/uploads\/2024\/07\/reseaux-31-160x160-2c997b4cd4d1.png\" alt=\"\" style=\";--aspect-ratio-small: 1;--aspect-ratio-medium: 1;--aspect-ratio-large: 1;--aspect-ratio-retina: 1;--aspect-ratio-medium_retina: 1;--aspect-ratio-large_retina: 1\" data-has-aspect-ratio=\"true\" \/><\/picture>          <\/figure>\n              <\/div>\n\n      <div class=\"cell small-6\">\n                  <figure>\n            <picture><source srcset=\"data:image\/svg+xml;base64,PHN2ZyB4bWxucz0naHR0cDovL3d3dy53My5vcmcvMjAwMC9zdmcnIHk9JzAnIHg9JzAnIHdpZHRoPScxMTI4JyBoZWlnaHQ9JzExMjgnIHZpZXdCb3g9JzAgMCAxMTI4IDExMjgnPjwvc3ZnPg==\" data-srcset=\"https:\/\/parcsaintecroix.com\/wp-content\/uploads\/2024\/07\/reseaux-32-1128x1128-12855f90cbd8.png\" media=\"(min-width: 64rem) and (min-resolution: 192dpi), (min-width: 64rem) and (-webkit-min-device-pixel-ratio: 2)\"><source srcset=\"data:image\/svg+xml;base64,PHN2ZyB4bWxucz0naHR0cDovL3d3dy53My5vcmcvMjAwMC9zdmcnIHk9JzAnIHg9JzAnIHdpZHRoPScxMTI4JyBoZWlnaHQ9JzExMjgnIHZpZXdCb3g9JzAgMCAxMTI4IDExMjgnPjwvc3ZnPg==\" data-srcset=\"https:\/\/parcsaintecroix.com\/wp-content\/uploads\/2024\/07\/reseaux-32-1128x1128-2026d05e3807.png\" media=\"(min-width: 48rem) and (min-resolution: 192dpi), (min-width: 48rem) and (-webkit-min-device-pixel-ratio: 2)\"><source srcset=\"data:image\/svg+xml;base64,PHN2ZyB4bWxucz0naHR0cDovL3d3dy53My5vcmcvMjAwMC9zdmcnIHk9JzAnIHg9JzAnIHdpZHRoPSczMjAnIGhlaWdodD0nMzIwJyB2aWV3Qm94PScwIDAgMzIwIDMyMCc+PC9zdmc+\" data-srcset=\"https:\/\/parcsaintecroix.com\/wp-content\/uploads\/2024\/07\/reseaux-32-320x320-0b0f2f2fadf5.png\" media=\"(min-resolution: 192dpi), (-webkit-min-device-pixel-ratio: 2)\"><source srcset=\"data:image\/svg+xml;base64,PHN2ZyB4bWxucz0naHR0cDovL3d3dy53My5vcmcvMjAwMC9zdmcnIHk9JzAnIHg9JzAnIHdpZHRoPSc1NjQnIGhlaWdodD0nNTY0JyB2aWV3Qm94PScwIDAgNTY0IDU2NCc+PC9zdmc+\" data-srcset=\"https:\/\/parcsaintecroix.com\/wp-content\/uploads\/2024\/07\/reseaux-32-564x564-856c1b2a36df.png\" media=\"(min-width: 64rem)\"><source srcset=\"data:image\/svg+xml;base64,PHN2ZyB4bWxucz0naHR0cDovL3d3dy53My5vcmcvMjAwMC9zdmcnIHk9JzAnIHg9JzAnIHdpZHRoPSc1NjQnIGhlaWdodD0nNTY0JyB2aWV3Qm94PScwIDAgNTY0IDU2NCc+PC9zdmc+\" data-srcset=\"https:\/\/parcsaintecroix.com\/wp-content\/uploads\/2024\/07\/reseaux-32-564x564-f24007e60c88.png\" media=\"(min-width: 48rem)\"><img loading=\"lazy\" decoding=\"async\" src=\"data:image\/svg+xml;base64,PHN2ZyB4bWxucz0naHR0cDovL3d3dy53My5vcmcvMjAwMC9zdmcnIHk9JzAnIHg9JzAnIHdpZHRoPScxNjAnIGhlaWdodD0nMTYwJyB2aWV3Qm94PScwIDAgMTYwIDE2MCc+PC9zdmc+\"  width=\"160\" height=\"160\" data-fade-in data-lazy-img data-src=\"https:\/\/parcsaintecroix.com\/wp-content\/uploads\/2024\/07\/reseaux-32-160x160-2c997b4cd4d1.png\" alt=\"\" style=\";--aspect-ratio-small: 1;--aspect-ratio-medium: 1;--aspect-ratio-large: 1;--aspect-ratio-retina: 1;--aspect-ratio-medium_retina: 1;--aspect-ratio-large_retina: 1\" data-has-aspect-ratio=\"true\" \/><\/picture>          <\/figure>\n              <\/div>\n\n    <\/div>\n  <\/div>\n<\/section>\n\n\n<section class=\"block-grid-wrapper block-grid-for-core-heading\">\n      <div class=\"default-editor-content grid-for-core-heading grid-container fluid fluid\">\n        <div class=\"grid-x grid-padding-x align-center\">\n          <div class=\"cell\">\n            \n<h4 class=\"wp-block-heading\"><strong>Une des plus belles voli\u00e8res d&rsquo;Europe<\/strong><\/h4>\n          <\/div>\n        <\/div>\n      <\/div>\n\n      <\/section>\n\n<section class=\"block-grid-wrapper block-grid-for-core-paragraph\">\n      <div class=\"default-editor-content grid-for-core-paragraph grid-container fluid fluid\">\n        <div class=\"grid-x grid-padding-x align-center\">\n          <div class=\"cell\">\n            \n<p><strong>Une voli\u00e8re exceptionnelle de 650 m\u00b2 et de 8 m\u00e8tres de haut<\/strong> est install\u00e9e en partie sur une \u00eele et <strong>sur l\u2019\u00e9tang des Cormorans<\/strong>. C&rsquo;est la premi\u00e8re voli\u00e8re construite en milieu naturel en France.  <\/p>\n          <\/div>\n        <\/div>\n      <\/div>\n\n      <\/section>\n\n<section class=\"block-grid-wrapper block-grid-for-core-paragraph\">\n      <div class=\"default-editor-content grid-for-core-paragraph grid-container fluid fluid\">\n        <div class=\"grid-x grid-padding-x align-center\">\n          <div class=\"cell\">\n            \n<p>L&#8217;emplacement choisi combine des zones d&rsquo;eau et de terre, avec une <strong>v\u00e9g\u00e9tation adapt\u00e9e<\/strong>. Il y a des arbres pour se reposer et manger ses proies, ainsi que des branches au sol et des rochers. Un <strong>couloir de p\u00eache<\/strong> est utilis\u00e9 par le pygargue pour attraper ses proies. Ce couloir est entour\u00e9 d&rsquo;un filet qui emp\u00eache les plus gros poissons de passer, ce qui \u00e9vite les conflits de nourriture entre les deux adultes pygargues. Deux nids artificiels permettent au couple d&rsquo;oiseaux de choisir celui qui lui convient le mieux. <\/p>\n          <\/div>\n        <\/div>\n      <\/div>\n\n      <\/section>\n\n<section class=\"block-grid-wrapper block-grid-for-core-image\">\n      <div class=\"default-editor-content grid-for-core-image grid-container fluid fluid\">\n        <div class=\"grid-x grid-padding-x align-center\">\n          <div class=\"cell\">\n            \n<figure class=\"wp-block-image aligncenter size-large is-resized\"><img loading=\"lazy\" decoding=\"async\" width=\"1024\" height=\"639\" src=\"https:\/\/parcsaintecroix.com\/wp-content\/uploads\/2024\/06\/voliere-pyg-1-1024x639-fd90e2c36371.png\" alt=\"\" class=\"wp-image-30233\" style=\"width:1000px;height:auto\" srcset=\"https:\/\/parcsaintecroix.com\/wp-content\/uploads\/2024\/06\/voliere-pyg-1-1024x639-fd90e2c36371.png 1024w, https:\/\/parcsaintecroix.com\/wp-content\/uploads\/2024\/06\/voliere-pyg-1-300x187-512c1e2135f8.png 300w, https:\/\/parcsaintecroix.com\/wp-content\/uploads\/2024\/06\/voliere-pyg-1-768x479-b56108145cc7.png 768w, https:\/\/parcsaintecroix.com\/wp-content\/uploads\/2024\/06\/voliere-pyg-1-100x62-fab7673e88b9.png 100w, https:\/\/parcsaintecroix.com\/wp-content\/uploads\/2024\/06\/voliere-pyg-1.png 1156w\" sizes=\"auto, (max-width: 1024px) 100vw, 1024px\" \/><\/figure>\n          <\/div>\n        <\/div>\n      <\/div>\n\n      <\/section>\n\n<section class=\"block-grid-wrapper block-grid-for-core-list\">\n      <div class=\"default-editor-content grid-for-core-list grid-container fluid fluid\">\n        <div class=\"grid-x grid-padding-x align-center\">\n          <div class=\"cell\">\n            \n<ol start=\"2022\" class=\"wp-block-list\">\n<li><\/li>\n<\/ol>\n          <\/div>\n        <\/div>\n      <\/div>\n\n      <\/section>\n\n\n    <section  class=\"wp-block-acf-three-articles  block-index-44 section-content section-three-articles\"       itemprop=\"hasPart\" itemscope\n\n      <div class=\"grid-container full\">\n\n        <div class=\"grid-x title-wrapper\">\n\n          <div class=\"cell\">\n            \n                      <\/div>\n\n        <\/div>\n\n\n        <div class=\"grid-x listing-latest-news news-slider align-center\">\n          <article class=\"cell medium-6 large-4 js-article article-box flex-container flex-dir-column post-31005 post type-post status-publish format-standard has-post-thumbnail hentry category-animaux\"  itemscope itemtype=\"https:\/\/schema.org\/Article\" itemid=\"https:\/\/parcsaintecroix.com\/fr\/est-ce-que-grand-tetras-espece-menacee\" itemref=\"publisher\">\n      <meta itemprop=\"author\" content=\"Parc de Saint Croix\" \/>\n    <meta itemprop=\"image\" content=\"https:\/\/parcsaintecroix.com\/wp-content\/uploads\/2022\/09\/J_lavergne_2008-116-scaled.jpg\" \/>\n    <meta itemprop=\"datePublished\" content=\"2026-04-24T16:52:39+02:00\" \/>\n    <meta itemprop=\"dateModified\" content=\"2026-04-24T16:52:43+02:00\" \/>\n      <div class=\"news-content-wrapper\">\n          <a href=\"https:\/\/parcsaintecroix.com\/fr\/est-ce-que-grand-tetras-espece-menacee\" itemprop=\"url mainEntityOfPage\">\n        \n                  <span class=\"label-category\">Animaux<\/span>\n        \n        <figure>\n          <img decoding=\"async\"  data-fade-in loading=\"lazy\" src=\"data:image\/png;base64,R0lGODlhAQABAAD\/ACwAAAAAAQABAAACADs=\" data-lazy-interchange=\"[https:\/\/parcsaintecroix.com\/wp-content\/uploads\/2022\/09\/J_lavergne_2008-116-scaled-668x668-71ab615e0a86.jpg, small], [https:\/\/parcsaintecroix.com\/wp-content\/uploads\/2022\/09\/J_lavergne_2008-116-scaled-423x423-f5ddf0753daf.jpg, large], [https:\/\/parcsaintecroix.com\/wp-content\/uploads\/2022\/09\/J_lavergne_2008-116-scaled-800x800-b303cee25c1f.jpg, xlarge], [https:\/\/parcsaintecroix.com\/wp-content\/uploads\/2022\/09\/J_lavergne_2008-116-scaled-846x846-97851059a762.jpg, large_retina], [https:\/\/parcsaintecroix.com\/wp-content\/uploads\/2022\/09\/J_lavergne_2008-116-scaled-1600x1600-f1dbcba1895c.jpg, xlarge_retina]\" data-interchange-sizes=\"{&quot;small&quot;:{&quot;w&quot;:668,&quot;h&quot;:668},&quot;large&quot;:{&quot;w&quot;:423,&quot;h&quot;:423},&quot;xlarge&quot;:{&quot;w&quot;:800,&quot;h&quot;:800},&quot;large_retina&quot;:{&quot;w&quot;:846,&quot;h&quot;:846},&quot;xlarge_retina&quot;:{&quot;w&quot;:1600,&quot;h&quot;:1600}}\"  style=\";--aspect-ratio-small: 1;--aspect-ratio-large: 1;--aspect-ratio-xlarge: 1;--aspect-ratio-large_retina: 1;--aspect-ratio-xlarge_retina: 1\" data-has-aspect-ratio=\"true\" alt=\"Est ce que le Grand T\u00e9tras est une esp\u00e8ce menac\u00e9e ?\" itemprop=\"image\" data-fade-in \/>\n        <\/figure>\n\n              <\/a>\n      <\/div>\n\n  <div class=\"article-box-content flex-child-grow flex-container flex-dir-column\">\n    <header class=\"entry-header\">\n      <h2 class=\"entry-name\" itemprop=\"name headline\">\n        <a href=\"https:\/\/parcsaintecroix.com\/fr\/est-ce-que-grand-tetras-espece-menacee\">Est ce que le Grand T\u00e9tras est une esp\u00e8ce menac\u00e9e ?<\/a>\n      <\/h2>\n    <\/header>\n\n    <div class=\"entry-content\">\n      <p class=\"excerpt\">Oiseaux embl\u00e9matique, le&nbsp;Grand T\u00e9tras&nbsp;est un des plus menac\u00e9s d\u2019Europe. Symbole des for\u00eats de montagne, ce galliforme discret &#8230;<\/p>\n    <\/div>\n\n    <p class=\"entry-date\">\n      Publi\u00e9 le 24 avril 2026    <\/p>\n\n  <\/div>\n<\/article>\n\n<article class=\"cell medium-6 large-4 js-article article-box flex-container flex-dir-column post-40141 post type-post status-publish format-standard has-post-thumbnail hentry category-le-parc\"  itemscope itemtype=\"https:\/\/schema.org\/Article\" itemid=\"https:\/\/parcsaintecroix.com\/fr\/ce-printemps-vivez-un-sejour-famille-inoubliable-au-parc-de-sainte-croix\" itemref=\"publisher\">\n      <meta itemprop=\"author\" content=\"Parc de Saint Croix\" \/>\n    <meta itemprop=\"image\" content=\"https:\/\/parcsaintecroix.com\/wp-content\/uploads\/2025\/06\/ste-croix-2193-scaled.jpg\" \/>\n    <meta itemprop=\"datePublished\" content=\"2026-04-13T16:58:25+02:00\" \/>\n    <meta itemprop=\"dateModified\" content=\"2026-04-13T16:58:28+02:00\" \/>\n      <div class=\"news-content-wrapper\">\n          <a href=\"https:\/\/parcsaintecroix.com\/fr\/ce-printemps-vivez-un-sejour-famille-inoubliable-au-parc-de-sainte-croix\" itemprop=\"url mainEntityOfPage\">\n        \n                  <span class=\"label-category\">Le parc<\/span>\n        \n        <figure>\n          <img decoding=\"async\"  data-fade-in loading=\"lazy\" src=\"data:image\/png;base64,R0lGODlhAQABAAD\/ACwAAAAAAQABAAACADs=\" data-lazy-interchange=\"[https:\/\/parcsaintecroix.com\/wp-content\/uploads\/2025\/06\/ste-croix-2193-scaled-668x668-71ab615e0a86.jpg, small], [https:\/\/parcsaintecroix.com\/wp-content\/uploads\/2025\/06\/ste-croix-2193-scaled-423x423-f5ddf0753daf.jpg, large], [https:\/\/parcsaintecroix.com\/wp-content\/uploads\/2025\/06\/ste-croix-2193-scaled-800x800-b303cee25c1f.jpg, xlarge], [https:\/\/parcsaintecroix.com\/wp-content\/uploads\/2025\/06\/ste-croix-2193-scaled-846x846-97851059a762.jpg, large_retina], [https:\/\/parcsaintecroix.com\/wp-content\/uploads\/2025\/06\/ste-croix-2193-scaled-1600x1600-f1dbcba1895c.jpg, xlarge_retina]\" data-interchange-sizes=\"{&quot;small&quot;:{&quot;w&quot;:668,&quot;h&quot;:668},&quot;large&quot;:{&quot;w&quot;:423,&quot;h&quot;:423},&quot;xlarge&quot;:{&quot;w&quot;:800,&quot;h&quot;:800},&quot;large_retina&quot;:{&quot;w&quot;:846,&quot;h&quot;:846},&quot;xlarge_retina&quot;:{&quot;w&quot;:1600,&quot;h&quot;:1600}}\"  style=\";--aspect-ratio-small: 1;--aspect-ratio-large: 1;--aspect-ratio-xlarge: 1;--aspect-ratio-large_retina: 1;--aspect-ratio-xlarge_retina: 1\" data-has-aspect-ratio=\"true\" alt=\"Ce printemps, vivez un s\u00e9jour famille inoubliable au Parc de Sainte-Croix !\" itemprop=\"image\" data-fade-in \/>\n        <\/figure>\n\n              <\/a>\n      <\/div>\n\n  <div class=\"article-box-content flex-child-grow flex-container flex-dir-column\">\n    <header class=\"entry-header\">\n      <h2 class=\"entry-name\" itemprop=\"name headline\">\n        <a href=\"https:\/\/parcsaintecroix.com\/fr\/ce-printemps-vivez-un-sejour-famille-inoubliable-au-parc-de-sainte-croix\">Ce printemps, vivez un s\u00e9jour famille inoubliable au Parc de Sainte-Croix !<\/a>\n      <\/h2>\n    <\/header>\n\n    <div class=\"entry-content\">\n      <p class=\"excerpt\">Venez profiter de 3 jours de d\u00e9paysement total au c\u0153ur de la nature ! Vivez une exp\u00e9rience &#8230;<\/p>\n    <\/div>\n\n    <p class=\"entry-date\">\n      Publi\u00e9 le 13 avril 2026    <\/p>\n\n  <\/div>\n<\/article>\n\n<article class=\"cell medium-6 large-4 js-article article-box flex-container flex-dir-column post-40154 post type-post status-publish format-standard has-post-thumbnail hentry category-le-parc\"  itemscope itemtype=\"https:\/\/schema.org\/Article\" itemid=\"https:\/\/parcsaintecroix.com\/fr\/votre-sejour-nature-pour-sevader-du-quotidien\" itemref=\"publisher\">\n      <meta itemprop=\"author\" content=\"Parc de Saint Croix\" \/>\n    <meta itemprop=\"image\" content=\"https:\/\/parcsaintecroix.com\/wp-content\/uploads\/2022\/09\/plaine-des-cerfs-pano.jpg\" \/>\n    <meta itemprop=\"datePublished\" content=\"2026-04-02T17:25:39+02:00\" \/>\n    <meta itemprop=\"dateModified\" content=\"2026-04-02T17:25:44+02:00\" \/>\n      <div class=\"news-content-wrapper\">\n          <a href=\"https:\/\/parcsaintecroix.com\/fr\/votre-sejour-nature-pour-sevader-du-quotidien\" itemprop=\"url mainEntityOfPage\">\n        \n                  <span class=\"label-category\">Le parc<\/span>\n        \n        <figure>\n          <img decoding=\"async\"  data-fade-in loading=\"lazy\" src=\"data:image\/png;base64,R0lGODlhAQABAAD\/ACwAAAAAAQABAAACADs=\" data-lazy-interchange=\"[https:\/\/parcsaintecroix.com\/wp-content\/uploads\/2022\/09\/plaine-des-cerfs-pano-668x668-71ab615e0a86.jpg, small], [https:\/\/parcsaintecroix.com\/wp-content\/uploads\/2022\/09\/plaine-des-cerfs-pano-423x423-f5ddf0753daf.jpg, large], [https:\/\/parcsaintecroix.com\/wp-content\/uploads\/2022\/09\/plaine-des-cerfs-pano-800x800-b303cee25c1f.jpg, xlarge], [https:\/\/parcsaintecroix.com\/wp-content\/uploads\/2022\/09\/plaine-des-cerfs-pano-846x846-97851059a762.jpg, large_retina], [https:\/\/parcsaintecroix.com\/wp-content\/uploads\/2022\/09\/plaine-des-cerfs-pano-1366x1366-f1dbcba1895c.jpg, xlarge_retina]\" data-interchange-sizes=\"{&quot;small&quot;:{&quot;w&quot;:668,&quot;h&quot;:668},&quot;large&quot;:{&quot;w&quot;:423,&quot;h&quot;:423},&quot;xlarge&quot;:{&quot;w&quot;:800,&quot;h&quot;:800},&quot;large_retina&quot;:{&quot;w&quot;:846,&quot;h&quot;:846},&quot;xlarge_retina&quot;:{&quot;w&quot;:1366,&quot;h&quot;:1366}}\"  style=\";--aspect-ratio-small: 1;--aspect-ratio-large: 1;--aspect-ratio-xlarge: 1;--aspect-ratio-large_retina: 1;--aspect-ratio-xlarge_retina: 1\" data-has-aspect-ratio=\"true\" alt=\"Votre s\u00e9jour nature pour s&rsquo;\u00e9vader du quotidien\" itemprop=\"image\" data-fade-in \/>\n        <\/figure>\n\n              <\/a>\n      <\/div>\n\n  <div class=\"article-box-content flex-child-grow flex-container flex-dir-column\">\n    <header class=\"entry-header\">\n      <h2 class=\"entry-name\" itemprop=\"name headline\">\n        <a href=\"https:\/\/parcsaintecroix.com\/fr\/votre-sejour-nature-pour-sevader-du-quotidien\">Votre s\u00e9jour nature pour s&rsquo;\u00e9vader du quotidien<\/a>\n      <\/h2>\n    <\/header>\n\n    <div class=\"entry-content\">\n      <p class=\"excerpt\">Venez profiter de 3 jours de d\u00e9paysement total au Parc de Sainte-Croix ! Dormez face aux animaux &#8230;<\/p>\n    <\/div>\n\n    <p class=\"entry-date\">\n      Publi\u00e9 le 02 avril 2026    <\/p>\n\n  <\/div>\n<\/article>\n\n        <\/div>\n\n\n              <\/div>\n    <\/section>\n    ","protected":false},"excerpt":{"rendered":"<p>Le pygargue \u00e0 queue blanche surnomm\u00e9 \u00ab\u00a0l&rsquo;aigle de mer\u00a0\u00bb est une esp\u00e8ce menac\u00e9e pour laquelle Sainte-Croix s&rsquo;engage pour sa conservation. Qui est le pygargue \u00e0 queue blanche ? Proche cousin du pygargue \u00e0 t\u00eate blanche, (embl\u00e8me des \u00c9tats-Unis), le pygargue \u00e0 queue blanche, appel\u00e9 \u00e9galement aigle de mer est l\u2019un des plus grands rapaces diurnes [&hellip;]<\/p>\n","protected":false},"author":9,"featured_media":30488,"comment_status":"closed","ping_status":"0","sticky":false,"template":"","format":"standard","meta":{"_acf_changed":false,"_themeisle_gutenberg_block_has_review":false,"footnotes":""},"categories":[1],"tags":[],"class_list":["post-30156","post","type-post","status-publish","format-standard","has-post-thumbnail","hentry","category-evenement"],"acf":[],"yoast_head":"<!-- This site is optimized with the Yoast SEO plugin v27.3 - https:\/\/yoast.com\/product\/yoast-seo-wordpress\/ -->\n<title>Pygargue \u00e0 queue blanche : comment prot\u00e9ger l&#039;esp\u00e8ce ? | Parc Animalier Sainte-Croix<\/title>\n<meta name=\"robots\" content=\"index, follow, max-snippet:-1, max-image-preview:large, max-video-preview:-1\" \/>\n<link rel=\"canonical\" href=\"https:\/\/parcsaintecroix.com\/fr\/sainte-croix-sengage-pour-le-pygargue-a-queue-blanche\" \/>\n<meta property=\"og:locale\" content=\"fr_FR\" \/>\n<meta property=\"og:type\" content=\"article\" \/>\n<meta property=\"og:title\" content=\"Pygargue \u00e0 queue blanche : comment prot\u00e9ger l&#039;esp\u00e8ce ? | Parc Animalier Sainte-Croix\" \/>\n<meta property=\"og:description\" content=\"Le pygargue \u00e0 queue blanche surnomm\u00e9 \u00ab\u00a0l&rsquo;aigle de mer\u00a0\u00bb est une esp\u00e8ce menac\u00e9e pour laquelle Sainte-Croix s&rsquo;engage pour sa conservation. Qui est le pygargue \u00e0 queue blanche ? Proche cousin du pygargue \u00e0 t\u00eate blanche, (embl\u00e8me des \u00c9tats-Unis), le pygargue \u00e0 queue blanche, appel\u00e9 \u00e9galement aigle de mer est l\u2019un des plus grands rapaces diurnes [&hellip;]\" \/>\n<meta property=\"og:url\" content=\"https:\/\/parcsaintecroix.com\/fr\/sainte-croix-sengage-pour-le-pygargue-a-queue-blanche\" \/>\n<meta property=\"og:site_name\" content=\"Parc de Saint Croix\" \/>\n<meta property=\"article:publisher\" content=\"https:\/\/www.facebook.com\/LodgesSainteCroix\/\" \/>\n<meta property=\"article:published_time\" content=\"2024-07-04T13:12:00+00:00\" \/>\n<meta property=\"article:modified_time\" content=\"2024-12-13T14:15:03+00:00\" \/>\n<meta property=\"og:image\" content=\"https:\/\/parcsaintecroix.com\/wp-content\/uploads\/2024\/07\/CP-Margaux-C-3.jpg\" \/>\n\t<meta property=\"og:image:width\" content=\"2048\" \/>\n\t<meta property=\"og:image:height\" content=\"1365\" \/>\n\t<meta property=\"og:image:type\" content=\"image\/jpeg\" \/>\n<meta name=\"author\" content=\"accueil psc\" \/>\n<meta name=\"twitter:card\" content=\"summary_large_image\" \/>\n<meta name=\"twitter:creator\" content=\"@parc_stecroix\" \/>\n<meta name=\"twitter:site\" content=\"@parc_stecroix\" \/>\n<meta name=\"twitter:label1\" content=\"\u00c9crit par\" \/>\n\t<meta name=\"twitter:data1\" content=\"accueil psc\" \/>\n\t<meta name=\"twitter:label2\" content=\"Dur\u00e9e de lecture estim\u00e9e\" \/>\n\t<meta name=\"twitter:data2\" content=\"6 minutes\" \/>\n<script type=\"application\/ld+json\" class=\"yoast-schema-graph\">{\"@context\":\"https:\\\/\\\/schema.org\",\"@graph\":[{\"@type\":\"Article\",\"@id\":\"https:\\\/\\\/parcsaintecroix.com\\\/fr\\\/sainte-croix-sengage-pour-le-pygargue-a-queue-blanche#article\",\"isPartOf\":{\"@id\":\"https:\\\/\\\/parcsaintecroix.com\\\/fr\\\/sainte-croix-sengage-pour-le-pygargue-a-queue-blanche\"},\"author\":{\"name\":\"accueil psc\",\"@id\":\"https:\\\/\\\/parcsaintecroix.com\\\/fr\\\/#\\\/schema\\\/person\\\/7266c807920faa3ee8868aa167294065\"},\"headline\":\"Pygargue \u00e0 queue blanche : comment prot\u00e9ger l&rsquo;esp\u00e8ce ?\",\"datePublished\":\"2024-07-04T13:12:00+00:00\",\"dateModified\":\"2024-12-13T14:15:03+00:00\",\"mainEntityOfPage\":{\"@id\":\"https:\\\/\\\/parcsaintecroix.com\\\/fr\\\/sainte-croix-sengage-pour-le-pygargue-a-queue-blanche\"},\"wordCount\":1046,\"publisher\":{\"@id\":\"https:\\\/\\\/parcsaintecroix.com\\\/fr\\\/#organization\"},\"image\":{\"@id\":\"https:\\\/\\\/parcsaintecroix.com\\\/fr\\\/sainte-croix-sengage-pour-le-pygargue-a-queue-blanche#primaryimage\"},\"thumbnailUrl\":\"https:\\\/\\\/parcsaintecroix.com\\\/wp-content\\\/uploads\\\/2024\\\/07\\\/CP-Margaux-C-3.jpg\",\"articleSection\":[\"\u00c9v\u00e9nement\"],\"inLanguage\":\"fr-FR\"},{\"@type\":\"WebPage\",\"@id\":\"https:\\\/\\\/parcsaintecroix.com\\\/fr\\\/sainte-croix-sengage-pour-le-pygargue-a-queue-blanche\",\"url\":\"https:\\\/\\\/parcsaintecroix.com\\\/fr\\\/sainte-croix-sengage-pour-le-pygargue-a-queue-blanche\",\"name\":\"Pygargue \u00e0 queue blanche : comment prot\u00e9ger l'esp\u00e8ce ? | Parc Animalier Sainte-Croix\",\"isPartOf\":{\"@id\":\"https:\\\/\\\/parcsaintecroix.com\\\/fr\\\/#website\"},\"primaryImageOfPage\":{\"@id\":\"https:\\\/\\\/parcsaintecroix.com\\\/fr\\\/sainte-croix-sengage-pour-le-pygargue-a-queue-blanche#primaryimage\"},\"image\":{\"@id\":\"https:\\\/\\\/parcsaintecroix.com\\\/fr\\\/sainte-croix-sengage-pour-le-pygargue-a-queue-blanche#primaryimage\"},\"thumbnailUrl\":\"https:\\\/\\\/parcsaintecroix.com\\\/wp-content\\\/uploads\\\/2024\\\/07\\\/CP-Margaux-C-3.jpg\",\"datePublished\":\"2024-07-04T13:12:00+00:00\",\"dateModified\":\"2024-12-13T14:15:03+00:00\",\"breadcrumb\":{\"@id\":\"https:\\\/\\\/parcsaintecroix.com\\\/fr\\\/sainte-croix-sengage-pour-le-pygargue-a-queue-blanche#breadcrumb\"},\"inLanguage\":\"fr-FR\",\"potentialAction\":[{\"@type\":\"ReadAction\",\"target\":[\"https:\\\/\\\/parcsaintecroix.com\\\/fr\\\/sainte-croix-sengage-pour-le-pygargue-a-queue-blanche\"]}]},{\"@type\":\"ImageObject\",\"inLanguage\":\"fr-FR\",\"@id\":\"https:\\\/\\\/parcsaintecroix.com\\\/fr\\\/sainte-croix-sengage-pour-le-pygargue-a-queue-blanche#primaryimage\",\"url\":\"https:\\\/\\\/parcsaintecroix.com\\\/wp-content\\\/uploads\\\/2024\\\/07\\\/CP-Margaux-C-3.jpg\",\"contentUrl\":\"https:\\\/\\\/parcsaintecroix.com\\\/wp-content\\\/uploads\\\/2024\\\/07\\\/CP-Margaux-C-3.jpg\",\"width\":2048,\"height\":1365},{\"@type\":\"BreadcrumbList\",\"@id\":\"https:\\\/\\\/parcsaintecroix.com\\\/fr\\\/sainte-croix-sengage-pour-le-pygargue-a-queue-blanche#breadcrumb\",\"itemListElement\":[{\"@type\":\"ListItem\",\"position\":1,\"name\":\"Accueil\",\"item\":\"https:\\\/\\\/parcsaintecroix.com\\\/fr\"},{\"@type\":\"ListItem\",\"position\":2,\"name\":\"Pygargue \u00e0 queue blanche : comment prot\u00e9ger l&rsquo;esp\u00e8ce ?\"}]},{\"@type\":\"WebSite\",\"@id\":\"https:\\\/\\\/parcsaintecroix.com\\\/fr\\\/#website\",\"url\":\"https:\\\/\\\/parcsaintecroix.com\\\/fr\\\/\",\"name\":\"Parc de Saint Croix\",\"description\":\"\",\"publisher\":{\"@id\":\"https:\\\/\\\/parcsaintecroix.com\\\/fr\\\/#organization\"},\"inLanguage\":\"fr-FR\"},{\"@type\":\"Organization\",\"@id\":\"https:\\\/\\\/parcsaintecroix.com\\\/fr\\\/#organization\",\"name\":\"Parc de Saint Croix\",\"url\":\"https:\\\/\\\/parcsaintecroix.com\\\/fr\\\/\",\"logo\":{\"@type\":\"ImageObject\",\"inLanguage\":\"fr-FR\",\"@id\":\"https:\\\/\\\/parcsaintecroix.com\\\/fr\\\/#\\\/schema\\\/logo\\\/image\\\/\",\"url\":\"https:\\\/\\\/parcsaintecroix.com\\\/wp-content\\\/uploads\\\/2022\\\/09\\\/SainteCroix-Favicon.png\",\"contentUrl\":\"https:\\\/\\\/parcsaintecroix.com\\\/wp-content\\\/uploads\\\/2022\\\/09\\\/SainteCroix-Favicon.png\",\"width\":512,\"height\":512,\"caption\":\"Parc de Saint Croix\"},\"image\":{\"@id\":\"https:\\\/\\\/parcsaintecroix.com\\\/fr\\\/#\\\/schema\\\/logo\\\/image\\\/\"},\"sameAs\":[\"https:\\\/\\\/www.facebook.com\\\/LodgesSainteCroix\\\/\",\"https:\\\/\\\/x.com\\\/parc_stecroix\"]},{\"@type\":\"Person\",\"@id\":\"https:\\\/\\\/parcsaintecroix.com\\\/fr\\\/#\\\/schema\\\/person\\\/7266c807920faa3ee8868aa167294065\",\"name\":\"accueil psc\"}]}<\/script>\n<!-- \/ Yoast SEO plugin. -->","yoast_head_json":{"title":"Pygargue \u00e0 queue blanche : comment prot\u00e9ger l'esp\u00e8ce ? | Parc Animalier Sainte-Croix","robots":{"index":"index","follow":"follow","max-snippet":"max-snippet:-1","max-image-preview":"max-image-preview:large","max-video-preview":"max-video-preview:-1"},"canonical":"https:\/\/parcsaintecroix.com\/fr\/sainte-croix-sengage-pour-le-pygargue-a-queue-blanche","og_locale":"fr_FR","og_type":"article","og_title":"Pygargue \u00e0 queue blanche : comment prot\u00e9ger l'esp\u00e8ce ? | Parc Animalier Sainte-Croix","og_description":"Le pygargue \u00e0 queue blanche surnomm\u00e9 \u00ab\u00a0l&rsquo;aigle de mer\u00a0\u00bb est une esp\u00e8ce menac\u00e9e pour laquelle Sainte-Croix s&rsquo;engage pour sa conservation. Qui est le pygargue \u00e0 queue blanche ? Proche cousin du pygargue \u00e0 t\u00eate blanche, (embl\u00e8me des \u00c9tats-Unis), le pygargue \u00e0 queue blanche, appel\u00e9 \u00e9galement aigle de mer est l\u2019un des plus grands rapaces diurnes [&hellip;]","og_url":"https:\/\/parcsaintecroix.com\/fr\/sainte-croix-sengage-pour-le-pygargue-a-queue-blanche","og_site_name":"Parc de Saint Croix","article_publisher":"https:\/\/www.facebook.com\/LodgesSainteCroix\/","article_published_time":"2024-07-04T13:12:00+00:00","article_modified_time":"2024-12-13T14:15:03+00:00","og_image":[{"width":2048,"height":1365,"url":"https:\/\/parcsaintecroix.com\/wp-content\/uploads\/2024\/07\/CP-Margaux-C-3.jpg","type":"image\/jpeg"}],"author":"accueil psc","twitter_card":"summary_large_image","twitter_creator":"@parc_stecroix","twitter_site":"@parc_stecroix","twitter_misc":{"\u00c9crit par":"accueil psc","Dur\u00e9e de lecture estim\u00e9e":"6 minutes"},"schema":{"@context":"https:\/\/schema.org","@graph":[{"@type":"Article","@id":"https:\/\/parcsaintecroix.com\/fr\/sainte-croix-sengage-pour-le-pygargue-a-queue-blanche#article","isPartOf":{"@id":"https:\/\/parcsaintecroix.com\/fr\/sainte-croix-sengage-pour-le-pygargue-a-queue-blanche"},"author":{"name":"accueil psc","@id":"https:\/\/parcsaintecroix.com\/fr\/#\/schema\/person\/7266c807920faa3ee8868aa167294065"},"headline":"Pygargue \u00e0 queue blanche : comment prot\u00e9ger l&rsquo;esp\u00e8ce ?","datePublished":"2024-07-04T13:12:00+00:00","dateModified":"2024-12-13T14:15:03+00:00","mainEntityOfPage":{"@id":"https:\/\/parcsaintecroix.com\/fr\/sainte-croix-sengage-pour-le-pygargue-a-queue-blanche"},"wordCount":1046,"publisher":{"@id":"https:\/\/parcsaintecroix.com\/fr\/#organization"},"image":{"@id":"https:\/\/parcsaintecroix.com\/fr\/sainte-croix-sengage-pour-le-pygargue-a-queue-blanche#primaryimage"},"thumbnailUrl":"https:\/\/parcsaintecroix.com\/wp-content\/uploads\/2024\/07\/CP-Margaux-C-3.jpg","articleSection":["\u00c9v\u00e9nement"],"inLanguage":"fr-FR"},{"@type":"WebPage","@id":"https:\/\/parcsaintecroix.com\/fr\/sainte-croix-sengage-pour-le-pygargue-a-queue-blanche","url":"https:\/\/parcsaintecroix.com\/fr\/sainte-croix-sengage-pour-le-pygargue-a-queue-blanche","name":"Pygargue \u00e0 queue blanche : comment prot\u00e9ger l'esp\u00e8ce ? | Parc Animalier Sainte-Croix","isPartOf":{"@id":"https:\/\/parcsaintecroix.com\/fr\/#website"},"primaryImageOfPage":{"@id":"https:\/\/parcsaintecroix.com\/fr\/sainte-croix-sengage-pour-le-pygargue-a-queue-blanche#primaryimage"},"image":{"@id":"https:\/\/parcsaintecroix.com\/fr\/sainte-croix-sengage-pour-le-pygargue-a-queue-blanche#primaryimage"},"thumbnailUrl":"https:\/\/parcsaintecroix.com\/wp-content\/uploads\/2024\/07\/CP-Margaux-C-3.jpg","datePublished":"2024-07-04T13:12:00+00:00","dateModified":"2024-12-13T14:15:03+00:00","breadcrumb":{"@id":"https:\/\/parcsaintecroix.com\/fr\/sainte-croix-sengage-pour-le-pygargue-a-queue-blanche#breadcrumb"},"inLanguage":"fr-FR","potentialAction":[{"@type":"ReadAction","target":["https:\/\/parcsaintecroix.com\/fr\/sainte-croix-sengage-pour-le-pygargue-a-queue-blanche"]}]},{"@type":"ImageObject","inLanguage":"fr-FR","@id":"https:\/\/parcsaintecroix.com\/fr\/sainte-croix-sengage-pour-le-pygargue-a-queue-blanche#primaryimage","url":"https:\/\/parcsaintecroix.com\/wp-content\/uploads\/2024\/07\/CP-Margaux-C-3.jpg","contentUrl":"https:\/\/parcsaintecroix.com\/wp-content\/uploads\/2024\/07\/CP-Margaux-C-3.jpg","width":2048,"height":1365},{"@type":"BreadcrumbList","@id":"https:\/\/parcsaintecroix.com\/fr\/sainte-croix-sengage-pour-le-pygargue-a-queue-blanche#breadcrumb","itemListElement":[{"@type":"ListItem","position":1,"name":"Accueil","item":"https:\/\/parcsaintecroix.com\/fr"},{"@type":"ListItem","position":2,"name":"Pygargue \u00e0 queue blanche : comment prot\u00e9ger l&rsquo;esp\u00e8ce ?"}]},{"@type":"WebSite","@id":"https:\/\/parcsaintecroix.com\/fr\/#website","url":"https:\/\/parcsaintecroix.com\/fr\/","name":"Parc de Saint Croix","description":"","publisher":{"@id":"https:\/\/parcsaintecroix.com\/fr\/#organization"},"inLanguage":"fr-FR"},{"@type":"Organization","@id":"https:\/\/parcsaintecroix.com\/fr\/#organization","name":"Parc de Saint Croix","url":"https:\/\/parcsaintecroix.com\/fr\/","logo":{"@type":"ImageObject","inLanguage":"fr-FR","@id":"https:\/\/parcsaintecroix.com\/fr\/#\/schema\/logo\/image\/","url":"https:\/\/parcsaintecroix.com\/wp-content\/uploads\/2022\/09\/SainteCroix-Favicon.png","contentUrl":"https:\/\/parcsaintecroix.com\/wp-content\/uploads\/2022\/09\/SainteCroix-Favicon.png","width":512,"height":512,"caption":"Parc de Saint Croix"},"image":{"@id":"https:\/\/parcsaintecroix.com\/fr\/#\/schema\/logo\/image\/"},"sameAs":["https:\/\/www.facebook.com\/LodgesSainteCroix\/","https:\/\/x.com\/parc_stecroix"]},{"@type":"Person","@id":"https:\/\/parcsaintecroix.com\/fr\/#\/schema\/person\/7266c807920faa3ee8868aa167294065","name":"accueil psc"}]}},"_links":{"self":[{"href":"https:\/\/parcsaintecroix.com\/fr\/wp-json\/wp\/v2\/posts\/30156","targetHints":{"allow":["GET"]}}],"collection":[{"href":"https:\/\/parcsaintecroix.com\/fr\/wp-json\/wp\/v2\/posts"}],"about":[{"href":"https:\/\/parcsaintecroix.com\/fr\/wp-json\/wp\/v2\/types\/post"}],"author":[{"embeddable":true,"href":"https:\/\/parcsaintecroix.com\/fr\/wp-json\/wp\/v2\/users\/9"}],"replies":[{"embeddable":true,"href":"https:\/\/parcsaintecroix.com\/fr\/wp-json\/wp\/v2\/comments?post=30156"}],"version-history":[{"count":31,"href":"https:\/\/parcsaintecroix.com\/fr\/wp-json\/wp\/v2\/posts\/30156\/revisions"}],"predecessor-version":[{"id":33114,"href":"https:\/\/parcsaintecroix.com\/fr\/wp-json\/wp\/v2\/posts\/30156\/revisions\/33114"}],"wp:featuredmedia":[{"embeddable":true,"href":"https:\/\/parcsaintecroix.com\/fr\/wp-json\/wp\/v2\/media\/30488"}],"wp:attachment":[{"href":"https:\/\/parcsaintecroix.com\/fr\/wp-json\/wp\/v2\/media?parent=30156"}],"wp:term":[{"taxonomy":"category","embeddable":true,"href":"https:\/\/parcsaintecroix.com\/fr\/wp-json\/wp\/v2\/categories?post=30156"},{"taxonomy":"post_tag","embeddable":true,"href":"https:\/\/parcsaintecroix.com\/fr\/wp-json\/wp\/v2\/tags?post=30156"}],"curies":[{"name":"wp","href":"https:\/\/api.w.org\/{rel}","templated":true}]}}