{"id":30744,"date":"2025-07-06T12:00:00","date_gmt":"2025-07-06T10:00:00","guid":{"rendered":"https:\/\/parcsaintecroix.com\/?p=30744"},"modified":"2025-11-26T17:20:59","modified_gmt":"2025-11-26T16:20:59","slug":"votre-sejour-ete","status":"publish","type":"post","link":"https:\/\/parcsaintecroix.com\/fr\/votre-sejour-ete","title":{"rendered":"Cet \u00e9t\u00e9, vivez l&rsquo;exp\u00e9rience magique de dormir face aux animaux!"},"content":{"rendered":"<section class=\"block-grid-wrapper block-grid-for-core-paragraph\">\n      <div class=\"default-editor-content grid-for-core-paragraph grid-container fluid fluid\">\n        <div class=\"grid-x grid-padding-x align-center\">\n          <div class=\"cell\">\n            \n<p class=\"has-text-align-center\"><strong>Venez profiter de 3 jours de d\u00e9paysement total !<\/strong><\/p>\n          <\/div>\n        <\/div>\n      <\/div>\n\n      <\/section>\n\n<section class=\"block-grid-wrapper block-grid-for-core-paragraph\">\n      <div class=\"default-editor-content grid-for-core-paragraph grid-container fluid fluid\">\n        <div class=\"grid-x grid-padding-x align-center\">\n          <div class=\"cell\">\n            \n<p>Et si cet \u00e9t\u00e9, on se d\u00e9connectait\u2026 pour de vrai ? Pas besoin de partir \u00e0 l\u2019autre bout du monde pour s\u2019\u00e9vader : parfois, l\u2019aventure se trouve \u00e0 quelques pas de chez soi. Nich\u00e9 en pleine nature, le Parc de Sainte-Croix offre une parenth\u00e8se hors du temps, o\u00f9 l\u2019on ralentit, on respire, et on se reconnecte \u00e0 l\u2019essentiel. Gr\u00e2ce \u00e0 l\u2019offre \u00ab\u00a0double nuit\u00e9e\u00a0\u00bb, offrez-vous deux jours pour vivre au rythme des animaux, dormir dans un h\u00e9bergement insolite et profiter d\u2019un s\u00e9jour apaisant<\/p>\n          <\/div>\n        <\/div>\n      <\/div>\n\n      <\/section>\n\n<section class=\"block-grid-wrapper block-grid-for-core-paragraph\">\n      <div class=\"default-editor-content grid-for-core-paragraph grid-container fluid fluid\">\n        <div class=\"grid-x grid-padding-x align-center\">\n          <div class=\"cell\">\n            \n<p><\/p>\n          <\/div>\n        <\/div>\n      <\/div>\n\n      <\/section>\n\n<section class=\"block-grid-wrapper block-grid-for-core-heading\">\n      <div class=\"default-editor-content grid-for-core-heading grid-container fluid fluid\">\n        <div class=\"grid-x grid-padding-x align-center\">\n          <div class=\"cell\">\n            \n<h2 class=\"wp-block-heading has-text-align-left\"><strong>Offrez-vous deux fois plus de nature, de d\u00e9tente et d\u2019aventure !<\/strong><\/h2>\n          <\/div>\n        <\/div>\n      <\/div>\n\n      <\/section>\n\n<section class=\"block-grid-wrapper block-grid-for-core-paragraph\">\n      <div class=\"default-editor-content grid-for-core-paragraph grid-container fluid fluid\">\n        <div class=\"grid-x grid-padding-x align-center\">\n          <div class=\"cell\">\n            \n<p>Cet \u00e9t\u00e9, prolongez l\u2019\u00e9vasion ! Avec notre <strong>offre double nuit\u00e9e<\/strong>, chaque s\u00e9jour devient une v\u00e9ritable parenth\u00e8se enchant\u00e9e au c\u0153ur de la nature.<\/p>\n          <\/div>\n        <\/div>\n      <\/div>\n\n      <\/section>\n\n<section class=\"block-grid-wrapper block-grid-for-core-paragraph\">\n      <div class=\"default-editor-content grid-for-core-paragraph grid-container fluid fluid\">\n        <div class=\"grid-x grid-padding-x align-center\">\n          <div class=\"cell\">\n            \n<p>Plus qu\u2019une simple nuit\u00e9e, c\u2019est <strong>3 jours d\u2019exp\u00e9riences immersives<\/strong>, pour se reconnecter, ralentir, et s\u2019\u00e9merveiller.<\/p>\n          <\/div>\n        <\/div>\n      <\/div>\n\n      <\/section>\n\n<section class=\"block-grid-wrapper block-grid-for-core-extended-special-paragraph-with-border\">\n      <div class=\"default-editor-content grid-for-core-extended-special-paragraph-with-border grid-container fluid fluid\">\n        <div class=\"grid-x grid-padding-x align-center\">\n          <div class=\"cell\">\n            \n<div class=\"wp-block-extended-special-paragraph-with-border\">\n<h3 class=\"wp-block-heading\">L&rsquo;offre de l&rsquo;\u00e9t\u00e9<\/h3>\n\n\n\n<p class=\"is-style-small-paragraph has-medium-font-size\"><strong>Du 18 juillet au 31 ao\u00fbt<\/strong>, s\u00e9journez 2 nuits au plus pr\u00e8s des animaux et profitez d\u2019une formule simple, g\u00e9n\u00e9reuse et pens\u00e9e pour prolonger l\u2019\u00e9vasion sans complication.*<\/p>\n\n\n\n<p class=\"is-style-small-paragraph\">* 1 accueil gourmand, le safari-train et 1 exp\u00e9rience sont inclus dans l\u2019offre (selon disponibilit\u00e9s). Les activit\u00e9s seront planifi\u00e9es lors de votre arriv\u00e9e \u00e0 la r\u00e9ception des lodges. Offre non r\u00e9troactive.*<\/p>\n<\/div>\n          <\/div>\n        <\/div>\n      <\/div>\n\n      <\/section>\n\n<section class=\"block-grid-wrapper block-grid-for-core-buttons\">\n      <div class=\"default-editor-content grid-for-core-buttons grid-container fluid fluid\">\n        <div class=\"grid-x grid-padding-x align-center\">\n          <div class=\"cell\">\n            \n<div class=\"wp-block-buttons is-content-justification-center is-layout-flex wp-container-core-buttons-is-layout-16018d1d wp-block-buttons-is-layout-flex\">\n<div class=\"wp-block-button is-style-large-button-orange\"><a class=\"wp-block-button__link button-icon-- wp-element-button\" href=\"https:\/\/parcsaintecroix.com\/fr\/sejour-nature\" target=\"_blank\" rel=\"noreferrer noopener\">JE R\u00c9SERVE MON S\u00c9JOUR<\/a><\/div>\n<\/div>\n          <\/div>\n        <\/div>\n      <\/div>\n\n      <\/section>\n\n<section class=\"block-grid-wrapper block-grid-for-core-heading\">\n      <div class=\"default-editor-content grid-for-core-heading grid-container fluid fluid\">\n        <div class=\"grid-x grid-padding-x align-center\">\n          <div class=\"cell\">\n            \n<h3 class=\"wp-block-heading\"><strong>Les lodges pour toute la famille<\/strong><\/h3>\n          <\/div>\n        <\/div>\n      <\/div>\n\n      <\/section>\n\n\n<section  class=\"wp-block-acf-general-internal-linking  block-index-13 section-content section-internal-linking\"  itemprop=\"hasPart\" itemscope itemtype=\"https:\/\/schema.org\/WebPageElement\">\n  <div class=\"grid-container full\">\n    <div class=\"grid-x grid-padding-x\">\n      <div class=\"cell text-center\">\n              <\/div>\n    <\/div>\n\n          <div class=\"grid-x internal-linking-wrapper align-center\">\n                  <div class=\"cell medium-6 large-4 cell-colored text-center\"  style=\"--bg-color: #1b374a;\" >\n            <div class=\"wrapper\">\n                                <figure>\n                    <picture><source srcset=\"data:image\/svg+xml;base64,PHN2ZyB4bWxucz0naHR0cDovL3d3dy53My5vcmcvMjAwMC9zdmcnIHk9JzAnIHg9JzAnIHdpZHRoPSc4NDQnIGhlaWdodD0nNDgyJyB2aWV3Qm94PScwIDAgODQ0IDQ4Mic+PC9zdmc+\" data-srcset=\"https:\/\/parcsaintecroix.com\/wp-content\/uploads\/2024\/06\/ste-croix-475-scaled-844x482-2cd2f400a2ce.jpg\" media=\"(min-width: 64rem) and (min-resolution: 192dpi), (min-width: 64rem) and (-webkit-min-device-pixel-ratio: 2)\"><source srcset=\"data:image\/svg+xml;base64,PHN2ZyB4bWxucz0naHR0cDovL3d3dy53My5vcmcvMjAwMC9zdmcnIHk9JzAnIHg9JzAnIHdpZHRoPSc0MjgnIGhlaWdodD0nMzYwJyB2aWV3Qm94PScwIDAgNDI4IDM2MCc+PC9zdmc+\" data-srcset=\"https:\/\/parcsaintecroix.com\/wp-content\/uploads\/2024\/06\/ste-croix-475-scaled-428x360-a6b75eaa16c5.jpg\" media=\"(min-width: 48rem) and (min-resolution: 192dpi), (min-width: 48rem) and (-webkit-min-device-pixel-ratio: 2)\"><source srcset=\"data:image\/svg+xml;base64,PHN2ZyB4bWxucz0naHR0cDovL3d3dy53My5vcmcvMjAwMC9zdmcnIHk9JzAnIHg9JzAnIHdpZHRoPSc2NzInIGhlaWdodD0nMzgwJyB2aWV3Qm94PScwIDAgNjcyIDM4MCc+PC9zdmc+\" data-srcset=\"https:\/\/parcsaintecroix.com\/wp-content\/uploads\/2024\/06\/ste-croix-475-scaled-672x380-6a3712c35a52.jpg\" media=\"(min-resolution: 192dpi), (-webkit-min-device-pixel-ratio: 2)\"><source srcset=\"data:image\/svg+xml;base64,PHN2ZyB4bWxucz0naHR0cDovL3d3dy53My5vcmcvMjAwMC9zdmcnIHk9JzAnIHg9JzAnIHdpZHRoPSc0MjInIGhlaWdodD0nMjQxJyB2aWV3Qm94PScwIDAgNDIyIDI0MSc+PC9zdmc+\" data-srcset=\"https:\/\/parcsaintecroix.com\/wp-content\/uploads\/2024\/06\/ste-croix-475-scaled-422x241-d9c38540e3e0.jpg\" media=\"(min-width: 64rem)\"><source srcset=\"data:image\/svg+xml;base64,PHN2ZyB4bWxucz0naHR0cDovL3d3dy53My5vcmcvMjAwMC9zdmcnIHk9JzAnIHg9JzAnIHdpZHRoPScyMTQnIGhlaWdodD0nMTgwJyB2aWV3Qm94PScwIDAgMjE0IDE4MCc+PC9zdmc+\" data-srcset=\"https:\/\/parcsaintecroix.com\/wp-content\/uploads\/2024\/06\/ste-croix-475-scaled-214x180-e8f49b86c123.jpg\" media=\"(min-width: 48rem)\"><img loading=\"lazy\" decoding=\"async\" src=\"data:image\/svg+xml;base64,PHN2ZyB4bWxucz0naHR0cDovL3d3dy53My5vcmcvMjAwMC9zdmcnIHk9JzAnIHg9JzAnIHdpZHRoPSczMzYnIGhlaWdodD0nMTkwJyB2aWV3Qm94PScwIDAgMzM2IDE5MCc+PC9zdmc+\"  width=\"336\" height=\"190\" data-fade-in data-lazy-img data-src=\"https:\/\/parcsaintecroix.com\/wp-content\/uploads\/2024\/06\/ste-croix-475-scaled-336x190-3bbe5c31bbe7.jpg\" alt=\"\" style=\";--aspect-ratio-small: 1.7684210526316;--aspect-ratio-medium: 1.1888888888889;--aspect-ratio-large: 1.7510373443983;--aspect-ratio-retina: 1.7684210526316;--aspect-ratio-medium_retina: 1.1888888888889;--aspect-ratio-large_retina: 1.7510373443983\" data-has-aspect-ratio=\"true\" \/><\/picture>                  <\/figure>\n                \n              <div class=\"text-wrapper\">\n                                  <h3 class=\"title\" itemprop=\"name\">Les lodges des loups <\/h3>\n                \n                                  <p class=\"descr\" itemprop=\"description\">Endormez-vous avec les hurlements des loups et profitez d\u2019un face \u00e0 face extraordinaire avec les meutes au c\u0153ur d\u2019un territoire sauvage et naturel.<\/p>\n                \n                                    <div class=\"wp-block-button is-style-transparent-button-with-white-border\">\n                      <a class=\"wp-block-button__link\"\n                        href=\"https:\/\/parcsaintecroix.com\/fr\/sejour-nature\/les-lodges-nature?lodge_categorie=dormir-loups\"\n                        data-gtm-event=\"\"\n                        data-gtm-event-label=\"\"\n                      >\n                        En savoir plus                      <\/a>\n                    <\/div>\n                                <\/div>\n            <\/div>\n          <\/div>\n\n                  <div class=\"cell medium-6 large-4 cell-colored text-center\"  style=\"--bg-color: #55775e;\" >\n            <div class=\"wrapper\">\n                                <figure>\n                    <picture><source srcset=\"data:image\/svg+xml;base64,PHN2ZyB4bWxucz0naHR0cDovL3d3dy53My5vcmcvMjAwMC9zdmcnIHk9JzAnIHg9JzAnIHdpZHRoPSc4NDQnIGhlaWdodD0nNDgyJyB2aWV3Qm94PScwIDAgODQ0IDQ4Mic+PC9zdmc+\" data-srcset=\"https:\/\/parcsaintecroix.com\/wp-content\/uploads\/2022\/07\/riviere-de-lours-noir_lodges-nature-54-844x482-2cd2f400a2ce.jpg\" media=\"(min-width: 64rem) and (min-resolution: 192dpi), (min-width: 64rem) and (-webkit-min-device-pixel-ratio: 2)\"><source srcset=\"data:image\/svg+xml;base64,PHN2ZyB4bWxucz0naHR0cDovL3d3dy53My5vcmcvMjAwMC9zdmcnIHk9JzAnIHg9JzAnIHdpZHRoPSc0MjgnIGhlaWdodD0nMzYwJyB2aWV3Qm94PScwIDAgNDI4IDM2MCc+PC9zdmc+\" data-srcset=\"https:\/\/parcsaintecroix.com\/wp-content\/uploads\/2022\/07\/riviere-de-lours-noir_lodges-nature-54-428x360-a6b75eaa16c5.jpg\" media=\"(min-width: 48rem) and (min-resolution: 192dpi), (min-width: 48rem) and (-webkit-min-device-pixel-ratio: 2)\"><source srcset=\"data:image\/svg+xml;base64,PHN2ZyB4bWxucz0naHR0cDovL3d3dy53My5vcmcvMjAwMC9zdmcnIHk9JzAnIHg9JzAnIHdpZHRoPSc2NzInIGhlaWdodD0nMzgwJyB2aWV3Qm94PScwIDAgNjcyIDM4MCc+PC9zdmc+\" data-srcset=\"https:\/\/parcsaintecroix.com\/wp-content\/uploads\/2022\/07\/riviere-de-lours-noir_lodges-nature-54-672x380-6a3712c35a52.jpg\" media=\"(min-resolution: 192dpi), (-webkit-min-device-pixel-ratio: 2)\"><source srcset=\"data:image\/svg+xml;base64,PHN2ZyB4bWxucz0naHR0cDovL3d3dy53My5vcmcvMjAwMC9zdmcnIHk9JzAnIHg9JzAnIHdpZHRoPSc0MjInIGhlaWdodD0nMjQxJyB2aWV3Qm94PScwIDAgNDIyIDI0MSc+PC9zdmc+\" data-srcset=\"https:\/\/parcsaintecroix.com\/wp-content\/uploads\/2022\/07\/riviere-de-lours-noir_lodges-nature-54-422x241-d9c38540e3e0.jpg\" media=\"(min-width: 64rem)\"><source srcset=\"data:image\/svg+xml;base64,PHN2ZyB4bWxucz0naHR0cDovL3d3dy53My5vcmcvMjAwMC9zdmcnIHk9JzAnIHg9JzAnIHdpZHRoPScyMTQnIGhlaWdodD0nMTgwJyB2aWV3Qm94PScwIDAgMjE0IDE4MCc+PC9zdmc+\" data-srcset=\"https:\/\/parcsaintecroix.com\/wp-content\/uploads\/2022\/07\/riviere-de-lours-noir_lodges-nature-54-214x180-e8f49b86c123.jpg\" media=\"(min-width: 48rem)\"><img loading=\"lazy\" decoding=\"async\" src=\"data:image\/svg+xml;base64,PHN2ZyB4bWxucz0naHR0cDovL3d3dy53My5vcmcvMjAwMC9zdmcnIHk9JzAnIHg9JzAnIHdpZHRoPSczMzYnIGhlaWdodD0nMTkwJyB2aWV3Qm94PScwIDAgMzM2IDE5MCc+PC9zdmc+\"  width=\"336\" height=\"190\" data-fade-in data-lazy-img data-src=\"https:\/\/parcsaintecroix.com\/wp-content\/uploads\/2022\/07\/riviere-de-lours-noir_lodges-nature-54-336x190-3bbe5c31bbe7.jpg\" alt=\"riviere-de-l'ours-noir_lodges nature 54_PSC\" style=\";--aspect-ratio-small: 1.7684210526316;--aspect-ratio-medium: 1.1888888888889;--aspect-ratio-large: 1.7510373443983;--aspect-ratio-retina: 1.7684210526316;--aspect-ratio-medium_retina: 1.1888888888889;--aspect-ratio-large_retina: 1.7510373443983\" data-has-aspect-ratio=\"true\" \/><\/picture>                  <\/figure>\n                \n              <div class=\"text-wrapper\">\n                                  <h3 class=\"title\" itemprop=\"name\">Les lodges des ours noirs<\/h3>\n                \n                                  <p class=\"descr\" itemprop=\"description\">Dormez face aux ours noirs, aux bisons d\u2019Am\u00e9rique et aux coyotes et vivez une exp\u00e9rience inoubliable face \u00e0 la faune nord-am\u00e9ricaine.<\/p>\n                \n                                    <div class=\"wp-block-button is-style-transparent-button-with-white-border\">\n                      <a class=\"wp-block-button__link\"\n                        href=\"https:\/\/parcsaintecroix.com\/fr\/sejour-nature\/les-lodges-nature?lodge_categorie=dormir-ours\"\n                        data-gtm-event=\"\"\n                        data-gtm-event-label=\"\"\n                      >\n                        En savoir plus                      <\/a>\n                    <\/div>\n                                <\/div>\n            <\/div>\n          <\/div>\n\n                  <div class=\"cell medium-6 large-4 cell-colored text-center\"  style=\"--bg-color: #1b374a;\" >\n            <div class=\"wrapper\">\n                                <figure>\n                    <picture><source srcset=\"data:image\/svg+xml;base64,PHN2ZyB4bWxucz0naHR0cDovL3d3dy53My5vcmcvMjAwMC9zdmcnIHk9JzAnIHg9JzAnIHdpZHRoPSc4NDQnIGhlaWdodD0nNDgyJyB2aWV3Qm94PScwIDAgODQ0IDQ4Mic+PC9zdmc+\" data-srcset=\"https:\/\/parcsaintecroix.com\/wp-content\/uploads\/2024\/06\/ste-croix-1108-copie-scaled-844x482-2cd2f400a2ce.jpg\" media=\"(min-width: 64rem) and (min-resolution: 192dpi), (min-width: 64rem) and (-webkit-min-device-pixel-ratio: 2)\"><source srcset=\"data:image\/svg+xml;base64,PHN2ZyB4bWxucz0naHR0cDovL3d3dy53My5vcmcvMjAwMC9zdmcnIHk9JzAnIHg9JzAnIHdpZHRoPSc0MjgnIGhlaWdodD0nMzYwJyB2aWV3Qm94PScwIDAgNDI4IDM2MCc+PC9zdmc+\" data-srcset=\"https:\/\/parcsaintecroix.com\/wp-content\/uploads\/2024\/06\/ste-croix-1108-copie-scaled-428x360-a6b75eaa16c5.jpg\" media=\"(min-width: 48rem) and (min-resolution: 192dpi), (min-width: 48rem) and (-webkit-min-device-pixel-ratio: 2)\"><source srcset=\"data:image\/svg+xml;base64,PHN2ZyB4bWxucz0naHR0cDovL3d3dy53My5vcmcvMjAwMC9zdmcnIHk9JzAnIHg9JzAnIHdpZHRoPSc2NzInIGhlaWdodD0nMzgwJyB2aWV3Qm94PScwIDAgNjcyIDM4MCc+PC9zdmc+\" data-srcset=\"https:\/\/parcsaintecroix.com\/wp-content\/uploads\/2024\/06\/ste-croix-1108-copie-scaled-672x380-6a3712c35a52.jpg\" media=\"(min-resolution: 192dpi), (-webkit-min-device-pixel-ratio: 2)\"><source srcset=\"data:image\/svg+xml;base64,PHN2ZyB4bWxucz0naHR0cDovL3d3dy53My5vcmcvMjAwMC9zdmcnIHk9JzAnIHg9JzAnIHdpZHRoPSc0MjInIGhlaWdodD0nMjQxJyB2aWV3Qm94PScwIDAgNDIyIDI0MSc+PC9zdmc+\" data-srcset=\"https:\/\/parcsaintecroix.com\/wp-content\/uploads\/2024\/06\/ste-croix-1108-copie-scaled-422x241-d9c38540e3e0.jpg\" media=\"(min-width: 64rem)\"><source srcset=\"data:image\/svg+xml;base64,PHN2ZyB4bWxucz0naHR0cDovL3d3dy53My5vcmcvMjAwMC9zdmcnIHk9JzAnIHg9JzAnIHdpZHRoPScyMTQnIGhlaWdodD0nMTgwJyB2aWV3Qm94PScwIDAgMjE0IDE4MCc+PC9zdmc+\" data-srcset=\"https:\/\/parcsaintecroix.com\/wp-content\/uploads\/2024\/06\/ste-croix-1108-copie-scaled-214x180-e8f49b86c123.jpg\" media=\"(min-width: 48rem)\"><img loading=\"lazy\" decoding=\"async\" src=\"data:image\/svg+xml;base64,PHN2ZyB4bWxucz0naHR0cDovL3d3dy53My5vcmcvMjAwMC9zdmcnIHk9JzAnIHg9JzAnIHdpZHRoPSczMzYnIGhlaWdodD0nMTkwJyB2aWV3Qm94PScwIDAgMzM2IDE5MCc+PC9zdmc+\"  width=\"336\" height=\"190\" data-fade-in data-lazy-img data-src=\"https:\/\/parcsaintecroix.com\/wp-content\/uploads\/2024\/06\/ste-croix-1108-copie-scaled-336x190-3bbe5c31bbe7.jpg\" alt=\"\" style=\";--aspect-ratio-small: 1.7684210526316;--aspect-ratio-medium: 1.1888888888889;--aspect-ratio-large: 1.7510373443983;--aspect-ratio-retina: 1.7684210526316;--aspect-ratio-medium_retina: 1.1888888888889;--aspect-ratio-large_retina: 1.7510373443983\" data-has-aspect-ratio=\"true\" \/><\/picture>                  <\/figure>\n                \n              <div class=\"text-wrapper\">\n                                  <h3 class=\"title\" itemprop=\"name\">La Grange du Nouveau Monde<\/h3>\n                \n                                  <p class=\"descr\" itemprop=\"description\">Partagez des moments uniques en famille dans une Grange nord-am\u00e9ricaine avec vue sur les ours noirs, coyotes et ratons laveurs.<\/p>\n                \n                                    <div class=\"wp-block-button is-style-transparent-button-with-white-border\">\n                      <a class=\"wp-block-button__link\"\n                        href=\"https:\/\/parcsaintecroix.com\/fr\/lodge\/la-grange-du-nouveau-monde\"\n                        data-gtm-event=\"\"\n                        data-gtm-event-label=\"\"\n                      >\n                        En savoir plus                      <\/a>\n                    <\/div>\n                                <\/div>\n            <\/div>\n          <\/div>\n\n              <\/div>\n    \n  <\/div>\n<\/section>\n\n\n<section class=\"block-grid-wrapper block-grid-for-core-buttons\">\n      <div class=\"default-editor-content grid-for-core-buttons grid-container fluid fluid\">\n        <div class=\"grid-x grid-padding-x align-center\">\n          <div class=\"cell\">\n            \n<div class=\"wp-block-buttons is-content-justification-center is-layout-flex wp-container-core-buttons-is-layout-16018d1d wp-block-buttons-is-layout-flex\">\n<div class=\"wp-block-button is-style-transparent-button-with-blue-border\"><a class=\"wp-block-button__link button-icon-- has-white-color has-primary-background-color has-text-color has-background has-link-color has-text-align-center wp-element-button\" href=\"https:\/\/parcsaintecroix.com\/fr\/sejour-nature\" target=\"_blank\" rel=\"noreferrer noopener\">D\u00e9couvrir tous nos lodges<\/a><\/div>\n<\/div>\n          <\/div>\n        <\/div>\n      <\/div>\n\n      <\/section>\n\n<section class=\"block-grid-wrapper block-grid-for-core-columns\">\n      <div class=\"default-editor-content grid-for-core-columns grid-container fluid fluid\">\n        <div class=\"grid-x grid-padding-x align-center\">\n          <div class=\"cell\">\n            \n<div class=\"wp-block-columns is-layout-flex wp-container-core-columns-is-layout-9d6595d7 wp-block-columns-is-layout-flex\">\n<div class=\"wp-block-column is-layout-flow wp-block-column-is-layout-flow\"><\/div>\n\n\n\n<div class=\"wp-block-column is-layout-flow wp-block-column-is-layout-flow\">\n<p><\/p>\n<\/div>\n\n\n\n<div class=\"wp-block-column is-layout-flow wp-block-column-is-layout-flow\"><\/div>\n<\/div>\n          <\/div>\n        <\/div>\n      <\/div>\n\n      <\/section>\n\n<section class=\"block-grid-wrapper block-grid-for-core-heading\">\n      <div class=\"default-editor-content grid-for-core-heading grid-container fluid fluid\">\n        <div class=\"grid-x grid-padding-x align-center\">\n          <div class=\"cell\">\n            \n<h2 class=\"wp-block-heading\"><strong>Vivez 3 jours au plus proche de la nature !<\/strong><\/h2>\n          <\/div>\n        <\/div>\n      <\/div>\n\n      <\/section>\n\n<section class=\"block-grid-wrapper block-grid-for-core-heading\">\n      <div class=\"default-editor-content grid-for-core-heading grid-container fluid fluid\">\n        <div class=\"grid-x grid-padding-x align-center\">\n          <div class=\"cell\">\n            \n<h3 class=\"wp-block-heading\"><strong>Jour 1 : Une balade en famille dans les grands espaces du Parc<\/strong><\/h3>\n          <\/div>\n        <\/div>\n      <\/div>\n\n      <\/section>\n\n<section class=\"block-grid-wrapper block-grid-for-core-media-text\">\n      <div class=\"default-editor-content grid-for-core-media-text grid-container fluid fluid\">\n        <div class=\"grid-x grid-padding-x align-center\">\n          <div class=\"cell\">\n            \n<div class=\"wp-block-media-text is-stacked-on-mobile\"><figure class=\"wp-block-media-text__media\"><img loading=\"lazy\" decoding=\"async\" width=\"1024\" height=\"683\" src=\"https:\/\/parcsaintecroix.com\/wp-content\/uploads\/2024\/06\/pages16-17-2-scaled-1024x683-fd90e2c36371.jpg\" alt=\"\" class=\"wp-image-30033 size-full\" srcset=\"https:\/\/parcsaintecroix.com\/wp-content\/uploads\/2024\/06\/pages16-17-2-scaled-1024x683-fd90e2c36371.jpg 1024w, https:\/\/parcsaintecroix.com\/wp-content\/uploads\/2024\/06\/pages16-17-2-scaled-300x200-512c1e2135f8.jpg 300w, https:\/\/parcsaintecroix.com\/wp-content\/uploads\/2024\/06\/pages16-17-2-scaled-768x512-b56108145cc7.jpg 768w, https:\/\/parcsaintecroix.com\/wp-content\/uploads\/2024\/06\/pages16-17-2-scaled-1536x1024-3c33d8efde71.jpg 1536w, https:\/\/parcsaintecroix.com\/wp-content\/uploads\/2024\/06\/pages16-17-2-scaled-2048x1366-539fcd4e84ba.jpg 2048w, https:\/\/parcsaintecroix.com\/wp-content\/uploads\/2024\/06\/pages16-17-2-scaled-100x67-fab7673e88b9.jpg 100w\" sizes=\"auto, (max-width: 1024px) 100vw, 1024px\" \/><\/figure><div class=\"wp-block-media-text__content\">\n<p>Partez \u00e0 l\u2019aventure sur la piste des animaux d\u2019Europe le temps d\u2019une exp\u00e9dition d\u2019une heure en<strong> <a href=\"https:\/\/parcsaintecroix.com\/fr\/experience\/lexpedition-sauvage-en-safari-train\">safari-train<\/a><\/strong>. Ce parcours sauvage vous emm\u00e8ne au c\u0153ur des grands espaces et vous promet des rencontres animali\u00e8res uniques. Et, arr\u00eatez vous manger en famille face \u00e0 la plaine des cerfs dans notre <a href=\"https:\/\/parcsaintecroix.com\/fr\/restaurant\/restaurant-panoramique-2\"><strong>restaurant panoramique<\/strong>.<\/a> D\u00e9paysement assur\u00e9 ! <\/p>\n<\/div><\/div>\n          <\/div>\n        <\/div>\n      <\/div>\n\n      <\/section>\n\n<section class=\"block-grid-wrapper block-grid-for-core-paragraph\">\n      <div class=\"default-editor-content grid-for-core-paragraph grid-container fluid fluid\">\n        <div class=\"grid-x grid-padding-x align-center\">\n          <div class=\"cell\">\n            \n<p><\/p>\n          <\/div>\n        <\/div>\n      <\/div>\n\n      <\/section>\n\n<section class=\"block-grid-wrapper block-grid-for-core-media-text\">\n      <div class=\"default-editor-content grid-for-core-media-text grid-container fluid fluid\">\n        <div class=\"grid-x grid-padding-x align-center\">\n          <div class=\"cell\">\n            \n<div class=\"wp-block-media-text has-media-on-the-right is-stacked-on-mobile\"><div class=\"wp-block-media-text__content\">\n<p>Pour terminer la journ\u00e9e, d\u00e9couvrez l&rsquo;animal le plus embl\u00e9matique du Parc : le loup ! Vous croiserez le chemin de<strong> <a href=\"https:\/\/parcsaintecroix.com\/fr\/decouvrir-le-parc\/histoires-de-loups\">4 meutes <\/a><\/strong>vivant sur un territoire bois\u00e9 unique. Et venez rencontrer nos <a href=\"https:\/\/parcsaintecroix.com\/fr\/le-developpement-des-louveteaux\">7 petits louveteaux gris<\/a> !<\/p>\n<\/div><figure class=\"wp-block-media-text__media\"><img loading=\"lazy\" decoding=\"async\" width=\"1024\" height=\"576\" src=\"https:\/\/parcsaintecroix.com\/wp-content\/uploads\/2025\/07\/CP-Jerome-Trallero-1-1024x576-fd90e2c36371.jpg\" alt=\"\" class=\"wp-image-37029 size-full\" srcset=\"https:\/\/parcsaintecroix.com\/wp-content\/uploads\/2025\/07\/CP-Jerome-Trallero-1-1024x576-fd90e2c36371.jpg 1024w, https:\/\/parcsaintecroix.com\/wp-content\/uploads\/2025\/07\/CP-Jerome-Trallero-1-300x169-512c1e2135f8.jpg 300w, https:\/\/parcsaintecroix.com\/wp-content\/uploads\/2025\/07\/CP-Jerome-Trallero-1-768x432-b56108145cc7.jpg 768w, https:\/\/parcsaintecroix.com\/wp-content\/uploads\/2025\/07\/CP-Jerome-Trallero-1-1536x864-3c33d8efde71.jpg 1536w, https:\/\/parcsaintecroix.com\/wp-content\/uploads\/2025\/07\/CP-Jerome-Trallero-1-100x56-fab7673e88b9.jpg 100w, https:\/\/parcsaintecroix.com\/wp-content\/uploads\/2025\/07\/CP-Jerome-Trallero-1.jpg 2048w\" sizes=\"auto, (max-width: 1024px) 100vw, 1024px\" \/><\/figure><\/div>\n          <\/div>\n        <\/div>\n      <\/div>\n\n      <\/section>\n\n<section class=\"block-grid-wrapper block-grid-for-core-paragraph\">\n      <div class=\"default-editor-content grid-for-core-paragraph grid-container fluid fluid\">\n        <div class=\"grid-x grid-padding-x align-center\">\n          <div class=\"cell\">\n            \n<p><\/p>\n          <\/div>\n        <\/div>\n      <\/div>\n\n      <\/section>\n\n<section class=\"block-grid-wrapper block-grid-for-core-heading\">\n      <div class=\"default-editor-content grid-for-core-heading grid-container fluid fluid\">\n        <div class=\"grid-x grid-padding-x align-center\">\n          <div class=\"cell\">\n            \n<h3 class=\"wp-block-heading\"><strong>Jour 2 : \u00c0 la d\u00e9couverte de la biodiversit\u00e9 mondiale<\/strong><\/h3>\n          <\/div>\n        <\/div>\n      <\/div>\n\n      <\/section>\n\n<section class=\"block-grid-wrapper block-grid-for-core-media-text\">\n      <div class=\"default-editor-content grid-for-core-media-text grid-container fluid fluid\">\n        <div class=\"grid-x grid-padding-x align-center\">\n          <div class=\"cell\">\n            \n<div class=\"wp-block-media-text is-stacked-on-mobile\"><figure class=\"wp-block-media-text__media\"><img decoding=\"async\" src=\"https:\/\/parcsaintecroix.com\/wp-content\/uploads\/2024\/06\/ste-croix-2249-copie-1024x683.jpg\" alt=\"\" class=\"wp-image-29953 size-full\"\/><\/figure><div class=\"wp-block-media-text__content\">\n<p>Naviguez d\u2019un territoire \u00e0 un autre, \u00e0 la d\u00e9couverte d\u2019univers exotiques et <a href=\"https:\/\/parcsaintecroix.com\/fr\/decouvrir-le-parc\/le-voyage-de-neo\">des esp\u00e8ces ambassadrices <\/a>de la biodiversit\u00e9 mondiale comme les<strong>\u00a0l\u00e9muriens<\/strong>, les <strong><a href=\"https:\/\/parcsaintecroix.com\/fr\/le-cri-des-gibbons-une-symphonie-sauvage-a-ecouter\">gibbons<\/a><\/strong> ou encore les\u00a0<strong>pandas roux<\/strong> ! Le parcours pied-nus, la travers\u00e9e en pyrogues et le sentiers des cabanes vous attendent pour cr\u00e9er des souvenirs inoubliables en famille.<\/p>\n<\/div><\/div>\n          <\/div>\n        <\/div>\n      <\/div>\n\n      <\/section>\n\n<section class=\"block-grid-wrapper block-grid-for-core-paragraph\">\n      <div class=\"default-editor-content grid-for-core-paragraph grid-container fluid fluid\">\n        <div class=\"grid-x grid-padding-x align-center\">\n          <div class=\"cell\">\n            \n<p><\/p>\n          <\/div>\n        <\/div>\n      <\/div>\n\n      <\/section>\n\n<section class=\"block-grid-wrapper block-grid-for-core-media-text\">\n      <div class=\"default-editor-content grid-for-core-media-text grid-container fluid fluid\">\n        <div class=\"grid-x grid-padding-x align-center\">\n          <div class=\"cell\">\n            \n<div class=\"wp-block-media-text has-media-on-the-right is-stacked-on-mobile\"><div class=\"wp-block-media-text__content\">\n<p>Puis, rencontrez N\u00e9o, un jeune explorateur mosellan qui a la capacit\u00e9 de parler aux animaux. Il ouvre <a href=\"https:\/\/parcsaintecroix.com\/fr\/nouveautes-2024#monde-de-neo\">les portes de sa maison<\/a> \u00e0 nos petits aventuriers afin de leur <strong>expliquer les enjeux de la biodiversit\u00e9<\/strong>&nbsp;tout en s&rsquo;amusant.<\/p>\n<\/div><figure class=\"wp-block-media-text__media\"><img loading=\"lazy\" decoding=\"async\" width=\"1024\" height=\"683\" src=\"https:\/\/parcsaintecroix.com\/wp-content\/uploads\/2024\/03\/IMG_6148-1024x683-fd90e2c36371.jpg\" alt=\"\" class=\"wp-image-28488 size-full\" srcset=\"https:\/\/parcsaintecroix.com\/wp-content\/uploads\/2024\/03\/IMG_6148-1024x683-fd90e2c36371.jpg 1024w, https:\/\/parcsaintecroix.com\/wp-content\/uploads\/2024\/03\/IMG_6148-300x200-512c1e2135f8.jpg 300w, https:\/\/parcsaintecroix.com\/wp-content\/uploads\/2024\/03\/IMG_6148-768x512-b56108145cc7.jpg 768w, https:\/\/parcsaintecroix.com\/wp-content\/uploads\/2024\/03\/IMG_6148-1536x1024-3c33d8efde71.jpg 1536w, https:\/\/parcsaintecroix.com\/wp-content\/uploads\/2024\/03\/IMG_6148-100x67-fab7673e88b9.jpg 100w, https:\/\/parcsaintecroix.com\/wp-content\/uploads\/2024\/03\/IMG_6148.jpg 2048w\" sizes=\"auto, (max-width: 1024px) 100vw, 1024px\" \/><\/figure><\/div>\n          <\/div>\n        <\/div>\n      <\/div>\n\n      <\/section>\n\n<section class=\"block-grid-wrapper block-grid-for-core-paragraph\">\n      <div class=\"default-editor-content grid-for-core-paragraph grid-container fluid fluid\">\n        <div class=\"grid-x grid-padding-x align-center\">\n          <div class=\"cell\">\n            \n<p><\/p>\n          <\/div>\n        <\/div>\n      <\/div>\n\n      <\/section>\n\n<section class=\"block-grid-wrapper block-grid-for-core-media-text\">\n      <div class=\"default-editor-content grid-for-core-media-text grid-container fluid fluid\">\n        <div class=\"grid-x grid-padding-x align-center\">\n          <div class=\"cell\">\n            \n<div class=\"wp-block-media-text is-stacked-on-mobile\"><figure class=\"wp-block-media-text__media\"><img loading=\"lazy\" decoding=\"async\" width=\"1024\" height=\"683\" src=\"https:\/\/parcsaintecroix.com\/wp-content\/uploads\/2024\/06\/ste-croix-2453-scaled-1024x683-fd90e2c36371.jpg\" alt=\"\" class=\"wp-image-30024 size-full\" srcset=\"https:\/\/parcsaintecroix.com\/wp-content\/uploads\/2024\/06\/ste-croix-2453-scaled-1024x683-fd90e2c36371.jpg 1024w, https:\/\/parcsaintecroix.com\/wp-content\/uploads\/2024\/06\/ste-croix-2453-scaled-300x200-512c1e2135f8.jpg 300w, https:\/\/parcsaintecroix.com\/wp-content\/uploads\/2024\/06\/ste-croix-2453-scaled-768x512-b56108145cc7.jpg 768w, https:\/\/parcsaintecroix.com\/wp-content\/uploads\/2024\/06\/ste-croix-2453-scaled-1536x1024-3c33d8efde71.jpg 1536w, https:\/\/parcsaintecroix.com\/wp-content\/uploads\/2024\/06\/ste-croix-2453-scaled-2048x1366-539fcd4e84ba.jpg 2048w, https:\/\/parcsaintecroix.com\/wp-content\/uploads\/2024\/06\/ste-croix-2453-scaled-100x67-fab7673e88b9.jpg 100w\" sizes=\"auto, (max-width: 1024px) 100vw, 1024px\" \/><\/figure><div class=\"wp-block-media-text__content\">\n<p>L&rsquo;apr\u00e8s-midi, devenez <a href=\"https:\/\/parcsaintecroix.com\/fr\/dans-la-peau-dun-soigneur-animalier\"><strong>Soigneur d&rsquo;un Jour<\/strong> <\/a>le temps de quelques heures. Nourrissages, cr\u00e9ations d&rsquo;enrichissements pour les animaux et nettoyage des enclos attendent petits et grands !<\/p>\n<\/div><\/div>\n          <\/div>\n        <\/div>\n      <\/div>\n\n      <\/section>\n\n<section class=\"block-grid-wrapper block-grid-for-core-paragraph\">\n      <div class=\"default-editor-content grid-for-core-paragraph grid-container fluid fluid\">\n        <div class=\"grid-x grid-padding-x align-center\">\n          <div class=\"cell\">\n            \n<p><\/p>\n          <\/div>\n        <\/div>\n      <\/div>\n\n      <\/section>\n\n<section class=\"block-grid-wrapper block-grid-for-core-heading\">\n      <div class=\"default-editor-content grid-for-core-heading grid-container fluid fluid\">\n        <div class=\"grid-x grid-padding-x align-center\">\n          <div class=\"cell\">\n            \n<h3 class=\"wp-block-heading\"><strong>Jour 3 : De la Ferme au Nouveau Monde<\/strong><\/h3>\n          <\/div>\n        <\/div>\n      <\/div>\n\n      <\/section>\n\n<section class=\"block-grid-wrapper block-grid-for-core-media-text\">\n      <div class=\"default-editor-content grid-for-core-media-text grid-container fluid fluid\">\n        <div class=\"grid-x grid-padding-x align-center\">\n          <div class=\"cell\">\n            \n<div class=\"wp-block-media-text has-media-on-the-right is-stacked-on-mobile\"><div class=\"wp-block-media-text__content\">\n<p>Commencez cette derni\u00e8re journ\u00e9e en partant \u00e0 la<strong> <\/strong><a href=\"https:\/\/parcsaintecroix.com\/fr\/decouvrir-le-parc\/le-nouveau-monde\"><strong>d\u00e9couverte de l&rsquo;Am\u00e9rique du Nord<\/strong><\/a> et rencontrez les bisons d\u2019Am\u00e9rique, les ours noirs, les coyotes, les ratons-laveurs, les chiens de prairie, les porcs-\u00e9pics ou encore les moufettes !&nbsp;A midi, direction <a href=\"https:\/\/parcsaintecroix.com\/fr\/restaurant\/la-fabrique\"><strong>La Fabrique<\/strong><\/a> pour manger un repas typique de ce continent.<\/p>\n<\/div><figure class=\"wp-block-media-text__media\"><img decoding=\"async\" src=\"https:\/\/parcsaintecroix.com\/wp-content\/uploads\/2024\/05\/CP-Morgane-Bricard-39-1024x683.jpg\" alt=\"\" class=\"wp-image-37148 size-full\"\/><\/figure><\/div>\n          <\/div>\n        <\/div>\n      <\/div>\n\n      <\/section>\n\n<section class=\"block-grid-wrapper block-grid-for-core-paragraph\">\n      <div class=\"default-editor-content grid-for-core-paragraph grid-container fluid fluid\">\n        <div class=\"grid-x grid-padding-x align-center\">\n          <div class=\"cell\">\n            \n<p><\/p>\n          <\/div>\n        <\/div>\n      <\/div>\n\n      <\/section>\n\n<section class=\"block-grid-wrapper block-grid-for-core-media-text\">\n      <div class=\"default-editor-content grid-for-core-media-text grid-container fluid fluid\">\n        <div class=\"grid-x grid-padding-x align-center\">\n          <div class=\"cell\">\n            \n<div class=\"wp-block-media-text is-stacked-on-mobile\"><figure class=\"wp-block-media-text__media\"><img decoding=\"async\" src=\"https:\/\/parcsaintecroix.com\/wp-content\/uploads\/2024\/05\/CP-Carla-Datola-8-1024x768.jpg\" alt=\"\" class=\"wp-image-37145 size-full\"\/><\/figure><div class=\"wp-block-media-text__content\">\n<p>Pour finir ce s\u00e9jour en famille, d\u00e9couvrez la <a href=\"https:\/\/parcsaintecroix.com\/fr\/decouvrir-le-parc\/la-ferme-des-vents\">ferme des vents<\/a> et ses animaux domestique de race locale. Puis, passez par <strong><a href=\"https:\/\/parcsaintecroix.com\/fr\/maison-yvonne\">la maison d\u2019Yvonne<\/a><\/strong>, maison de 300 ans, typique du patrimoine mosellan.<\/p>\n<\/div><\/div>\n          <\/div>\n        <\/div>\n      <\/div>\n\n      <\/section>\n\n<section class=\"block-grid-wrapper block-grid-for-core-group\">\n      <div class=\"default-editor-content grid-for-core-group grid-container fluid fluid\">\n        <div class=\"grid-x grid-padding-x align-center\">\n          <div class=\"cell\">\n            \n<div class=\"wp-block-group\"><div class=\"wp-block-group__inner-container is-layout-constrained wp-block-group-is-layout-constrained\">\n<div class=\"wp-block-columns is-layout-flex wp-container-core-columns-is-layout-9d6595d7 wp-block-columns-is-layout-flex\">\n<div class=\"wp-block-column is-layout-flow wp-block-column-is-layout-flow\">\n<div class=\"wp-block-columns is-layout-flex wp-container-core-columns-is-layout-9d6595d7 wp-block-columns-is-layout-flex\">\n<div class=\"wp-block-column is-vertically-aligned-center is-layout-flow wp-block-column-is-layout-flow\">\n<p><\/p>\n\n\n\n<p><\/p>\n\n\n\n<h2 class=\"wp-block-heading\">Comment venir au Parc de Sainte-Croix ?<\/h2>\n<\/div>\n<\/div>\n<\/div>\n<\/div>\n<\/div>\n          <\/div>\n        <\/div>\n      <\/div><\/div>\n\n      <\/section>\n\n<section class=\"block-grid-wrapper block-grid-for-core-media-text\">\n      <div class=\"default-editor-content grid-for-core-media-text grid-container fluid fluid\">\n        <div class=\"grid-x grid-padding-x align-center\">\n          <div class=\"cell\">\n            \n<div class=\"wp-block-media-text is-stacked-on-mobile\" style=\"grid-template-columns:37% auto\"><figure class=\"wp-block-media-text__media\"><img loading=\"lazy\" decoding=\"async\" width=\"648\" height=\"628\" src=\"https:\/\/parcsaintecroix.com\/wp-content\/uploads\/2024\/06\/carte.png\" alt=\"\" class=\"wp-image-29962 size-full\" srcset=\"https:\/\/parcsaintecroix.com\/wp-content\/uploads\/2024\/06\/carte.png 648w, https:\/\/parcsaintecroix.com\/wp-content\/uploads\/2024\/06\/carte-300x291-512c1e2135f8.png 300w, https:\/\/parcsaintecroix.com\/wp-content\/uploads\/2024\/06\/carte-100x97-fab7673e88b9.png 100w\" sizes=\"auto, (max-width: 648px) 100vw, 648px\" \/><\/figure><div class=\"wp-block-media-text__content\">\n<p>Le Parc de Sainte-Croix se situe \u00e0 Rhodes en Moselle au c\u0153ur d&rsquo;une r\u00e9serve de la biosph\u00e8re.<\/p>\n\n\n\n<p>\ud83d\ude97 En voiture : Rhodes, Moselle<\/p>\n\n\n\n<p>\ud83d\ude86En train : Gare TVG de Sarrebourg ( \u00e0 2h30 de Paris) <\/p>\n\n\n\n<p><strong>Je rejoins le Parc depuis la gare de Sarrebourg&nbsp;<\/strong>:<\/p>\n\n\n\n<p>\ud83d\ude95 En taxi : b\u00e9n\u00e9ficiez de 5\u20ac de r\u00e9duction sur votre trajet avec Taxiphoenix*<\/p>\n\n\n\n<p>\ud83d\ude90 <a href=\"https:\/\/www.tourisme-sarrebourg.fr\/navette-estivale\/\">En navette<\/a> : 3\u20ac par adulte \/ gratuit pour les -18ans, du 19 juillet au 17 aout.<\/p>\n\n\n\n<p class=\"is-style-small-paragraph\"><em>*contactez le Parc \u00e0 reservation@parcsaintecroix.com<\/em><\/p>\n<\/div><\/div>\n          <\/div>\n        <\/div>\n      <\/div>\n\n      <\/section>\n\n\n    <section  class=\"wp-block-acf-three-articles  block-index-61 section-content section-three-articles\"       itemprop=\"hasPart\" itemscope\n\n      <div class=\"grid-container full\">\n\n        <div class=\"grid-x title-wrapper\">\n\n          <div class=\"cell\">\n                          <h2 class=\"section-title\" itemprop=\"name heading\">En ce moment \u00e0 Sainte-Croix<\/h2>\n            \n                      <\/div>\n\n        <\/div>\n\n\n        <div class=\"grid-x listing-latest-news news-slider align-center\">\n          <article class=\"cell medium-6 large-4 js-article article-box flex-container flex-dir-column post-31005 post type-post status-publish format-standard has-post-thumbnail hentry category-animaux\"  itemscope itemtype=\"https:\/\/schema.org\/Article\" itemid=\"https:\/\/parcsaintecroix.com\/fr\/est-ce-que-grand-tetras-espece-menacee\" itemref=\"publisher\">\n      <meta itemprop=\"author\" content=\"Parc de Saint Croix\" \/>\n    <meta itemprop=\"image\" content=\"https:\/\/parcsaintecroix.com\/wp-content\/uploads\/2022\/09\/J_lavergne_2008-116-scaled.jpg\" \/>\n    <meta itemprop=\"datePublished\" content=\"2026-04-24T16:52:39+02:00\" \/>\n    <meta itemprop=\"dateModified\" content=\"2026-04-24T16:52:43+02:00\" \/>\n      <div class=\"news-content-wrapper\">\n          <a href=\"https:\/\/parcsaintecroix.com\/fr\/est-ce-que-grand-tetras-espece-menacee\" itemprop=\"url mainEntityOfPage\">\n        \n                  <span class=\"label-category\">Animaux<\/span>\n        \n        <figure>\n          <img decoding=\"async\"  data-fade-in loading=\"lazy\" src=\"data:image\/png;base64,R0lGODlhAQABAAD\/ACwAAAAAAQABAAACADs=\" data-lazy-interchange=\"[https:\/\/parcsaintecroix.com\/wp-content\/uploads\/2022\/09\/J_lavergne_2008-116-scaled-668x668-71ab615e0a86.jpg, small], [https:\/\/parcsaintecroix.com\/wp-content\/uploads\/2022\/09\/J_lavergne_2008-116-scaled-423x423-f5ddf0753daf.jpg, large], [https:\/\/parcsaintecroix.com\/wp-content\/uploads\/2022\/09\/J_lavergne_2008-116-scaled-800x800-b303cee25c1f.jpg, xlarge], [https:\/\/parcsaintecroix.com\/wp-content\/uploads\/2022\/09\/J_lavergne_2008-116-scaled-846x846-97851059a762.jpg, large_retina], [https:\/\/parcsaintecroix.com\/wp-content\/uploads\/2022\/09\/J_lavergne_2008-116-scaled-1600x1600-f1dbcba1895c.jpg, xlarge_retina]\" data-interchange-sizes=\"{&quot;small&quot;:{&quot;w&quot;:668,&quot;h&quot;:668},&quot;large&quot;:{&quot;w&quot;:423,&quot;h&quot;:423},&quot;xlarge&quot;:{&quot;w&quot;:800,&quot;h&quot;:800},&quot;large_retina&quot;:{&quot;w&quot;:846,&quot;h&quot;:846},&quot;xlarge_retina&quot;:{&quot;w&quot;:1600,&quot;h&quot;:1600}}\"  style=\";--aspect-ratio-small: 1;--aspect-ratio-large: 1;--aspect-ratio-xlarge: 1;--aspect-ratio-large_retina: 1;--aspect-ratio-xlarge_retina: 1\" data-has-aspect-ratio=\"true\" alt=\"Est ce que le Grand T\u00e9tras est une esp\u00e8ce menac\u00e9e ?\" itemprop=\"image\" data-fade-in \/>\n        <\/figure>\n\n              <\/a>\n      <\/div>\n\n  <div class=\"article-box-content flex-child-grow flex-container flex-dir-column\">\n    <header class=\"entry-header\">\n      <h2 class=\"entry-name\" itemprop=\"name headline\">\n        <a href=\"https:\/\/parcsaintecroix.com\/fr\/est-ce-que-grand-tetras-espece-menacee\">Est ce que le Grand T\u00e9tras est une esp\u00e8ce menac\u00e9e ?<\/a>\n      <\/h2>\n    <\/header>\n\n    <div class=\"entry-content\">\n      <p class=\"excerpt\">Oiseaux embl\u00e9matique, le&nbsp;Grand T\u00e9tras&nbsp;est un des plus menac\u00e9s d\u2019Europe. Symbole des for\u00eats de montagne, ce galliforme discret &#8230;<\/p>\n    <\/div>\n\n    <p class=\"entry-date\">\n      Publi\u00e9 le 24 avril 2026    <\/p>\n\n  <\/div>\n<\/article>\n\n<article class=\"cell medium-6 large-4 js-article article-box flex-container flex-dir-column post-40141 post type-post status-publish format-standard has-post-thumbnail hentry category-le-parc\"  itemscope itemtype=\"https:\/\/schema.org\/Article\" itemid=\"https:\/\/parcsaintecroix.com\/fr\/ce-printemps-vivez-un-sejour-famille-inoubliable-au-parc-de-sainte-croix\" itemref=\"publisher\">\n      <meta itemprop=\"author\" content=\"Parc de Saint Croix\" \/>\n    <meta itemprop=\"image\" content=\"https:\/\/parcsaintecroix.com\/wp-content\/uploads\/2025\/06\/ste-croix-2193-scaled.jpg\" \/>\n    <meta itemprop=\"datePublished\" content=\"2026-04-13T16:58:25+02:00\" \/>\n    <meta itemprop=\"dateModified\" content=\"2026-04-13T16:58:28+02:00\" \/>\n      <div class=\"news-content-wrapper\">\n          <a href=\"https:\/\/parcsaintecroix.com\/fr\/ce-printemps-vivez-un-sejour-famille-inoubliable-au-parc-de-sainte-croix\" itemprop=\"url mainEntityOfPage\">\n        \n                  <span class=\"label-category\">Le parc<\/span>\n        \n        <figure>\n          <img decoding=\"async\"  data-fade-in loading=\"lazy\" src=\"data:image\/png;base64,R0lGODlhAQABAAD\/ACwAAAAAAQABAAACADs=\" data-lazy-interchange=\"[https:\/\/parcsaintecroix.com\/wp-content\/uploads\/2025\/06\/ste-croix-2193-scaled-668x668-71ab615e0a86.jpg, small], [https:\/\/parcsaintecroix.com\/wp-content\/uploads\/2025\/06\/ste-croix-2193-scaled-423x423-f5ddf0753daf.jpg, large], [https:\/\/parcsaintecroix.com\/wp-content\/uploads\/2025\/06\/ste-croix-2193-scaled-800x800-b303cee25c1f.jpg, xlarge], [https:\/\/parcsaintecroix.com\/wp-content\/uploads\/2025\/06\/ste-croix-2193-scaled-846x846-97851059a762.jpg, large_retina], [https:\/\/parcsaintecroix.com\/wp-content\/uploads\/2025\/06\/ste-croix-2193-scaled-1600x1600-f1dbcba1895c.jpg, xlarge_retina]\" data-interchange-sizes=\"{&quot;small&quot;:{&quot;w&quot;:668,&quot;h&quot;:668},&quot;large&quot;:{&quot;w&quot;:423,&quot;h&quot;:423},&quot;xlarge&quot;:{&quot;w&quot;:800,&quot;h&quot;:800},&quot;large_retina&quot;:{&quot;w&quot;:846,&quot;h&quot;:846},&quot;xlarge_retina&quot;:{&quot;w&quot;:1600,&quot;h&quot;:1600}}\"  style=\";--aspect-ratio-small: 1;--aspect-ratio-large: 1;--aspect-ratio-xlarge: 1;--aspect-ratio-large_retina: 1;--aspect-ratio-xlarge_retina: 1\" data-has-aspect-ratio=\"true\" alt=\"Ce printemps, vivez un s\u00e9jour famille inoubliable au Parc de Sainte-Croix !\" itemprop=\"image\" data-fade-in \/>\n        <\/figure>\n\n              <\/a>\n      <\/div>\n\n  <div class=\"article-box-content flex-child-grow flex-container flex-dir-column\">\n    <header class=\"entry-header\">\n      <h2 class=\"entry-name\" itemprop=\"name headline\">\n        <a href=\"https:\/\/parcsaintecroix.com\/fr\/ce-printemps-vivez-un-sejour-famille-inoubliable-au-parc-de-sainte-croix\">Ce printemps, vivez un s\u00e9jour famille inoubliable au Parc de Sainte-Croix !<\/a>\n      <\/h2>\n    <\/header>\n\n    <div class=\"entry-content\">\n      <p class=\"excerpt\">Venez profiter de 3 jours de d\u00e9paysement total au c\u0153ur de la nature ! Vivez une exp\u00e9rience &#8230;<\/p>\n    <\/div>\n\n    <p class=\"entry-date\">\n      Publi\u00e9 le 13 avril 2026    <\/p>\n\n  <\/div>\n<\/article>\n\n<article class=\"cell medium-6 large-4 js-article article-box flex-container flex-dir-column post-40154 post type-post status-publish format-standard has-post-thumbnail hentry category-le-parc\"  itemscope itemtype=\"https:\/\/schema.org\/Article\" itemid=\"https:\/\/parcsaintecroix.com\/fr\/votre-sejour-nature-pour-sevader-du-quotidien\" itemref=\"publisher\">\n      <meta itemprop=\"author\" content=\"Parc de Saint Croix\" \/>\n    <meta itemprop=\"image\" content=\"https:\/\/parcsaintecroix.com\/wp-content\/uploads\/2022\/09\/plaine-des-cerfs-pano.jpg\" \/>\n    <meta itemprop=\"datePublished\" content=\"2026-04-02T17:25:39+02:00\" \/>\n    <meta itemprop=\"dateModified\" content=\"2026-04-02T17:25:44+02:00\" \/>\n      <div class=\"news-content-wrapper\">\n          <a href=\"https:\/\/parcsaintecroix.com\/fr\/votre-sejour-nature-pour-sevader-du-quotidien\" itemprop=\"url mainEntityOfPage\">\n        \n                  <span class=\"label-category\">Le parc<\/span>\n        \n        <figure>\n          <img decoding=\"async\"  data-fade-in loading=\"lazy\" src=\"data:image\/png;base64,R0lGODlhAQABAAD\/ACwAAAAAAQABAAACADs=\" data-lazy-interchange=\"[https:\/\/parcsaintecroix.com\/wp-content\/uploads\/2022\/09\/plaine-des-cerfs-pano-668x668-71ab615e0a86.jpg, small], [https:\/\/parcsaintecroix.com\/wp-content\/uploads\/2022\/09\/plaine-des-cerfs-pano-423x423-f5ddf0753daf.jpg, large], [https:\/\/parcsaintecroix.com\/wp-content\/uploads\/2022\/09\/plaine-des-cerfs-pano-800x800-b303cee25c1f.jpg, xlarge], [https:\/\/parcsaintecroix.com\/wp-content\/uploads\/2022\/09\/plaine-des-cerfs-pano-846x846-97851059a762.jpg, large_retina], [https:\/\/parcsaintecroix.com\/wp-content\/uploads\/2022\/09\/plaine-des-cerfs-pano-1366x1366-f1dbcba1895c.jpg, xlarge_retina]\" data-interchange-sizes=\"{&quot;small&quot;:{&quot;w&quot;:668,&quot;h&quot;:668},&quot;large&quot;:{&quot;w&quot;:423,&quot;h&quot;:423},&quot;xlarge&quot;:{&quot;w&quot;:800,&quot;h&quot;:800},&quot;large_retina&quot;:{&quot;w&quot;:846,&quot;h&quot;:846},&quot;xlarge_retina&quot;:{&quot;w&quot;:1366,&quot;h&quot;:1366}}\"  style=\";--aspect-ratio-small: 1;--aspect-ratio-large: 1;--aspect-ratio-xlarge: 1;--aspect-ratio-large_retina: 1;--aspect-ratio-xlarge_retina: 1\" data-has-aspect-ratio=\"true\" alt=\"Votre s\u00e9jour nature pour s&rsquo;\u00e9vader du quotidien\" itemprop=\"image\" data-fade-in \/>\n        <\/figure>\n\n              <\/a>\n      <\/div>\n\n  <div class=\"article-box-content flex-child-grow flex-container flex-dir-column\">\n    <header class=\"entry-header\">\n      <h2 class=\"entry-name\" itemprop=\"name headline\">\n        <a href=\"https:\/\/parcsaintecroix.com\/fr\/votre-sejour-nature-pour-sevader-du-quotidien\">Votre s\u00e9jour nature pour s&rsquo;\u00e9vader du quotidien<\/a>\n      <\/h2>\n    <\/header>\n\n    <div class=\"entry-content\">\n      <p class=\"excerpt\">Venez profiter de 3 jours de d\u00e9paysement total au Parc de Sainte-Croix ! Dormez face aux animaux &#8230;<\/p>\n    <\/div>\n\n    <p class=\"entry-date\">\n      Publi\u00e9 le 02 avril 2026    <\/p>\n\n  <\/div>\n<\/article>\n\n        <\/div>\n\n\n              <\/div>\n    <\/section>\n    \n\n\n<section  class=\"wp-block-acf-three-lodges-associated  block-index-62 section-content section-associated-lodges\"   itemprop=\"hasPart\" itemscope itemtype=\"https:\/\/schema.org\/WebPageElement\">\n\n  <div class=\"grid-container full title-button-wrap\">\n    <h2 class=\"section-title\" itemprop=\"name heading\"><\/h2>\n\n      <\/div>\n\n\n  <\/section>\n","protected":false},"excerpt":{"rendered":"<p>Venez profiter de 3 jours de d\u00e9paysement total ! Et si cet \u00e9t\u00e9, on se d\u00e9connectait\u2026 pour de vrai ? Pas besoin de partir \u00e0 l\u2019autre bout du monde pour s\u2019\u00e9vader : parfois, l\u2019aventure se trouve \u00e0 quelques pas de chez soi. Nich\u00e9 en pleine nature, le Parc de Sainte-Croix offre une parenth\u00e8se hors du [&hellip;]<\/p>\n","protected":false},"author":10,"featured_media":37153,"comment_status":"closed","ping_status":"closed","sticky":false,"template":"","format":"standard","meta":{"_acf_changed":false,"_themeisle_gutenberg_block_has_review":false,"footnotes":""},"categories":[1],"tags":[],"class_list":["post-30744","post","type-post","status-publish","format-standard","has-post-thumbnail","hentry","category-evenement"],"acf":[],"yoast_head":"<!-- This site is optimized with the Yoast SEO plugin v27.3 - https:\/\/yoast.com\/product\/yoast-seo-wordpress\/ -->\n<title>Dormir face aux animaux : entre r\u00eave et nature | Parc Sainte-Croix<\/title>\n<meta name=\"description\" content=\"Dans cet article, vivez la magie d\u2019une nuit face aux animaux : une immersion rare, intime et apaisante, pour r\u00eaver au rythme de la nature.\" \/>\n<meta name=\"robots\" content=\"index, follow, max-snippet:-1, max-image-preview:large, max-video-preview:-1\" \/>\n<link rel=\"canonical\" href=\"https:\/\/parcsaintecroix.com\/fr\/votre-sejour-ete\" \/>\n<meta property=\"og:locale\" content=\"fr_FR\" \/>\n<meta property=\"og:type\" content=\"article\" \/>\n<meta property=\"og:title\" content=\"Dormir face aux animaux : entre r\u00eave et nature | Parc Sainte-Croix\" \/>\n<meta property=\"og:description\" content=\"Dans cet article, vivez la magie d\u2019une nuit face aux animaux : une immersion rare, intime et apaisante, pour r\u00eaver au rythme de la nature.\" \/>\n<meta property=\"og:url\" content=\"https:\/\/parcsaintecroix.com\/fr\/votre-sejour-ete\" \/>\n<meta property=\"og:site_name\" content=\"Parc de Saint Croix\" \/>\n<meta property=\"article:publisher\" content=\"https:\/\/www.facebook.com\/LodgesSainteCroix\/\" \/>\n<meta property=\"article:published_time\" content=\"2025-07-06T10:00:00+00:00\" \/>\n<meta property=\"article:modified_time\" content=\"2025-11-26T16:20:59+00:00\" \/>\n<meta property=\"og:image\" content=\"https:\/\/parcsaintecroix.com\/wp-content\/uploads\/2025\/07\/CP-Margaux-Chatelain-2-scaled-1024x683-fd90e2c36371.jpg\" \/>\n\t<meta property=\"og:image:width\" content=\"1024\" \/>\n\t<meta property=\"og:image:height\" content=\"683\" \/>\n\t<meta property=\"og:image:type\" content=\"image\/jpeg\" \/>\n<meta name=\"author\" content=\"Noemie Thiery\" \/>\n<meta name=\"twitter:card\" content=\"summary_large_image\" \/>\n<meta name=\"twitter:creator\" content=\"@parc_stecroix\" \/>\n<meta name=\"twitter:site\" content=\"@parc_stecroix\" \/>\n<meta name=\"twitter:label1\" content=\"\u00c9crit par\" \/>\n\t<meta name=\"twitter:data1\" content=\"Noemie Thiery\" \/>\n\t<meta name=\"twitter:label2\" content=\"Dur\u00e9e de lecture estim\u00e9e\" \/>\n\t<meta name=\"twitter:data2\" content=\"5 minutes\" \/>\n<script type=\"application\/ld+json\" class=\"yoast-schema-graph\">{\"@context\":\"https:\\\/\\\/schema.org\",\"@graph\":[{\"@type\":\"Article\",\"@id\":\"https:\\\/\\\/parcsaintecroix.com\\\/fr\\\/votre-sejour-ete#article\",\"isPartOf\":{\"@id\":\"https:\\\/\\\/parcsaintecroix.com\\\/fr\\\/votre-sejour-ete\"},\"author\":{\"name\":\"Noemie Thiery\",\"@id\":\"https:\\\/\\\/parcsaintecroix.com\\\/fr\\\/#\\\/schema\\\/person\\\/65f332915192f61bb9ce8f0cc3ba495b\"},\"headline\":\"Cet \u00e9t\u00e9, vivez l&rsquo;exp\u00e9rience magique de dormir face aux animaux!\",\"datePublished\":\"2025-07-06T10:00:00+00:00\",\"dateModified\":\"2025-11-26T16:20:59+00:00\",\"mainEntityOfPage\":{\"@id\":\"https:\\\/\\\/parcsaintecroix.com\\\/fr\\\/votre-sejour-ete\"},\"wordCount\":684,\"publisher\":{\"@id\":\"https:\\\/\\\/parcsaintecroix.com\\\/fr\\\/#organization\"},\"image\":{\"@id\":\"https:\\\/\\\/parcsaintecroix.com\\\/fr\\\/votre-sejour-ete#primaryimage\"},\"thumbnailUrl\":\"https:\\\/\\\/parcsaintecroix.com\\\/wp-content\\\/uploads\\\/2025\\\/07\\\/CP-Margaux-Chatelain-2-scaled.jpg\",\"articleSection\":[\"\u00c9v\u00e9nement\"],\"inLanguage\":\"fr-FR\"},{\"@type\":\"WebPage\",\"@id\":\"https:\\\/\\\/parcsaintecroix.com\\\/fr\\\/votre-sejour-ete\",\"url\":\"https:\\\/\\\/parcsaintecroix.com\\\/fr\\\/votre-sejour-ete\",\"name\":\"Dormir face aux animaux : entre r\u00eave et nature | Parc Sainte-Croix\",\"isPartOf\":{\"@id\":\"https:\\\/\\\/parcsaintecroix.com\\\/fr\\\/#website\"},\"primaryImageOfPage\":{\"@id\":\"https:\\\/\\\/parcsaintecroix.com\\\/fr\\\/votre-sejour-ete#primaryimage\"},\"image\":{\"@id\":\"https:\\\/\\\/parcsaintecroix.com\\\/fr\\\/votre-sejour-ete#primaryimage\"},\"thumbnailUrl\":\"https:\\\/\\\/parcsaintecroix.com\\\/wp-content\\\/uploads\\\/2025\\\/07\\\/CP-Margaux-Chatelain-2-scaled.jpg\",\"datePublished\":\"2025-07-06T10:00:00+00:00\",\"dateModified\":\"2025-11-26T16:20:59+00:00\",\"description\":\"Dans cet article, vivez la magie d\u2019une nuit face aux animaux : une immersion rare, intime et apaisante, pour r\u00eaver au rythme de la nature.\",\"breadcrumb\":{\"@id\":\"https:\\\/\\\/parcsaintecroix.com\\\/fr\\\/votre-sejour-ete#breadcrumb\"},\"inLanguage\":\"fr-FR\",\"potentialAction\":[{\"@type\":\"ReadAction\",\"target\":[\"https:\\\/\\\/parcsaintecroix.com\\\/fr\\\/votre-sejour-ete\"]}]},{\"@type\":\"ImageObject\",\"inLanguage\":\"fr-FR\",\"@id\":\"https:\\\/\\\/parcsaintecroix.com\\\/fr\\\/votre-sejour-ete#primaryimage\",\"url\":\"https:\\\/\\\/parcsaintecroix.com\\\/wp-content\\\/uploads\\\/2025\\\/07\\\/CP-Margaux-Chatelain-2-scaled.jpg\",\"contentUrl\":\"https:\\\/\\\/parcsaintecroix.com\\\/wp-content\\\/uploads\\\/2025\\\/07\\\/CP-Margaux-Chatelain-2-scaled.jpg\",\"width\":2560,\"height\":1707,\"caption\":\"\u00a9 Parc Animalier de Sainte-Croix\"},{\"@type\":\"BreadcrumbList\",\"@id\":\"https:\\\/\\\/parcsaintecroix.com\\\/fr\\\/votre-sejour-ete#breadcrumb\",\"itemListElement\":[{\"@type\":\"ListItem\",\"position\":1,\"name\":\"Accueil\",\"item\":\"https:\\\/\\\/parcsaintecroix.com\\\/fr\"},{\"@type\":\"ListItem\",\"position\":2,\"name\":\"Cet \u00e9t\u00e9, vivez l&rsquo;exp\u00e9rience magique de dormir face aux animaux!\"}]},{\"@type\":\"WebSite\",\"@id\":\"https:\\\/\\\/parcsaintecroix.com\\\/fr\\\/#website\",\"url\":\"https:\\\/\\\/parcsaintecroix.com\\\/fr\\\/\",\"name\":\"Parc de Saint Croix\",\"description\":\"\",\"publisher\":{\"@id\":\"https:\\\/\\\/parcsaintecroix.com\\\/fr\\\/#organization\"},\"inLanguage\":\"fr-FR\"},{\"@type\":\"Organization\",\"@id\":\"https:\\\/\\\/parcsaintecroix.com\\\/fr\\\/#organization\",\"name\":\"Parc de Saint Croix\",\"url\":\"https:\\\/\\\/parcsaintecroix.com\\\/fr\\\/\",\"logo\":{\"@type\":\"ImageObject\",\"inLanguage\":\"fr-FR\",\"@id\":\"https:\\\/\\\/parcsaintecroix.com\\\/fr\\\/#\\\/schema\\\/logo\\\/image\\\/\",\"url\":\"https:\\\/\\\/parcsaintecroix.com\\\/wp-content\\\/uploads\\\/2022\\\/09\\\/SainteCroix-Favicon.png\",\"contentUrl\":\"https:\\\/\\\/parcsaintecroix.com\\\/wp-content\\\/uploads\\\/2022\\\/09\\\/SainteCroix-Favicon.png\",\"width\":512,\"height\":512,\"caption\":\"Parc de Saint Croix\"},\"image\":{\"@id\":\"https:\\\/\\\/parcsaintecroix.com\\\/fr\\\/#\\\/schema\\\/logo\\\/image\\\/\"},\"sameAs\":[\"https:\\\/\\\/www.facebook.com\\\/LodgesSainteCroix\\\/\",\"https:\\\/\\\/x.com\\\/parc_stecroix\"]},{\"@type\":\"Person\",\"@id\":\"https:\\\/\\\/parcsaintecroix.com\\\/fr\\\/#\\\/schema\\\/person\\\/65f332915192f61bb9ce8f0cc3ba495b\",\"name\":\"Noemie Thiery\"}]}<\/script>\n<!-- \/ Yoast SEO plugin. -->","yoast_head_json":{"title":"Dormir face aux animaux : entre r\u00eave et nature | Parc Sainte-Croix","description":"Dans cet article, vivez la magie d\u2019une nuit face aux animaux : une immersion rare, intime et apaisante, pour r\u00eaver au rythme de la nature.","robots":{"index":"index","follow":"follow","max-snippet":"max-snippet:-1","max-image-preview":"max-image-preview:large","max-video-preview":"max-video-preview:-1"},"canonical":"https:\/\/parcsaintecroix.com\/fr\/votre-sejour-ete","og_locale":"fr_FR","og_type":"article","og_title":"Dormir face aux animaux : entre r\u00eave et nature | Parc Sainte-Croix","og_description":"Dans cet article, vivez la magie d\u2019une nuit face aux animaux : une immersion rare, intime et apaisante, pour r\u00eaver au rythme de la nature.","og_url":"https:\/\/parcsaintecroix.com\/fr\/votre-sejour-ete","og_site_name":"Parc de Saint Croix","article_publisher":"https:\/\/www.facebook.com\/LodgesSainteCroix\/","article_published_time":"2025-07-06T10:00:00+00:00","article_modified_time":"2025-11-26T16:20:59+00:00","og_image":[{"width":1024,"height":683,"url":"https:\/\/parcsaintecroix.com\/wp-content\/uploads\/2025\/07\/CP-Margaux-Chatelain-2-scaled-1024x683-fd90e2c36371.jpg","type":"image\/jpeg"}],"author":"Noemie Thiery","twitter_card":"summary_large_image","twitter_creator":"@parc_stecroix","twitter_site":"@parc_stecroix","twitter_misc":{"\u00c9crit par":"Noemie Thiery","Dur\u00e9e de lecture estim\u00e9e":"5 minutes"},"schema":{"@context":"https:\/\/schema.org","@graph":[{"@type":"Article","@id":"https:\/\/parcsaintecroix.com\/fr\/votre-sejour-ete#article","isPartOf":{"@id":"https:\/\/parcsaintecroix.com\/fr\/votre-sejour-ete"},"author":{"name":"Noemie Thiery","@id":"https:\/\/parcsaintecroix.com\/fr\/#\/schema\/person\/65f332915192f61bb9ce8f0cc3ba495b"},"headline":"Cet \u00e9t\u00e9, vivez l&rsquo;exp\u00e9rience magique de dormir face aux animaux!","datePublished":"2025-07-06T10:00:00+00:00","dateModified":"2025-11-26T16:20:59+00:00","mainEntityOfPage":{"@id":"https:\/\/parcsaintecroix.com\/fr\/votre-sejour-ete"},"wordCount":684,"publisher":{"@id":"https:\/\/parcsaintecroix.com\/fr\/#organization"},"image":{"@id":"https:\/\/parcsaintecroix.com\/fr\/votre-sejour-ete#primaryimage"},"thumbnailUrl":"https:\/\/parcsaintecroix.com\/wp-content\/uploads\/2025\/07\/CP-Margaux-Chatelain-2-scaled.jpg","articleSection":["\u00c9v\u00e9nement"],"inLanguage":"fr-FR"},{"@type":"WebPage","@id":"https:\/\/parcsaintecroix.com\/fr\/votre-sejour-ete","url":"https:\/\/parcsaintecroix.com\/fr\/votre-sejour-ete","name":"Dormir face aux animaux : entre r\u00eave et nature | Parc Sainte-Croix","isPartOf":{"@id":"https:\/\/parcsaintecroix.com\/fr\/#website"},"primaryImageOfPage":{"@id":"https:\/\/parcsaintecroix.com\/fr\/votre-sejour-ete#primaryimage"},"image":{"@id":"https:\/\/parcsaintecroix.com\/fr\/votre-sejour-ete#primaryimage"},"thumbnailUrl":"https:\/\/parcsaintecroix.com\/wp-content\/uploads\/2025\/07\/CP-Margaux-Chatelain-2-scaled.jpg","datePublished":"2025-07-06T10:00:00+00:00","dateModified":"2025-11-26T16:20:59+00:00","description":"Dans cet article, vivez la magie d\u2019une nuit face aux animaux : une immersion rare, intime et apaisante, pour r\u00eaver au rythme de la nature.","breadcrumb":{"@id":"https:\/\/parcsaintecroix.com\/fr\/votre-sejour-ete#breadcrumb"},"inLanguage":"fr-FR","potentialAction":[{"@type":"ReadAction","target":["https:\/\/parcsaintecroix.com\/fr\/votre-sejour-ete"]}]},{"@type":"ImageObject","inLanguage":"fr-FR","@id":"https:\/\/parcsaintecroix.com\/fr\/votre-sejour-ete#primaryimage","url":"https:\/\/parcsaintecroix.com\/wp-content\/uploads\/2025\/07\/CP-Margaux-Chatelain-2-scaled.jpg","contentUrl":"https:\/\/parcsaintecroix.com\/wp-content\/uploads\/2025\/07\/CP-Margaux-Chatelain-2-scaled.jpg","width":2560,"height":1707,"caption":"\u00a9 Parc Animalier de Sainte-Croix"},{"@type":"BreadcrumbList","@id":"https:\/\/parcsaintecroix.com\/fr\/votre-sejour-ete#breadcrumb","itemListElement":[{"@type":"ListItem","position":1,"name":"Accueil","item":"https:\/\/parcsaintecroix.com\/fr"},{"@type":"ListItem","position":2,"name":"Cet \u00e9t\u00e9, vivez l&rsquo;exp\u00e9rience magique de dormir face aux animaux!"}]},{"@type":"WebSite","@id":"https:\/\/parcsaintecroix.com\/fr\/#website","url":"https:\/\/parcsaintecroix.com\/fr\/","name":"Parc de Saint Croix","description":"","publisher":{"@id":"https:\/\/parcsaintecroix.com\/fr\/#organization"},"inLanguage":"fr-FR"},{"@type":"Organization","@id":"https:\/\/parcsaintecroix.com\/fr\/#organization","name":"Parc de Saint Croix","url":"https:\/\/parcsaintecroix.com\/fr\/","logo":{"@type":"ImageObject","inLanguage":"fr-FR","@id":"https:\/\/parcsaintecroix.com\/fr\/#\/schema\/logo\/image\/","url":"https:\/\/parcsaintecroix.com\/wp-content\/uploads\/2022\/09\/SainteCroix-Favicon.png","contentUrl":"https:\/\/parcsaintecroix.com\/wp-content\/uploads\/2022\/09\/SainteCroix-Favicon.png","width":512,"height":512,"caption":"Parc de Saint Croix"},"image":{"@id":"https:\/\/parcsaintecroix.com\/fr\/#\/schema\/logo\/image\/"},"sameAs":["https:\/\/www.facebook.com\/LodgesSainteCroix\/","https:\/\/x.com\/parc_stecroix"]},{"@type":"Person","@id":"https:\/\/parcsaintecroix.com\/fr\/#\/schema\/person\/65f332915192f61bb9ce8f0cc3ba495b","name":"Noemie Thiery"}]}},"_links":{"self":[{"href":"https:\/\/parcsaintecroix.com\/fr\/wp-json\/wp\/v2\/posts\/30744","targetHints":{"allow":["GET"]}}],"collection":[{"href":"https:\/\/parcsaintecroix.com\/fr\/wp-json\/wp\/v2\/posts"}],"about":[{"href":"https:\/\/parcsaintecroix.com\/fr\/wp-json\/wp\/v2\/types\/post"}],"author":[{"embeddable":true,"href":"https:\/\/parcsaintecroix.com\/fr\/wp-json\/wp\/v2\/users\/10"}],"replies":[{"embeddable":true,"href":"https:\/\/parcsaintecroix.com\/fr\/wp-json\/wp\/v2\/comments?post=30744"}],"version-history":[{"count":5,"href":"https:\/\/parcsaintecroix.com\/fr\/wp-json\/wp\/v2\/posts\/30744\/revisions"}],"predecessor-version":[{"id":37151,"href":"https:\/\/parcsaintecroix.com\/fr\/wp-json\/wp\/v2\/posts\/30744\/revisions\/37151"}],"wp:featuredmedia":[{"embeddable":true,"href":"https:\/\/parcsaintecroix.com\/fr\/wp-json\/wp\/v2\/media\/37153"}],"wp:attachment":[{"href":"https:\/\/parcsaintecroix.com\/fr\/wp-json\/wp\/v2\/media?parent=30744"}],"wp:term":[{"taxonomy":"category","embeddable":true,"href":"https:\/\/parcsaintecroix.com\/fr\/wp-json\/wp\/v2\/categories?post=30744"},{"taxonomy":"post_tag","embeddable":true,"href":"https:\/\/parcsaintecroix.com\/fr\/wp-json\/wp\/v2\/tags?post=30744"}],"curies":[{"name":"wp","href":"https:\/\/api.w.org\/{rel}","templated":true}]}}