{"id":36342,"date":"2025-06-10T13:27:27","date_gmt":"2025-06-10T11:27:27","guid":{"rendered":"https:\/\/parcsaintecroix.com\/?p=36342"},"modified":"2025-06-10T13:47:13","modified_gmt":"2025-06-10T11:47:13","slug":"21-juin-une-journee-exceptionnelle-pour-les-45-ans-du-parc","status":"publish","type":"post","link":"https:\/\/parcsaintecroix.com\/fr\/21-juin-une-journee-exceptionnelle-pour-les-45-ans-du-parc","title":{"rendered":"21 juin &#8211; Une journ\u00e9e exceptionnelle pour les 45 ans du Parc"},"content":{"rendered":"<section class=\"block-grid-wrapper block-grid-for-core-paragraph\">\n      <div class=\"default-editor-content grid-for-core-paragraph grid-container fluid fluid\">\n        <div class=\"grid-x grid-padding-x align-center\">\n          <div class=\"cell\">\n            \n<p class=\"has-text-align-center has-orange-color has-text-color has-link-color wp-elements-dd1ea59b863f13c276cf8c9e64e75e11\"><\/p>\n          <\/div>\n        <\/div>\n      <\/div>\n\n      <\/section>\n\n<section class=\"block-grid-wrapper block-grid-for-core-heading\">\n      <div class=\"default-editor-content grid-for-core-heading grid-container fluid fluid\">\n        <div class=\"grid-x grid-padding-x align-center\">\n          <div class=\"cell\">\n            \n<h2 class=\"wp-block-heading has-text-align-left\"><strong>Concerts, stands maquillage, exposition 45 ans et Mur d\u2019Or<\/strong><\/h2>\n          <\/div>\n        <\/div>\n      <\/div>\n\n      <\/section>\n\n<section class=\"block-grid-wrapper block-grid-for-core-paragraph\">\n      <div class=\"default-editor-content grid-for-core-paragraph grid-container fluid fluid\">\n        <div class=\"grid-x grid-padding-x align-center\">\n          <div class=\"cell\">\n            \n<p>Le <strong>21 juin<\/strong>, \u00e0 l\u2019occasion de la <strong>F\u00eate de la Musique<\/strong> et des <strong>45 ans du Parc de Sainte-Croix<\/strong>, nous vous invitons \u00e0 vivre une <strong>journ\u00e9e inoubliable<\/strong>, entre \u00e9motions, nature et partage.<\/p>\n          <\/div>\n        <\/div>\n      <\/div>\n\n      <\/section>\n\n<section class=\"block-grid-wrapper block-grid-for-core-paragraph\">\n      <div class=\"default-editor-content grid-for-core-paragraph grid-container fluid fluid\">\n        <div class=\"grid-x grid-padding-x align-center\">\n          <div class=\"cell\">\n            \n<p>Venez c\u00e9l\u00e9brer avec nous ce bel anniversaire dans une ambiance douce et po\u00e9tique, au c\u0153ur du parc !<\/p>\n          <\/div>\n        <\/div>\n      <\/div>\n\n      <\/section>\n\n<section class=\"block-grid-wrapper block-grid-for-core-media-text\">\n      <div class=\"default-editor-content grid-for-core-media-text grid-container fluid fluid\">\n        <div class=\"grid-x grid-padding-x align-center\">\n          <div class=\"cell\">\n            \n<div class=\"wp-block-media-text is-stacked-on-mobile\"><figure class=\"wp-block-media-text__media\"><img loading=\"lazy\" decoding=\"async\" width=\"1024\" height=\"576\" src=\"https:\/\/parcsaintecroix.com\/wp-content\/uploads\/2025\/06\/G-et-L-1024x576-fd90e2c36371.png\" alt=\"\" class=\"wp-image-36371 size-full\" srcset=\"https:\/\/parcsaintecroix.com\/wp-content\/uploads\/2025\/06\/G-et-L-1024x576-fd90e2c36371.png 1024w, https:\/\/parcsaintecroix.com\/wp-content\/uploads\/2025\/06\/G-et-L-300x169-512c1e2135f8.png 300w, https:\/\/parcsaintecroix.com\/wp-content\/uploads\/2025\/06\/G-et-L-768x432-b56108145cc7.png 768w, https:\/\/parcsaintecroix.com\/wp-content\/uploads\/2025\/06\/G-et-L-100x56-fab7673e88b9.png 100w, https:\/\/parcsaintecroix.com\/wp-content\/uploads\/2025\/06\/G-et-L.png 1200w\" sizes=\"auto, (max-width: 1024px) 100vw, 1024px\" \/><\/figure><div class=\"wp-block-media-text__content\">\n<h3 class=\"wp-block-heading\"><strong>Entr\u00e9e gratuite ce jour pour les G\u00e9rald et Liliane en hommage \u00e0 nos fondateurs<\/strong><\/h3>\n\n\n\n<p>En 2025, le Parc Animalier de Sainte-Croix c\u00e9l\u00e8bre ses <strong>45 ans d\u2019existence<\/strong> ! Pour rendre hommage \u00e0 <strong><a href=\"https:\/\/parcsaintecroix.com\/fr\/engagez-vous\/l-histoire-et-les-valeurs-du-parc\">G\u00e9rald et Liliane Singer<\/a><\/strong>, les fondateurs visionnaires qui ont donn\u00e9 vie \u00e0 ce lieu unique d\u00e9di\u00e9 \u00e0 la nature et \u00e0 la faune sauvage, nous offrons l\u2019entr\u00e9e gratuite \u00e0 <strong>toutes les personnes pr\u00e9nomm\u00e9es G\u00e9rald ou Liliane<\/strong> le 21 juin 2025. <\/p>\n<\/div><\/div>\n          <\/div>\n        <\/div>\n      <\/div>\n\n      <\/section>\n\n<section class=\"block-grid-wrapper block-grid-for-core-buttons\">\n      <div class=\"default-editor-content grid-for-core-buttons grid-container fluid fluid\">\n        <div class=\"grid-x grid-padding-x align-center\">\n          <div class=\"cell\">\n            \n<div class=\"wp-block-buttons is-content-justification-center is-layout-flex wp-container-core-buttons-is-layout-16018d1d wp-block-buttons-is-layout-flex\"><\/div>\n          <\/div>\n        <\/div>\n      <\/div>\n\n      <\/section>\n\n<section class=\"block-grid-wrapper block-grid-for-core-heading\">\n      <div class=\"default-editor-content grid-for-core-heading grid-container fluid fluid\">\n        <div class=\"grid-x grid-padding-x align-center\">\n          <div class=\"cell\">\n            \n<h2 class=\"wp-block-heading\"><\/h2>\n          <\/div>\n        <\/div>\n      <\/div>\n\n      <\/section>\n\n<section class=\"block-grid-wrapper block-grid-for-core-heading\">\n      <div class=\"default-editor-content grid-for-core-heading grid-container fluid fluid\">\n        <div class=\"grid-x grid-padding-x align-center\">\n          <div class=\"cell\">\n            \n<h2 class=\"wp-block-heading\"><strong>Deux concerts uniques dans la nature<\/strong><\/h2>\n          <\/div>\n        <\/div>\n      <\/div>\n\n      <\/section>\n\n<section class=\"block-grid-wrapper block-grid-for-core-media-text\">\n      <div class=\"default-editor-content grid-for-core-media-text grid-container fluid fluid\">\n        <div class=\"grid-x grid-padding-x align-center\">\n          <div class=\"cell\">\n            \n<div class=\"wp-block-media-text has-media-on-the-right is-stacked-on-mobile\"><div class=\"wp-block-media-text__content\">\n<p class=\"has-orange-color has-text-color has-link-color wp-elements-cd51944bc138d30df276098781011484\"><strong>\u00c0 15h30 concert de 30 min          <\/strong><\/p>\n\n\n\n<ul class=\"wp-block-list\">\n<li><\/li>\n<\/ul>\n\n\n\n<p>Laissez-vous emporter par la musique sensible et envo\u00fbtante de la violoncelliste <strong><a href=\"https:\/\/www.olivia-gay.com\/\">Olivia Gay<\/a><\/strong>, artiste de renomm\u00e9e internationale. Un concert p\u00e9dagogique de 30 minutes qui raconte en musique l&rsquo;histoire d&rsquo;une petite graine. Un concert ludique et po\u00e9tique pour toute la famille.<\/p>\n\n\n\n<p class=\"has-orange-color has-text-color has-link-color wp-elements-caabfca5f651ed52cd94e61449abde1a\"><strong>\u00c0 17h00 concert d&rsquo;1h30<\/strong><\/p>\n\n\n\n<p>Elle vous offrira <strong>un second concert intimiste au c\u0153ur des grands espaces du parc<\/strong>, dans une atmosph\u00e8re magique. Un moment suspendu, \u00e0 ne pas manquer.&nbsp;<\/p>\n\n\n\n<p>L&rsquo;entr\u00e9e au Parc est gratuite \u00e0 partir de 16h.<\/p>\n\n\n\n<h6 class=\"wp-block-heading\">Un lot surprise pour les 50 premiers inscrits<\/h6>\n\n\n\n<div class=\"wp-block-buttons is-layout-flex wp-block-buttons-is-layout-flex\">\n<div class=\"wp-block-button is-style-large-button-orange\"><a class=\"wp-block-button__link button-icon-- wp-element-button\" href=\"https:\/\/forms.gle\/UiyPMXjYxkKR4kQs6\">Je r\u00e9serve ma place au concert<\/a><\/div>\n<\/div>\n\n\n\n<p class=\"has-orange-color has-text-color has-link-color wp-elements-a8141ed96990d262fc116760dfdfb320\"><strong>*Places limit\u00e9es, r\u00e9servation recommand\u00e9e<\/strong><br><\/p>\n<\/div><figure class=\"wp-block-media-text__media\"><img loading=\"lazy\" decoding=\"async\" width=\"785\" height=\"746\" src=\"https:\/\/parcsaintecroix.com\/wp-content\/uploads\/2025\/06\/Olivia-Gay.jpg\" alt=\"\" class=\"wp-image-36343 size-full\" srcset=\"https:\/\/parcsaintecroix.com\/wp-content\/uploads\/2025\/06\/Olivia-Gay.jpg 785w, https:\/\/parcsaintecroix.com\/wp-content\/uploads\/2025\/06\/Olivia-Gay-300x285-512c1e2135f8.jpg 300w, https:\/\/parcsaintecroix.com\/wp-content\/uploads\/2025\/06\/Olivia-Gay-768x730-b56108145cc7.jpg 768w, https:\/\/parcsaintecroix.com\/wp-content\/uploads\/2025\/06\/Olivia-Gay-100x95-fab7673e88b9.jpg 100w\" sizes=\"auto, (max-width: 785px) 100vw, 785px\" \/><\/figure><\/div>\n          <\/div>\n        <\/div>\n      <\/div>\n\n      <\/section>\n\n<section class=\"block-grid-wrapper block-grid-for-core-heading\">\n      <div class=\"default-editor-content grid-for-core-heading grid-container fluid fluid\">\n        <div class=\"grid-x grid-padding-x align-center\">\n          <div class=\"cell\">\n            \n<h3 class=\"wp-block-heading\"><strong>Qui est Olivia Gay<\/strong> ?<\/h3>\n          <\/div>\n        <\/div>\n      <\/div>\n\n      <\/section>\n\n<section class=\"block-grid-wrapper block-grid-for-core-paragraph\">\n      <div class=\"default-editor-content grid-for-core-paragraph grid-container fluid fluid\">\n        <div class=\"grid-x grid-padding-x align-center\">\n          <div class=\"cell\">\n            \n<p><a href=\"https:\/\/www.olivia-gay.com\/\">Olivia Gay<\/a> est une violoncelliste fran\u00e7aise talentueuse et engag\u00e9e. Avec son jeu \u00e0 la fois intense et d\u00e9licat, elle fait vibrer les \u0153uvres classiques comme contemporaines. Elle se produit sur les plus belles sc\u00e8nes d\u2019Europe et des \u00c9tats-Unis, tout en portant un message fort pour la plan\u00e8te \u00e0 travers des concerts en pleine nature. Une artiste inspirante, \u00e0 d\u00e9couvrir absolument.<\/p>\n          <\/div>\n        <\/div>\n      <\/div>\n\n      <\/section>\n\n<section class=\"block-grid-wrapper block-grid-for-core-paragraph\">\n      <div class=\"default-editor-content grid-for-core-paragraph grid-container fluid fluid\">\n        <div class=\"grid-x grid-padding-x align-center\">\n          <div class=\"cell\">\n            \n<p><\/p>\n          <\/div>\n        <\/div>\n      <\/div>\n\n      <\/section>\n\n<section class=\"block-grid-wrapper block-grid-for-core-heading\">\n      <div class=\"default-editor-content grid-for-core-heading grid-container fluid fluid\">\n        <div class=\"grid-x grid-padding-x align-center\">\n          <div class=\"cell\">\n            \n<h2 class=\"wp-block-heading\"><strong>Des stands de maquillage<\/strong><\/h2>\n          <\/div>\n        <\/div>\n      <\/div>\n\n      <\/section>\n\n<section class=\"block-grid-wrapper block-grid-for-core-media-text\">\n      <div class=\"default-editor-content grid-for-core-media-text grid-container fluid fluid\">\n        <div class=\"grid-x grid-padding-x align-center\">\n          <div class=\"cell\">\n            \n<div class=\"wp-block-media-text is-stacked-on-mobile\"><figure class=\"wp-block-media-text__media\"><img loading=\"lazy\" decoding=\"async\" width=\"1007\" height=\"671\" src=\"https:\/\/parcsaintecroix.com\/wp-content\/uploads\/2025\/06\/Stand-maquillage.jpg\" alt=\"\" class=\"wp-image-36346 size-full\" srcset=\"https:\/\/parcsaintecroix.com\/wp-content\/uploads\/2025\/06\/Stand-maquillage.jpg 1007w, https:\/\/parcsaintecroix.com\/wp-content\/uploads\/2025\/06\/Stand-maquillage-300x200-512c1e2135f8.jpg 300w, https:\/\/parcsaintecroix.com\/wp-content\/uploads\/2025\/06\/Stand-maquillage-768x512-b56108145cc7.jpg 768w, https:\/\/parcsaintecroix.com\/wp-content\/uploads\/2025\/06\/Stand-maquillage-100x67-fab7673e88b9.jpg 100w\" sizes=\"auto, (max-width: 1007px) 100vw, 1007px\" \/><\/figure><div class=\"wp-block-media-text__content\">\n<p class=\"has-orange-color has-text-color has-link-color wp-elements-2110a45f82acd43a72af330f0e45a037\"><strong>10h30 &#8211; 12h30 et 13h30 &#8211; 17h30<\/strong><\/p>\n\n\n\n<p>Tout au long de la journ\u00e9e, des <strong>ateliers maquillage <\/strong>seront propos\u00e9s aux enfants\u2026 et \u00e0 ceux qui ont gard\u00e9 leur \u00e2me d\u2019enfant !<\/p>\n\n\n\n<p><br>Transformez vous en votre animal pr\u00e9f\u00e9r\u00e9, en fleur ou en jolie papillon pour entrer pleinement dans l\u2019univers de cette journ\u00e9e.<\/p>\n\n\n\n<p><\/p>\n<\/div><\/div>\n          <\/div>\n        <\/div>\n      <\/div>\n\n      <\/section>\n\n<section class=\"block-grid-wrapper block-grid-for-core-paragraph\">\n      <div class=\"default-editor-content grid-for-core-paragraph grid-container fluid fluid\">\n        <div class=\"grid-x grid-padding-x align-center\">\n          <div class=\"cell\">\n            \n<p><\/p>\n          <\/div>\n        <\/div>\n      <\/div>\n\n      <\/section>\n\n<section class=\"block-grid-wrapper block-grid-for-core-heading\">\n      <div class=\"default-editor-content grid-for-core-heading grid-container fluid fluid\">\n        <div class=\"grid-x grid-padding-x align-center\">\n          <div class=\"cell\">\n            \n<h2 class=\"wp-block-heading\"><strong>Exposition <strong>\u00ab archives sauvages<strong> <\/strong>\u00bb<\/strong><\/strong><\/h2>\n          <\/div>\n        <\/div>\n      <\/div>\n\n      <\/section>\n\n<section class=\"block-grid-wrapper block-grid-for-core-paragraph\">\n      <div class=\"default-editor-content grid-for-core-paragraph grid-container fluid fluid\">\n        <div class=\"grid-x grid-padding-x align-center\">\n          <div class=\"cell\">\n            \n<p class=\"is-style-default has-orange-color has-text-color has-link-color wp-elements-ea6a9f51f620a148a5321643c1ecd2e5\"><strong>Toute la journ\u00e9e \u00e0 l&rsquo;aire de pique-nique<\/strong><\/p>\n          <\/div>\n        <\/div>\n      <\/div>\n\n      <\/section>\n\n<section class=\"block-grid-wrapper block-grid-for-core-paragraph\">\n      <div class=\"default-editor-content grid-for-core-paragraph grid-container fluid fluid\">\n        <div class=\"grid-x grid-padding-x align-center\">\n          <div class=\"cell\">\n            \n<p>Remontez le temps gr\u00e2ce \u00e0 une exposition originale de 20 affiches, plans et articles de presses qui retracent l&rsquo;histoire du Parc de Sainte-Croix, de sa cr\u00e9ation \u00e0 aujourd&rsquo;hui.<\/p>\n          <\/div>\n        <\/div>\n      <\/div>\n\n      <\/section>\n\n<section class=\"block-grid-wrapper block-grid-for-core-paragraph\">\n      <div class=\"default-editor-content grid-for-core-paragraph grid-container fluid fluid\">\n        <div class=\"grid-x grid-padding-x align-center\">\n          <div class=\"cell\">\n            \n<p>Un voyage visuel \u00e0 travers les grandes \u00e9tapes du parc, ses th\u00e9matiques fortes, ses engagements et son \u00e9volution au fil des ann\u00e9es. Une belle mani\u00e8re de retracer l\u2019ADN du Parc\u2026 et de replonger dans vos propres souvenirs de visite.<\/p>\n          <\/div>\n        <\/div>\n      <\/div>\n\n      <\/section>\n\n<section class=\"block-grid-wrapper block-grid-for-core-paragraph\">\n      <div class=\"default-editor-content grid-for-core-paragraph grid-container fluid fluid\">\n        <div class=\"grid-x grid-padding-x align-center\">\n          <div class=\"cell\">\n            \n<p><\/p>\n          <\/div>\n        <\/div>\n      <\/div>\n\n      <\/section>\n\n<section class=\"block-grid-wrapper block-grid-for-core-heading\">\n      <div class=\"default-editor-content grid-for-core-heading grid-container fluid fluid\">\n        <div class=\"grid-x grid-padding-x align-center\">\n          <div class=\"cell\">\n            \n<h2 class=\"wp-block-heading\"><strong>Un Mur d&rsquo;Or g\u00e9ant &#8211; 45 ans de souvenirs<\/strong><\/h2>\n          <\/div>\n        <\/div>\n      <\/div>\n\n      <\/section>\n\n<section class=\"block-grid-wrapper block-grid-for-core-paragraph\">\n      <div class=\"default-editor-content grid-for-core-paragraph grid-container fluid fluid\">\n        <div class=\"grid-x grid-padding-x align-center\">\n          <div class=\"cell\">\n            \n<p class=\"has-orange-color has-text-color has-link-color wp-elements-fbb3922eaa35a0e5efff56263376a38b\"><strong><strong>10h30 &#8211; 12h30 et 13h30 &#8211; 17h30<\/strong><\/strong><\/p>\n          <\/div>\n        <\/div>\n      <\/div>\n\n      <\/section>\n\n<section class=\"block-grid-wrapper block-grid-for-core-paragraph\">\n      <div class=\"default-editor-content grid-for-core-paragraph grid-container fluid fluid\">\n        <div class=\"grid-x grid-padding-x align-center\">\n          <div class=\"cell\">\n            \n<p>Participez \u00e0 une \u0153uvre collective en laissant un mot, un message, un dessin sur notre Mur d\u2019Or g\u00e9ant install\u00e9 pour l\u2019occasion. Venez \u00e9crire votre histoire avec le Parc de Sainte-Croix.<\/p>\n          <\/div>\n        <\/div>\n      <\/div>\n\n      <\/section>\n\n<section class=\"block-grid-wrapper block-grid-for-core-buttons\">\n      <div class=\"default-editor-content grid-for-core-buttons grid-container fluid fluid\">\n        <div class=\"grid-x grid-padding-x align-center\">\n          <div class=\"cell\">\n            \n<div class=\"wp-block-buttons is-layout-flex wp-block-buttons-is-layout-flex\"><\/div>\n          <\/div>\n        <\/div>\n      <\/div>\n\n      <\/section>\n\n<section class=\"block-grid-wrapper block-grid-for-core-paragraph\">\n      <div class=\"default-editor-content grid-for-core-paragraph grid-container fluid fluid\">\n        <div class=\"grid-x grid-padding-x align-center\">\n          <div class=\"cell\">\n            \n<p class=\"has-text-align-center has-small-font-size\">CP : Pierre Marcel et Parc Animalier de Sainte-Croix<\/p>\n          <\/div>\n        <\/div>\n      <\/div>\n\n      <\/section>\n\n\n    <section  class=\"wp-block-acf-three-articles  block-index-44 section-content section-three-articles\"       itemprop=\"hasPart\" itemscope\n\n      <div class=\"grid-container full\">\n\n        <div class=\"grid-x title-wrapper\">\n\n          <div class=\"cell\">\n            \n                      <\/div>\n\n        <\/div>\n\n\n        <div class=\"grid-x listing-latest-news news-slider align-center\">\n          <article class=\"cell medium-6 large-4 js-article article-box flex-container flex-dir-column post-31005 post type-post status-publish format-standard has-post-thumbnail hentry category-animaux\"  itemscope itemtype=\"https:\/\/schema.org\/Article\" itemid=\"https:\/\/parcsaintecroix.com\/fr\/est-ce-que-grand-tetras-espece-menacee\" itemref=\"publisher\">\n      <meta itemprop=\"author\" content=\"Parc de Saint Croix\" \/>\n    <meta itemprop=\"image\" content=\"https:\/\/parcsaintecroix.com\/wp-content\/uploads\/2022\/09\/J_lavergne_2008-116-scaled.jpg\" \/>\n    <meta itemprop=\"datePublished\" content=\"2026-04-24T16:52:39+02:00\" \/>\n    <meta itemprop=\"dateModified\" content=\"2026-04-24T16:52:43+02:00\" \/>\n      <div class=\"news-content-wrapper\">\n          <a href=\"https:\/\/parcsaintecroix.com\/fr\/est-ce-que-grand-tetras-espece-menacee\" itemprop=\"url mainEntityOfPage\">\n        \n                  <span class=\"label-category\">Animaux<\/span>\n        \n        <figure>\n          <img decoding=\"async\"  data-fade-in loading=\"lazy\" src=\"data:image\/png;base64,R0lGODlhAQABAAD\/ACwAAAAAAQABAAACADs=\" data-lazy-interchange=\"[https:\/\/parcsaintecroix.com\/wp-content\/uploads\/2022\/09\/J_lavergne_2008-116-scaled-668x668-71ab615e0a86.jpg, small], [https:\/\/parcsaintecroix.com\/wp-content\/uploads\/2022\/09\/J_lavergne_2008-116-scaled-423x423-f5ddf0753daf.jpg, large], [https:\/\/parcsaintecroix.com\/wp-content\/uploads\/2022\/09\/J_lavergne_2008-116-scaled-800x800-b303cee25c1f.jpg, xlarge], [https:\/\/parcsaintecroix.com\/wp-content\/uploads\/2022\/09\/J_lavergne_2008-116-scaled-846x846-97851059a762.jpg, large_retina], [https:\/\/parcsaintecroix.com\/wp-content\/uploads\/2022\/09\/J_lavergne_2008-116-scaled-1600x1600-f1dbcba1895c.jpg, xlarge_retina]\" data-interchange-sizes=\"{&quot;small&quot;:{&quot;w&quot;:668,&quot;h&quot;:668},&quot;large&quot;:{&quot;w&quot;:423,&quot;h&quot;:423},&quot;xlarge&quot;:{&quot;w&quot;:800,&quot;h&quot;:800},&quot;large_retina&quot;:{&quot;w&quot;:846,&quot;h&quot;:846},&quot;xlarge_retina&quot;:{&quot;w&quot;:1600,&quot;h&quot;:1600}}\"  style=\";--aspect-ratio-small: 1;--aspect-ratio-large: 1;--aspect-ratio-xlarge: 1;--aspect-ratio-large_retina: 1;--aspect-ratio-xlarge_retina: 1\" data-has-aspect-ratio=\"true\" alt=\"Est ce que le Grand T\u00e9tras est une esp\u00e8ce menac\u00e9e ?\" itemprop=\"image\" data-fade-in \/>\n        <\/figure>\n\n              <\/a>\n      <\/div>\n\n  <div class=\"article-box-content flex-child-grow flex-container flex-dir-column\">\n    <header class=\"entry-header\">\n      <h2 class=\"entry-name\" itemprop=\"name headline\">\n        <a href=\"https:\/\/parcsaintecroix.com\/fr\/est-ce-que-grand-tetras-espece-menacee\">Est ce que le Grand T\u00e9tras est une esp\u00e8ce menac\u00e9e ?<\/a>\n      <\/h2>\n    <\/header>\n\n    <div class=\"entry-content\">\n      <p class=\"excerpt\">Oiseaux embl\u00e9matique, le&nbsp;Grand T\u00e9tras&nbsp;est un des plus menac\u00e9s d\u2019Europe. Symbole des for\u00eats de montagne, ce galliforme discret &#8230;<\/p>\n    <\/div>\n\n    <p class=\"entry-date\">\n      Publi\u00e9 le 24 avril 2026    <\/p>\n\n  <\/div>\n<\/article>\n\n<article class=\"cell medium-6 large-4 js-article article-box flex-container flex-dir-column post-40141 post type-post status-publish format-standard has-post-thumbnail hentry category-le-parc\"  itemscope itemtype=\"https:\/\/schema.org\/Article\" itemid=\"https:\/\/parcsaintecroix.com\/fr\/ce-printemps-vivez-un-sejour-famille-inoubliable-au-parc-de-sainte-croix\" itemref=\"publisher\">\n      <meta itemprop=\"author\" content=\"Parc de Saint Croix\" \/>\n    <meta itemprop=\"image\" content=\"https:\/\/parcsaintecroix.com\/wp-content\/uploads\/2025\/06\/ste-croix-2193-scaled.jpg\" \/>\n    <meta itemprop=\"datePublished\" content=\"2026-04-13T16:58:25+02:00\" \/>\n    <meta itemprop=\"dateModified\" content=\"2026-04-13T16:58:28+02:00\" \/>\n      <div class=\"news-content-wrapper\">\n          <a href=\"https:\/\/parcsaintecroix.com\/fr\/ce-printemps-vivez-un-sejour-famille-inoubliable-au-parc-de-sainte-croix\" itemprop=\"url mainEntityOfPage\">\n        \n                  <span class=\"label-category\">Le parc<\/span>\n        \n        <figure>\n          <img decoding=\"async\"  data-fade-in loading=\"lazy\" src=\"data:image\/png;base64,R0lGODlhAQABAAD\/ACwAAAAAAQABAAACADs=\" data-lazy-interchange=\"[https:\/\/parcsaintecroix.com\/wp-content\/uploads\/2025\/06\/ste-croix-2193-scaled-668x668-71ab615e0a86.jpg, small], [https:\/\/parcsaintecroix.com\/wp-content\/uploads\/2025\/06\/ste-croix-2193-scaled-423x423-f5ddf0753daf.jpg, large], [https:\/\/parcsaintecroix.com\/wp-content\/uploads\/2025\/06\/ste-croix-2193-scaled-800x800-b303cee25c1f.jpg, xlarge], [https:\/\/parcsaintecroix.com\/wp-content\/uploads\/2025\/06\/ste-croix-2193-scaled-846x846-97851059a762.jpg, large_retina], [https:\/\/parcsaintecroix.com\/wp-content\/uploads\/2025\/06\/ste-croix-2193-scaled-1600x1600-f1dbcba1895c.jpg, xlarge_retina]\" data-interchange-sizes=\"{&quot;small&quot;:{&quot;w&quot;:668,&quot;h&quot;:668},&quot;large&quot;:{&quot;w&quot;:423,&quot;h&quot;:423},&quot;xlarge&quot;:{&quot;w&quot;:800,&quot;h&quot;:800},&quot;large_retina&quot;:{&quot;w&quot;:846,&quot;h&quot;:846},&quot;xlarge_retina&quot;:{&quot;w&quot;:1600,&quot;h&quot;:1600}}\"  style=\";--aspect-ratio-small: 1;--aspect-ratio-large: 1;--aspect-ratio-xlarge: 1;--aspect-ratio-large_retina: 1;--aspect-ratio-xlarge_retina: 1\" data-has-aspect-ratio=\"true\" alt=\"Ce printemps, vivez un s\u00e9jour famille inoubliable au Parc de Sainte-Croix !\" itemprop=\"image\" data-fade-in \/>\n        <\/figure>\n\n              <\/a>\n      <\/div>\n\n  <div class=\"article-box-content flex-child-grow flex-container flex-dir-column\">\n    <header class=\"entry-header\">\n      <h2 class=\"entry-name\" itemprop=\"name headline\">\n        <a href=\"https:\/\/parcsaintecroix.com\/fr\/ce-printemps-vivez-un-sejour-famille-inoubliable-au-parc-de-sainte-croix\">Ce printemps, vivez un s\u00e9jour famille inoubliable au Parc de Sainte-Croix !<\/a>\n      <\/h2>\n    <\/header>\n\n    <div class=\"entry-content\">\n      <p class=\"excerpt\">Venez profiter de 3 jours de d\u00e9paysement total au c\u0153ur de la nature ! Vivez une exp\u00e9rience &#8230;<\/p>\n    <\/div>\n\n    <p class=\"entry-date\">\n      Publi\u00e9 le 13 avril 2026    <\/p>\n\n  <\/div>\n<\/article>\n\n<article class=\"cell medium-6 large-4 js-article article-box flex-container flex-dir-column post-40154 post type-post status-publish format-standard has-post-thumbnail hentry category-le-parc\"  itemscope itemtype=\"https:\/\/schema.org\/Article\" itemid=\"https:\/\/parcsaintecroix.com\/fr\/votre-sejour-nature-pour-sevader-du-quotidien\" itemref=\"publisher\">\n      <meta itemprop=\"author\" content=\"Parc de Saint Croix\" \/>\n    <meta itemprop=\"image\" content=\"https:\/\/parcsaintecroix.com\/wp-content\/uploads\/2022\/09\/plaine-des-cerfs-pano.jpg\" \/>\n    <meta itemprop=\"datePublished\" content=\"2026-04-02T17:25:39+02:00\" \/>\n    <meta itemprop=\"dateModified\" content=\"2026-04-02T17:25:44+02:00\" \/>\n      <div class=\"news-content-wrapper\">\n          <a href=\"https:\/\/parcsaintecroix.com\/fr\/votre-sejour-nature-pour-sevader-du-quotidien\" itemprop=\"url mainEntityOfPage\">\n        \n                  <span class=\"label-category\">Le parc<\/span>\n        \n        <figure>\n          <img decoding=\"async\"  data-fade-in loading=\"lazy\" src=\"data:image\/png;base64,R0lGODlhAQABAAD\/ACwAAAAAAQABAAACADs=\" data-lazy-interchange=\"[https:\/\/parcsaintecroix.com\/wp-content\/uploads\/2022\/09\/plaine-des-cerfs-pano-668x668-71ab615e0a86.jpg, small], [https:\/\/parcsaintecroix.com\/wp-content\/uploads\/2022\/09\/plaine-des-cerfs-pano-423x423-f5ddf0753daf.jpg, large], [https:\/\/parcsaintecroix.com\/wp-content\/uploads\/2022\/09\/plaine-des-cerfs-pano-800x800-b303cee25c1f.jpg, xlarge], [https:\/\/parcsaintecroix.com\/wp-content\/uploads\/2022\/09\/plaine-des-cerfs-pano-846x846-97851059a762.jpg, large_retina], [https:\/\/parcsaintecroix.com\/wp-content\/uploads\/2022\/09\/plaine-des-cerfs-pano-1366x1366-f1dbcba1895c.jpg, xlarge_retina]\" data-interchange-sizes=\"{&quot;small&quot;:{&quot;w&quot;:668,&quot;h&quot;:668},&quot;large&quot;:{&quot;w&quot;:423,&quot;h&quot;:423},&quot;xlarge&quot;:{&quot;w&quot;:800,&quot;h&quot;:800},&quot;large_retina&quot;:{&quot;w&quot;:846,&quot;h&quot;:846},&quot;xlarge_retina&quot;:{&quot;w&quot;:1366,&quot;h&quot;:1366}}\"  style=\";--aspect-ratio-small: 1;--aspect-ratio-large: 1;--aspect-ratio-xlarge: 1;--aspect-ratio-large_retina: 1;--aspect-ratio-xlarge_retina: 1\" data-has-aspect-ratio=\"true\" alt=\"Votre s\u00e9jour nature pour s&rsquo;\u00e9vader du quotidien\" itemprop=\"image\" data-fade-in \/>\n        <\/figure>\n\n              <\/a>\n      <\/div>\n\n  <div class=\"article-box-content flex-child-grow flex-container flex-dir-column\">\n    <header class=\"entry-header\">\n      <h2 class=\"entry-name\" itemprop=\"name headline\">\n        <a href=\"https:\/\/parcsaintecroix.com\/fr\/votre-sejour-nature-pour-sevader-du-quotidien\">Votre s\u00e9jour nature pour s&rsquo;\u00e9vader du quotidien<\/a>\n      <\/h2>\n    <\/header>\n\n    <div class=\"entry-content\">\n      <p class=\"excerpt\">Venez profiter de 3 jours de d\u00e9paysement total au Parc de Sainte-Croix ! Dormez face aux animaux &#8230;<\/p>\n    <\/div>\n\n    <p class=\"entry-date\">\n      Publi\u00e9 le 02 avril 2026    <\/p>\n\n  <\/div>\n<\/article>\n\n        <\/div>\n\n\n              <\/div>\n    <\/section>\n    \n\n<section class=\"block-grid-wrapper block-grid-for-core-buttons\">\n      <div class=\"default-editor-content grid-for-core-buttons grid-container fluid fluid\">\n        <div class=\"grid-x grid-padding-x align-center\">\n          <div class=\"cell\">\n            \n<div class=\"wp-block-buttons is-layout-flex wp-block-buttons-is-layout-flex\"><\/div>\n          <\/div>\n        <\/div>\n      <\/div>\n\n      <\/section>","protected":false},"excerpt":{"rendered":"<p>Concerts, stands maquillage, exposition 45 ans et Mur d\u2019Or Le 21 juin, \u00e0 l\u2019occasion de la F\u00eate de la Musique et des 45 ans du Parc de Sainte-Croix, nous vous invitons \u00e0 vivre une journ\u00e9e inoubliable, entre \u00e9motions, nature et partage. Venez c\u00e9l\u00e9brer avec nous ce bel anniversaire dans une ambiance douce et po\u00e9tique, au [&hellip;]<\/p>\n","protected":false},"author":10,"featured_media":36384,"comment_status":"closed","ping_status":"closed","sticky":false,"template":"","format":"standard","meta":{"_acf_changed":false,"_themeisle_gutenberg_block_has_review":false,"footnotes":""},"categories":[22,1],"tags":[],"class_list":["post-36342","post","type-post","status-publish","format-standard","has-post-thumbnail","hentry","category-agenda","category-evenement"],"acf":[],"yoast_head":"<!-- This site is optimized with the Yoast SEO plugin v27.3 - https:\/\/yoast.com\/product\/yoast-seo-wordpress\/ -->\n<title>21 juin - Une journ\u00e9e exceptionnelle pour les 45 ans du Parc<\/title>\n<meta name=\"description\" content=\"Le 21 juin 2025, vivez une journ\u00e9e magique pour les 45 ans du Parc Animalier de Sainte-Croix : concerts d\u2019Olivia Gay, ateliers maquillage...\" \/>\n<meta name=\"robots\" content=\"index, follow, max-snippet:-1, max-image-preview:large, max-video-preview:-1\" \/>\n<link rel=\"canonical\" href=\"https:\/\/parcsaintecroix.com\/fr\/21-juin-une-journee-exceptionnelle-pour-les-45-ans-du-parc\" \/>\n<meta property=\"og:locale\" content=\"fr_FR\" \/>\n<meta property=\"og:type\" content=\"article\" \/>\n<meta property=\"og:title\" content=\"21 juin - Une journ\u00e9e exceptionnelle pour les 45 ans du Parc\" \/>\n<meta property=\"og:description\" content=\"Le 21 juin 2025, vivez une journ\u00e9e magique pour les 45 ans du Parc Animalier de Sainte-Croix : concerts d\u2019Olivia Gay, ateliers maquillage...\" \/>\n<meta property=\"og:url\" content=\"https:\/\/parcsaintecroix.com\/fr\/21-juin-une-journee-exceptionnelle-pour-les-45-ans-du-parc\" \/>\n<meta property=\"og:site_name\" content=\"Parc de Saint Croix\" \/>\n<meta property=\"article:publisher\" content=\"https:\/\/www.facebook.com\/LodgesSainteCroix\/\" \/>\n<meta property=\"article:published_time\" content=\"2025-06-10T11:27:27+00:00\" \/>\n<meta property=\"article:modified_time\" content=\"2025-06-10T11:47:13+00:00\" \/>\n<meta property=\"og:image\" content=\"https:\/\/parcsaintecroix.com\/wp-content\/uploads\/2025\/06\/concert_olivia-gay2.jpg\" \/>\n\t<meta property=\"og:image:width\" content=\"1366\" \/>\n\t<meta property=\"og:image:height\" content=\"640\" \/>\n\t<meta property=\"og:image:type\" content=\"image\/jpeg\" \/>\n<meta name=\"author\" content=\"Noemie Thiery\" \/>\n<meta name=\"twitter:card\" content=\"summary_large_image\" \/>\n<meta name=\"twitter:creator\" content=\"@parc_stecroix\" \/>\n<meta name=\"twitter:site\" content=\"@parc_stecroix\" \/>\n<meta name=\"twitter:label1\" content=\"\u00c9crit par\" \/>\n\t<meta name=\"twitter:data1\" content=\"Noemie Thiery\" \/>\n\t<meta name=\"twitter:label2\" content=\"Dur\u00e9e de lecture estim\u00e9e\" \/>\n\t<meta name=\"twitter:data2\" content=\"4 minutes\" \/>\n<script type=\"application\/ld+json\" class=\"yoast-schema-graph\">{\"@context\":\"https:\\\/\\\/schema.org\",\"@graph\":[{\"@type\":\"Article\",\"@id\":\"https:\\\/\\\/parcsaintecroix.com\\\/fr\\\/21-juin-une-journee-exceptionnelle-pour-les-45-ans-du-parc#article\",\"isPartOf\":{\"@id\":\"https:\\\/\\\/parcsaintecroix.com\\\/fr\\\/21-juin-une-journee-exceptionnelle-pour-les-45-ans-du-parc\"},\"author\":{\"name\":\"Noemie Thiery\",\"@id\":\"https:\\\/\\\/parcsaintecroix.com\\\/fr\\\/#\\\/schema\\\/person\\\/65f332915192f61bb9ce8f0cc3ba495b\"},\"headline\":\"21 juin &#8211; Une journ\u00e9e exceptionnelle pour les 45 ans du Parc\",\"datePublished\":\"2025-06-10T11:27:27+00:00\",\"dateModified\":\"2025-06-10T11:47:13+00:00\",\"mainEntityOfPage\":{\"@id\":\"https:\\\/\\\/parcsaintecroix.com\\\/fr\\\/21-juin-une-journee-exceptionnelle-pour-les-45-ans-du-parc\"},\"wordCount\":527,\"publisher\":{\"@id\":\"https:\\\/\\\/parcsaintecroix.com\\\/fr\\\/#organization\"},\"image\":{\"@id\":\"https:\\\/\\\/parcsaintecroix.com\\\/fr\\\/21-juin-une-journee-exceptionnelle-pour-les-45-ans-du-parc#primaryimage\"},\"thumbnailUrl\":\"https:\\\/\\\/parcsaintecroix.com\\\/wp-content\\\/uploads\\\/2025\\\/06\\\/concert_olivia-gay2.jpg\",\"articleSection\":[\"Agenda\",\"\u00c9v\u00e9nement\"],\"inLanguage\":\"fr-FR\"},{\"@type\":\"WebPage\",\"@id\":\"https:\\\/\\\/parcsaintecroix.com\\\/fr\\\/21-juin-une-journee-exceptionnelle-pour-les-45-ans-du-parc\",\"url\":\"https:\\\/\\\/parcsaintecroix.com\\\/fr\\\/21-juin-une-journee-exceptionnelle-pour-les-45-ans-du-parc\",\"name\":\"21 juin - Une journ\u00e9e exceptionnelle pour les 45 ans du Parc\",\"isPartOf\":{\"@id\":\"https:\\\/\\\/parcsaintecroix.com\\\/fr\\\/#website\"},\"primaryImageOfPage\":{\"@id\":\"https:\\\/\\\/parcsaintecroix.com\\\/fr\\\/21-juin-une-journee-exceptionnelle-pour-les-45-ans-du-parc#primaryimage\"},\"image\":{\"@id\":\"https:\\\/\\\/parcsaintecroix.com\\\/fr\\\/21-juin-une-journee-exceptionnelle-pour-les-45-ans-du-parc#primaryimage\"},\"thumbnailUrl\":\"https:\\\/\\\/parcsaintecroix.com\\\/wp-content\\\/uploads\\\/2025\\\/06\\\/concert_olivia-gay2.jpg\",\"datePublished\":\"2025-06-10T11:27:27+00:00\",\"dateModified\":\"2025-06-10T11:47:13+00:00\",\"description\":\"Le 21 juin 2025, vivez une journ\u00e9e magique pour les 45 ans du Parc Animalier de Sainte-Croix : concerts d\u2019Olivia Gay, ateliers maquillage...\",\"breadcrumb\":{\"@id\":\"https:\\\/\\\/parcsaintecroix.com\\\/fr\\\/21-juin-une-journee-exceptionnelle-pour-les-45-ans-du-parc#breadcrumb\"},\"inLanguage\":\"fr-FR\",\"potentialAction\":[{\"@type\":\"ReadAction\",\"target\":[\"https:\\\/\\\/parcsaintecroix.com\\\/fr\\\/21-juin-une-journee-exceptionnelle-pour-les-45-ans-du-parc\"]}]},{\"@type\":\"ImageObject\",\"inLanguage\":\"fr-FR\",\"@id\":\"https:\\\/\\\/parcsaintecroix.com\\\/fr\\\/21-juin-une-journee-exceptionnelle-pour-les-45-ans-du-parc#primaryimage\",\"url\":\"https:\\\/\\\/parcsaintecroix.com\\\/wp-content\\\/uploads\\\/2025\\\/06\\\/concert_olivia-gay2.jpg\",\"contentUrl\":\"https:\\\/\\\/parcsaintecroix.com\\\/wp-content\\\/uploads\\\/2025\\\/06\\\/concert_olivia-gay2.jpg\",\"width\":1366,\"height\":640},{\"@type\":\"BreadcrumbList\",\"@id\":\"https:\\\/\\\/parcsaintecroix.com\\\/fr\\\/21-juin-une-journee-exceptionnelle-pour-les-45-ans-du-parc#breadcrumb\",\"itemListElement\":[{\"@type\":\"ListItem\",\"position\":1,\"name\":\"Accueil\",\"item\":\"https:\\\/\\\/parcsaintecroix.com\\\/fr\"},{\"@type\":\"ListItem\",\"position\":2,\"name\":\"21 juin &#8211; Une journ\u00e9e exceptionnelle pour les 45 ans du Parc\"}]},{\"@type\":\"WebSite\",\"@id\":\"https:\\\/\\\/parcsaintecroix.com\\\/fr\\\/#website\",\"url\":\"https:\\\/\\\/parcsaintecroix.com\\\/fr\\\/\",\"name\":\"Parc de Saint Croix\",\"description\":\"\",\"publisher\":{\"@id\":\"https:\\\/\\\/parcsaintecroix.com\\\/fr\\\/#organization\"},\"inLanguage\":\"fr-FR\"},{\"@type\":\"Organization\",\"@id\":\"https:\\\/\\\/parcsaintecroix.com\\\/fr\\\/#organization\",\"name\":\"Parc de Saint Croix\",\"url\":\"https:\\\/\\\/parcsaintecroix.com\\\/fr\\\/\",\"logo\":{\"@type\":\"ImageObject\",\"inLanguage\":\"fr-FR\",\"@id\":\"https:\\\/\\\/parcsaintecroix.com\\\/fr\\\/#\\\/schema\\\/logo\\\/image\\\/\",\"url\":\"https:\\\/\\\/parcsaintecroix.com\\\/wp-content\\\/uploads\\\/2022\\\/09\\\/SainteCroix-Favicon.png\",\"contentUrl\":\"https:\\\/\\\/parcsaintecroix.com\\\/wp-content\\\/uploads\\\/2022\\\/09\\\/SainteCroix-Favicon.png\",\"width\":512,\"height\":512,\"caption\":\"Parc de Saint Croix\"},\"image\":{\"@id\":\"https:\\\/\\\/parcsaintecroix.com\\\/fr\\\/#\\\/schema\\\/logo\\\/image\\\/\"},\"sameAs\":[\"https:\\\/\\\/www.facebook.com\\\/LodgesSainteCroix\\\/\",\"https:\\\/\\\/x.com\\\/parc_stecroix\"]},{\"@type\":\"Person\",\"@id\":\"https:\\\/\\\/parcsaintecroix.com\\\/fr\\\/#\\\/schema\\\/person\\\/65f332915192f61bb9ce8f0cc3ba495b\",\"name\":\"Noemie Thiery\"}]}<\/script>\n<!-- \/ Yoast SEO plugin. -->","yoast_head_json":{"title":"21 juin - Une journ\u00e9e exceptionnelle pour les 45 ans du Parc","description":"Le 21 juin 2025, vivez une journ\u00e9e magique pour les 45 ans du Parc Animalier de Sainte-Croix : concerts d\u2019Olivia Gay, ateliers maquillage...","robots":{"index":"index","follow":"follow","max-snippet":"max-snippet:-1","max-image-preview":"max-image-preview:large","max-video-preview":"max-video-preview:-1"},"canonical":"https:\/\/parcsaintecroix.com\/fr\/21-juin-une-journee-exceptionnelle-pour-les-45-ans-du-parc","og_locale":"fr_FR","og_type":"article","og_title":"21 juin - Une journ\u00e9e exceptionnelle pour les 45 ans du Parc","og_description":"Le 21 juin 2025, vivez une journ\u00e9e magique pour les 45 ans du Parc Animalier de Sainte-Croix : concerts d\u2019Olivia Gay, ateliers maquillage...","og_url":"https:\/\/parcsaintecroix.com\/fr\/21-juin-une-journee-exceptionnelle-pour-les-45-ans-du-parc","og_site_name":"Parc de Saint Croix","article_publisher":"https:\/\/www.facebook.com\/LodgesSainteCroix\/","article_published_time":"2025-06-10T11:27:27+00:00","article_modified_time":"2025-06-10T11:47:13+00:00","og_image":[{"width":1366,"height":640,"url":"https:\/\/parcsaintecroix.com\/wp-content\/uploads\/2025\/06\/concert_olivia-gay2.jpg","type":"image\/jpeg"}],"author":"Noemie Thiery","twitter_card":"summary_large_image","twitter_creator":"@parc_stecroix","twitter_site":"@parc_stecroix","twitter_misc":{"\u00c9crit par":"Noemie Thiery","Dur\u00e9e de lecture estim\u00e9e":"4 minutes"},"schema":{"@context":"https:\/\/schema.org","@graph":[{"@type":"Article","@id":"https:\/\/parcsaintecroix.com\/fr\/21-juin-une-journee-exceptionnelle-pour-les-45-ans-du-parc#article","isPartOf":{"@id":"https:\/\/parcsaintecroix.com\/fr\/21-juin-une-journee-exceptionnelle-pour-les-45-ans-du-parc"},"author":{"name":"Noemie Thiery","@id":"https:\/\/parcsaintecroix.com\/fr\/#\/schema\/person\/65f332915192f61bb9ce8f0cc3ba495b"},"headline":"21 juin &#8211; Une journ\u00e9e exceptionnelle pour les 45 ans du Parc","datePublished":"2025-06-10T11:27:27+00:00","dateModified":"2025-06-10T11:47:13+00:00","mainEntityOfPage":{"@id":"https:\/\/parcsaintecroix.com\/fr\/21-juin-une-journee-exceptionnelle-pour-les-45-ans-du-parc"},"wordCount":527,"publisher":{"@id":"https:\/\/parcsaintecroix.com\/fr\/#organization"},"image":{"@id":"https:\/\/parcsaintecroix.com\/fr\/21-juin-une-journee-exceptionnelle-pour-les-45-ans-du-parc#primaryimage"},"thumbnailUrl":"https:\/\/parcsaintecroix.com\/wp-content\/uploads\/2025\/06\/concert_olivia-gay2.jpg","articleSection":["Agenda","\u00c9v\u00e9nement"],"inLanguage":"fr-FR"},{"@type":"WebPage","@id":"https:\/\/parcsaintecroix.com\/fr\/21-juin-une-journee-exceptionnelle-pour-les-45-ans-du-parc","url":"https:\/\/parcsaintecroix.com\/fr\/21-juin-une-journee-exceptionnelle-pour-les-45-ans-du-parc","name":"21 juin - Une journ\u00e9e exceptionnelle pour les 45 ans du Parc","isPartOf":{"@id":"https:\/\/parcsaintecroix.com\/fr\/#website"},"primaryImageOfPage":{"@id":"https:\/\/parcsaintecroix.com\/fr\/21-juin-une-journee-exceptionnelle-pour-les-45-ans-du-parc#primaryimage"},"image":{"@id":"https:\/\/parcsaintecroix.com\/fr\/21-juin-une-journee-exceptionnelle-pour-les-45-ans-du-parc#primaryimage"},"thumbnailUrl":"https:\/\/parcsaintecroix.com\/wp-content\/uploads\/2025\/06\/concert_olivia-gay2.jpg","datePublished":"2025-06-10T11:27:27+00:00","dateModified":"2025-06-10T11:47:13+00:00","description":"Le 21 juin 2025, vivez une journ\u00e9e magique pour les 45 ans du Parc Animalier de Sainte-Croix : concerts d\u2019Olivia Gay, ateliers maquillage...","breadcrumb":{"@id":"https:\/\/parcsaintecroix.com\/fr\/21-juin-une-journee-exceptionnelle-pour-les-45-ans-du-parc#breadcrumb"},"inLanguage":"fr-FR","potentialAction":[{"@type":"ReadAction","target":["https:\/\/parcsaintecroix.com\/fr\/21-juin-une-journee-exceptionnelle-pour-les-45-ans-du-parc"]}]},{"@type":"ImageObject","inLanguage":"fr-FR","@id":"https:\/\/parcsaintecroix.com\/fr\/21-juin-une-journee-exceptionnelle-pour-les-45-ans-du-parc#primaryimage","url":"https:\/\/parcsaintecroix.com\/wp-content\/uploads\/2025\/06\/concert_olivia-gay2.jpg","contentUrl":"https:\/\/parcsaintecroix.com\/wp-content\/uploads\/2025\/06\/concert_olivia-gay2.jpg","width":1366,"height":640},{"@type":"BreadcrumbList","@id":"https:\/\/parcsaintecroix.com\/fr\/21-juin-une-journee-exceptionnelle-pour-les-45-ans-du-parc#breadcrumb","itemListElement":[{"@type":"ListItem","position":1,"name":"Accueil","item":"https:\/\/parcsaintecroix.com\/fr"},{"@type":"ListItem","position":2,"name":"21 juin &#8211; Une journ\u00e9e exceptionnelle pour les 45 ans du Parc"}]},{"@type":"WebSite","@id":"https:\/\/parcsaintecroix.com\/fr\/#website","url":"https:\/\/parcsaintecroix.com\/fr\/","name":"Parc de Saint Croix","description":"","publisher":{"@id":"https:\/\/parcsaintecroix.com\/fr\/#organization"},"inLanguage":"fr-FR"},{"@type":"Organization","@id":"https:\/\/parcsaintecroix.com\/fr\/#organization","name":"Parc de Saint Croix","url":"https:\/\/parcsaintecroix.com\/fr\/","logo":{"@type":"ImageObject","inLanguage":"fr-FR","@id":"https:\/\/parcsaintecroix.com\/fr\/#\/schema\/logo\/image\/","url":"https:\/\/parcsaintecroix.com\/wp-content\/uploads\/2022\/09\/SainteCroix-Favicon.png","contentUrl":"https:\/\/parcsaintecroix.com\/wp-content\/uploads\/2022\/09\/SainteCroix-Favicon.png","width":512,"height":512,"caption":"Parc de Saint Croix"},"image":{"@id":"https:\/\/parcsaintecroix.com\/fr\/#\/schema\/logo\/image\/"},"sameAs":["https:\/\/www.facebook.com\/LodgesSainteCroix\/","https:\/\/x.com\/parc_stecroix"]},{"@type":"Person","@id":"https:\/\/parcsaintecroix.com\/fr\/#\/schema\/person\/65f332915192f61bb9ce8f0cc3ba495b","name":"Noemie Thiery"}]}},"_links":{"self":[{"href":"https:\/\/parcsaintecroix.com\/fr\/wp-json\/wp\/v2\/posts\/36342","targetHints":{"allow":["GET"]}}],"collection":[{"href":"https:\/\/parcsaintecroix.com\/fr\/wp-json\/wp\/v2\/posts"}],"about":[{"href":"https:\/\/parcsaintecroix.com\/fr\/wp-json\/wp\/v2\/types\/post"}],"author":[{"embeddable":true,"href":"https:\/\/parcsaintecroix.com\/fr\/wp-json\/wp\/v2\/users\/10"}],"replies":[{"embeddable":true,"href":"https:\/\/parcsaintecroix.com\/fr\/wp-json\/wp\/v2\/comments?post=36342"}],"version-history":[{"count":23,"href":"https:\/\/parcsaintecroix.com\/fr\/wp-json\/wp\/v2\/posts\/36342\/revisions"}],"predecessor-version":[{"id":36399,"href":"https:\/\/parcsaintecroix.com\/fr\/wp-json\/wp\/v2\/posts\/36342\/revisions\/36399"}],"wp:featuredmedia":[{"embeddable":true,"href":"https:\/\/parcsaintecroix.com\/fr\/wp-json\/wp\/v2\/media\/36384"}],"wp:attachment":[{"href":"https:\/\/parcsaintecroix.com\/fr\/wp-json\/wp\/v2\/media?parent=36342"}],"wp:term":[{"taxonomy":"category","embeddable":true,"href":"https:\/\/parcsaintecroix.com\/fr\/wp-json\/wp\/v2\/categories?post=36342"},{"taxonomy":"post_tag","embeddable":true,"href":"https:\/\/parcsaintecroix.com\/fr\/wp-json\/wp\/v2\/tags?post=36342"}],"curies":[{"name":"wp","href":"https:\/\/api.w.org\/{rel}","templated":true}]}}