{"id":37937,"date":"2026-04-30T20:33:47","date_gmt":"2026-04-30T18:33:47","guid":{"rendered":"https:\/\/parcsaintecroix.com\/?p=37937"},"modified":"2026-04-30T20:33:50","modified_gmt":"2026-04-30T18:33:50","slug":"quelle-est-la-difference-entre-le-bison-deurope-et-le-bison-damerique","status":"publish","type":"post","link":"https:\/\/parcsaintecroix.com\/fr\/quelle-est-la-difference-entre-le-bison-deurope-et-le-bison-damerique","title":{"rendered":"Quelle est la diff\u00e9rence entre le bison d&rsquo;Europe et le bison d&rsquo;Am\u00e9rique ?"},"content":{"rendered":"<section class=\"block-grid-wrapper block-grid-for-core-paragraph\">\n      <div class=\"default-editor-content grid-for-core-paragraph grid-container fluid fluid\">\n        <div class=\"grid-x grid-padding-x align-center\">\n          <div class=\"cell\">\n            \n<p class=\"has-text-align-center\">Au Parc Animalier de Sainte\u2011Croix, deux esp\u00e8ces impressionnantes issues d\u2019un h\u00e9ritage pr\u00e9historique commun, proche de l\u2019aurochs, \u00e9voluent dans des environnements distincts : le bison d\u2019Europe et son cousin nord\u2011am\u00e9ricain.<br>Bien qu\u2019ils partagent de nombreuses caract\u00e9ristiques, ces grands mammif\u00e8res ont d\u00e9velopp\u00e9 des adaptations tr\u00e8s diff\u00e9rentes selon leur habitat naturel.<\/p>\n          <\/div>\n        <\/div>\n      <\/div>\n\n      <\/section>\n\n<section class=\"block-grid-wrapper block-grid-for-core-paragraph\">\n      <div class=\"default-editor-content grid-for-core-paragraph grid-container fluid fluid\">\n        <div class=\"grid-x grid-padding-x align-center\">\n          <div class=\"cell\">\n            \n<p class=\"has-text-align-center\"><\/p>\n          <\/div>\n        <\/div>\n      <\/div>\n\n      <\/section>\n\n<section class=\"block-grid-wrapper block-grid-for-core-heading\">\n      <div class=\"default-editor-content grid-for-core-heading grid-container fluid fluid\">\n        <div class=\"grid-x grid-padding-x align-center\">\n          <div class=\"cell\">\n            \n<h2 class=\"wp-block-heading has-text-align-center\"><strong><strong>Les bisons d&rsquo;Am\u00e9rique<\/strong><\/strong><\/h2>\n          <\/div>\n        <\/div>\n      <\/div>\n\n      <\/section>\n\n<section class=\"block-grid-wrapper block-grid-for-core-heading\">\n      <div class=\"default-editor-content grid-for-core-heading grid-container fluid fluid\">\n        <div class=\"grid-x grid-padding-x align-center\">\n          <div class=\"cell\">\n            \n<h3 class=\"wp-block-heading\"><strong>Savez-vous qui ils sont ?<\/strong><\/h3>\n          <\/div>\n        <\/div>\n      <\/div>\n\n      <\/section>\n\n<section class=\"block-grid-wrapper block-grid-for-core-paragraph\">\n      <div class=\"default-editor-content grid-for-core-paragraph grid-container fluid fluid\">\n        <div class=\"grid-x grid-padding-x align-center\">\n          <div class=\"cell\">\n            \n<p>Surnomm\u00e9 le g\u00e9ant migrateur des plaines, <a href=\"https:\/\/parcsaintecroix.com\/fr\/animaux\/bison-damerique\">le bison d\u2019Am\u00e9rique<\/a> est l\u2019un des plus grands mammif\u00e8res terrestres actuels. Un m\u00e2le adulte peut peser de 500 kg \u00e0 pr\u00e8s d\u2019une tonne, pour une taille comprise entre 1,50 m et 2 m au garrot.<br><br>Herbivore, ce colosse nord\u2011am\u00e9ricain se nourrit principalement d\u2019herbes, de racines et de carex qu\u2019il trouve dans les vastes prairies ouvertes.<br><br>Son apparence est marqu\u00e9e par une bosse dorsale tr\u00e8s d\u00e9velopp\u00e9e et un pelage dense \u00e0 l\u2019avant du corps, v\u00e9ritables atouts face aux hivers rigoureux. Cette \u00e9paisse fourrure constitue une strat\u00e9gie de survie efficace contre le froid intense, la neige et des temp\u00e9ratures pouvant atteindre \u201340 \u00b0C.<br><br>Autrefois pr\u00e9sent en tr\u00e8s grand nombre, cet animal embl\u00e9matique parcourait les plaines d\u2019Am\u00e9rique du Nord en vastes troupeaux. Aujourd\u2019hui, il vit principalement dans des espaces prot\u00e9g\u00e9s, comme le parc de Yellowstone.<br><br>Au Parc Animalier de Sainte\u2011Croix, les sp\u00e9cimens nord\u2011am\u00e9ricains cohabitent avec d\u2019autres esp\u00e8ces embl\u00e9matiques des grands espaces, notamment les ours noirs et les coyotes.<\/p>\n          <\/div>\n        <\/div>\n      <\/div>\n\n      <\/section>\n\n<section class=\"block-grid-wrapper block-grid-for-core-paragraph\">\n      <div class=\"default-editor-content grid-for-core-paragraph grid-container fluid fluid\">\n        <div class=\"grid-x grid-padding-x align-center\">\n          <div class=\"cell\">\n            \n<p><\/p>\n          <\/div>\n        <\/div>\n      <\/div>\n\n      <\/section>\n\n<section class=\"block-grid-wrapper block-grid-for-core-gallery\">\n      <div class=\"default-editor-content grid-for-core-gallery grid-container fluid fluid\">\n        <div class=\"grid-x grid-padding-x align-center\">\n          <div class=\"cell\">\n            \n<figure class=\"wp-block-gallery has-nested-images columns-default is-cropped wp-block-gallery-1 is-layout-flex wp-block-gallery-is-layout-flex\">\n<figure class=\"wp-block-image size-large\"><img loading=\"lazy\" decoding=\"async\" width=\"1024\" height=\"683\" data-id=\"38109\" src=\"https:\/\/parcsaintecroix.com\/wp-content\/uploads\/2025\/10\/CP-Morgane-Bricard-50-scaled-1024x683-fd90e2c36371.jpg\" alt=\"\" class=\"wp-image-38109\" srcset=\"https:\/\/parcsaintecroix.com\/wp-content\/uploads\/2025\/10\/CP-Morgane-Bricard-50-scaled-1024x683-fd90e2c36371.jpg 1024w, https:\/\/parcsaintecroix.com\/wp-content\/uploads\/2025\/10\/CP-Morgane-Bricard-50-scaled-300x200-512c1e2135f8.jpg 300w, https:\/\/parcsaintecroix.com\/wp-content\/uploads\/2025\/10\/CP-Morgane-Bricard-50-scaled-768x512-b56108145cc7.jpg 768w, https:\/\/parcsaintecroix.com\/wp-content\/uploads\/2025\/10\/CP-Morgane-Bricard-50-scaled-1536x1024-3c33d8efde71.jpg 1536w, https:\/\/parcsaintecroix.com\/wp-content\/uploads\/2025\/10\/CP-Morgane-Bricard-50-scaled-2048x1366-539fcd4e84ba.jpg 2048w, https:\/\/parcsaintecroix.com\/wp-content\/uploads\/2025\/10\/CP-Morgane-Bricard-50-scaled-100x67-fab7673e88b9.jpg 100w\" sizes=\"auto, (max-width: 1024px) 100vw, 1024px\" \/><\/figure>\n\n\n\n<figure class=\"wp-block-image size-large\"><img loading=\"lazy\" decoding=\"async\" width=\"1024\" height=\"683\" data-id=\"38110\" src=\"https:\/\/parcsaintecroix.com\/wp-content\/uploads\/2025\/10\/CP-Carla-Datola-14-1024x683-fd90e2c36371.jpg\" alt=\"\" class=\"wp-image-38110\" srcset=\"https:\/\/parcsaintecroix.com\/wp-content\/uploads\/2025\/10\/CP-Carla-Datola-14-1024x683-fd90e2c36371.jpg 1024w, https:\/\/parcsaintecroix.com\/wp-content\/uploads\/2025\/10\/CP-Carla-Datola-14-300x200-512c1e2135f8.jpg 300w, https:\/\/parcsaintecroix.com\/wp-content\/uploads\/2025\/10\/CP-Carla-Datola-14-768x512-b56108145cc7.jpg 768w, https:\/\/parcsaintecroix.com\/wp-content\/uploads\/2025\/10\/CP-Carla-Datola-14-1536x1024-3c33d8efde71.jpg 1536w, https:\/\/parcsaintecroix.com\/wp-content\/uploads\/2025\/10\/CP-Carla-Datola-14-100x67-fab7673e88b9.jpg 100w, https:\/\/parcsaintecroix.com\/wp-content\/uploads\/2025\/10\/CP-Carla-Datola-14.jpg 2048w\" sizes=\"auto, (max-width: 1024px) 100vw, 1024px\" \/><\/figure>\n\n\n\n<figure class=\"wp-block-image size-large\"><img loading=\"lazy\" decoding=\"async\" width=\"1024\" height=\"683\" data-id=\"38111\" src=\"https:\/\/parcsaintecroix.com\/wp-content\/uploads\/2025\/10\/CP-Morgane-Bricard-40-1-scaled-1024x683-fd90e2c36371.jpg\" alt=\"\" class=\"wp-image-38111\" srcset=\"https:\/\/parcsaintecroix.com\/wp-content\/uploads\/2025\/10\/CP-Morgane-Bricard-40-1-scaled-1024x683-fd90e2c36371.jpg 1024w, https:\/\/parcsaintecroix.com\/wp-content\/uploads\/2025\/10\/CP-Morgane-Bricard-40-1-scaled-300x200-512c1e2135f8.jpg 300w, https:\/\/parcsaintecroix.com\/wp-content\/uploads\/2025\/10\/CP-Morgane-Bricard-40-1-scaled-768x512-b56108145cc7.jpg 768w, https:\/\/parcsaintecroix.com\/wp-content\/uploads\/2025\/10\/CP-Morgane-Bricard-40-1-scaled-1536x1024-3c33d8efde71.jpg 1536w, https:\/\/parcsaintecroix.com\/wp-content\/uploads\/2025\/10\/CP-Morgane-Bricard-40-1-scaled-2048x1366-539fcd4e84ba.jpg 2048w, https:\/\/parcsaintecroix.com\/wp-content\/uploads\/2025\/10\/CP-Morgane-Bricard-40-1-scaled-100x67-fab7673e88b9.jpg 100w\" sizes=\"auto, (max-width: 1024px) 100vw, 1024px\" \/><\/figure>\n<\/figure>\n          <\/div>\n        <\/div>\n      <\/div>\n\n      <\/section>\n\n<section class=\"block-grid-wrapper block-grid-for-core-paragraph\">\n      <div class=\"default-editor-content grid-for-core-paragraph grid-container fluid fluid\">\n        <div class=\"grid-x grid-padding-x align-center\">\n          <div class=\"cell\">\n            \n<p><\/p>\n          <\/div>\n        <\/div>\n      <\/div>\n\n      <\/section>\n\n<section class=\"block-grid-wrapper block-grid-for-core-heading\">\n      <div class=\"default-editor-content grid-for-core-heading grid-container fluid fluid\">\n        <div class=\"grid-x grid-padding-x align-center\">\n          <div class=\"cell\">\n            \n<h2 class=\"wp-block-heading has-text-align-center\"><strong><strong>Les bisons d&rsquo;Europe<\/strong><\/strong><\/h2>\n          <\/div>\n        <\/div>\n      <\/div>\n\n      <\/section>\n\n<section class=\"block-grid-wrapper block-grid-for-core-paragraph\">\n      <div class=\"default-editor-content grid-for-core-paragraph grid-container fluid fluid\">\n        <div class=\"grid-x grid-padding-x align-center\">\n          <div class=\"cell\">\n            \n<p><a href=\"https:\/\/parcsaintecroix.com\/fr\/animaux\/bison-deurope\">Le bison d\u2019Europe<\/a>, dont le nom scientifique est Bison bonasus, est le plus grand mammif\u00e8re terrestre du continent europ\u00e9en. Plus \u00e9lanc\u00e9 que son cousin am\u00e9ricain, il peut peser entre 600 et 900 kg et mesurer jusqu\u2019\u00e0 1,95 m\u00e8tre.<br><br>Adapt\u00e9 aux milieux forestiers d\u2019Europe et d\u2019Asie, il se nourrit d\u2019herbes, de gramin\u00e9es, de feuilles et parfois d\u2019\u00e9corces. Par son action de p\u00e2turage et ses d\u00e9placements, ce bovid\u00e9 joue un r\u00f4le essentiel dans l\u2019\u00e9quilibre des \u00e9cosyst\u00e8mes forestiers, favorisant la diversit\u00e9 de la faune et de la flore.<br><br>Longtemps disparu \u00e0 l\u2019\u00e9tat sauvage, il ne subsistait plus que dans quelques r\u00e9gions comme la for\u00eat primaire de Bia\u0142owie\u017ca en Pologne ou certaines zones du Caucase. Gr\u00e2ce \u00e0 des programmes de conservation, l\u2019esp\u00e8ce a pu \u00eatre r\u00e9introduite.<br><br>Au Parc Animalier de Sainte\u2011Croix, les bisons d\u2019Europe \u00e9voluent dans des espaces con\u00e7us pour reproduire leur habitat naturel.<br><br>Le saviez\u2011vous ? Le petit du bison s\u2019appelle le bisonneau. Il na\u00eet g\u00e9n\u00e9ralement entre mai et septembre avec un pelage clair, qui fonce progressivement au fil des mois.<\/p>\n          <\/div>\n        <\/div>\n      <\/div>\n\n      <\/section>\n\n<section class=\"block-grid-wrapper block-grid-for-core-paragraph\">\n      <div class=\"default-editor-content grid-for-core-paragraph grid-container fluid fluid\">\n        <div class=\"grid-x grid-padding-x align-center\">\n          <div class=\"cell\">\n            \n<p><\/p>\n          <\/div>\n        <\/div>\n      <\/div>\n\n      <\/section>\n\n<section class=\"block-grid-wrapper block-grid-for-core-gallery\">\n      <div class=\"default-editor-content grid-for-core-gallery grid-container fluid fluid\">\n        <div class=\"grid-x grid-padding-x align-center\">\n          <div class=\"cell\">\n            \n<figure class=\"wp-block-gallery has-nested-images columns-default is-cropped wp-block-gallery-2 is-layout-flex wp-block-gallery-is-layout-flex\">\n<figure class=\"wp-block-image size-large\"><img loading=\"lazy\" decoding=\"async\" width=\"1024\" height=\"683\" data-id=\"38112\" src=\"https:\/\/parcsaintecroix.com\/wp-content\/uploads\/2025\/10\/CP-Morgane-Bricard-19-2-scaled-1024x683-fd90e2c36371.jpg\" alt=\"\" class=\"wp-image-38112\" srcset=\"https:\/\/parcsaintecroix.com\/wp-content\/uploads\/2025\/10\/CP-Morgane-Bricard-19-2-scaled-1024x683-fd90e2c36371.jpg 1024w, https:\/\/parcsaintecroix.com\/wp-content\/uploads\/2025\/10\/CP-Morgane-Bricard-19-2-scaled-300x200-512c1e2135f8.jpg 300w, https:\/\/parcsaintecroix.com\/wp-content\/uploads\/2025\/10\/CP-Morgane-Bricard-19-2-scaled-768x512-b56108145cc7.jpg 768w, https:\/\/parcsaintecroix.com\/wp-content\/uploads\/2025\/10\/CP-Morgane-Bricard-19-2-scaled-1536x1024-3c33d8efde71.jpg 1536w, https:\/\/parcsaintecroix.com\/wp-content\/uploads\/2025\/10\/CP-Morgane-Bricard-19-2-scaled-2048x1366-539fcd4e84ba.jpg 2048w, https:\/\/parcsaintecroix.com\/wp-content\/uploads\/2025\/10\/CP-Morgane-Bricard-19-2-scaled-100x67-fab7673e88b9.jpg 100w\" sizes=\"auto, (max-width: 1024px) 100vw, 1024px\" \/><\/figure>\n\n\n\n<figure class=\"wp-block-image size-large\"><img loading=\"lazy\" decoding=\"async\" width=\"1024\" height=\"683\" data-id=\"38113\" src=\"https:\/\/parcsaintecroix.com\/wp-content\/uploads\/2025\/10\/CP-Morgane-Bricard-24-scaled-1024x683-fd90e2c36371.jpg\" alt=\"\" class=\"wp-image-38113\" srcset=\"https:\/\/parcsaintecroix.com\/wp-content\/uploads\/2025\/10\/CP-Morgane-Bricard-24-scaled-1024x683-fd90e2c36371.jpg 1024w, https:\/\/parcsaintecroix.com\/wp-content\/uploads\/2025\/10\/CP-Morgane-Bricard-24-scaled-300x200-512c1e2135f8.jpg 300w, https:\/\/parcsaintecroix.com\/wp-content\/uploads\/2025\/10\/CP-Morgane-Bricard-24-scaled-768x512-b56108145cc7.jpg 768w, https:\/\/parcsaintecroix.com\/wp-content\/uploads\/2025\/10\/CP-Morgane-Bricard-24-scaled-1536x1024-3c33d8efde71.jpg 1536w, https:\/\/parcsaintecroix.com\/wp-content\/uploads\/2025\/10\/CP-Morgane-Bricard-24-scaled-2048x1366-539fcd4e84ba.jpg 2048w, https:\/\/parcsaintecroix.com\/wp-content\/uploads\/2025\/10\/CP-Morgane-Bricard-24-scaled-100x67-fab7673e88b9.jpg 100w\" sizes=\"auto, (max-width: 1024px) 100vw, 1024px\" \/><\/figure>\n\n\n\n<figure class=\"wp-block-image size-large\"><img loading=\"lazy\" decoding=\"async\" width=\"1024\" height=\"683\" data-id=\"38114\" src=\"https:\/\/parcsaintecroix.com\/wp-content\/uploads\/2025\/10\/cp-margaux-c-3-1-1024x683-fd90e2c36371.jpg\" alt=\"\" class=\"wp-image-38114\" srcset=\"https:\/\/parcsaintecroix.com\/wp-content\/uploads\/2025\/10\/cp-margaux-c-3-1-1024x683-fd90e2c36371.jpg 1024w, https:\/\/parcsaintecroix.com\/wp-content\/uploads\/2025\/10\/cp-margaux-c-3-1-300x200-512c1e2135f8.jpg 300w, https:\/\/parcsaintecroix.com\/wp-content\/uploads\/2025\/10\/cp-margaux-c-3-1-768x512-b56108145cc7.jpg 768w, https:\/\/parcsaintecroix.com\/wp-content\/uploads\/2025\/10\/cp-margaux-c-3-1-1536x1024-3c33d8efde71.jpg 1536w, https:\/\/parcsaintecroix.com\/wp-content\/uploads\/2025\/10\/cp-margaux-c-3-1-100x67-fab7673e88b9.jpg 100w, https:\/\/parcsaintecroix.com\/wp-content\/uploads\/2025\/10\/cp-margaux-c-3-1.jpg 2048w\" sizes=\"auto, (max-width: 1024px) 100vw, 1024px\" \/><\/figure>\n<\/figure>\n          <\/div>\n        <\/div>\n      <\/div>\n\n      <\/section>\n\n<section class=\"block-grid-wrapper block-grid-for-core-paragraph\">\n      <div class=\"default-editor-content grid-for-core-paragraph grid-container fluid fluid\">\n        <div class=\"grid-x grid-padding-x align-center\">\n          <div class=\"cell\">\n            \n<p><\/p>\n          <\/div>\n        <\/div>\n      <\/div>\n\n      <\/section>\n\n<section class=\"block-grid-wrapper block-grid-for-core-heading\">\n      <div class=\"default-editor-content grid-for-core-heading grid-container fluid fluid\">\n        <div class=\"grid-x grid-padding-x align-center\">\n          <div class=\"cell\">\n            \n<h2 class=\"wp-block-heading has-text-align-center\"><strong><strong>Les diff\u00e9rences entre ces deux esp\u00e8ces<\/strong><\/strong><\/h2>\n          <\/div>\n        <\/div>\n      <\/div>\n\n      <\/section>\n\n<section class=\"block-grid-wrapper block-grid-for-core-table\">\n      <div class=\"default-editor-content grid-for-core-table grid-container fluid fluid\">\n        <div class=\"grid-x grid-padding-x align-center\">\n          <div class=\"cell\">\n            \n<figure class=\"wp-block-table aligncenter\"><table class=\"has-fixed-layout\"><tbody><tr><td><strong>Caract\u00e9ristiques<\/strong><\/td><td><strong>Bison d&rsquo;Am\u00e9rique <\/strong><\/td><td><strong>Bison d&rsquo;Europe <\/strong><\/td><\/tr><tr><td><strong>Habitat principal<\/strong><\/td><td>Plaines d\u2019Am\u00e9rique<\/td><td>For\u00eats d\u2019Europe et d\u2019Asie<\/td><\/tr><tr><td><strong>Taille \/ Poids<\/strong><\/td><td>Plus lourd (jusqu&rsquo;\u00e0 1 tonne) et plus trapu<\/td><td>Plus \u00e9lanc\u00e9 (jusqu&rsquo;\u00e0 900 kg) et haut sur pattes<\/td><\/tr><tr><td><strong>Bosse dorsale<\/strong><\/td><td>Tr\u00e8s prononc\u00e9e<\/td><td>Moins marqu\u00e9e<\/td><\/tr><tr><td><strong>Pelage<\/strong><\/td><td>Tr\u00e8s \u00e9pais (longue crini\u00e8re et barbe)<\/td><td>Moins d\u00e9velopp\u00e9 et plus uniforme sur tout le corps<\/td><\/tr><tr><td><strong>R\u00e9gime alimentaire<\/strong><\/td><td>Principalement herbes et lichens (brouteur)<\/td><td>Herbes, bourgeons, feuilles et \u00e9corces (cueilleur)<\/td><\/tr><tr><td><strong>Long\u00e9vit\u00e9<\/strong><\/td><td>20 \u00e0 30 ans<\/td><td>15 \u00e0 20 ans<\/td><\/tr><\/tbody><\/table><\/figure>\n          <\/div>\n        <\/div>\n      <\/div>\n\n      <\/section>\n\n\n<section  class=\"wp-block-acf-general-internal-linking  block-index-21 section-content section-internal-linking\"  itemprop=\"hasPart\" itemscope itemtype=\"https:\/\/schema.org\/WebPageElement\">\n  <div class=\"grid-container full\">\n    <div class=\"grid-x grid-padding-x\">\n      <div class=\"cell text-center\">\n                  <h2 class=\"section-title is-style-section-title-leafs\">\n            <span class=\"icon-leaf icon-leaf-left\">\n              <svg xmlns=\"http:\/\/www.w3.org\/2000\/svg\" viewBox=\"0 0 47 50\"><path data-name=\"Feuille gauche 1\" d=\"M21.933 50h-.109a1.117 1.117 0 0 1-.713-.345 1.111 1.111 0 0 1-.3-.846c.013-.2.389-4.9 5.247-9.007a15.467 15.467 0 0 1 6.678-3 23.594 23.594 0 0 1 3.732-.54 1.116 1.116 0 0 1 .9.384 1.11 1.11 0 0 1 .252.943c-.048.246-1.215 6.071-5.644 9.208a19.811 19.811 0 0 1-10.028 3.207Zm5.562-8.5a13.006 13.006 0 0 0-4.176 6.138 16.907 16.907 0 0 0 7.351-2.669 12.888 12.888 0 0 0 4.318-6.317C33 38.94 29.658 39.673 27.5 41.5Zm-7.362-.022a2.168 2.168 0 0 1-.8-.236 2.128 2.128 0 0 1-.889-2.873 2.131 2.131 0 0 1 2.875-.887 2.116 2.116 0 0 1 1.039 1.252 2.111 2.111 0 0 1-.15 1.619 2.127 2.127 0 0 1-1.882 1.132 1.36 1.36 0 0 1-.192-.006Zm.091-2.167a.106.106 0 0 0 .045.144.093.093 0 0 0 .083.008.111.111 0 0 0 .063-.052.124.124 0 0 0-.045-.146.128.128 0 0 0-.051-.011.107.107 0 0 0-.095.059Zm25.561-2.365-.061-.006a43.557 43.557 0 0 1-13.682-4.756 32.4 32.4 0 0 1-7.829-5.625 32.108 32.108 0 0 1-3.877-1.585 39.541 39.541 0 0 1-9.366-6.29 26.357 26.357 0 0 1-5.771-8.037 30.986 30.986 0 0 1-1.783-4.416 1.118 1.118 0 0 1 .267-1.09 1.127 1.127 0 0 1 1.08-.307 34.1 34.1 0 0 1 4.85 1.744 29.668 29.668 0 0 1 8.961 5.9 31.627 31.627 0 0 1 5.817 8.487 30.783 30.783 0 0 1 1.716 4.336 31.746 31.746 0 0 0 7 4.914 41.3 41.3 0 0 0 12.947 4.512 1.118 1.118 0 0 1 .938 1.271 1.122 1.122 0 0 1-1.105.949.389.389 0 0 1-.102.001ZM12.474 17.032a37.255 37.255 0 0 0 10.717 6.763 30.567 30.567 0 0 0-6.207-9.746 29.519 29.519 0 0 0-10.666-6.38 26.749 26.749 0 0 0 6.156 9.365Zm5.759 18.139a25.017 25.017 0 0 1-4.552-.816C6.797 32.429.64 27.111.381 26.885a1.121 1.121 0 0 1-.339-1.151 1.125 1.125 0 0 1 .9-.793 36.728 36.728 0 0 1 14.076.99c6.194 1.783 12.941 6.213 13.226 6.4a1.121 1.121 0 0 1 .49 1.089 1.123 1.123 0 0 1-.775.908 24.539 24.539 0 0 1-4.37.8c-.972.1-1.948.147-2.916.147a26.03 26.03 0 0 1-2.439-.102ZM4.065 26.922a34.776 34.776 0 0 0 10.219 5.283 25.557 25.557 0 0 0 10.361.538 49.664 49.664 0 0 0-10.243-4.669 32.7 32.7 0 0 0-8.912-1.18c-.507.006-.984.013-1.425.031Zm35.194 2.089h-.006c-.025 0-.117-.017-.142-.022a1.115 1.115 0 0 1-.739-.562 9.995 9.995 0 0 1-.679-6.827c.749-2.841 4.225-6.4 4.373-6.549a1.106 1.106 0 0 1 1.124-.286 1.116 1.116 0 0 1 .773.868c.094.52.893 5.169-.148 8.094a12.134 12.134 0 0 1-3.79 5.068 1.112 1.112 0 0 1-.668.222.814.814 0 0 1-.098-.003Zm.595-6.844a7.691 7.691 0 0 0-.015 3.762 8.881 8.881 0 0 0 1.871-2.951 12.267 12.267 0 0 0 .34-4.523 11.639 11.639 0 0 0-2.196 3.715Zm-8.787 4.441h-.01c-.019 0-.1-.015-.123-.02-.395-.084-.661-.3-1.389-1.333a20.877 20.877 0 0 1-1.534-2.582 21.654 21.654 0 0 1-2.339-9.007 19.981 19.981 0 0 1 2.217-9.417A21.224 21.224 0 0 1 30.289.4a1.123 1.123 0 0 1 .805-.4 1.155 1.155 0 0 1 .841.321 14.344 14.344 0 0 1 2.578 3.991 21.87 21.87 0 0 1 1.666 11.472 26.88 26.88 0 0 1-4.136 10.411 1.124 1.124 0 0 1-.875.419c-.036.001-.068-.001-.101-.003ZM29.88 5.262a18.118 18.118 0 0 0-1.974 8.339 19.522 19.522 0 0 0 3.184 9.938 25.765 25.765 0 0 0 2.863-8 18.545 18.545 0 0 0-2.762-12.58 22.039 22.039 0 0 0-1.311 2.307Z\" fill=\"currentColor\"\/><\/svg>            <\/span>\n\n            <variable-width>\n              Ou les retrouver sur le Parc ?            <\/variable-width>\n\n            <span class=\"icon-leaf icon-leaf-right\">\n              <svg xmlns=\"http:\/\/www.w3.org\/2000\/svg\" viewBox=\"0 0 47 50\"><path data-name=\"Feuille droite 1\" d=\"M25.062 50a19.814 19.814 0 0 1-10.027-3.208c-4.43-3.137-5.6-8.962-5.644-9.208a1.113 1.113 0 0 1 .251-.943 1.119 1.119 0 0 1 .9-.383 23.659 23.659 0 0 1 3.732.54 15.464 15.464 0 0 1 6.678 3c4.858 4.108 5.233 8.81 5.246 9.007a1.113 1.113 0 0 1-.3.846 1.12 1.12 0 0 1-.714.345h-.109Zm-8.734-5.029a16.914 16.914 0 0 0 7.352 2.669 13 13 0 0 0-4.176-6.138c-2.163-1.83-5.509-2.563-7.493-2.847a12.891 12.891 0 0 0 4.317 6.316Zm8.47-4.616a2.108 2.108 0 0 1-.151-1.619 2.119 2.119 0 0 1 1.039-1.252 2.13 2.13 0 0 1 2.874.887 2.126 2.126 0 0 1-.888 2.872 2.173 2.173 0 0 1-.8.237q-.093.008-.186.008a2.126 2.126 0 0 1-1.886-1.133Zm1.83-1.087a.123.123 0 0 0-.044.146.109.109 0 0 0 .063.052.1.1 0 0 0 .083-.008.106.106 0 0 0 .045-.145.109.109 0 0 0-.1-.058.12.12 0 0 0-.047.013ZM.012 36a1.117 1.117 0 0 1 .938-1.271 41.293 41.293 0 0 0 12.947-4.512 31.786 31.786 0 0 0 7-4.914 30.545 30.545 0 0 1 1.715-4.336 31.648 31.648 0 0 1 5.817-8.488 29.682 29.682 0 0 1 8.962-5.9 34.138 34.138 0 0 1 4.85-1.744 1.12 1.12 0 0 1 1.079.308 1.116 1.116 0 0 1 .267 1.09 30.926 30.926 0 0 1-1.783 4.415 26.35 26.35 0 0 1-5.771 8.037 39.592 39.592 0 0 1-9.366 6.291 32.082 32.082 0 0 1-3.876 1.584 32.394 32.394 0 0 1-7.829 5.625 43.56 43.56 0 0 1-13.683 4.756l-.06.006h-.1A1.12 1.12 0 0 1 .012 36Zm30-21.952a30.579 30.579 0 0 0-6.207 9.745 37.238 37.238 0 0 0 10.716-6.763 26.754 26.754 0 0 0 6.157-9.362 29.508 29.508 0 0 0-10.663 6.384Zm-6.608 21.079a24.358 24.358 0 0 1-4.37-.8 1.124 1.124 0 0 1-.775-.908 1.121 1.121 0 0 1 .49-1.089c.285-.188 7.033-4.618 13.227-6.4a36.676 36.676 0 0 1 14.075-.99 1.123 1.123 0 0 1 .9.793 1.119 1.119 0 0 1-.339 1.151c-.258.226-6.414 5.545-13.3 7.471a25.092 25.092 0 0 1-4.552.816c-.806.07-1.623.106-2.444.106a29.046 29.046 0 0 1-2.909-.146Zm9.19-7.054a49.692 49.692 0 0 0-10.243 4.668 25.539 25.539 0 0 0 10.361-.538 34.792 34.792 0 0 0 10.22-5.282c-.442-.017-.92-.028-1.429-.028a32.681 32.681 0 0 0-8.903 1.184Zm-25.622.719a12.132 12.132 0 0 1-3.79-5.068c-1.04-2.924-.241-7.573-.147-8.094a1.115 1.115 0 0 1 .772-.868 1.107 1.107 0 0 1 1.125.286c.147.149 3.624 3.708 4.372 6.549a10 10 0 0 1-.678 6.827 1.113 1.113 0 0 1-.739.561 1.677 1.677 0 0 1-.142.022h-.006a.892.892 0 0 1-.1 0 1.116 1.116 0 0 1-.664-.207Zm-1.685-5.815a8.908 8.908 0 0 0 1.871 2.951 7.688 7.688 0 0 0-.015-3.763 11.634 11.634 0 0 0-2.2-3.713 12.314 12.314 0 0 0 .347 4.529Zm9.672 3.215a26.866 26.866 0 0 1-4.136-10.41A21.868 21.868 0 0 1 12.489 4.31 14.358 14.358 0 0 1 15.067.318a1.155 1.155 0 0 1 .842-.321 1.123 1.123 0 0 1 .805.4 21.225 21.225 0 0 1 2.4 3.848 19.967 19.967 0 0 1 2.217 9.417 21.674 21.674 0 0 1-2.337 9.006 20.9 20.9 0 0 1-1.535 2.582c-.728 1.034-.995 1.248-1.389 1.333-.02 0-.1.017-.123.02h-.111a1.123 1.123 0 0 1-.874-.403Zm-1.913-10.65a25.75 25.75 0 0 0 2.862 8 19.526 19.526 0 0 0 3.183-9.938 18.1 18.1 0 0 0-1.975-8.338 21.833 21.833 0 0 0-1.31-2.3 18.539 18.539 0 0 0-2.757 12.581Z\" fill=\"currentColor\"\/><\/svg>            <\/span>\n          <\/h2>\n              <\/div>\n    <\/div>\n\n          <div class=\"grid-x internal-linking-wrapper align-center\">\n                  <div class=\"cell medium-6 large-4 cell-colored text-center\"  style=\"--bg-color: #55775e;\" >\n            <div class=\"wrapper\">\n                                <figure>\n                    <picture><source srcset=\"data:image\/svg+xml;base64,PHN2ZyB4bWxucz0naHR0cDovL3d3dy53My5vcmcvMjAwMC9zdmcnIHk9JzAnIHg9JzAnIHdpZHRoPSc4NDQnIGhlaWdodD0nNDgyJyB2aWV3Qm94PScwIDAgODQ0IDQ4Mic+PC9zdmc+\" data-srcset=\"https:\/\/parcsaintecroix.com\/wp-content\/uploads\/2025\/03\/grande-plaine-du-nouveau-monde-lodges-ours-noirs-cp-morgane-bricard-1-scaled-844x482-2cd2f400a2ce.jpg\" media=\"(min-width: 64rem) and (min-resolution: 192dpi), (min-width: 64rem) and (-webkit-min-device-pixel-ratio: 2)\"><source srcset=\"data:image\/svg+xml;base64,PHN2ZyB4bWxucz0naHR0cDovL3d3dy53My5vcmcvMjAwMC9zdmcnIHk9JzAnIHg9JzAnIHdpZHRoPSc0MjgnIGhlaWdodD0nMzYwJyB2aWV3Qm94PScwIDAgNDI4IDM2MCc+PC9zdmc+\" data-srcset=\"https:\/\/parcsaintecroix.com\/wp-content\/uploads\/2025\/03\/grande-plaine-du-nouveau-monde-lodges-ours-noirs-cp-morgane-bricard-1-scaled-428x360-a6b75eaa16c5.jpg\" media=\"(min-width: 48rem) and (min-resolution: 192dpi), (min-width: 48rem) and (-webkit-min-device-pixel-ratio: 2)\"><source srcset=\"data:image\/svg+xml;base64,PHN2ZyB4bWxucz0naHR0cDovL3d3dy53My5vcmcvMjAwMC9zdmcnIHk9JzAnIHg9JzAnIHdpZHRoPSc2NzInIGhlaWdodD0nMzgwJyB2aWV3Qm94PScwIDAgNjcyIDM4MCc+PC9zdmc+\" data-srcset=\"https:\/\/parcsaintecroix.com\/wp-content\/uploads\/2025\/03\/grande-plaine-du-nouveau-monde-lodges-ours-noirs-cp-morgane-bricard-1-scaled-672x380-6a3712c35a52.jpg\" media=\"(min-resolution: 192dpi), (-webkit-min-device-pixel-ratio: 2)\"><source srcset=\"data:image\/svg+xml;base64,PHN2ZyB4bWxucz0naHR0cDovL3d3dy53My5vcmcvMjAwMC9zdmcnIHk9JzAnIHg9JzAnIHdpZHRoPSc0MjInIGhlaWdodD0nMjQxJyB2aWV3Qm94PScwIDAgNDIyIDI0MSc+PC9zdmc+\" data-srcset=\"https:\/\/parcsaintecroix.com\/wp-content\/uploads\/2025\/03\/grande-plaine-du-nouveau-monde-lodges-ours-noirs-cp-morgane-bricard-1-scaled-422x241-d9c38540e3e0.jpg\" media=\"(min-width: 64rem)\"><source srcset=\"data:image\/svg+xml;base64,PHN2ZyB4bWxucz0naHR0cDovL3d3dy53My5vcmcvMjAwMC9zdmcnIHk9JzAnIHg9JzAnIHdpZHRoPScyMTQnIGhlaWdodD0nMTgwJyB2aWV3Qm94PScwIDAgMjE0IDE4MCc+PC9zdmc+\" data-srcset=\"https:\/\/parcsaintecroix.com\/wp-content\/uploads\/2025\/03\/grande-plaine-du-nouveau-monde-lodges-ours-noirs-cp-morgane-bricard-1-scaled-214x180-e8f49b86c123.jpg\" media=\"(min-width: 48rem)\"><img loading=\"lazy\" decoding=\"async\" src=\"data:image\/svg+xml;base64,PHN2ZyB4bWxucz0naHR0cDovL3d3dy53My5vcmcvMjAwMC9zdmcnIHk9JzAnIHg9JzAnIHdpZHRoPSczMzYnIGhlaWdodD0nMTkwJyB2aWV3Qm94PScwIDAgMzM2IDE5MCc+PC9zdmc+\"  width=\"336\" height=\"190\" data-fade-in data-lazy-img data-src=\"https:\/\/parcsaintecroix.com\/wp-content\/uploads\/2025\/03\/grande-plaine-du-nouveau-monde-lodges-ours-noirs-cp-morgane-bricard-1-scaled-336x190-3bbe5c31bbe7.jpg\" alt=\"\" style=\";--aspect-ratio-small: 1.7684210526316;--aspect-ratio-medium: 1.1888888888889;--aspect-ratio-large: 1.7510373443983;--aspect-ratio-retina: 1.7684210526316;--aspect-ratio-medium_retina: 1.1888888888889;--aspect-ratio-large_retina: 1.7510373443983\" data-has-aspect-ratio=\"true\" \/><\/picture>                  <\/figure>\n                \n              <div class=\"text-wrapper\">\n                                  <h3 class=\"title\" itemprop=\"name\">S\u00e9jour nature<\/h3>\n                \n                                  <p class=\"descr\" itemprop=\"description\">Les Lodges des ours noirs, install\u00e9s sur pilotis, surplombent la rivi\u00e8re de l\u2019ours noir. Les pieds dans l\u2019eau, ils offrent depuis leur grande terrasse une vue unique sur le territoire des ours noirs, des coyotes et des bisons d\u2019Am\u00e9rique ! Enti\u00e8rement con\u00e7us en bois, ils sont une invitation \u00e0 vivre un s\u00e9jour inoubliable au plus proche de la faune Am\u00e9ricaine.<\/p>\n                \n                                    <div class=\"wp-block-button is-style-transparent-button-with-white-border\">\n                      <a class=\"wp-block-button__link\"\n                        href=\"https:\/\/parcsaintecroix.com\/fr\/lodge\/lodges-des-ours-noirs\"\n                        data-gtm-event=\"\"\n                        data-gtm-event-label=\"\"\n                      >\n                        En savoir plus                      <\/a>\n                    <\/div>\n                                <\/div>\n            <\/div>\n          <\/div>\n\n                  <div class=\"cell medium-6 large-4 cell-colored text-center\"  style=\"--bg-color: #1b374a;\" >\n            <div class=\"wrapper\">\n                                <figure>\n                    <picture><source srcset=\"data:image\/svg+xml;base64,PHN2ZyB4bWxucz0naHR0cDovL3d3dy53My5vcmcvMjAwMC9zdmcnIHk9JzAnIHg9JzAnIHdpZHRoPSc4NDQnIGhlaWdodD0nNDgyJyB2aWV3Qm94PScwIDAgODQ0IDQ4Mic+PC9zdmc+\" data-srcset=\"https:\/\/parcsaintecroix.com\/wp-content\/uploads\/2025\/05\/CP-Morgane-Bricard-19-scaled-844x482-2cd2f400a2ce.jpg\" media=\"(min-width: 64rem) and (min-resolution: 192dpi), (min-width: 64rem) and (-webkit-min-device-pixel-ratio: 2)\"><source srcset=\"data:image\/svg+xml;base64,PHN2ZyB4bWxucz0naHR0cDovL3d3dy53My5vcmcvMjAwMC9zdmcnIHk9JzAnIHg9JzAnIHdpZHRoPSc0MjgnIGhlaWdodD0nMzYwJyB2aWV3Qm94PScwIDAgNDI4IDM2MCc+PC9zdmc+\" data-srcset=\"https:\/\/parcsaintecroix.com\/wp-content\/uploads\/2025\/05\/CP-Morgane-Bricard-19-scaled-428x360-a6b75eaa16c5.jpg\" media=\"(min-width: 48rem) and (min-resolution: 192dpi), (min-width: 48rem) and (-webkit-min-device-pixel-ratio: 2)\"><source srcset=\"data:image\/svg+xml;base64,PHN2ZyB4bWxucz0naHR0cDovL3d3dy53My5vcmcvMjAwMC9zdmcnIHk9JzAnIHg9JzAnIHdpZHRoPSc2NzInIGhlaWdodD0nMzgwJyB2aWV3Qm94PScwIDAgNjcyIDM4MCc+PC9zdmc+\" data-srcset=\"https:\/\/parcsaintecroix.com\/wp-content\/uploads\/2025\/05\/CP-Morgane-Bricard-19-scaled-672x380-6a3712c35a52.jpg\" media=\"(min-resolution: 192dpi), (-webkit-min-device-pixel-ratio: 2)\"><source srcset=\"data:image\/svg+xml;base64,PHN2ZyB4bWxucz0naHR0cDovL3d3dy53My5vcmcvMjAwMC9zdmcnIHk9JzAnIHg9JzAnIHdpZHRoPSc0MjInIGhlaWdodD0nMjQxJyB2aWV3Qm94PScwIDAgNDIyIDI0MSc+PC9zdmc+\" data-srcset=\"https:\/\/parcsaintecroix.com\/wp-content\/uploads\/2025\/05\/CP-Morgane-Bricard-19-scaled-422x241-d9c38540e3e0.jpg\" media=\"(min-width: 64rem)\"><source srcset=\"data:image\/svg+xml;base64,PHN2ZyB4bWxucz0naHR0cDovL3d3dy53My5vcmcvMjAwMC9zdmcnIHk9JzAnIHg9JzAnIHdpZHRoPScyMTQnIGhlaWdodD0nMTgwJyB2aWV3Qm94PScwIDAgMjE0IDE4MCc+PC9zdmc+\" data-srcset=\"https:\/\/parcsaintecroix.com\/wp-content\/uploads\/2025\/05\/CP-Morgane-Bricard-19-scaled-214x180-e8f49b86c123.jpg\" media=\"(min-width: 48rem)\"><img loading=\"lazy\" decoding=\"async\" src=\"data:image\/svg+xml;base64,PHN2ZyB4bWxucz0naHR0cDovL3d3dy53My5vcmcvMjAwMC9zdmcnIHk9JzAnIHg9JzAnIHdpZHRoPSczMzYnIGhlaWdodD0nMTkwJyB2aWV3Qm94PScwIDAgMzM2IDE5MCc+PC9zdmc+\"  width=\"336\" height=\"190\" data-fade-in data-lazy-img data-src=\"https:\/\/parcsaintecroix.com\/wp-content\/uploads\/2025\/05\/CP-Morgane-Bricard-19-scaled-336x190-3bbe5c31bbe7.jpg\" alt=\"\" style=\";--aspect-ratio-small: 1.7684210526316;--aspect-ratio-medium: 1.1888888888889;--aspect-ratio-large: 1.7510373443983;--aspect-ratio-retina: 1.7684210526316;--aspect-ratio-medium_retina: 1.1888888888889;--aspect-ratio-large_retina: 1.7510373443983\" data-has-aspect-ratio=\"true\" \/><\/picture>                  <\/figure>\n                \n              <div class=\"text-wrapper\">\n                                  <h3 class=\"title\" itemprop=\"name\">Safari-Train<\/h3>\n                \n                                  <p class=\"descr\" itemprop=\"description\">Ce parcours sauvage de plus de 3 km au c\u0153ur de 50 hectares de nature pr\u00e9serv\u00e9e fait la part belle aux grands espaces et vous promet des rencontres animali\u00e8res uniques. Parmi elles, les bisons d&rsquo;Europe.<\/p>\n                \n                                    <div class=\"wp-block-button is-style-transparent-button-with-white-border\">\n                      <a class=\"wp-block-button__link\"\n                        href=\"https:\/\/parcsaintecroix.com\/fr\/decouvrir-le-parc\/experiences-nature\"\n                        data-gtm-event=\"\"\n                        data-gtm-event-label=\"\"\n                      >\n                        En savoir plus                      <\/a>\n                    <\/div>\n                                <\/div>\n            <\/div>\n          <\/div>\n\n              <\/div>\n    \n  <\/div>\n<\/section>\n\n\n<section class=\"block-grid-wrapper block-grid-for-core-paragraph\">\n      <div class=\"default-editor-content grid-for-core-paragraph grid-container fluid fluid\">\n        <div class=\"grid-x grid-padding-x align-center\">\n          <div class=\"cell\">\n            \n<p>CP : Morgane Bricard<\/p>\n          <\/div>\n        <\/div>\n      <\/div>\n\n      <\/section>\n\n\n    <section  class=\"wp-block-acf-three-articles  block-index-23 section-content section-three-articles\"       itemprop=\"hasPart\" itemscope\n\n      <div class=\"grid-container full\">\n\n        <div class=\"grid-x title-wrapper\">\n\n          <div class=\"cell\">\n                          <h2 class=\"section-title\" itemprop=\"name heading\">En ce moment \u00e0 Sainte-Croix<\/h2>\n            \n                      <\/div>\n\n        <\/div>\n\n\n        <div class=\"grid-x listing-latest-news news-slider align-center\">\n          <article class=\"cell medium-6 large-4 js-article article-box flex-container flex-dir-column post-38694 post type-post status-publish format-standard has-post-thumbnail hentry category-animaux category-le-parc\"  itemscope itemtype=\"https:\/\/schema.org\/Article\" itemid=\"https:\/\/parcsaintecroix.com\/fr\/le-renard-roux-en-france-une-espece-nuisible\" itemref=\"publisher\">\n      <meta itemprop=\"author\" content=\"Parc de Saint Croix\" \/>\n    <meta itemprop=\"image\" content=\"https:\/\/parcsaintecroix.com\/wp-content\/uploads\/2025\/12\/CP-Lydie-Comte-Antoine.jpg\" \/>\n    <meta itemprop=\"datePublished\" content=\"2026-04-30T20:32:32+02:00\" \/>\n    <meta itemprop=\"dateModified\" content=\"2026-04-30T20:32:36+02:00\" \/>\n      <div class=\"news-content-wrapper\">\n          <a href=\"https:\/\/parcsaintecroix.com\/fr\/le-renard-roux-en-france-une-espece-nuisible\" itemprop=\"url mainEntityOfPage\">\n        \n                  <span class=\"label-category\">Animaux<\/span>\n        \n        <figure>\n          <img decoding=\"async\"  data-fade-in loading=\"lazy\" src=\"data:image\/png;base64,R0lGODlhAQABAAD\/ACwAAAAAAQABAAACADs=\" data-lazy-interchange=\"[https:\/\/parcsaintecroix.com\/wp-content\/uploads\/2025\/12\/CP-Lydie-Comte-Antoine-668x668-71ab615e0a86.jpg, small], [https:\/\/parcsaintecroix.com\/wp-content\/uploads\/2025\/12\/CP-Lydie-Comte-Antoine-423x423-f5ddf0753daf.jpg, large], [https:\/\/parcsaintecroix.com\/wp-content\/uploads\/2025\/12\/CP-Lydie-Comte-Antoine-800x800-b303cee25c1f.jpg, xlarge], [https:\/\/parcsaintecroix.com\/wp-content\/uploads\/2025\/12\/CP-Lydie-Comte-Antoine-846x846-97851059a762.jpg, large_retina], [https:\/\/parcsaintecroix.com\/wp-content\/uploads\/2025\/12\/CP-Lydie-Comte-Antoine-1366x1366-f1dbcba1895c.jpg, xlarge_retina]\" data-interchange-sizes=\"{&quot;small&quot;:{&quot;w&quot;:668,&quot;h&quot;:668},&quot;large&quot;:{&quot;w&quot;:423,&quot;h&quot;:423},&quot;xlarge&quot;:{&quot;w&quot;:800,&quot;h&quot;:800},&quot;large_retina&quot;:{&quot;w&quot;:846,&quot;h&quot;:846},&quot;xlarge_retina&quot;:{&quot;w&quot;:1366,&quot;h&quot;:1366}}\"  style=\";--aspect-ratio-small: 1;--aspect-ratio-large: 1;--aspect-ratio-xlarge: 1;--aspect-ratio-large_retina: 1;--aspect-ratio-xlarge_retina: 1\" data-has-aspect-ratio=\"true\" alt=\"Le renard roux en France : une esp\u00e8ce nuisible ?\" itemprop=\"image\" data-fade-in \/>\n        <\/figure>\n\n              <\/a>\n      <\/div>\n\n  <div class=\"article-box-content flex-child-grow flex-container flex-dir-column\">\n    <header class=\"entry-header\">\n      <h2 class=\"entry-name\" itemprop=\"name headline\">\n        <a href=\"https:\/\/parcsaintecroix.com\/fr\/le-renard-roux-en-france-une-espece-nuisible\">Le renard roux en France : une esp\u00e8ce nuisible ?<\/a>\n      <\/h2>\n    <\/header>\n\n    <div class=\"entry-content\">\n      <p class=\"excerpt\">Longtemps consid\u00e9r\u00e9 comme une esp\u00e8ce animale nuisible, le renard roux est encore aujourd\u2019hui porteur de nombreux pr\u00e9jug\u00e9s. &#8230;<\/p>\n    <\/div>\n\n    <p class=\"entry-date\">\n      Publi\u00e9 le 30 avril 2026    <\/p>\n\n  <\/div>\n<\/article>\n\n<article class=\"cell medium-6 large-4 js-article article-box flex-container flex-dir-column post-41005 post type-post status-publish format-standard has-post-thumbnail hentry category-animaux category-le-parc\"  itemscope itemtype=\"https:\/\/schema.org\/Article\" itemid=\"https:\/\/parcsaintecroix.com\/fr\/comment-faire-un-jardin-agroecologique-chez-soi\" itemref=\"publisher\">\n      <meta itemprop=\"author\" content=\"Parc de Saint Croix\" \/>\n    <meta itemprop=\"image\" content=\"https:\/\/parcsaintecroix.com\/wp-content\/uploads\/2026\/04\/Station-sol-CP-Carla-Datola-4.jpg\" \/>\n    <meta itemprop=\"datePublished\" content=\"2026-04-30T20:29:21+02:00\" \/>\n    <meta itemprop=\"dateModified\" content=\"2026-04-30T20:29:24+02:00\" \/>\n      <div class=\"news-content-wrapper\">\n          <a href=\"https:\/\/parcsaintecroix.com\/fr\/comment-faire-un-jardin-agroecologique-chez-soi\" itemprop=\"url mainEntityOfPage\">\n        \n                  <span class=\"label-category\">Animaux<\/span>\n        \n        <figure>\n          <img decoding=\"async\"  data-fade-in loading=\"lazy\" src=\"data:image\/png;base64,R0lGODlhAQABAAD\/ACwAAAAAAQABAAACADs=\" data-lazy-interchange=\"[https:\/\/parcsaintecroix.com\/wp-content\/uploads\/2026\/04\/Station-sol-CP-Carla-Datola-4-668x668-71ab615e0a86.jpg, small], [https:\/\/parcsaintecroix.com\/wp-content\/uploads\/2026\/04\/Station-sol-CP-Carla-Datola-4-423x423-f5ddf0753daf.jpg, large], [https:\/\/parcsaintecroix.com\/wp-content\/uploads\/2026\/04\/Station-sol-CP-Carla-Datola-4-800x800-b303cee25c1f.jpg, xlarge], [https:\/\/parcsaintecroix.com\/wp-content\/uploads\/2026\/04\/Station-sol-CP-Carla-Datola-4-846x846-97851059a762.jpg, large_retina], [https:\/\/parcsaintecroix.com\/wp-content\/uploads\/2026\/04\/Station-sol-CP-Carla-Datola-4-1366x1366-f1dbcba1895c.jpg, xlarge_retina]\" data-interchange-sizes=\"{&quot;small&quot;:{&quot;w&quot;:668,&quot;h&quot;:668},&quot;large&quot;:{&quot;w&quot;:423,&quot;h&quot;:423},&quot;xlarge&quot;:{&quot;w&quot;:800,&quot;h&quot;:800},&quot;large_retina&quot;:{&quot;w&quot;:846,&quot;h&quot;:846},&quot;xlarge_retina&quot;:{&quot;w&quot;:1366,&quot;h&quot;:1366}}\"  style=\";--aspect-ratio-small: 1;--aspect-ratio-large: 1;--aspect-ratio-xlarge: 1;--aspect-ratio-large_retina: 1;--aspect-ratio-xlarge_retina: 1\" data-has-aspect-ratio=\"true\" alt=\"Comment faire un jardin agro\u00e9cologique chez soi ?\" itemprop=\"image\" data-fade-in \/>\n        <\/figure>\n\n              <\/a>\n      <\/div>\n\n  <div class=\"article-box-content flex-child-grow flex-container flex-dir-column\">\n    <header class=\"entry-header\">\n      <h2 class=\"entry-name\" itemprop=\"name headline\">\n        <a href=\"https:\/\/parcsaintecroix.com\/fr\/comment-faire-un-jardin-agroecologique-chez-soi\">Comment faire un jardin agro\u00e9cologique chez soi ?<\/a>\n      <\/h2>\n    <\/header>\n\n    <div class=\"entry-content\">\n      <p class=\"excerpt\">Cr\u00e9er un jardin agro\u00e9cologique chez soi, c\u2019est choisir un mode de culture respectueux de la nature, de &#8230;<\/p>\n    <\/div>\n\n    <p class=\"entry-date\">\n      Publi\u00e9 le 30 avril 2026    <\/p>\n\n  <\/div>\n<\/article>\n\n<article class=\"cell medium-6 large-4 js-article article-box flex-container flex-dir-column post-25571 post type-post status-publish format-standard has-post-thumbnail hentry category-evenement\"  itemscope itemtype=\"https:\/\/schema.org\/Article\" itemid=\"https:\/\/parcsaintecroix.com\/fr\/reintroduction-de-chouettes-de-loural-en-baviere\" itemref=\"publisher\">\n      <meta itemprop=\"author\" content=\"Parc de Saint Croix\" \/>\n    <meta itemprop=\"image\" content=\"https:\/\/parcsaintecroix.com\/wp-content\/uploads\/2023\/08\/cp-margaux-c-11-scaled.jpg\" \/>\n    <meta itemprop=\"datePublished\" content=\"2026-04-30T20:24:44+02:00\" \/>\n    <meta itemprop=\"dateModified\" content=\"2026-04-30T20:24:47+02:00\" \/>\n      <div class=\"news-content-wrapper\">\n          <a href=\"https:\/\/parcsaintecroix.com\/fr\/reintroduction-de-chouettes-de-loural-en-baviere\" itemprop=\"url mainEntityOfPage\">\n        \n                  <span class=\"label-category\">\u00c9v\u00e9nement<\/span>\n        \n        <figure>\n          <img decoding=\"async\"  data-fade-in loading=\"lazy\" src=\"data:image\/png;base64,R0lGODlhAQABAAD\/ACwAAAAAAQABAAACADs=\" data-lazy-interchange=\"[https:\/\/parcsaintecroix.com\/wp-content\/uploads\/2023\/08\/cp-margaux-c-11-scaled-668x668-71ab615e0a86.jpg, small], [https:\/\/parcsaintecroix.com\/wp-content\/uploads\/2023\/08\/cp-margaux-c-11-scaled-423x423-f5ddf0753daf.jpg, large], [https:\/\/parcsaintecroix.com\/wp-content\/uploads\/2023\/08\/cp-margaux-c-11-scaled-800x800-b303cee25c1f.jpg, xlarge], [https:\/\/parcsaintecroix.com\/wp-content\/uploads\/2023\/08\/cp-margaux-c-11-scaled-846x846-97851059a762.jpg, large_retina], [https:\/\/parcsaintecroix.com\/wp-content\/uploads\/2023\/08\/cp-margaux-c-11-scaled-1600x1600-f1dbcba1895c.jpg, xlarge_retina]\" data-interchange-sizes=\"{&quot;small&quot;:{&quot;w&quot;:668,&quot;h&quot;:668},&quot;large&quot;:{&quot;w&quot;:423,&quot;h&quot;:423},&quot;xlarge&quot;:{&quot;w&quot;:800,&quot;h&quot;:800},&quot;large_retina&quot;:{&quot;w&quot;:846,&quot;h&quot;:846},&quot;xlarge_retina&quot;:{&quot;w&quot;:1600,&quot;h&quot;:1600}}\"  style=\";--aspect-ratio-small: 1;--aspect-ratio-large: 1;--aspect-ratio-xlarge: 1;--aspect-ratio-large_retina: 1;--aspect-ratio-xlarge_retina: 1\" data-has-aspect-ratio=\"true\" alt=\"R\u00e9introduction de Chouettes de l\u2019Oural en Bavi\u00e8re\" itemprop=\"image\" data-fade-in \/>\n        <\/figure>\n\n              <\/a>\n      <\/div>\n\n  <div class=\"article-box-content flex-child-grow flex-container flex-dir-column\">\n    <header class=\"entry-header\">\n      <h2 class=\"entry-name\" itemprop=\"name headline\">\n        <a href=\"https:\/\/parcsaintecroix.com\/fr\/reintroduction-de-chouettes-de-loural-en-baviere\">R\u00e9introduction de Chouettes de l\u2019Oural en Bavi\u00e8re<\/a>\n      <\/h2>\n    <\/header>\n\n    <div class=\"entry-content\">\n      <p class=\"excerpt\">Qui est la Chouette de l\u2019Oural ? La Chouette de l\u2019Oural (Strix uralensis) est un grand rapace &#8230;<\/p>\n    <\/div>\n\n    <p class=\"entry-date\">\n      Publi\u00e9 le 30 avril 2026    <\/p>\n\n  <\/div>\n<\/article>\n\n        <\/div>\n\n\n              <\/div>\n    <\/section>\n    ","protected":false},"excerpt":{"rendered":"<p>Au Parc Animalier de Sainte\u2011Croix, deux esp\u00e8ces impressionnantes issues d\u2019un h\u00e9ritage pr\u00e9historique commun, proche de l\u2019aurochs, \u00e9voluent dans des environnements distincts : le bison d\u2019Europe et son cousin nord\u2011am\u00e9ricain.Bien qu\u2019ils partagent de nombreuses caract\u00e9ristiques, ces grands mammif\u00e8res ont d\u00e9velopp\u00e9 des adaptations tr\u00e8s diff\u00e9rentes selon leur habitat naturel. Les bisons d&rsquo;Am\u00e9rique Savez-vous qui ils sont ? [&hellip;]<\/p>\n","protected":false},"author":10,"featured_media":37958,"comment_status":"closed","ping_status":"closed","sticky":false,"template":"","format":"standard","meta":{"_acf_changed":false,"_themeisle_gutenberg_block_has_review":false,"footnotes":""},"categories":[223,23],"tags":[],"class_list":["post-37937","post","type-post","status-publish","format-standard","has-post-thumbnail","hentry","category-animaux","category-le-parc"],"acf":[],"yoast_head":"<!-- This site is optimized with the Yoast SEO plugin v27.3 - https:\/\/yoast.com\/product\/yoast-seo-wordpress\/ -->\n<title>Bison d&#039;Europe vs bison d\u2019Am\u00e9rique : l&#039;odyss\u00e9e | Parc Sainte-Croix<\/title>\n<meta name=\"description\" content=\"Dans cet article, d\u00e9couvrez le duel entre le colosse des plaines et le prince des bois. Un voyage au c\u0153ur de leur puissance sauvage et mill\u00e9naire.\" \/>\n<meta name=\"robots\" content=\"index, follow, max-snippet:-1, max-image-preview:large, max-video-preview:-1\" \/>\n<link rel=\"canonical\" href=\"https:\/\/parcsaintecroix.com\/fr\/quelle-est-la-difference-entre-le-bison-deurope-et-le-bison-damerique\" \/>\n<meta property=\"og:locale\" content=\"fr_FR\" \/>\n<meta property=\"og:type\" content=\"article\" \/>\n<meta property=\"og:title\" content=\"Bison d&#039;Europe vs bison d\u2019Am\u00e9rique : l&#039;odyss\u00e9e | Parc Sainte-Croix\" \/>\n<meta property=\"og:description\" content=\"Dans cet article, d\u00e9couvrez le duel entre le colosse des plaines et le prince des bois. Un voyage au c\u0153ur de leur puissance sauvage et mill\u00e9naire.\" \/>\n<meta property=\"og:url\" content=\"https:\/\/parcsaintecroix.com\/fr\/quelle-est-la-difference-entre-le-bison-deurope-et-le-bison-damerique\" \/>\n<meta property=\"og:site_name\" content=\"Parc de Saint Croix\" \/>\n<meta property=\"article:publisher\" content=\"https:\/\/www.facebook.com\/LodgesSainteCroix\/\" \/>\n<meta property=\"article:published_time\" content=\"2026-04-30T18:33:47+00:00\" \/>\n<meta property=\"article:modified_time\" content=\"2026-04-30T18:33:50+00:00\" \/>\n<meta property=\"og:image\" content=\"https:\/\/parcsaintecroix.com\/wp-content\/uploads\/2025\/10\/CP-Morgane-Bricard-64-scaled.jpg\" \/>\n\t<meta property=\"og:image:width\" content=\"2560\" \/>\n\t<meta property=\"og:image:height\" content=\"1707\" \/>\n\t<meta property=\"og:image:type\" content=\"image\/jpeg\" \/>\n<meta name=\"author\" content=\"Noemie Thiery\" \/>\n<meta name=\"twitter:card\" content=\"summary_large_image\" \/>\n<meta name=\"twitter:creator\" content=\"@parc_stecroix\" \/>\n<meta name=\"twitter:site\" content=\"@parc_stecroix\" \/>\n<meta name=\"twitter:label1\" content=\"\u00c9crit par\" \/>\n\t<meta name=\"twitter:data1\" content=\"Noemie Thiery\" \/>\n\t<meta name=\"twitter:label2\" content=\"Dur\u00e9e de lecture estim\u00e9e\" \/>\n\t<meta name=\"twitter:data2\" content=\"4 minutes\" \/>\n<script type=\"application\/ld+json\" class=\"yoast-schema-graph\">{\"@context\":\"https:\\\/\\\/schema.org\",\"@graph\":[{\"@type\":\"Article\",\"@id\":\"https:\\\/\\\/parcsaintecroix.com\\\/fr\\\/quelle-est-la-difference-entre-le-bison-deurope-et-le-bison-damerique#article\",\"isPartOf\":{\"@id\":\"https:\\\/\\\/parcsaintecroix.com\\\/fr\\\/quelle-est-la-difference-entre-le-bison-deurope-et-le-bison-damerique\"},\"author\":{\"name\":\"Noemie Thiery\",\"@id\":\"https:\\\/\\\/parcsaintecroix.com\\\/fr\\\/#\\\/schema\\\/person\\\/65f332915192f61bb9ce8f0cc3ba495b\"},\"headline\":\"Quelle est la diff\u00e9rence entre le bison d&rsquo;Europe et le bison d&rsquo;Am\u00e9rique ?\",\"datePublished\":\"2026-04-30T18:33:47+00:00\",\"dateModified\":\"2026-04-30T18:33:50+00:00\",\"mainEntityOfPage\":{\"@id\":\"https:\\\/\\\/parcsaintecroix.com\\\/fr\\\/quelle-est-la-difference-entre-le-bison-deurope-et-le-bison-damerique\"},\"wordCount\":571,\"publisher\":{\"@id\":\"https:\\\/\\\/parcsaintecroix.com\\\/fr\\\/#organization\"},\"image\":{\"@id\":\"https:\\\/\\\/parcsaintecroix.com\\\/fr\\\/quelle-est-la-difference-entre-le-bison-deurope-et-le-bison-damerique#primaryimage\"},\"thumbnailUrl\":\"https:\\\/\\\/parcsaintecroix.com\\\/wp-content\\\/uploads\\\/2025\\\/10\\\/CP-Morgane-Bricard-64-scaled.jpg\",\"articleSection\":[\"Animaux\",\"Le parc\"],\"inLanguage\":\"fr-FR\"},{\"@type\":\"WebPage\",\"@id\":\"https:\\\/\\\/parcsaintecroix.com\\\/fr\\\/quelle-est-la-difference-entre-le-bison-deurope-et-le-bison-damerique\",\"url\":\"https:\\\/\\\/parcsaintecroix.com\\\/fr\\\/quelle-est-la-difference-entre-le-bison-deurope-et-le-bison-damerique\",\"name\":\"Bison d'Europe vs bison d\u2019Am\u00e9rique : l'odyss\u00e9e | Parc Sainte-Croix\",\"isPartOf\":{\"@id\":\"https:\\\/\\\/parcsaintecroix.com\\\/fr\\\/#website\"},\"primaryImageOfPage\":{\"@id\":\"https:\\\/\\\/parcsaintecroix.com\\\/fr\\\/quelle-est-la-difference-entre-le-bison-deurope-et-le-bison-damerique#primaryimage\"},\"image\":{\"@id\":\"https:\\\/\\\/parcsaintecroix.com\\\/fr\\\/quelle-est-la-difference-entre-le-bison-deurope-et-le-bison-damerique#primaryimage\"},\"thumbnailUrl\":\"https:\\\/\\\/parcsaintecroix.com\\\/wp-content\\\/uploads\\\/2025\\\/10\\\/CP-Morgane-Bricard-64-scaled.jpg\",\"datePublished\":\"2026-04-30T18:33:47+00:00\",\"dateModified\":\"2026-04-30T18:33:50+00:00\",\"description\":\"Dans cet article, d\u00e9couvrez le duel entre le colosse des plaines et le prince des bois. Un voyage au c\u0153ur de leur puissance sauvage et mill\u00e9naire.\",\"breadcrumb\":{\"@id\":\"https:\\\/\\\/parcsaintecroix.com\\\/fr\\\/quelle-est-la-difference-entre-le-bison-deurope-et-le-bison-damerique#breadcrumb\"},\"inLanguage\":\"fr-FR\",\"potentialAction\":[{\"@type\":\"ReadAction\",\"target\":[\"https:\\\/\\\/parcsaintecroix.com\\\/fr\\\/quelle-est-la-difference-entre-le-bison-deurope-et-le-bison-damerique\"]}]},{\"@type\":\"ImageObject\",\"inLanguage\":\"fr-FR\",\"@id\":\"https:\\\/\\\/parcsaintecroix.com\\\/fr\\\/quelle-est-la-difference-entre-le-bison-deurope-et-le-bison-damerique#primaryimage\",\"url\":\"https:\\\/\\\/parcsaintecroix.com\\\/wp-content\\\/uploads\\\/2025\\\/10\\\/CP-Morgane-Bricard-64-scaled.jpg\",\"contentUrl\":\"https:\\\/\\\/parcsaintecroix.com\\\/wp-content\\\/uploads\\\/2025\\\/10\\\/CP-Morgane-Bricard-64-scaled.jpg\",\"width\":2560,\"height\":1707,\"caption\":\"\u00a9 Morgane Bricard\"},{\"@type\":\"BreadcrumbList\",\"@id\":\"https:\\\/\\\/parcsaintecroix.com\\\/fr\\\/quelle-est-la-difference-entre-le-bison-deurope-et-le-bison-damerique#breadcrumb\",\"itemListElement\":[{\"@type\":\"ListItem\",\"position\":1,\"name\":\"Accueil\",\"item\":\"https:\\\/\\\/parcsaintecroix.com\\\/fr\"},{\"@type\":\"ListItem\",\"position\":2,\"name\":\"Quelle est la diff\u00e9rence entre le bison d&rsquo;Europe et le bison d&rsquo;Am\u00e9rique ?\"}]},{\"@type\":\"WebSite\",\"@id\":\"https:\\\/\\\/parcsaintecroix.com\\\/fr\\\/#website\",\"url\":\"https:\\\/\\\/parcsaintecroix.com\\\/fr\\\/\",\"name\":\"Parc de Saint Croix\",\"description\":\"\",\"publisher\":{\"@id\":\"https:\\\/\\\/parcsaintecroix.com\\\/fr\\\/#organization\"},\"inLanguage\":\"fr-FR\"},{\"@type\":\"Organization\",\"@id\":\"https:\\\/\\\/parcsaintecroix.com\\\/fr\\\/#organization\",\"name\":\"Parc de Saint Croix\",\"url\":\"https:\\\/\\\/parcsaintecroix.com\\\/fr\\\/\",\"logo\":{\"@type\":\"ImageObject\",\"inLanguage\":\"fr-FR\",\"@id\":\"https:\\\/\\\/parcsaintecroix.com\\\/fr\\\/#\\\/schema\\\/logo\\\/image\\\/\",\"url\":\"https:\\\/\\\/parcsaintecroix.com\\\/wp-content\\\/uploads\\\/2022\\\/09\\\/SainteCroix-Favicon.png\",\"contentUrl\":\"https:\\\/\\\/parcsaintecroix.com\\\/wp-content\\\/uploads\\\/2022\\\/09\\\/SainteCroix-Favicon.png\",\"width\":512,\"height\":512,\"caption\":\"Parc de Saint Croix\"},\"image\":{\"@id\":\"https:\\\/\\\/parcsaintecroix.com\\\/fr\\\/#\\\/schema\\\/logo\\\/image\\\/\"},\"sameAs\":[\"https:\\\/\\\/www.facebook.com\\\/LodgesSainteCroix\\\/\",\"https:\\\/\\\/x.com\\\/parc_stecroix\"]},{\"@type\":\"Person\",\"@id\":\"https:\\\/\\\/parcsaintecroix.com\\\/fr\\\/#\\\/schema\\\/person\\\/65f332915192f61bb9ce8f0cc3ba495b\",\"name\":\"Noemie Thiery\"}]}<\/script>\n<!-- \/ Yoast SEO plugin. -->","yoast_head_json":{"title":"Bison d'Europe vs bison d\u2019Am\u00e9rique : l'odyss\u00e9e | Parc Sainte-Croix","description":"Dans cet article, d\u00e9couvrez le duel entre le colosse des plaines et le prince des bois. Un voyage au c\u0153ur de leur puissance sauvage et mill\u00e9naire.","robots":{"index":"index","follow":"follow","max-snippet":"max-snippet:-1","max-image-preview":"max-image-preview:large","max-video-preview":"max-video-preview:-1"},"canonical":"https:\/\/parcsaintecroix.com\/fr\/quelle-est-la-difference-entre-le-bison-deurope-et-le-bison-damerique","og_locale":"fr_FR","og_type":"article","og_title":"Bison d'Europe vs bison d\u2019Am\u00e9rique : l'odyss\u00e9e | Parc Sainte-Croix","og_description":"Dans cet article, d\u00e9couvrez le duel entre le colosse des plaines et le prince des bois. Un voyage au c\u0153ur de leur puissance sauvage et mill\u00e9naire.","og_url":"https:\/\/parcsaintecroix.com\/fr\/quelle-est-la-difference-entre-le-bison-deurope-et-le-bison-damerique","og_site_name":"Parc de Saint Croix","article_publisher":"https:\/\/www.facebook.com\/LodgesSainteCroix\/","article_published_time":"2026-04-30T18:33:47+00:00","article_modified_time":"2026-04-30T18:33:50+00:00","og_image":[{"width":2560,"height":1707,"url":"https:\/\/parcsaintecroix.com\/wp-content\/uploads\/2025\/10\/CP-Morgane-Bricard-64-scaled.jpg","type":"image\/jpeg"}],"author":"Noemie Thiery","twitter_card":"summary_large_image","twitter_creator":"@parc_stecroix","twitter_site":"@parc_stecroix","twitter_misc":{"\u00c9crit par":"Noemie Thiery","Dur\u00e9e de lecture estim\u00e9e":"4 minutes"},"schema":{"@context":"https:\/\/schema.org","@graph":[{"@type":"Article","@id":"https:\/\/parcsaintecroix.com\/fr\/quelle-est-la-difference-entre-le-bison-deurope-et-le-bison-damerique#article","isPartOf":{"@id":"https:\/\/parcsaintecroix.com\/fr\/quelle-est-la-difference-entre-le-bison-deurope-et-le-bison-damerique"},"author":{"name":"Noemie Thiery","@id":"https:\/\/parcsaintecroix.com\/fr\/#\/schema\/person\/65f332915192f61bb9ce8f0cc3ba495b"},"headline":"Quelle est la diff\u00e9rence entre le bison d&rsquo;Europe et le bison d&rsquo;Am\u00e9rique ?","datePublished":"2026-04-30T18:33:47+00:00","dateModified":"2026-04-30T18:33:50+00:00","mainEntityOfPage":{"@id":"https:\/\/parcsaintecroix.com\/fr\/quelle-est-la-difference-entre-le-bison-deurope-et-le-bison-damerique"},"wordCount":571,"publisher":{"@id":"https:\/\/parcsaintecroix.com\/fr\/#organization"},"image":{"@id":"https:\/\/parcsaintecroix.com\/fr\/quelle-est-la-difference-entre-le-bison-deurope-et-le-bison-damerique#primaryimage"},"thumbnailUrl":"https:\/\/parcsaintecroix.com\/wp-content\/uploads\/2025\/10\/CP-Morgane-Bricard-64-scaled.jpg","articleSection":["Animaux","Le parc"],"inLanguage":"fr-FR"},{"@type":"WebPage","@id":"https:\/\/parcsaintecroix.com\/fr\/quelle-est-la-difference-entre-le-bison-deurope-et-le-bison-damerique","url":"https:\/\/parcsaintecroix.com\/fr\/quelle-est-la-difference-entre-le-bison-deurope-et-le-bison-damerique","name":"Bison d'Europe vs bison d\u2019Am\u00e9rique : l'odyss\u00e9e | Parc Sainte-Croix","isPartOf":{"@id":"https:\/\/parcsaintecroix.com\/fr\/#website"},"primaryImageOfPage":{"@id":"https:\/\/parcsaintecroix.com\/fr\/quelle-est-la-difference-entre-le-bison-deurope-et-le-bison-damerique#primaryimage"},"image":{"@id":"https:\/\/parcsaintecroix.com\/fr\/quelle-est-la-difference-entre-le-bison-deurope-et-le-bison-damerique#primaryimage"},"thumbnailUrl":"https:\/\/parcsaintecroix.com\/wp-content\/uploads\/2025\/10\/CP-Morgane-Bricard-64-scaled.jpg","datePublished":"2026-04-30T18:33:47+00:00","dateModified":"2026-04-30T18:33:50+00:00","description":"Dans cet article, d\u00e9couvrez le duel entre le colosse des plaines et le prince des bois. Un voyage au c\u0153ur de leur puissance sauvage et mill\u00e9naire.","breadcrumb":{"@id":"https:\/\/parcsaintecroix.com\/fr\/quelle-est-la-difference-entre-le-bison-deurope-et-le-bison-damerique#breadcrumb"},"inLanguage":"fr-FR","potentialAction":[{"@type":"ReadAction","target":["https:\/\/parcsaintecroix.com\/fr\/quelle-est-la-difference-entre-le-bison-deurope-et-le-bison-damerique"]}]},{"@type":"ImageObject","inLanguage":"fr-FR","@id":"https:\/\/parcsaintecroix.com\/fr\/quelle-est-la-difference-entre-le-bison-deurope-et-le-bison-damerique#primaryimage","url":"https:\/\/parcsaintecroix.com\/wp-content\/uploads\/2025\/10\/CP-Morgane-Bricard-64-scaled.jpg","contentUrl":"https:\/\/parcsaintecroix.com\/wp-content\/uploads\/2025\/10\/CP-Morgane-Bricard-64-scaled.jpg","width":2560,"height":1707,"caption":"\u00a9 Morgane Bricard"},{"@type":"BreadcrumbList","@id":"https:\/\/parcsaintecroix.com\/fr\/quelle-est-la-difference-entre-le-bison-deurope-et-le-bison-damerique#breadcrumb","itemListElement":[{"@type":"ListItem","position":1,"name":"Accueil","item":"https:\/\/parcsaintecroix.com\/fr"},{"@type":"ListItem","position":2,"name":"Quelle est la diff\u00e9rence entre le bison d&rsquo;Europe et le bison d&rsquo;Am\u00e9rique ?"}]},{"@type":"WebSite","@id":"https:\/\/parcsaintecroix.com\/fr\/#website","url":"https:\/\/parcsaintecroix.com\/fr\/","name":"Parc de Saint Croix","description":"","publisher":{"@id":"https:\/\/parcsaintecroix.com\/fr\/#organization"},"inLanguage":"fr-FR"},{"@type":"Organization","@id":"https:\/\/parcsaintecroix.com\/fr\/#organization","name":"Parc de Saint Croix","url":"https:\/\/parcsaintecroix.com\/fr\/","logo":{"@type":"ImageObject","inLanguage":"fr-FR","@id":"https:\/\/parcsaintecroix.com\/fr\/#\/schema\/logo\/image\/","url":"https:\/\/parcsaintecroix.com\/wp-content\/uploads\/2022\/09\/SainteCroix-Favicon.png","contentUrl":"https:\/\/parcsaintecroix.com\/wp-content\/uploads\/2022\/09\/SainteCroix-Favicon.png","width":512,"height":512,"caption":"Parc de Saint Croix"},"image":{"@id":"https:\/\/parcsaintecroix.com\/fr\/#\/schema\/logo\/image\/"},"sameAs":["https:\/\/www.facebook.com\/LodgesSainteCroix\/","https:\/\/x.com\/parc_stecroix"]},{"@type":"Person","@id":"https:\/\/parcsaintecroix.com\/fr\/#\/schema\/person\/65f332915192f61bb9ce8f0cc3ba495b","name":"Noemie Thiery"}]}},"_links":{"self":[{"href":"https:\/\/parcsaintecroix.com\/fr\/wp-json\/wp\/v2\/posts\/37937","targetHints":{"allow":["GET"]}}],"collection":[{"href":"https:\/\/parcsaintecroix.com\/fr\/wp-json\/wp\/v2\/posts"}],"about":[{"href":"https:\/\/parcsaintecroix.com\/fr\/wp-json\/wp\/v2\/types\/post"}],"author":[{"embeddable":true,"href":"https:\/\/parcsaintecroix.com\/fr\/wp-json\/wp\/v2\/users\/10"}],"replies":[{"embeddable":true,"href":"https:\/\/parcsaintecroix.com\/fr\/wp-json\/wp\/v2\/comments?post=37937"}],"version-history":[{"count":7,"href":"https:\/\/parcsaintecroix.com\/fr\/wp-json\/wp\/v2\/posts\/37937\/revisions"}],"predecessor-version":[{"id":40940,"href":"https:\/\/parcsaintecroix.com\/fr\/wp-json\/wp\/v2\/posts\/37937\/revisions\/40940"}],"wp:featuredmedia":[{"embeddable":true,"href":"https:\/\/parcsaintecroix.com\/fr\/wp-json\/wp\/v2\/media\/37958"}],"wp:attachment":[{"href":"https:\/\/parcsaintecroix.com\/fr\/wp-json\/wp\/v2\/media?parent=37937"}],"wp:term":[{"taxonomy":"category","embeddable":true,"href":"https:\/\/parcsaintecroix.com\/fr\/wp-json\/wp\/v2\/categories?post=37937"},{"taxonomy":"post_tag","embeddable":true,"href":"https:\/\/parcsaintecroix.com\/fr\/wp-json\/wp\/v2\/tags?post=37937"}],"curies":[{"name":"wp","href":"https:\/\/api.w.org\/{rel}","templated":true}]}}