{"id":38497,"date":"2025-11-26T10:04:00","date_gmt":"2025-11-26T09:04:00","guid":{"rendered":"https:\/\/parcsaintecroix.com\/?p=38497"},"modified":"2025-11-25T17:29:02","modified_gmt":"2025-11-25T16:29:02","slug":"fair-friday-2025","status":"publish","type":"post","link":"https:\/\/parcsaintecroix.com\/fr\/fair-friday-2025","title":{"rendered":"Fair Friday 2025 : Quand offrir devient un geste pour la nature !"},"content":{"rendered":"<section class=\"block-grid-wrapper block-grid-for-core-paragraph\">\n      <div class=\"default-editor-content grid-for-core-paragraph grid-container fluid fluid\">\n        <div class=\"grid-x grid-padding-x align-center\">\n          <div class=\"cell\">\n            \n<p class=\"has-text-align-center\"><\/p>\n          <\/div>\n        <\/div>\n      <\/div>\n\n      <\/section>\n\n<section class=\"block-grid-wrapper block-grid-for-core-paragraph\">\n      <div class=\"default-editor-content grid-for-core-paragraph grid-container fluid fluid\">\n        <div class=\"grid-x grid-padding-x align-center\">\n          <div class=\"cell\">\n            \n<p>Chaque ann\u00e9e, des milliers d\u2019enseignes participent au Black Friday, une action qui est devenue symbole de surconsommation au fur et \u00e0 mesure du temps. Au <strong>Parc Animalier de Sainte-Croix<\/strong>, nous avons choisi une autre voie, celle de transformer ce moment unique de l&rsquo;ann\u00e9e en une opportunit\u00e9 <strong>utile, responsable et engag\u00e9e<\/strong> et cela au b\u00e9n\u00e9fice de la biodiversit\u00e9.<\/p>\n          <\/div>\n        <\/div>\n      <\/div>\n\n      <\/section>\n\n<section class=\"block-grid-wrapper block-grid-for-core-paragraph\">\n      <div class=\"default-editor-content grid-for-core-paragraph grid-container fluid fluid\">\n        <div class=\"grid-x grid-padding-x align-center\">\n          <div class=\"cell\">\n            \n<p class=\"has-text-align-center\">Ainsi, du <strong>28 au 30 novembre 2025<\/strong>, d\u00e9couvrez le <strong>Fair Friday<\/strong> du Parc de Sainte-Croix, une op\u00e9ration solidaire o\u00f9 <strong>5 % du montant de chaque bon cadeau pour un s\u00e9jour en lodge achet\u00e9e est revers\u00e9 au Pays de l\u2019Ours \u2013 Adet<\/strong>, association engag\u00e9e depuis plus de 30 ans pour la protection de l\u2019ours brun dans les Pyr\u00e9n\u00e9es.<\/p>\n          <\/div>\n        <\/div>\n      <\/div>\n\n      <\/section>\n\n<section class=\"block-grid-wrapper block-grid-for-core-heading\">\n      <div class=\"default-editor-content grid-for-core-heading grid-container fluid fluid\">\n        <div class=\"grid-x grid-padding-x align-center\">\n          <div class=\"cell\">\n            \n<h2 class=\"wp-block-heading\"><strong><strong>Fair Friday : et si le Black Friday servait la nature ?<\/strong><\/strong><\/h2>\n          <\/div>\n        <\/div>\n      <\/div>\n\n      <\/section>\n\n<section class=\"block-grid-wrapper block-grid-for-core-paragraph\">\n      <div class=\"default-editor-content grid-for-core-paragraph grid-container fluid fluid\">\n        <div class=\"grid-x grid-padding-x align-center\">\n          <div class=\"cell\">\n            \n<p>Durant le Fair Friday, du 28 au 30 novembre, <strong>5 % du prix de chaque bon cadeau<\/strong> sur un s\u00e9jour en lodge sont revers\u00e9s au <a href=\"https:\/\/paysdelours.com\/fr\/\"><strong>Pays de l\u2019Ours \u2013 Adet<\/strong>.<\/a><\/p>\n          <\/div>\n        <\/div>\n      <\/div>\n\n      <\/section>\n\n<section class=\"block-grid-wrapper block-grid-for-core-media-text\">\n      <div class=\"default-editor-content grid-for-core-media-text grid-container fluid fluid\">\n        <div class=\"grid-x grid-padding-x align-center\">\n          <div class=\"cell\">\n            \n<div class=\"wp-block-media-text is-stacked-on-mobile\"><figure class=\"wp-block-media-text__media\"><img loading=\"lazy\" decoding=\"async\" width=\"940\" height=\"788\" src=\"https:\/\/parcsaintecroix.com\/wp-content\/uploads\/2025\/11\/Design-sans-titre.jpg\" alt=\"\" class=\"wp-image-38484 size-full\" srcset=\"https:\/\/parcsaintecroix.com\/wp-content\/uploads\/2025\/11\/Design-sans-titre.jpg 940w, https:\/\/parcsaintecroix.com\/wp-content\/uploads\/2025\/11\/Design-sans-titre-300x251-512c1e2135f8.jpg 300w, https:\/\/parcsaintecroix.com\/wp-content\/uploads\/2025\/11\/Design-sans-titre-768x644-b56108145cc7.jpg 768w, https:\/\/parcsaintecroix.com\/wp-content\/uploads\/2025\/11\/Design-sans-titre-100x84-fab7673e88b9.jpg 100w\" sizes=\"auto, (max-width: 940px) 100vw, 940px\" \/><\/figure><div class=\"wp-block-media-text__content\">\n<h3 class=\"wp-block-heading\"><strong>Une box cadeau engag\u00e9e<\/strong><\/h3>\n\n\n\n<p>Chacune de nos bons cadeaux sont envoy\u00e9es avec une jolie box physique \u00e0 glisser sous le sapin. La box cadeau contient : <\/p>\n\n\n\n<ul class=\"wp-block-list\">\n<li><strong>Le bon cadeau Parc Sainte-Croix<\/strong> du montant que vous avez choisit<\/li>\n\n\n\n<li><strong>Un flyer de pr\u00e9sentation du Pays de l\u2019Ours \u2013 Adet<\/strong><\/li>\n\n\n\n<li><strong>Un sticker du Parc de Sainte-Croix<\/strong><\/li>\n<\/ul>\n\n\n\n<p>Un cadeau qui fait plaisir \u00e0 celui qui le re\u00e7oit\u2026 mais aussi \u00e0 la nature.<\/p>\n\n\n\n<div class=\"wp-block-buttons is-layout-flex wp-block-buttons-is-layout-flex\">\n<div class=\"wp-block-button is-style-large-button-orange\"><a class=\"wp-block-button__link button-icon-- wp-element-button\" href=\"https:\/\/parcsaintecroix.com\/fr\/bons-cadeaux-sejours-nature\">J&rsquo;offre un bon cadeau<\/a><\/div>\n<\/div>\n<\/div><\/div>\n          <\/div>\n        <\/div>\n      <\/div>\n\n      <\/section>\n\n<section class=\"block-grid-wrapper block-grid-for-core-paragraph\">\n      <div class=\"default-editor-content grid-for-core-paragraph grid-container fluid fluid\">\n        <div class=\"grid-x grid-padding-x align-center\">\n          <div class=\"cell\">\n            \n<p><\/p>\n          <\/div>\n        <\/div>\n      <\/div>\n\n      <\/section>\n\n<section class=\"block-grid-wrapper block-grid-for-core-list\">\n      <div class=\"default-editor-content grid-for-core-list grid-container fluid fluid\">\n        <div class=\"grid-x grid-padding-x align-center\">\n          <div class=\"cell\">\n            \n<ul class=\"wp-block-list\"><\/ul>\n          <\/div>\n        <\/div>\n      <\/div>\n\n      <\/section>\n\n<section class=\"block-grid-wrapper block-grid-for-core-heading\">\n      <div class=\"default-editor-content grid-for-core-heading grid-container fluid fluid\">\n        <div class=\"grid-x grid-padding-x align-center\">\n          <div class=\"cell\">\n            \n<h2 class=\"wp-block-heading\"><strong><strong><strong><strong>Qui est Pays de l\u2019Ours \u2013 Adet ?<\/strong><\/strong><\/strong><\/strong><\/h2>\n          <\/div>\n        <\/div>\n      <\/div>\n\n      <\/section>\n\n<section class=\"block-grid-wrapper block-grid-for-core-paragraph\">\n      <div class=\"default-editor-content grid-for-core-paragraph grid-container fluid fluid\">\n        <div class=\"grid-x grid-padding-x align-center\">\n          <div class=\"cell\">\n            \n<p>Le Pays de l\u2019Ours \u2013 Adet est une association pyr\u00e9n\u00e9enne engag\u00e9e depuis plus de 30 ans pour la protection de l\u2019ours brun dans les Pyr\u00e9n\u00e9es. Elle \u0153uvre \u00e0 la sauvegarde de cette esp\u00e8ce embl\u00e9matique, \u00e0 la pr\u00e9servation de son habitat, et \u00e0 la cohabitation entre l\u2019homme et l\u2019ours.<\/p>\n          <\/div>\n        <\/div>\n      <\/div>\n\n      <\/section>\n\n<section class=\"block-grid-wrapper block-grid-for-core-heading\">\n      <div class=\"default-editor-content grid-for-core-heading grid-container fluid fluid\">\n        <div class=\"grid-x grid-padding-x align-center\">\n          <div class=\"cell\">\n            \n<h3 class=\"wp-block-heading\"><strong>Militer et prot\u00e9ger<\/strong><\/h3>\n          <\/div>\n        <\/div>\n      <\/div>\n\n      <\/section>\n\n<section class=\"block-grid-wrapper block-grid-for-core-list\">\n      <div class=\"default-editor-content grid-for-core-list grid-container fluid fluid\">\n        <div class=\"grid-x grid-padding-x align-center\">\n          <div class=\"cell\">\n            \n<ol class=\"wp-block-list\"><\/ol>\n          <\/div>\n        <\/div>\n      <\/div>\n\n      <\/section>\n\n<section class=\"block-grid-wrapper block-grid-for-core-paragraph\">\n      <div class=\"default-editor-content grid-for-core-paragraph grid-container fluid fluid\">\n        <div class=\"grid-x grid-padding-x align-center\">\n          <div class=\"cell\">\n            \n<p>L\u2019association \u0153uvre pour restaurer et pr\u00e9server une population viable d\u2019ours dans les Pyr\u00e9n\u00e9es, en coordonnant les r\u00e9introductions et les actions de conservation.<\/p>\n          <\/div>\n        <\/div>\n      <\/div>\n\n      <\/section>\n\n<section class=\"block-grid-wrapper block-grid-for-core-heading\">\n      <div class=\"default-editor-content grid-for-core-heading grid-container fluid fluid\">\n        <div class=\"grid-x grid-padding-x align-center\">\n          <div class=\"cell\">\n            \n<h3 class=\"wp-block-heading\"><strong>Etudier et suivre<\/strong><\/h3>\n          <\/div>\n        <\/div>\n      <\/div>\n\n      <\/section>\n\n<section class=\"block-grid-wrapper block-grid-for-core-list\">\n      <div class=\"default-editor-content grid-for-core-list grid-container fluid fluid\">\n        <div class=\"grid-x grid-padding-x align-center\">\n          <div class=\"cell\">\n            \n<ul class=\"wp-block-list\"><\/ul>\n          <\/div>\n        <\/div>\n      <\/div>\n\n      <\/section>\n\n<section class=\"block-grid-wrapper block-grid-for-core-paragraph\">\n      <div class=\"default-editor-content grid-for-core-paragraph grid-container fluid fluid\">\n        <div class=\"grid-x grid-padding-x align-center\">\n          <div class=\"cell\">\n            \n<p>Gr\u00e2ce au suivi scientifique des ours (recensement, localisation, d\u00e9placements), l\u2019association adapte ses actions pour garantir la survie de l\u2019esp\u00e8ce.<\/p>\n          <\/div>\n        <\/div>\n      <\/div>\n\n      <\/section>\n\n<section class=\"block-grid-wrapper block-grid-for-core-heading\">\n      <div class=\"default-editor-content grid-for-core-heading grid-container fluid fluid\">\n        <div class=\"grid-x grid-padding-x align-center\">\n          <div class=\"cell\">\n            \n<h3 class=\"wp-block-heading\"><strong>Informer et sensibiliser<\/strong><\/h3>\n          <\/div>\n        <\/div>\n      <\/div>\n\n      <\/section>\n\n<section class=\"block-grid-wrapper block-grid-for-core-list\">\n      <div class=\"default-editor-content grid-for-core-list grid-container fluid fluid\">\n        <div class=\"grid-x grid-padding-x align-center\">\n          <div class=\"cell\">\n            \n<ul class=\"wp-block-list\"><\/ul>\n          <\/div>\n        <\/div>\n      <\/div>\n\n      <\/section>\n\n<section class=\"block-grid-wrapper block-grid-for-core-paragraph\">\n      <div class=\"default-editor-content grid-for-core-paragraph grid-container fluid fluid\">\n        <div class=\"grid-x grid-padding-x align-center\">\n          <div class=\"cell\">\n            \n<p>Pays de l\u2019Ours \u2013 Adet organise animations, conf\u00e9rences et supports p\u00e9dagogiques pour sensibiliser le grand public \u00e0 la protection de l\u2019ours et \u00e0 la biodiversit\u00e9.<\/p>\n          <\/div>\n        <\/div>\n      <\/div>\n\n      <\/section>\n\n<section class=\"block-grid-wrapper block-grid-for-core-heading\">\n      <div class=\"default-editor-content grid-for-core-heading grid-container fluid fluid\">\n        <div class=\"grid-x grid-padding-x align-center\">\n          <div class=\"cell\">\n            \n<h3 class=\"wp-block-heading\"><strong>Valoriser et accompagner le territoire<\/strong><\/h3>\n          <\/div>\n        <\/div>\n      <\/div>\n\n      <\/section>\n\n<section class=\"block-grid-wrapper block-grid-for-core-paragraph\">\n      <div class=\"default-editor-content grid-for-core-paragraph grid-container fluid fluid\">\n        <div class=\"grid-x grid-padding-x align-center\">\n          <div class=\"cell\">\n            \n<p>Elle soutient les \u00e9leveurs et d\u00e9veloppe un tourisme responsable autour de l\u2019ours, afin de concilier protection de la nature et vie locale.<\/p>\n          <\/div>\n        <\/div>\n      <\/div>\n\n      <\/section>\n\n<section class=\"block-grid-wrapper block-grid-for-core-list\">\n      <div class=\"default-editor-content grid-for-core-list grid-container fluid fluid\">\n        <div class=\"grid-x grid-padding-x align-center\">\n          <div class=\"cell\">\n            \n<ul class=\"wp-block-list\"><\/ul>\n          <\/div>\n        <\/div>\n      <\/div>\n\n      <\/section>\n\n<section class=\"block-grid-wrapper block-grid-for-core-buttons\">\n      <div class=\"default-editor-content grid-for-core-buttons grid-container fluid fluid\">\n        <div class=\"grid-x grid-padding-x align-center\">\n          <div class=\"cell\">\n            \n<div class=\"wp-block-buttons is-content-justification-center is-layout-flex wp-container-core-buttons-is-layout-16018d1d wp-block-buttons-is-layout-flex\">\n<div class=\"wp-block-button is-style-white-button\"><a class=\"wp-block-button__link wp-element-button\" href=\"https:\/\/paysdelours.com\/fr\/nos-missions\/\">EN savoir plus sur l&rsquo;association<\/a><\/div>\n<\/div>\n          <\/div>\n        <\/div>\n      <\/div>\n\n      <\/section>\n\n<section class=\"block-grid-wrapper block-grid-for-core-extended-special-paragraph-with-border\">\n      <div class=\"default-editor-content grid-for-core-extended-special-paragraph-with-border grid-container fluid fluid\">\n        <div class=\"grid-x grid-padding-x align-center\">\n          <div class=\"cell\">\n            \n<div class=\"wp-block-extended-special-paragraph-with-border\">\n<h3 class=\"wp-block-heading\"><strong>Pourquoi cette association ? <\/strong><\/h3>\n\n\n\n<p class=\"is-style-small-paragraph has-medium-font-size\">Depuis 45 ans, le Parc de Sainte-Croix \u0153uvre \u00e0 la pr\u00e9servation de la faune sauvage europ\u00e9enne. Collaborer avec le Pays de l\u2019Ours \u2013 Adet s\u2019est impos\u00e9 comme une \u00e9vidence :<\/p>\n\n\n\n<ul class=\"wp-block-list\">\n<li>Une association historique et reconnue<\/li>\n\n\n\n<li>Un engagement concret sur le terrain<\/li>\n\n\n\n<li>Des actions essentielles pour la <strong>conservation de l\u2019ours brun<\/strong><\/li>\n\n\n\n<li>Des initiatives pour la <strong>cohabitation durable entre l\u2019homme et l\u2019animal<\/strong><br><\/li>\n<\/ul>\n\n\n\n<p class=\"is-style-small-paragraph has-medium-font-size\">Gr\u00e2ce \u00e0 votre achat, vous contribuez directement \u00e0 <strong>la sauvegarde de la biodiversit\u00e9<\/strong>.<\/p>\n<\/div>\n          <\/div>\n        <\/div>\n      <\/div>\n\n      <\/section>\n\n<section class=\"block-grid-wrapper block-grid-for-core-heading\">\n      <div class=\"default-editor-content grid-for-core-heading grid-container fluid fluid\">\n        <div class=\"grid-x grid-padding-x align-center\">\n          <div class=\"cell\">\n            \n<h2 class=\"wp-block-heading\"><strong>Ensemble, soutenons le vivant !<\/strong><\/h2>\n          <\/div>\n        <\/div>\n      <\/div>\n\n      <\/section>\n\n<section class=\"block-grid-wrapper block-grid-for-core-paragraph\">\n      <div class=\"default-editor-content grid-for-core-paragraph grid-container fluid fluid\">\n        <div class=\"grid-x grid-padding-x align-center\">\n          <div class=\"cell\">\n            \n<p>En participant au Fair Friday, vous prenez part \u00e0 une d\u00e9marche <strong>\u00e9thique, solidaire et engag\u00e9e<\/strong>.<\/p>\n          <\/div>\n        <\/div>\n      <\/div>\n\n      <\/section>\n\n<section class=\"block-grid-wrapper block-grid-for-core-paragraph\">\n      <div class=\"default-editor-content grid-for-core-paragraph grid-container fluid fluid\">\n        <div class=\"grid-x grid-padding-x align-center\">\n          <div class=\"cell\">\n            \n<p>Un petit achat peut devenir <strong>un grand geste pour la nature<\/strong>.<\/p>\n          <\/div>\n        <\/div>\n      <\/div>\n\n      <\/section>\n\n<section class=\"block-grid-wrapper block-grid-for-core-buttons\">\n      <div class=\"default-editor-content grid-for-core-buttons grid-container-wide\">\n        <div class=\"grid-x grid-padding-x align-center\">\n          <div class=\"cell\">\n            \n<div class=\"wp-block-buttons alignwide is-content-justification-center is-layout-flex wp-container-core-buttons-is-layout-16018d1d wp-block-buttons-is-layout-flex\">\n<div class=\"wp-block-button is-style-large-button-orange\"><a class=\"wp-block-button__link button-icon-qr-code wp-element-button\" href=\"https:\/\/parcsaintecroix.com\/fr\/bons-cadeaux-sejours-nature\">J&rsquo;offre un bon cadeau<\/a><\/div>\n<\/div>\n          <\/div>\n        <\/div>\n      <\/div>\n\n      <\/section>\n\n<section class=\"block-grid-wrapper block-grid-for-core-paragraph\">\n      <div class=\"default-editor-content grid-for-core-paragraph grid-container fluid fluid\">\n        <div class=\"grid-x grid-padding-x align-center\">\n          <div class=\"cell\">\n            \n<p><\/p>\n          <\/div>\n        <\/div>\n      <\/div>\n\n      <\/section>\n\n<section class=\"block-grid-wrapper block-grid-for-core-paragraph\">\n      <div class=\"default-editor-content grid-for-core-paragraph grid-container fluid fluid\">\n        <div class=\"grid-x grid-padding-x align-center\">\n          <div class=\"cell\">\n            \n<p class=\"is-style-small-paragraph\"><em>CP :  Parc Sainte-Croix<\/em><\/p>\n          <\/div>\n        <\/div>\n      <\/div>\n\n      <\/section>\n\n\n    <section  class=\"wp-block-acf-three-articles  block-index-49 section-content section-three-articles\"       itemprop=\"hasPart\" itemscope\n\n      <div class=\"grid-container full\">\n\n        <div class=\"grid-x title-wrapper\">\n\n          <div class=\"cell\">\n                          <h2 class=\"section-title\" itemprop=\"name heading\">En ce moment \u00e0 Sainte-Croix<\/h2>\n            \n                      <\/div>\n\n        <\/div>\n\n\n        <div class=\"grid-x listing-latest-news news-slider align-center\">\n          <article class=\"cell medium-6 large-4 js-article article-box flex-container flex-dir-column post-31005 post type-post status-publish format-standard has-post-thumbnail hentry category-animaux\"  itemscope itemtype=\"https:\/\/schema.org\/Article\" itemid=\"https:\/\/parcsaintecroix.com\/fr\/est-ce-que-grand-tetras-espece-menacee\" itemref=\"publisher\">\n      <meta itemprop=\"author\" content=\"Parc de Saint Croix\" \/>\n    <meta itemprop=\"image\" content=\"https:\/\/parcsaintecroix.com\/wp-content\/uploads\/2022\/09\/J_lavergne_2008-116-scaled.jpg\" \/>\n    <meta itemprop=\"datePublished\" content=\"2026-04-24T16:52:39+02:00\" \/>\n    <meta itemprop=\"dateModified\" content=\"2026-04-24T16:52:43+02:00\" \/>\n      <div class=\"news-content-wrapper\">\n          <a href=\"https:\/\/parcsaintecroix.com\/fr\/est-ce-que-grand-tetras-espece-menacee\" itemprop=\"url mainEntityOfPage\">\n        \n                  <span class=\"label-category\">Animaux<\/span>\n        \n        <figure>\n          <img decoding=\"async\"  data-fade-in loading=\"lazy\" src=\"data:image\/png;base64,R0lGODlhAQABAAD\/ACwAAAAAAQABAAACADs=\" data-lazy-interchange=\"[https:\/\/parcsaintecroix.com\/wp-content\/uploads\/2022\/09\/J_lavergne_2008-116-scaled-668x668-71ab615e0a86.jpg, small], [https:\/\/parcsaintecroix.com\/wp-content\/uploads\/2022\/09\/J_lavergne_2008-116-scaled-423x423-f5ddf0753daf.jpg, large], [https:\/\/parcsaintecroix.com\/wp-content\/uploads\/2022\/09\/J_lavergne_2008-116-scaled-800x800-b303cee25c1f.jpg, xlarge], [https:\/\/parcsaintecroix.com\/wp-content\/uploads\/2022\/09\/J_lavergne_2008-116-scaled-846x846-97851059a762.jpg, large_retina], [https:\/\/parcsaintecroix.com\/wp-content\/uploads\/2022\/09\/J_lavergne_2008-116-scaled-1600x1600-f1dbcba1895c.jpg, xlarge_retina]\" data-interchange-sizes=\"{&quot;small&quot;:{&quot;w&quot;:668,&quot;h&quot;:668},&quot;large&quot;:{&quot;w&quot;:423,&quot;h&quot;:423},&quot;xlarge&quot;:{&quot;w&quot;:800,&quot;h&quot;:800},&quot;large_retina&quot;:{&quot;w&quot;:846,&quot;h&quot;:846},&quot;xlarge_retina&quot;:{&quot;w&quot;:1600,&quot;h&quot;:1600}}\"  style=\";--aspect-ratio-small: 1;--aspect-ratio-large: 1;--aspect-ratio-xlarge: 1;--aspect-ratio-large_retina: 1;--aspect-ratio-xlarge_retina: 1\" data-has-aspect-ratio=\"true\" alt=\"Est ce que le Grand T\u00e9tras est une esp\u00e8ce menac\u00e9e ?\" itemprop=\"image\" data-fade-in \/>\n        <\/figure>\n\n              <\/a>\n      <\/div>\n\n  <div class=\"article-box-content flex-child-grow flex-container flex-dir-column\">\n    <header class=\"entry-header\">\n      <h2 class=\"entry-name\" itemprop=\"name headline\">\n        <a href=\"https:\/\/parcsaintecroix.com\/fr\/est-ce-que-grand-tetras-espece-menacee\">Est ce que le Grand T\u00e9tras est une esp\u00e8ce menac\u00e9e ?<\/a>\n      <\/h2>\n    <\/header>\n\n    <div class=\"entry-content\">\n      <p class=\"excerpt\">Oiseaux embl\u00e9matique, le&nbsp;Grand T\u00e9tras&nbsp;est un des plus menac\u00e9s d\u2019Europe. Symbole des for\u00eats de montagne, ce galliforme discret &#8230;<\/p>\n    <\/div>\n\n    <p class=\"entry-date\">\n      Publi\u00e9 le 24 avril 2026    <\/p>\n\n  <\/div>\n<\/article>\n\n<article class=\"cell medium-6 large-4 js-article article-box flex-container flex-dir-column post-40141 post type-post status-publish format-standard has-post-thumbnail hentry category-le-parc\"  itemscope itemtype=\"https:\/\/schema.org\/Article\" itemid=\"https:\/\/parcsaintecroix.com\/fr\/ce-printemps-vivez-un-sejour-famille-inoubliable-au-parc-de-sainte-croix\" itemref=\"publisher\">\n      <meta itemprop=\"author\" content=\"Parc de Saint Croix\" \/>\n    <meta itemprop=\"image\" content=\"https:\/\/parcsaintecroix.com\/wp-content\/uploads\/2025\/06\/ste-croix-2193-scaled.jpg\" \/>\n    <meta itemprop=\"datePublished\" content=\"2026-04-13T16:58:25+02:00\" \/>\n    <meta itemprop=\"dateModified\" content=\"2026-04-13T16:58:28+02:00\" \/>\n      <div class=\"news-content-wrapper\">\n          <a href=\"https:\/\/parcsaintecroix.com\/fr\/ce-printemps-vivez-un-sejour-famille-inoubliable-au-parc-de-sainte-croix\" itemprop=\"url mainEntityOfPage\">\n        \n                  <span class=\"label-category\">Le parc<\/span>\n        \n        <figure>\n          <img decoding=\"async\"  data-fade-in loading=\"lazy\" src=\"data:image\/png;base64,R0lGODlhAQABAAD\/ACwAAAAAAQABAAACADs=\" data-lazy-interchange=\"[https:\/\/parcsaintecroix.com\/wp-content\/uploads\/2025\/06\/ste-croix-2193-scaled-668x668-71ab615e0a86.jpg, small], [https:\/\/parcsaintecroix.com\/wp-content\/uploads\/2025\/06\/ste-croix-2193-scaled-423x423-f5ddf0753daf.jpg, large], [https:\/\/parcsaintecroix.com\/wp-content\/uploads\/2025\/06\/ste-croix-2193-scaled-800x800-b303cee25c1f.jpg, xlarge], [https:\/\/parcsaintecroix.com\/wp-content\/uploads\/2025\/06\/ste-croix-2193-scaled-846x846-97851059a762.jpg, large_retina], [https:\/\/parcsaintecroix.com\/wp-content\/uploads\/2025\/06\/ste-croix-2193-scaled-1600x1600-f1dbcba1895c.jpg, xlarge_retina]\" data-interchange-sizes=\"{&quot;small&quot;:{&quot;w&quot;:668,&quot;h&quot;:668},&quot;large&quot;:{&quot;w&quot;:423,&quot;h&quot;:423},&quot;xlarge&quot;:{&quot;w&quot;:800,&quot;h&quot;:800},&quot;large_retina&quot;:{&quot;w&quot;:846,&quot;h&quot;:846},&quot;xlarge_retina&quot;:{&quot;w&quot;:1600,&quot;h&quot;:1600}}\"  style=\";--aspect-ratio-small: 1;--aspect-ratio-large: 1;--aspect-ratio-xlarge: 1;--aspect-ratio-large_retina: 1;--aspect-ratio-xlarge_retina: 1\" data-has-aspect-ratio=\"true\" alt=\"Ce printemps, vivez un s\u00e9jour famille inoubliable au Parc de Sainte-Croix !\" itemprop=\"image\" data-fade-in \/>\n        <\/figure>\n\n              <\/a>\n      <\/div>\n\n  <div class=\"article-box-content flex-child-grow flex-container flex-dir-column\">\n    <header class=\"entry-header\">\n      <h2 class=\"entry-name\" itemprop=\"name headline\">\n        <a href=\"https:\/\/parcsaintecroix.com\/fr\/ce-printemps-vivez-un-sejour-famille-inoubliable-au-parc-de-sainte-croix\">Ce printemps, vivez un s\u00e9jour famille inoubliable au Parc de Sainte-Croix !<\/a>\n      <\/h2>\n    <\/header>\n\n    <div class=\"entry-content\">\n      <p class=\"excerpt\">Venez profiter de 3 jours de d\u00e9paysement total au c\u0153ur de la nature ! Vivez une exp\u00e9rience &#8230;<\/p>\n    <\/div>\n\n    <p class=\"entry-date\">\n      Publi\u00e9 le 13 avril 2026    <\/p>\n\n  <\/div>\n<\/article>\n\n<article class=\"cell medium-6 large-4 js-article article-box flex-container flex-dir-column post-40154 post type-post status-publish format-standard has-post-thumbnail hentry category-le-parc\"  itemscope itemtype=\"https:\/\/schema.org\/Article\" itemid=\"https:\/\/parcsaintecroix.com\/fr\/votre-sejour-nature-pour-sevader-du-quotidien\" itemref=\"publisher\">\n      <meta itemprop=\"author\" content=\"Parc de Saint Croix\" \/>\n    <meta itemprop=\"image\" content=\"https:\/\/parcsaintecroix.com\/wp-content\/uploads\/2022\/09\/plaine-des-cerfs-pano.jpg\" \/>\n    <meta itemprop=\"datePublished\" content=\"2026-04-02T17:25:39+02:00\" \/>\n    <meta itemprop=\"dateModified\" content=\"2026-04-02T17:25:44+02:00\" \/>\n      <div class=\"news-content-wrapper\">\n          <a href=\"https:\/\/parcsaintecroix.com\/fr\/votre-sejour-nature-pour-sevader-du-quotidien\" itemprop=\"url mainEntityOfPage\">\n        \n                  <span class=\"label-category\">Le parc<\/span>\n        \n        <figure>\n          <img decoding=\"async\"  data-fade-in loading=\"lazy\" src=\"data:image\/png;base64,R0lGODlhAQABAAD\/ACwAAAAAAQABAAACADs=\" data-lazy-interchange=\"[https:\/\/parcsaintecroix.com\/wp-content\/uploads\/2022\/09\/plaine-des-cerfs-pano-668x668-71ab615e0a86.jpg, small], [https:\/\/parcsaintecroix.com\/wp-content\/uploads\/2022\/09\/plaine-des-cerfs-pano-423x423-f5ddf0753daf.jpg, large], [https:\/\/parcsaintecroix.com\/wp-content\/uploads\/2022\/09\/plaine-des-cerfs-pano-800x800-b303cee25c1f.jpg, xlarge], [https:\/\/parcsaintecroix.com\/wp-content\/uploads\/2022\/09\/plaine-des-cerfs-pano-846x846-97851059a762.jpg, large_retina], [https:\/\/parcsaintecroix.com\/wp-content\/uploads\/2022\/09\/plaine-des-cerfs-pano-1366x1366-f1dbcba1895c.jpg, xlarge_retina]\" data-interchange-sizes=\"{&quot;small&quot;:{&quot;w&quot;:668,&quot;h&quot;:668},&quot;large&quot;:{&quot;w&quot;:423,&quot;h&quot;:423},&quot;xlarge&quot;:{&quot;w&quot;:800,&quot;h&quot;:800},&quot;large_retina&quot;:{&quot;w&quot;:846,&quot;h&quot;:846},&quot;xlarge_retina&quot;:{&quot;w&quot;:1366,&quot;h&quot;:1366}}\"  style=\";--aspect-ratio-small: 1;--aspect-ratio-large: 1;--aspect-ratio-xlarge: 1;--aspect-ratio-large_retina: 1;--aspect-ratio-xlarge_retina: 1\" data-has-aspect-ratio=\"true\" alt=\"Votre s\u00e9jour nature pour s&rsquo;\u00e9vader du quotidien\" itemprop=\"image\" data-fade-in \/>\n        <\/figure>\n\n              <\/a>\n      <\/div>\n\n  <div class=\"article-box-content flex-child-grow flex-container flex-dir-column\">\n    <header class=\"entry-header\">\n      <h2 class=\"entry-name\" itemprop=\"name headline\">\n        <a href=\"https:\/\/parcsaintecroix.com\/fr\/votre-sejour-nature-pour-sevader-du-quotidien\">Votre s\u00e9jour nature pour s&rsquo;\u00e9vader du quotidien<\/a>\n      <\/h2>\n    <\/header>\n\n    <div class=\"entry-content\">\n      <p class=\"excerpt\">Venez profiter de 3 jours de d\u00e9paysement total au Parc de Sainte-Croix ! Dormez face aux animaux &#8230;<\/p>\n    <\/div>\n\n    <p class=\"entry-date\">\n      Publi\u00e9 le 02 avril 2026    <\/p>\n\n  <\/div>\n<\/article>\n\n        <\/div>\n\n\n              <\/div>\n    <\/section>\n    \n\n<section class=\"block-grid-wrapper block-grid-for-core-paragraph\">\n      <div class=\"default-editor-content grid-for-core-paragraph grid-container fluid fluid\">\n        <div class=\"grid-x grid-padding-x align-center\">\n          <div class=\"cell\">\n            \n<p><\/p>\n          <\/div>\n        <\/div>\n      <\/div>\n\n      <\/section>","protected":false},"excerpt":{"rendered":"<p>Chaque ann\u00e9e, des milliers d\u2019enseignes participent au Black Friday, une action qui est devenue symbole de surconsommation au fur et \u00e0 mesure du temps. Au Parc Animalier de Sainte-Croix, nous avons choisi une autre voie, celle de transformer ce moment unique de l&rsquo;ann\u00e9e en une opportunit\u00e9 utile, responsable et engag\u00e9e et cela au b\u00e9n\u00e9fice de [&hellip;]<\/p>\n","protected":false},"author":10,"featured_media":38085,"comment_status":"closed","ping_status":"closed","sticky":false,"template":"","format":"standard","meta":{"_acf_changed":false,"_themeisle_gutenberg_block_has_review":false,"footnotes":""},"categories":[21,1],"tags":[],"class_list":["post-38497","post","type-post","status-publish","format-standard","has-post-thumbnail","hentry","category-associatif","category-evenement"],"acf":[],"yoast_head":"<!-- This site is optimized with the Yoast SEO plugin v27.3 - https:\/\/yoast.com\/product\/yoast-seo-wordpress\/ -->\n<title>Fair Friday : quand offrir devient un geste pour la nature<\/title>\n<meta name=\"description\" content=\"Offrez un cadeau qui a du sens : Fair Friday au Parc Sainte-Croix, 5 % revers\u00e9s \u00e0 une association de protection de l\u2019ours brun.\" \/>\n<meta name=\"robots\" content=\"index, follow, max-snippet:-1, max-image-preview:large, max-video-preview:-1\" \/>\n<link rel=\"canonical\" href=\"https:\/\/parcsaintecroix.com\/fr\/fair-friday-2025\" \/>\n<meta property=\"og:locale\" content=\"fr_FR\" \/>\n<meta property=\"og:type\" content=\"article\" \/>\n<meta property=\"og:title\" content=\"Fair Friday : quand offrir devient un geste pour la nature\" \/>\n<meta property=\"og:description\" content=\"Offrez un cadeau qui a du sens : Fair Friday au Parc Sainte-Croix, 5 % revers\u00e9s \u00e0 une association de protection de l\u2019ours brun.\" \/>\n<meta property=\"og:url\" content=\"https:\/\/parcsaintecroix.com\/fr\/fair-friday-2025\" \/>\n<meta property=\"og:site_name\" content=\"Parc de Saint Croix\" \/>\n<meta property=\"article:publisher\" content=\"https:\/\/www.facebook.com\/LodgesSainteCroix\/\" \/>\n<meta property=\"article:published_time\" content=\"2025-11-26T09:04:00+00:00\" \/>\n<meta property=\"og:image\" content=\"https:\/\/parcsaintecroix.com\/wp-content\/uploads\/2025\/10\/CP-Jean-Lavergne-2-scaled-1024x683-fd90e2c36371.jpg\" \/>\n\t<meta property=\"og:image:width\" content=\"1024\" \/>\n\t<meta property=\"og:image:height\" content=\"683\" \/>\n\t<meta property=\"og:image:type\" content=\"image\/jpeg\" \/>\n<meta name=\"author\" content=\"Noemie Thiery\" \/>\n<meta name=\"twitter:card\" content=\"summary_large_image\" \/>\n<meta name=\"twitter:creator\" content=\"@parc_stecroix\" \/>\n<meta name=\"twitter:site\" content=\"@parc_stecroix\" \/>\n<meta name=\"twitter:label1\" content=\"\u00c9crit par\" \/>\n\t<meta name=\"twitter:data1\" content=\"Noemie Thiery\" \/>\n\t<meta name=\"twitter:label2\" content=\"Dur\u00e9e de lecture estim\u00e9e\" \/>\n\t<meta name=\"twitter:data2\" content=\"3 minutes\" \/>\n<script type=\"application\/ld+json\" class=\"yoast-schema-graph\">{\"@context\":\"https:\\\/\\\/schema.org\",\"@graph\":[{\"@type\":\"Article\",\"@id\":\"https:\\\/\\\/parcsaintecroix.com\\\/fr\\\/fair-friday-2025#article\",\"isPartOf\":{\"@id\":\"https:\\\/\\\/parcsaintecroix.com\\\/fr\\\/fair-friday-2025\"},\"author\":{\"name\":\"Noemie Thiery\",\"@id\":\"https:\\\/\\\/parcsaintecroix.com\\\/fr\\\/#\\\/schema\\\/person\\\/65f332915192f61bb9ce8f0cc3ba495b\"},\"headline\":\"Fair Friday 2025 : Quand offrir devient un geste pour la nature !\",\"datePublished\":\"2025-11-26T09:04:00+00:00\",\"mainEntityOfPage\":{\"@id\":\"https:\\\/\\\/parcsaintecroix.com\\\/fr\\\/fair-friday-2025\"},\"wordCount\":545,\"publisher\":{\"@id\":\"https:\\\/\\\/parcsaintecroix.com\\\/fr\\\/#organization\"},\"image\":{\"@id\":\"https:\\\/\\\/parcsaintecroix.com\\\/fr\\\/fair-friday-2025#primaryimage\"},\"thumbnailUrl\":\"https:\\\/\\\/parcsaintecroix.com\\\/wp-content\\\/uploads\\\/2025\\\/10\\\/CP-Jean-Lavergne-2-scaled.jpg\",\"articleSection\":[\"Associatif\",\"\u00c9v\u00e9nement\"],\"inLanguage\":\"fr-FR\"},{\"@type\":\"WebPage\",\"@id\":\"https:\\\/\\\/parcsaintecroix.com\\\/fr\\\/fair-friday-2025\",\"url\":\"https:\\\/\\\/parcsaintecroix.com\\\/fr\\\/fair-friday-2025\",\"name\":\"Fair Friday : quand offrir devient un geste pour la nature\",\"isPartOf\":{\"@id\":\"https:\\\/\\\/parcsaintecroix.com\\\/fr\\\/#website\"},\"primaryImageOfPage\":{\"@id\":\"https:\\\/\\\/parcsaintecroix.com\\\/fr\\\/fair-friday-2025#primaryimage\"},\"image\":{\"@id\":\"https:\\\/\\\/parcsaintecroix.com\\\/fr\\\/fair-friday-2025#primaryimage\"},\"thumbnailUrl\":\"https:\\\/\\\/parcsaintecroix.com\\\/wp-content\\\/uploads\\\/2025\\\/10\\\/CP-Jean-Lavergne-2-scaled.jpg\",\"datePublished\":\"2025-11-26T09:04:00+00:00\",\"description\":\"Offrez un cadeau qui a du sens : Fair Friday au Parc Sainte-Croix, 5 % revers\u00e9s \u00e0 une association de protection de l\u2019ours brun.\",\"breadcrumb\":{\"@id\":\"https:\\\/\\\/parcsaintecroix.com\\\/fr\\\/fair-friday-2025#breadcrumb\"},\"inLanguage\":\"fr-FR\",\"potentialAction\":[{\"@type\":\"ReadAction\",\"target\":[\"https:\\\/\\\/parcsaintecroix.com\\\/fr\\\/fair-friday-2025\"]}]},{\"@type\":\"ImageObject\",\"inLanguage\":\"fr-FR\",\"@id\":\"https:\\\/\\\/parcsaintecroix.com\\\/fr\\\/fair-friday-2025#primaryimage\",\"url\":\"https:\\\/\\\/parcsaintecroix.com\\\/wp-content\\\/uploads\\\/2025\\\/10\\\/CP-Jean-Lavergne-2-scaled.jpg\",\"contentUrl\":\"https:\\\/\\\/parcsaintecroix.com\\\/wp-content\\\/uploads\\\/2025\\\/10\\\/CP-Jean-Lavergne-2-scaled.jpg\",\"width\":2560,\"height\":1707,\"caption\":\"\u00a9 Jean Lavergne\"},{\"@type\":\"BreadcrumbList\",\"@id\":\"https:\\\/\\\/parcsaintecroix.com\\\/fr\\\/fair-friday-2025#breadcrumb\",\"itemListElement\":[{\"@type\":\"ListItem\",\"position\":1,\"name\":\"Accueil\",\"item\":\"https:\\\/\\\/parcsaintecroix.com\\\/fr\"},{\"@type\":\"ListItem\",\"position\":2,\"name\":\"Fair Friday 2025 : Quand offrir devient un geste pour la nature !\"}]},{\"@type\":\"WebSite\",\"@id\":\"https:\\\/\\\/parcsaintecroix.com\\\/fr\\\/#website\",\"url\":\"https:\\\/\\\/parcsaintecroix.com\\\/fr\\\/\",\"name\":\"Parc de Saint Croix\",\"description\":\"\",\"publisher\":{\"@id\":\"https:\\\/\\\/parcsaintecroix.com\\\/fr\\\/#organization\"},\"inLanguage\":\"fr-FR\"},{\"@type\":\"Organization\",\"@id\":\"https:\\\/\\\/parcsaintecroix.com\\\/fr\\\/#organization\",\"name\":\"Parc de Saint Croix\",\"url\":\"https:\\\/\\\/parcsaintecroix.com\\\/fr\\\/\",\"logo\":{\"@type\":\"ImageObject\",\"inLanguage\":\"fr-FR\",\"@id\":\"https:\\\/\\\/parcsaintecroix.com\\\/fr\\\/#\\\/schema\\\/logo\\\/image\\\/\",\"url\":\"https:\\\/\\\/parcsaintecroix.com\\\/wp-content\\\/uploads\\\/2022\\\/09\\\/SainteCroix-Favicon.png\",\"contentUrl\":\"https:\\\/\\\/parcsaintecroix.com\\\/wp-content\\\/uploads\\\/2022\\\/09\\\/SainteCroix-Favicon.png\",\"width\":512,\"height\":512,\"caption\":\"Parc de Saint Croix\"},\"image\":{\"@id\":\"https:\\\/\\\/parcsaintecroix.com\\\/fr\\\/#\\\/schema\\\/logo\\\/image\\\/\"},\"sameAs\":[\"https:\\\/\\\/www.facebook.com\\\/LodgesSainteCroix\\\/\",\"https:\\\/\\\/x.com\\\/parc_stecroix\"]},{\"@type\":\"Person\",\"@id\":\"https:\\\/\\\/parcsaintecroix.com\\\/fr\\\/#\\\/schema\\\/person\\\/65f332915192f61bb9ce8f0cc3ba495b\",\"name\":\"Noemie Thiery\"}]}<\/script>\n<!-- \/ Yoast SEO plugin. -->","yoast_head_json":{"title":"Fair Friday : quand offrir devient un geste pour la nature","description":"Offrez un cadeau qui a du sens : Fair Friday au Parc Sainte-Croix, 5 % revers\u00e9s \u00e0 une association de protection de l\u2019ours brun.","robots":{"index":"index","follow":"follow","max-snippet":"max-snippet:-1","max-image-preview":"max-image-preview:large","max-video-preview":"max-video-preview:-1"},"canonical":"https:\/\/parcsaintecroix.com\/fr\/fair-friday-2025","og_locale":"fr_FR","og_type":"article","og_title":"Fair Friday : quand offrir devient un geste pour la nature","og_description":"Offrez un cadeau qui a du sens : Fair Friday au Parc Sainte-Croix, 5 % revers\u00e9s \u00e0 une association de protection de l\u2019ours brun.","og_url":"https:\/\/parcsaintecroix.com\/fr\/fair-friday-2025","og_site_name":"Parc de Saint Croix","article_publisher":"https:\/\/www.facebook.com\/LodgesSainteCroix\/","article_published_time":"2025-11-26T09:04:00+00:00","og_image":[{"width":1024,"height":683,"url":"https:\/\/parcsaintecroix.com\/wp-content\/uploads\/2025\/10\/CP-Jean-Lavergne-2-scaled-1024x683-fd90e2c36371.jpg","type":"image\/jpeg"}],"author":"Noemie Thiery","twitter_card":"summary_large_image","twitter_creator":"@parc_stecroix","twitter_site":"@parc_stecroix","twitter_misc":{"\u00c9crit par":"Noemie Thiery","Dur\u00e9e de lecture estim\u00e9e":"3 minutes"},"schema":{"@context":"https:\/\/schema.org","@graph":[{"@type":"Article","@id":"https:\/\/parcsaintecroix.com\/fr\/fair-friday-2025#article","isPartOf":{"@id":"https:\/\/parcsaintecroix.com\/fr\/fair-friday-2025"},"author":{"name":"Noemie Thiery","@id":"https:\/\/parcsaintecroix.com\/fr\/#\/schema\/person\/65f332915192f61bb9ce8f0cc3ba495b"},"headline":"Fair Friday 2025 : Quand offrir devient un geste pour la nature !","datePublished":"2025-11-26T09:04:00+00:00","mainEntityOfPage":{"@id":"https:\/\/parcsaintecroix.com\/fr\/fair-friday-2025"},"wordCount":545,"publisher":{"@id":"https:\/\/parcsaintecroix.com\/fr\/#organization"},"image":{"@id":"https:\/\/parcsaintecroix.com\/fr\/fair-friday-2025#primaryimage"},"thumbnailUrl":"https:\/\/parcsaintecroix.com\/wp-content\/uploads\/2025\/10\/CP-Jean-Lavergne-2-scaled.jpg","articleSection":["Associatif","\u00c9v\u00e9nement"],"inLanguage":"fr-FR"},{"@type":"WebPage","@id":"https:\/\/parcsaintecroix.com\/fr\/fair-friday-2025","url":"https:\/\/parcsaintecroix.com\/fr\/fair-friday-2025","name":"Fair Friday : quand offrir devient un geste pour la nature","isPartOf":{"@id":"https:\/\/parcsaintecroix.com\/fr\/#website"},"primaryImageOfPage":{"@id":"https:\/\/parcsaintecroix.com\/fr\/fair-friday-2025#primaryimage"},"image":{"@id":"https:\/\/parcsaintecroix.com\/fr\/fair-friday-2025#primaryimage"},"thumbnailUrl":"https:\/\/parcsaintecroix.com\/wp-content\/uploads\/2025\/10\/CP-Jean-Lavergne-2-scaled.jpg","datePublished":"2025-11-26T09:04:00+00:00","description":"Offrez un cadeau qui a du sens : Fair Friday au Parc Sainte-Croix, 5 % revers\u00e9s \u00e0 une association de protection de l\u2019ours brun.","breadcrumb":{"@id":"https:\/\/parcsaintecroix.com\/fr\/fair-friday-2025#breadcrumb"},"inLanguage":"fr-FR","potentialAction":[{"@type":"ReadAction","target":["https:\/\/parcsaintecroix.com\/fr\/fair-friday-2025"]}]},{"@type":"ImageObject","inLanguage":"fr-FR","@id":"https:\/\/parcsaintecroix.com\/fr\/fair-friday-2025#primaryimage","url":"https:\/\/parcsaintecroix.com\/wp-content\/uploads\/2025\/10\/CP-Jean-Lavergne-2-scaled.jpg","contentUrl":"https:\/\/parcsaintecroix.com\/wp-content\/uploads\/2025\/10\/CP-Jean-Lavergne-2-scaled.jpg","width":2560,"height":1707,"caption":"\u00a9 Jean Lavergne"},{"@type":"BreadcrumbList","@id":"https:\/\/parcsaintecroix.com\/fr\/fair-friday-2025#breadcrumb","itemListElement":[{"@type":"ListItem","position":1,"name":"Accueil","item":"https:\/\/parcsaintecroix.com\/fr"},{"@type":"ListItem","position":2,"name":"Fair Friday 2025 : Quand offrir devient un geste pour la nature !"}]},{"@type":"WebSite","@id":"https:\/\/parcsaintecroix.com\/fr\/#website","url":"https:\/\/parcsaintecroix.com\/fr\/","name":"Parc de Saint Croix","description":"","publisher":{"@id":"https:\/\/parcsaintecroix.com\/fr\/#organization"},"inLanguage":"fr-FR"},{"@type":"Organization","@id":"https:\/\/parcsaintecroix.com\/fr\/#organization","name":"Parc de Saint Croix","url":"https:\/\/parcsaintecroix.com\/fr\/","logo":{"@type":"ImageObject","inLanguage":"fr-FR","@id":"https:\/\/parcsaintecroix.com\/fr\/#\/schema\/logo\/image\/","url":"https:\/\/parcsaintecroix.com\/wp-content\/uploads\/2022\/09\/SainteCroix-Favicon.png","contentUrl":"https:\/\/parcsaintecroix.com\/wp-content\/uploads\/2022\/09\/SainteCroix-Favicon.png","width":512,"height":512,"caption":"Parc de Saint Croix"},"image":{"@id":"https:\/\/parcsaintecroix.com\/fr\/#\/schema\/logo\/image\/"},"sameAs":["https:\/\/www.facebook.com\/LodgesSainteCroix\/","https:\/\/x.com\/parc_stecroix"]},{"@type":"Person","@id":"https:\/\/parcsaintecroix.com\/fr\/#\/schema\/person\/65f332915192f61bb9ce8f0cc3ba495b","name":"Noemie Thiery"}]}},"_links":{"self":[{"href":"https:\/\/parcsaintecroix.com\/fr\/wp-json\/wp\/v2\/posts\/38497","targetHints":{"allow":["GET"]}}],"collection":[{"href":"https:\/\/parcsaintecroix.com\/fr\/wp-json\/wp\/v2\/posts"}],"about":[{"href":"https:\/\/parcsaintecroix.com\/fr\/wp-json\/wp\/v2\/types\/post"}],"author":[{"embeddable":true,"href":"https:\/\/parcsaintecroix.com\/fr\/wp-json\/wp\/v2\/users\/10"}],"replies":[{"embeddable":true,"href":"https:\/\/parcsaintecroix.com\/fr\/wp-json\/wp\/v2\/comments?post=38497"}],"version-history":[{"count":5,"href":"https:\/\/parcsaintecroix.com\/fr\/wp-json\/wp\/v2\/posts\/38497\/revisions"}],"predecessor-version":[{"id":38507,"href":"https:\/\/parcsaintecroix.com\/fr\/wp-json\/wp\/v2\/posts\/38497\/revisions\/38507"}],"wp:featuredmedia":[{"embeddable":true,"href":"https:\/\/parcsaintecroix.com\/fr\/wp-json\/wp\/v2\/media\/38085"}],"wp:attachment":[{"href":"https:\/\/parcsaintecroix.com\/fr\/wp-json\/wp\/v2\/media?parent=38497"}],"wp:term":[{"taxonomy":"category","embeddable":true,"href":"https:\/\/parcsaintecroix.com\/fr\/wp-json\/wp\/v2\/categories?post=38497"},{"taxonomy":"post_tag","embeddable":true,"href":"https:\/\/parcsaintecroix.com\/fr\/wp-json\/wp\/v2\/tags?post=38497"}],"curies":[{"name":"wp","href":"https:\/\/api.w.org\/{rel}","templated":true}]}}