{"id":38694,"date":"2026-04-30T20:32:32","date_gmt":"2026-04-30T18:32:32","guid":{"rendered":"https:\/\/parcsaintecroix.com\/?p=38694"},"modified":"2026-04-30T20:32:36","modified_gmt":"2026-04-30T18:32:36","slug":"le-renard-roux-en-france-une-espece-nuisible","status":"publish","type":"post","link":"https:\/\/parcsaintecroix.com\/fr\/le-renard-roux-en-france-une-espece-nuisible","title":{"rendered":"Le renard roux en France : une esp\u00e8ce nuisible ?"},"content":{"rendered":"<section class=\"block-grid-wrapper block-grid-for-core-paragraph\">\n      <div class=\"default-editor-content grid-for-core-paragraph grid-container fluid fluid\">\n        <div class=\"grid-x grid-padding-x align-center\">\n          <div class=\"cell\">\n            \n<p class=\"has-text-align-center\">Longtemps consid\u00e9r\u00e9 comme une esp\u00e8ce animale nuisible, le <a href=\"https:\/\/parcsaintecroix.com\/fr\/animaux\/renard-roux\">renard roux<\/a> est encore aujourd\u2019hui porteur de nombreux pr\u00e9jug\u00e9s. Ceux-ci sont notamment li\u00e9 \u00e0 la ruse et \u00e0 la nuisance dans les contes, la tradition rurale et les conflits avec l\u2019\u00e9levage, ce qui a durablement fa\u00e7onn\u00e9 une image n\u00e9gative malgr\u00e9 son r\u00f4le \u00e9cologique essentiel.<br>Pourtant, les <a href=\"https:\/\/www.anses.fr\/system\/files\/SABA2022SA0049Ra.pdf?utm_source=chatgpt.com\">\u00e9tudes scientifiques<\/a> et l\u2019observation des renards en France montrent une r\u00e9alit\u00e9 bien diff\u00e9rente&nbsp;: le renard est un acteur essentiel de la biodiversit\u00e9 rurale. Contrairement \u00e0 ce que les comptines nous ont appris dans l\u2019enfance, en France, le renard participe \u00e0 la protection des cultures, \u00e0 l\u2019\u00e9quilibre des populations animales et m\u00eame \u00e0 la r\u00e9duction de certains risques sanitaires.<\/p>\n          <\/div>\n        <\/div>\n      <\/div>\n\n      <\/section>\n\n<section class=\"block-grid-wrapper block-grid-for-core-image\">\n      <div class=\"default-editor-content grid-for-core-image grid-container fluid fluid\">\n        <div class=\"grid-x grid-padding-x align-center\">\n          <div class=\"cell\">\n            \n<figure class=\"wp-block-image aligncenter size-large is-resized\"><img decoding=\"async\" src=\"https:\/\/parcsaintecroix.com\/wp-content\/uploads\/2025\/12\/cp-e-wittwer-19-1024x682.jpg\" alt=\"\" class=\"wp-image-38697\" style=\"width:587px;height:auto\"\/><\/figure>\n          <\/div>\n        <\/div>\n      <\/div>\n\n      <\/section>\n\n<section class=\"block-grid-wrapper block-grid-for-core-paragraph\">\n      <div class=\"default-editor-content grid-for-core-paragraph grid-container fluid fluid\">\n        <div class=\"grid-x grid-padding-x align-center\">\n          <div class=\"cell\">\n            \n<p><\/p>\n          <\/div>\n        <\/div>\n      <\/div>\n\n      <\/section>\n\n<section class=\"block-grid-wrapper block-grid-for-core-heading\">\n      <div class=\"default-editor-content grid-for-core-heading grid-container fluid fluid\">\n        <div class=\"grid-x grid-padding-x align-center\">\n          <div class=\"cell\">\n            \n<h2 class=\"wp-block-heading has-text-align-left\"><strong><strong><strong>Un alli\u00e9 essentiel, mais pourquoi ?<\/strong><\/strong><\/strong><\/h2>\n          <\/div>\n        <\/div>\n      <\/div>\n\n      <\/section>\n\n<section class=\"block-grid-wrapper block-grid-for-core-heading\">\n      <div class=\"default-editor-content grid-for-core-heading grid-container fluid fluid\">\n        <div class=\"grid-x grid-padding-x align-center\">\n          <div class=\"cell\">\n            \n<h3 class=\"wp-block-heading\"><strong>Un app\u00e9tit de renard<\/strong><\/h3>\n          <\/div>\n        <\/div>\n      <\/div>\n\n      <\/section>\n\n<section class=\"block-grid-wrapper block-grid-for-core-paragraph\">\n      <div class=\"default-editor-content grid-for-core-paragraph grid-container fluid fluid\">\n        <div class=\"grid-x grid-padding-x align-center\">\n          <div class=\"cell\">\n            \n<p>6 000 \u00e0 10 000 rats et souris par an, c\u2019est ce qu\u2019un seul renard consomme. Ce r\u00f4le de r\u00e9gulateur naturel est pr\u00e9cieux pour les agriculteurs en limitant la population des rongeurs et \u00e0 r\u00e9duire les d\u00e9g\u00e2ts des cultures.<\/p>\n          <\/div>\n        <\/div>\n      <\/div>\n\n      <\/section>\n\n<section class=\"block-grid-wrapper block-grid-for-core-heading\">\n      <div class=\"default-editor-content grid-for-core-heading grid-container fluid fluid\">\n        <div class=\"grid-x grid-padding-x align-center\">\n          <div class=\"cell\">\n            \n<h3 class=\"wp-block-heading\"><strong>Un rempart naturel contre la maladie de Lyme : comment le renard combat la prolif\u00e9ration des tiques dans nos r\u00e9gions ?<\/strong><\/h3>\n          <\/div>\n        <\/div>\n      <\/div>\n\n      <\/section>\n\n<section class=\"block-grid-wrapper block-grid-for-core-paragraph\">\n      <div class=\"default-editor-content grid-for-core-paragraph grid-container fluid fluid\">\n        <div class=\"grid-x grid-padding-x align-center\">\n          <div class=\"cell\">\n            \n<p>En r\u00e9gulant les populations de rongeurs, principaux h\u00f4tes des tiques et autres acariens, le renard roux contribue \u00e0 limiter la propagation de la maladie de Lyme, aussi appel\u00e9e borr\u00e9liose de Lyme.<br>Moins de rongeurs signifie moins de tiques infect\u00e9es dans les zones riches en pr\u00e9dateurs, ce qui r\u00e9duit les risques de transmission aux humains. Sa pr\u00e9sence freine \u00e9galement la r\u00e9installation durable de ces parasites dans les milieux naturels.<\/p>\n          <\/div>\n        <\/div>\n      <\/div>\n\n      <\/section>\n\n<section class=\"block-grid-wrapper block-grid-for-core-paragraph\">\n      <div class=\"default-editor-content grid-for-core-paragraph grid-container fluid fluid\">\n        <div class=\"grid-x grid-padding-x align-center\">\n          <div class=\"cell\">\n            \n<p><\/p>\n          <\/div>\n        <\/div>\n      <\/div>\n\n      <\/section>\n\n<section class=\"block-grid-wrapper block-grid-for-core-heading\">\n      <div class=\"default-editor-content grid-for-core-heading grid-container fluid fluid\">\n        <div class=\"grid-x grid-padding-x align-center\">\n          <div class=\"cell\">\n            \n<h3 class=\"wp-block-heading\"><strong>La chasse du renard : une esp\u00e8ce qui s\u2019autor\u00e9gule<\/strong><\/h3>\n          <\/div>\n        <\/div>\n      <\/div>\n\n      <\/section>\n\n<section class=\"block-grid-wrapper block-grid-for-core-paragraph\">\n      <div class=\"default-editor-content grid-for-core-paragraph grid-container fluid fluid\">\n        <div class=\"grid-x grid-padding-x align-center\">\n          <div class=\"cell\">\n            \n<p>Contrairement aux id\u00e9es re\u00e7ues, le renard roux ne se reproduit pas de mani\u00e8re anarchique\u202f: sa population s\u2019ajuste naturellement \u00e0 la disponibilit\u00e9 des ressources. Lorsque la nourriture se fait rare, les port\u00e9es diminuent, et quand un territoire manque d\u2019espace, certains individus choisissent de ne pas s\u2019y installer, limitant ainsi les risques de surpopulation. Malgr\u00e9 cette autor\u00e9gulation, le renard peut \u00eatre class\u00e9 en France comme esp\u00e8ce susceptible d\u2019occasionner des d\u00e9g\u00e2ts (ESOD) selon des arr\u00eat\u00e9s pr\u00e9fectoraux, pris \u00e0 l\u2019\u00e9chelle des r\u00e9gions en fonction de contextes locaux agricoles ou sanitaires. <br><br>Ce statut variable entra\u00eene une pression de chasse in\u00e9gale, qui peut paradoxalement stimuler la reproduction et la recolonisation des territoires laiss\u00e9s vacants. \u00c0 l\u2019inverse, des pays comme l\u2019Angleterre, o\u00f9 l\u2019esp\u00e8ce n\u2019est plus chass\u00e9e, montrent que l\u2019absence de pr\u00e9l\u00e8vement ne conduit pas \u00e0 une explosion des effectifs mais plut\u00f4t \u00e0 une adaptation des renards aux zones urbaines, illustrant une fois encore que la nature tend \u00e0 combler les vides cr\u00e9\u00e9s.<\/p>\n          <\/div>\n        <\/div>\n      <\/div>\n\n      <\/section>\n\n<section class=\"block-grid-wrapper block-grid-for-core-gallery\">\n      <div class=\"default-editor-content grid-for-core-gallery grid-container fluid fluid\">\n        <div class=\"grid-x grid-padding-x align-center\">\n          <div class=\"cell\">\n            \n<figure class=\"wp-block-gallery has-nested-images columns-default is-cropped wp-block-gallery-1 is-layout-flex wp-block-gallery-is-layout-flex\">\n<figure class=\"wp-block-image size-large\"><img loading=\"lazy\" decoding=\"async\" width=\"1024\" height=\"683\" data-id=\"38705\" src=\"https:\/\/parcsaintecroix.com\/wp-content\/uploads\/2025\/12\/cp-cindy-d-3-3-scaled-1024x683-fd90e2c36371.jpg\" alt=\"\" class=\"wp-image-38705\" srcset=\"https:\/\/parcsaintecroix.com\/wp-content\/uploads\/2025\/12\/cp-cindy-d-3-3-scaled-1024x683-fd90e2c36371.jpg 1024w, https:\/\/parcsaintecroix.com\/wp-content\/uploads\/2025\/12\/cp-cindy-d-3-3-scaled-300x200-512c1e2135f8.jpg 300w, https:\/\/parcsaintecroix.com\/wp-content\/uploads\/2025\/12\/cp-cindy-d-3-3-scaled-768x512-b56108145cc7.jpg 768w, https:\/\/parcsaintecroix.com\/wp-content\/uploads\/2025\/12\/cp-cindy-d-3-3-scaled-1536x1024-3c33d8efde71.jpg 1536w, https:\/\/parcsaintecroix.com\/wp-content\/uploads\/2025\/12\/cp-cindy-d-3-3-scaled-2048x1366-539fcd4e84ba.jpg 2048w, https:\/\/parcsaintecroix.com\/wp-content\/uploads\/2025\/12\/cp-cindy-d-3-3-scaled-100x67-fab7673e88b9.jpg 100w\" sizes=\"auto, (max-width: 1024px) 100vw, 1024px\" \/><\/figure>\n\n\n\n<figure class=\"wp-block-image size-large\"><img loading=\"lazy\" decoding=\"async\" width=\"1024\" height=\"683\" data-id=\"38704\" src=\"https:\/\/parcsaintecroix.com\/wp-content\/uploads\/2025\/12\/CP-Denis-Beck-1-1024x683-fd90e2c36371.jpg\" alt=\"\" class=\"wp-image-38704\" srcset=\"https:\/\/parcsaintecroix.com\/wp-content\/uploads\/2025\/12\/CP-Denis-Beck-1-1024x683-fd90e2c36371.jpg 1024w, https:\/\/parcsaintecroix.com\/wp-content\/uploads\/2025\/12\/CP-Denis-Beck-1-300x200-512c1e2135f8.jpg 300w, https:\/\/parcsaintecroix.com\/wp-content\/uploads\/2025\/12\/CP-Denis-Beck-1-768x512-b56108145cc7.jpg 768w, https:\/\/parcsaintecroix.com\/wp-content\/uploads\/2025\/12\/CP-Denis-Beck-1-1536x1024-3c33d8efde71.jpg 1536w, https:\/\/parcsaintecroix.com\/wp-content\/uploads\/2025\/12\/CP-Denis-Beck-1-100x67-fab7673e88b9.jpg 100w, https:\/\/parcsaintecroix.com\/wp-content\/uploads\/2025\/12\/CP-Denis-Beck-1.jpg 2048w\" sizes=\"auto, (max-width: 1024px) 100vw, 1024px\" \/><\/figure>\n<\/figure>\n          <\/div>\n        <\/div>\n      <\/div>\n\n      <\/section>\n\n<section class=\"block-grid-wrapper block-grid-for-core-paragraph\">\n      <div class=\"default-editor-content grid-for-core-paragraph grid-container fluid fluid\">\n        <div class=\"grid-x grid-padding-x align-center\">\n          <div class=\"cell\">\n            \n<p><\/p>\n          <\/div>\n        <\/div>\n      <\/div>\n\n      <\/section>\n\n<section class=\"block-grid-wrapper block-grid-for-core-heading\">\n      <div class=\"default-editor-content grid-for-core-heading grid-container fluid fluid\">\n        <div class=\"grid-x grid-padding-x align-center\">\n          <div class=\"cell\">\n            \n<h2 class=\"wp-block-heading\"><strong>Le renard roux : Id\u00e9es re\u00e7ues vs r\u00e9alit\u00e9<\/strong><\/h2>\n          <\/div>\n        <\/div>\n      <\/div>\n\n      <\/section>\n\n<section class=\"block-grid-wrapper block-grid-for-core-heading\">\n      <div class=\"default-editor-content grid-for-core-heading grid-container fluid fluid\">\n        <div class=\"grid-x grid-padding-x align-center\">\n          <div class=\"cell\">\n            \n<h3 class=\"wp-block-heading\"><strong>Mythe&nbsp;: \u00ab&nbsp;le renard est un pilleur de poulaillers&nbsp;\u00bb<\/strong><\/h3>\n          <\/div>\n        <\/div>\n      <\/div>\n\n      <\/section>\n\n<section class=\"block-grid-wrapper block-grid-for-core-paragraph\">\n      <div class=\"default-editor-content grid-for-core-paragraph grid-container fluid fluid\">\n        <div class=\"grid-x grid-padding-x align-center\">\n          <div class=\"cell\">\n            \n<p>R\u00e9alit\u00e9&nbsp;: c\u2019est un opportuniste. Un poulailler correctement s\u00e9curis\u00e9 avec un grillage enterr\u00e9 et des cl\u00f4tures solides suffit \u00e0 le dissuader.<\/p>\n          <\/div>\n        <\/div>\n      <\/div>\n\n      <\/section>\n\n<section class=\"block-grid-wrapper block-grid-for-core-heading\">\n      <div class=\"default-editor-content grid-for-core-heading grid-container fluid fluid\">\n        <div class=\"grid-x grid-padding-x align-center\">\n          <div class=\"cell\">\n            \n<h3 class=\"wp-block-heading\"><strong>Mythe \u00ab les renards s\u2019attaquent au gibier \u00bb<\/strong><\/h3>\n          <\/div>\n        <\/div>\n      <\/div>\n\n      <\/section>\n\n<section class=\"block-grid-wrapper block-grid-for-core-paragraph\">\n      <div class=\"default-editor-content grid-for-core-paragraph grid-container fluid fluid\">\n        <div class=\"grid-x grid-padding-x align-center\">\n          <div class=\"cell\">\n            \n<p>L\u2019impact du renard sur la faune sauvage est dans la r\u00e9alit\u00e9 assez limit\u00e9. Le renard roux chasse principalement des proies faciles \u00e0 attraper, comme les petits rongeurs, les insectes ou les oiseaux et non du gibier comme on pourrait le croire. Le renard joue alors un r\u00f4le naturel dans l\u2019\u00e9quilibre des \u00e9cosyst\u00e8mes en r\u00e9gulant ces populations.<\/p>\n          <\/div>\n        <\/div>\n      <\/div>\n\n      <\/section>\n\n<section class=\"block-grid-wrapper block-grid-for-core-heading\">\n      <div class=\"default-editor-content grid-for-core-heading grid-container fluid fluid\">\n        <div class=\"grid-x grid-padding-x align-center\">\n          <div class=\"cell\">\n            \n<h3 class=\"wp-block-heading\"><strong>Mythe \u00ab&nbsp;les renards propagent des maladies&nbsp;\u00bb<\/strong><\/h3>\n          <\/div>\n        <\/div>\n      <\/div>\n\n      <\/section>\n\n<section class=\"block-grid-wrapper block-grid-for-core-paragraph\">\n      <div class=\"default-editor-content grid-for-core-paragraph grid-container fluid fluid\">\n        <div class=\"grid-x grid-padding-x align-center\">\n          <div class=\"cell\">\n            \n<p>Le r\u00f4le du renard est souvent surestim\u00e9. Dans certains cas, la chasse intensive va m\u00eame jusqu&rsquo;\u00e0 favoriser la propagation de certaines maladies, en perturbant les structures familiales et en incitant les renards \u00e0 se d\u00e9placer sur de plus grandes distances, l&rsquo;humain est donc \u00e0 l&rsquo;origine de ces propagations. Au contraire, le renard contribue g\u00e9n\u00e9ralement \u00e0 limiter la diffusion de ces maladies. La seule affection qu\u2019il peut transmettre de mani\u00e8re significative reste la gale.<\/p>\n          <\/div>\n        <\/div>\n      <\/div>\n\n      <\/section>\n\n<section class=\"block-grid-wrapper block-grid-for-core-heading\">\n      <div class=\"default-editor-content grid-for-core-heading grid-container fluid fluid\">\n        <div class=\"grid-x grid-padding-x align-center\">\n          <div class=\"cell\">\n            \n<h2 class=\"wp-block-heading\"><strong>Le renard roux en France : un animal \u00e0 r\u00e9habiliter<\/strong><\/h2>\n          <\/div>\n        <\/div>\n      <\/div>\n\n      <\/section>\n\n<section class=\"block-grid-wrapper block-grid-for-core-paragraph\">\n      <div class=\"default-editor-content grid-for-core-paragraph grid-container fluid fluid\">\n        <div class=\"grid-x grid-padding-x align-center\">\n          <div class=\"cell\">\n            \n<p>Protecteur des cultures, r\u00e9gulateur naturel, alli\u00e9 contre la maladie de Lyme et acteur cl\u00e9 de la biodiversit\u00e9 rurale, le renard joue un r\u00f4le bien plus positif qu\u2019on ne l\u2019imagine. Le comprendre, c\u2019est aussi prot\u00e9ger les \u00e9quilibres fragiles de nos campagnes.<\/p>\n          <\/div>\n        <\/div>\n      <\/div>\n\n      <\/section>\n\n\n<section  class=\"wp-block-acf-home-insta-slider-v2  block-index-24 section-content section-home-insta-slider section-home-insta-slider-v2\"   itemprop=\"hasPart\" itemscope itemtype=\"https:\/\/schema.org\/WebPageElement\">\n\n  <div class=\"grid-container fluid grid-insta\">\n\n    \n    \n  <\/div>\n\n      <div class=\"home-insta-slider home-insta-slider-v2\">\n                <div>\n            \n            <figure>\n              <picture><source srcset=\"data:image\/svg+xml;base64,PHN2ZyB4bWxucz0naHR0cDovL3d3dy53My5vcmcvMjAwMC9zdmcnIHk9JzAnIHg9JzAnIHdpZHRoPScxMzY2JyBoZWlnaHQ9JzEzNjYnIHZpZXdCb3g9JzAgMCAxMzY2IDEzNjYnPjwvc3ZnPg==\" data-srcset=\"https:\/\/parcsaintecroix.com\/wp-content\/uploads\/2025\/12\/CP-Alyssa-Oster-1366x1366-9a47d799afc0.jpg\" media=\"(min-width: 90rem) and (min-resolution: 192dpi), (min-width: 90rem) and (-webkit-min-device-pixel-ratio: 2)\"><source srcset=\"data:image\/svg+xml;base64,PHN2ZyB4bWxucz0naHR0cDovL3d3dy53My5vcmcvMjAwMC9zdmcnIHk9JzAnIHg9JzAnIHdpZHRoPScxMTE0JyBoZWlnaHQ9JzExMTQnIHZpZXdCb3g9JzAgMCAxMTE0IDExMTQnPjwvc3ZnPg==\" data-srcset=\"https:\/\/parcsaintecroix.com\/wp-content\/uploads\/2025\/12\/CP-Alyssa-Oster-1114x1114-9019338081fd.jpg\" media=\"(min-width: 75rem) and (min-resolution: 192dpi), (min-width: 75rem) and (-webkit-min-device-pixel-ratio: 2)\"><source srcset=\"data:image\/svg+xml;base64,PHN2ZyB4bWxucz0naHR0cDovL3d3dy53My5vcmcvMjAwMC9zdmcnIHk9JzAnIHg9JzAnIHdpZHRoPSc3NDAnIGhlaWdodD0nNzQwJyB2aWV3Qm94PScwIDAgNzQwIDc0MCc+PC9zdmc+\" data-srcset=\"https:\/\/parcsaintecroix.com\/wp-content\/uploads\/2025\/12\/CP-Alyssa-Oster-740x740-541343d2b933.jpg\" media=\"(min-width: 64rem) and (min-resolution: 192dpi), (min-width: 64rem) and (-webkit-min-device-pixel-ratio: 2)\"><source srcset=\"data:image\/svg+xml;base64,PHN2ZyB4bWxucz0naHR0cDovL3d3dy53My5vcmcvMjAwMC9zdmcnIHk9JzAnIHg9JzAnIHdpZHRoPSc0OTInIGhlaWdodD0nNDkyJyB2aWV3Qm94PScwIDAgNDkyIDQ5Mic+PC9zdmc+\" data-srcset=\"https:\/\/parcsaintecroix.com\/wp-content\/uploads\/2025\/12\/CP-Alyssa-Oster-492x492-11f09bf121b8.jpg\" media=\"(min-resolution: 192dpi), (-webkit-min-device-pixel-ratio: 2)\"><source srcset=\"data:image\/svg+xml;base64,PHN2ZyB4bWxucz0naHR0cDovL3d3dy53My5vcmcvMjAwMC9zdmcnIHk9JzAnIHg9JzAnIHdpZHRoPSc3MTcnIGhlaWdodD0nNzE3JyB2aWV3Qm94PScwIDAgNzE3IDcxNyc+PC9zdmc+\" data-srcset=\"https:\/\/parcsaintecroix.com\/wp-content\/uploads\/2025\/12\/CP-Alyssa-Oster-717x717-63289f274e1a.jpg\" media=\"(min-width: 90rem)\"><source srcset=\"data:image\/svg+xml;base64,PHN2ZyB4bWxucz0naHR0cDovL3d3dy53My5vcmcvMjAwMC9zdmcnIHk9JzAnIHg9JzAnIHdpZHRoPSc1NTcnIGhlaWdodD0nNTU3JyB2aWV3Qm94PScwIDAgNTU3IDU1Nyc+PC9zdmc+\" data-srcset=\"https:\/\/parcsaintecroix.com\/wp-content\/uploads\/2025\/12\/CP-Alyssa-Oster-557x557-87d4579f6953.jpg\" media=\"(min-width: 75rem)\"><source srcset=\"data:image\/svg+xml;base64,PHN2ZyB4bWxucz0naHR0cDovL3d3dy53My5vcmcvMjAwMC9zdmcnIHk9JzAnIHg9JzAnIHdpZHRoPSczNzAnIGhlaWdodD0nMzcwJyB2aWV3Qm94PScwIDAgMzcwIDM3MCc+PC9zdmc+\" data-srcset=\"https:\/\/parcsaintecroix.com\/wp-content\/uploads\/2025\/12\/CP-Alyssa-Oster-370x370-dcf66bb03c69.jpg\" media=\"(min-width: 64rem)\"><img loading=\"lazy\" decoding=\"async\" src=\"data:image\/svg+xml;base64,PHN2ZyB4bWxucz0naHR0cDovL3d3dy53My5vcmcvMjAwMC9zdmcnIHk9JzAnIHg9JzAnIHdpZHRoPScyNDYnIGhlaWdodD0nMjQ2JyB2aWV3Qm94PScwIDAgMjQ2IDI0Nic+PC9zdmc+\"  width=\"246\" height=\"246\" data-fade-in data-lazy-img data-src=\"https:\/\/parcsaintecroix.com\/wp-content\/uploads\/2025\/12\/CP-Alyssa-Oster-246x246-f0cddf1a034a.jpg\" alt=\"\" style=\";--aspect-ratio-small: 1;--aspect-ratio-large: 1;--aspect-ratio-xlarge: 1;--aspect-ratio-xxlarge: 1;--aspect-ratio-retina: 1;--aspect-ratio-large_retina: 1;--aspect-ratio-xlarge_retina: 1;--aspect-ratio-xxlarge_retina: 1\" data-has-aspect-ratio=\"true\" \/><\/picture>            <\/figure>\n\n                      <\/div>\n                  <div>\n            \n            <figure>\n              <picture><source srcset=\"data:image\/svg+xml;base64,PHN2ZyB4bWxucz0naHR0cDovL3d3dy53My5vcmcvMjAwMC9zdmcnIHk9JzAnIHg9JzAnIHdpZHRoPScxNDM0JyBoZWlnaHQ9JzE0MzQnIHZpZXdCb3g9JzAgMCAxNDM0IDE0MzQnPjwvc3ZnPg==\" data-srcset=\"https:\/\/parcsaintecroix.com\/wp-content\/uploads\/2025\/12\/cp-bapts-photography-5-1434x1434-9a47d799afc0.jpg\" media=\"(min-width: 90rem) and (min-resolution: 192dpi), (min-width: 90rem) and (-webkit-min-device-pixel-ratio: 2)\"><source srcset=\"data:image\/svg+xml;base64,PHN2ZyB4bWxucz0naHR0cDovL3d3dy53My5vcmcvMjAwMC9zdmcnIHk9JzAnIHg9JzAnIHdpZHRoPScxMTE0JyBoZWlnaHQ9JzExMTQnIHZpZXdCb3g9JzAgMCAxMTE0IDExMTQnPjwvc3ZnPg==\" data-srcset=\"https:\/\/parcsaintecroix.com\/wp-content\/uploads\/2025\/12\/cp-bapts-photography-5-1114x1114-9019338081fd.jpg\" media=\"(min-width: 75rem) and (min-resolution: 192dpi), (min-width: 75rem) and (-webkit-min-device-pixel-ratio: 2)\"><source srcset=\"data:image\/svg+xml;base64,PHN2ZyB4bWxucz0naHR0cDovL3d3dy53My5vcmcvMjAwMC9zdmcnIHk9JzAnIHg9JzAnIHdpZHRoPSc3NDAnIGhlaWdodD0nNzQwJyB2aWV3Qm94PScwIDAgNzQwIDc0MCc+PC9zdmc+\" data-srcset=\"https:\/\/parcsaintecroix.com\/wp-content\/uploads\/2025\/12\/cp-bapts-photography-5-740x740-541343d2b933.jpg\" media=\"(min-width: 64rem) and (min-resolution: 192dpi), (min-width: 64rem) and (-webkit-min-device-pixel-ratio: 2)\"><source srcset=\"data:image\/svg+xml;base64,PHN2ZyB4bWxucz0naHR0cDovL3d3dy53My5vcmcvMjAwMC9zdmcnIHk9JzAnIHg9JzAnIHdpZHRoPSc0OTInIGhlaWdodD0nNDkyJyB2aWV3Qm94PScwIDAgNDkyIDQ5Mic+PC9zdmc+\" data-srcset=\"https:\/\/parcsaintecroix.com\/wp-content\/uploads\/2025\/12\/cp-bapts-photography-5-492x492-11f09bf121b8.jpg\" media=\"(min-resolution: 192dpi), (-webkit-min-device-pixel-ratio: 2)\"><source srcset=\"data:image\/svg+xml;base64,PHN2ZyB4bWxucz0naHR0cDovL3d3dy53My5vcmcvMjAwMC9zdmcnIHk9JzAnIHg9JzAnIHdpZHRoPSc3MTcnIGhlaWdodD0nNzE3JyB2aWV3Qm94PScwIDAgNzE3IDcxNyc+PC9zdmc+\" data-srcset=\"https:\/\/parcsaintecroix.com\/wp-content\/uploads\/2025\/12\/cp-bapts-photography-5-717x717-63289f274e1a.jpg\" media=\"(min-width: 90rem)\"><source srcset=\"data:image\/svg+xml;base64,PHN2ZyB4bWxucz0naHR0cDovL3d3dy53My5vcmcvMjAwMC9zdmcnIHk9JzAnIHg9JzAnIHdpZHRoPSc1NTcnIGhlaWdodD0nNTU3JyB2aWV3Qm94PScwIDAgNTU3IDU1Nyc+PC9zdmc+\" data-srcset=\"https:\/\/parcsaintecroix.com\/wp-content\/uploads\/2025\/12\/cp-bapts-photography-5-557x557-87d4579f6953.jpg\" media=\"(min-width: 75rem)\"><source srcset=\"data:image\/svg+xml;base64,PHN2ZyB4bWxucz0naHR0cDovL3d3dy53My5vcmcvMjAwMC9zdmcnIHk9JzAnIHg9JzAnIHdpZHRoPSczNzAnIGhlaWdodD0nMzcwJyB2aWV3Qm94PScwIDAgMzcwIDM3MCc+PC9zdmc+\" data-srcset=\"https:\/\/parcsaintecroix.com\/wp-content\/uploads\/2025\/12\/cp-bapts-photography-5-370x370-dcf66bb03c69.jpg\" media=\"(min-width: 64rem)\"><img loading=\"lazy\" decoding=\"async\" src=\"data:image\/svg+xml;base64,PHN2ZyB4bWxucz0naHR0cDovL3d3dy53My5vcmcvMjAwMC9zdmcnIHk9JzAnIHg9JzAnIHdpZHRoPScyNDYnIGhlaWdodD0nMjQ2JyB2aWV3Qm94PScwIDAgMjQ2IDI0Nic+PC9zdmc+\"  width=\"246\" height=\"246\" data-fade-in data-lazy-img data-src=\"https:\/\/parcsaintecroix.com\/wp-content\/uploads\/2025\/12\/cp-bapts-photography-5-246x246-f0cddf1a034a.jpg\" alt=\"\" style=\";--aspect-ratio-small: 1;--aspect-ratio-large: 1;--aspect-ratio-xlarge: 1;--aspect-ratio-xxlarge: 1;--aspect-ratio-retina: 1;--aspect-ratio-large_retina: 1;--aspect-ratio-xlarge_retina: 1;--aspect-ratio-xxlarge_retina: 1\" data-has-aspect-ratio=\"true\" \/><\/picture>            <\/figure>\n\n                      <\/div>\n                  <div>\n            \n            <figure>\n              <picture><source srcset=\"data:image\/svg+xml;base64,PHN2ZyB4bWxucz0naHR0cDovL3d3dy53My5vcmcvMjAwMC9zdmcnIHk9JzAnIHg9JzAnIHdpZHRoPScxNDM0JyBoZWlnaHQ9JzE0MzQnIHZpZXdCb3g9JzAgMCAxNDM0IDE0MzQnPjwvc3ZnPg==\" data-srcset=\"https:\/\/parcsaintecroix.com\/wp-content\/uploads\/2025\/12\/CP-Emilie-Scherrer-2-scaled-1434x1434-9a47d799afc0.jpg\" media=\"(min-width: 90rem) and (min-resolution: 192dpi), (min-width: 90rem) and (-webkit-min-device-pixel-ratio: 2)\"><source srcset=\"data:image\/svg+xml;base64,PHN2ZyB4bWxucz0naHR0cDovL3d3dy53My5vcmcvMjAwMC9zdmcnIHk9JzAnIHg9JzAnIHdpZHRoPScxMTE0JyBoZWlnaHQ9JzExMTQnIHZpZXdCb3g9JzAgMCAxMTE0IDExMTQnPjwvc3ZnPg==\" data-srcset=\"https:\/\/parcsaintecroix.com\/wp-content\/uploads\/2025\/12\/CP-Emilie-Scherrer-2-scaled-1114x1114-9019338081fd.jpg\" media=\"(min-width: 75rem) and (min-resolution: 192dpi), (min-width: 75rem) and (-webkit-min-device-pixel-ratio: 2)\"><source srcset=\"data:image\/svg+xml;base64,PHN2ZyB4bWxucz0naHR0cDovL3d3dy53My5vcmcvMjAwMC9zdmcnIHk9JzAnIHg9JzAnIHdpZHRoPSc3NDAnIGhlaWdodD0nNzQwJyB2aWV3Qm94PScwIDAgNzQwIDc0MCc+PC9zdmc+\" data-srcset=\"https:\/\/parcsaintecroix.com\/wp-content\/uploads\/2025\/12\/CP-Emilie-Scherrer-2-scaled-740x740-541343d2b933.jpg\" media=\"(min-width: 64rem) and (min-resolution: 192dpi), (min-width: 64rem) and (-webkit-min-device-pixel-ratio: 2)\"><source srcset=\"data:image\/svg+xml;base64,PHN2ZyB4bWxucz0naHR0cDovL3d3dy53My5vcmcvMjAwMC9zdmcnIHk9JzAnIHg9JzAnIHdpZHRoPSc0OTInIGhlaWdodD0nNDkyJyB2aWV3Qm94PScwIDAgNDkyIDQ5Mic+PC9zdmc+\" data-srcset=\"https:\/\/parcsaintecroix.com\/wp-content\/uploads\/2025\/12\/CP-Emilie-Scherrer-2-scaled-492x492-11f09bf121b8.jpg\" media=\"(min-resolution: 192dpi), (-webkit-min-device-pixel-ratio: 2)\"><source srcset=\"data:image\/svg+xml;base64,PHN2ZyB4bWxucz0naHR0cDovL3d3dy53My5vcmcvMjAwMC9zdmcnIHk9JzAnIHg9JzAnIHdpZHRoPSc3MTcnIGhlaWdodD0nNzE3JyB2aWV3Qm94PScwIDAgNzE3IDcxNyc+PC9zdmc+\" data-srcset=\"https:\/\/parcsaintecroix.com\/wp-content\/uploads\/2025\/12\/CP-Emilie-Scherrer-2-scaled-717x717-63289f274e1a.jpg\" media=\"(min-width: 90rem)\"><source srcset=\"data:image\/svg+xml;base64,PHN2ZyB4bWxucz0naHR0cDovL3d3dy53My5vcmcvMjAwMC9zdmcnIHk9JzAnIHg9JzAnIHdpZHRoPSc1NTcnIGhlaWdodD0nNTU3JyB2aWV3Qm94PScwIDAgNTU3IDU1Nyc+PC9zdmc+\" data-srcset=\"https:\/\/parcsaintecroix.com\/wp-content\/uploads\/2025\/12\/CP-Emilie-Scherrer-2-scaled-557x557-87d4579f6953.jpg\" media=\"(min-width: 75rem)\"><source srcset=\"data:image\/svg+xml;base64,PHN2ZyB4bWxucz0naHR0cDovL3d3dy53My5vcmcvMjAwMC9zdmcnIHk9JzAnIHg9JzAnIHdpZHRoPSczNzAnIGhlaWdodD0nMzcwJyB2aWV3Qm94PScwIDAgMzcwIDM3MCc+PC9zdmc+\" data-srcset=\"https:\/\/parcsaintecroix.com\/wp-content\/uploads\/2025\/12\/CP-Emilie-Scherrer-2-scaled-370x370-dcf66bb03c69.jpg\" media=\"(min-width: 64rem)\"><img loading=\"lazy\" decoding=\"async\" src=\"data:image\/svg+xml;base64,PHN2ZyB4bWxucz0naHR0cDovL3d3dy53My5vcmcvMjAwMC9zdmcnIHk9JzAnIHg9JzAnIHdpZHRoPScyNDYnIGhlaWdodD0nMjQ2JyB2aWV3Qm94PScwIDAgMjQ2IDI0Nic+PC9zdmc+\"  width=\"246\" height=\"246\" data-fade-in data-lazy-img data-src=\"https:\/\/parcsaintecroix.com\/wp-content\/uploads\/2025\/12\/CP-Emilie-Scherrer-2-scaled-246x246-f0cddf1a034a.jpg\" alt=\"\" style=\";--aspect-ratio-small: 1;--aspect-ratio-large: 1;--aspect-ratio-xlarge: 1;--aspect-ratio-xxlarge: 1;--aspect-ratio-retina: 1;--aspect-ratio-large_retina: 1;--aspect-ratio-xlarge_retina: 1;--aspect-ratio-xxlarge_retina: 1\" data-has-aspect-ratio=\"true\" \/><\/picture>            <\/figure>\n\n                      <\/div>\n            <\/div>\n  \n  \n<\/section>\n\n\n<section class=\"block-grid-wrapper block-grid-for-core-buttons\">\n      <div class=\"default-editor-content grid-for-core-buttons grid-container fluid fluid\">\n        <div class=\"grid-x grid-padding-x align-center\">\n          <div class=\"cell\">\n            \n<div class=\"wp-block-buttons is-content-justification-center is-layout-flex wp-container-core-buttons-is-layout-16018d1d wp-block-buttons-is-layout-flex\">\n<div class=\"wp-block-button is-style-transparent-button-with-blue-border\"><a class=\"wp-block-button__link button-icon-- wp-element-button\" href=\"https:\/\/parcsaintecroix.com\/fr\/tickets-et-reservations\">Venir voir le renard roux <\/a><\/div>\n<\/div>\n          <\/div>\n        <\/div>\n      <\/div>\n\n      <\/section>\n\n<section class=\"block-grid-wrapper block-grid-for-core-paragraph\">\n      <div class=\"default-editor-content grid-for-core-paragraph grid-container fluid fluid\">\n        <div class=\"grid-x grid-padding-x align-center\">\n          <div class=\"cell\">\n            \n<p class=\"has-small-font-size\"><\/p>\n          <\/div>\n        <\/div>\n      <\/div>\n\n      <\/section>\n\n\n    <section  class=\"wp-block-acf-three-articles  block-index-28 section-content section-three-articles\"       itemprop=\"hasPart\" itemscope\n\n      <div class=\"grid-container full\">\n\n        <div class=\"grid-x title-wrapper\">\n\n          <div class=\"cell\">\n                          <h2 class=\"section-title\" itemprop=\"name heading\">En ce moment \u00e0 Sainte-Croix<\/h2>\n            \n                      <\/div>\n\n        <\/div>\n\n\n        <div class=\"grid-x listing-latest-news news-slider align-center\">\n          <article class=\"cell medium-6 large-4 js-article article-box flex-container flex-dir-column post-37937 post type-post status-publish format-standard has-post-thumbnail hentry category-animaux category-le-parc\"  itemscope itemtype=\"https:\/\/schema.org\/Article\" itemid=\"https:\/\/parcsaintecroix.com\/fr\/quelle-est-la-difference-entre-le-bison-deurope-et-le-bison-damerique\" itemref=\"publisher\">\n      <meta itemprop=\"author\" content=\"Parc de Saint Croix\" \/>\n    <meta itemprop=\"image\" content=\"https:\/\/parcsaintecroix.com\/wp-content\/uploads\/2025\/10\/CP-Morgane-Bricard-64-scaled.jpg\" \/>\n    <meta itemprop=\"datePublished\" content=\"2026-04-30T20:33:47+02:00\" \/>\n    <meta itemprop=\"dateModified\" content=\"2026-04-30T20:33:50+02:00\" \/>\n      <div class=\"news-content-wrapper\">\n          <a href=\"https:\/\/parcsaintecroix.com\/fr\/quelle-est-la-difference-entre-le-bison-deurope-et-le-bison-damerique\" itemprop=\"url mainEntityOfPage\">\n        \n                  <span class=\"label-category\">Animaux<\/span>\n        \n        <figure>\n          <img decoding=\"async\"  data-fade-in loading=\"lazy\" src=\"data:image\/png;base64,R0lGODlhAQABAAD\/ACwAAAAAAQABAAACADs=\" data-lazy-interchange=\"[https:\/\/parcsaintecroix.com\/wp-content\/uploads\/2025\/10\/CP-Morgane-Bricard-64-scaled-668x668-71ab615e0a86.jpg, small], [https:\/\/parcsaintecroix.com\/wp-content\/uploads\/2025\/10\/CP-Morgane-Bricard-64-scaled-423x423-f5ddf0753daf.jpg, large], [https:\/\/parcsaintecroix.com\/wp-content\/uploads\/2025\/10\/CP-Morgane-Bricard-64-scaled-800x800-b303cee25c1f.jpg, xlarge], [https:\/\/parcsaintecroix.com\/wp-content\/uploads\/2025\/10\/CP-Morgane-Bricard-64-scaled-846x846-97851059a762.jpg, large_retina], [https:\/\/parcsaintecroix.com\/wp-content\/uploads\/2025\/10\/CP-Morgane-Bricard-64-scaled-1600x1600-f1dbcba1895c.jpg, xlarge_retina]\" data-interchange-sizes=\"{&quot;small&quot;:{&quot;w&quot;:668,&quot;h&quot;:668},&quot;large&quot;:{&quot;w&quot;:423,&quot;h&quot;:423},&quot;xlarge&quot;:{&quot;w&quot;:800,&quot;h&quot;:800},&quot;large_retina&quot;:{&quot;w&quot;:846,&quot;h&quot;:846},&quot;xlarge_retina&quot;:{&quot;w&quot;:1600,&quot;h&quot;:1600}}\"  style=\";--aspect-ratio-small: 1;--aspect-ratio-large: 1;--aspect-ratio-xlarge: 1;--aspect-ratio-large_retina: 1;--aspect-ratio-xlarge_retina: 1\" data-has-aspect-ratio=\"true\" alt=\"Quelle est la diff\u00e9rence entre le bison d&rsquo;Europe et le bison d&rsquo;Am\u00e9rique ?\" itemprop=\"image\" data-fade-in \/>\n        <\/figure>\n\n              <\/a>\n      <\/div>\n\n  <div class=\"article-box-content flex-child-grow flex-container flex-dir-column\">\n    <header class=\"entry-header\">\n      <h2 class=\"entry-name\" itemprop=\"name headline\">\n        <a href=\"https:\/\/parcsaintecroix.com\/fr\/quelle-est-la-difference-entre-le-bison-deurope-et-le-bison-damerique\">Quelle est la diff\u00e9rence entre le bison d&rsquo;Europe et le bison d&rsquo;Am\u00e9rique ?<\/a>\n      <\/h2>\n    <\/header>\n\n    <div class=\"entry-content\">\n      <p class=\"excerpt\">Au Parc Animalier de Sainte\u2011Croix, deux esp\u00e8ces impressionnantes issues d\u2019un h\u00e9ritage pr\u00e9historique commun, proche de l\u2019aurochs, \u00e9voluent &#8230;<\/p>\n    <\/div>\n\n    <p class=\"entry-date\">\n      Publi\u00e9 le 30 avril 2026    <\/p>\n\n  <\/div>\n<\/article>\n\n<article class=\"cell medium-6 large-4 js-article article-box flex-container flex-dir-column post-41005 post type-post status-publish format-standard has-post-thumbnail hentry category-animaux category-le-parc\"  itemscope itemtype=\"https:\/\/schema.org\/Article\" itemid=\"https:\/\/parcsaintecroix.com\/fr\/comment-faire-un-jardin-agroecologique-chez-soi\" itemref=\"publisher\">\n      <meta itemprop=\"author\" content=\"Parc de Saint Croix\" \/>\n    <meta itemprop=\"image\" content=\"https:\/\/parcsaintecroix.com\/wp-content\/uploads\/2026\/04\/Station-sol-CP-Carla-Datola-4.jpg\" \/>\n    <meta itemprop=\"datePublished\" content=\"2026-04-30T20:29:21+02:00\" \/>\n    <meta itemprop=\"dateModified\" content=\"2026-04-30T20:29:24+02:00\" \/>\n      <div class=\"news-content-wrapper\">\n          <a href=\"https:\/\/parcsaintecroix.com\/fr\/comment-faire-un-jardin-agroecologique-chez-soi\" itemprop=\"url mainEntityOfPage\">\n        \n                  <span class=\"label-category\">Animaux<\/span>\n        \n        <figure>\n          <img decoding=\"async\"  data-fade-in loading=\"lazy\" src=\"data:image\/png;base64,R0lGODlhAQABAAD\/ACwAAAAAAQABAAACADs=\" data-lazy-interchange=\"[https:\/\/parcsaintecroix.com\/wp-content\/uploads\/2026\/04\/Station-sol-CP-Carla-Datola-4-668x668-71ab615e0a86.jpg, small], [https:\/\/parcsaintecroix.com\/wp-content\/uploads\/2026\/04\/Station-sol-CP-Carla-Datola-4-423x423-f5ddf0753daf.jpg, large], [https:\/\/parcsaintecroix.com\/wp-content\/uploads\/2026\/04\/Station-sol-CP-Carla-Datola-4-800x800-b303cee25c1f.jpg, xlarge], [https:\/\/parcsaintecroix.com\/wp-content\/uploads\/2026\/04\/Station-sol-CP-Carla-Datola-4-846x846-97851059a762.jpg, large_retina], [https:\/\/parcsaintecroix.com\/wp-content\/uploads\/2026\/04\/Station-sol-CP-Carla-Datola-4-1366x1366-f1dbcba1895c.jpg, xlarge_retina]\" data-interchange-sizes=\"{&quot;small&quot;:{&quot;w&quot;:668,&quot;h&quot;:668},&quot;large&quot;:{&quot;w&quot;:423,&quot;h&quot;:423},&quot;xlarge&quot;:{&quot;w&quot;:800,&quot;h&quot;:800},&quot;large_retina&quot;:{&quot;w&quot;:846,&quot;h&quot;:846},&quot;xlarge_retina&quot;:{&quot;w&quot;:1366,&quot;h&quot;:1366}}\"  style=\";--aspect-ratio-small: 1;--aspect-ratio-large: 1;--aspect-ratio-xlarge: 1;--aspect-ratio-large_retina: 1;--aspect-ratio-xlarge_retina: 1\" data-has-aspect-ratio=\"true\" alt=\"Comment faire un jardin agro\u00e9cologique chez soi ?\" itemprop=\"image\" data-fade-in \/>\n        <\/figure>\n\n              <\/a>\n      <\/div>\n\n  <div class=\"article-box-content flex-child-grow flex-container flex-dir-column\">\n    <header class=\"entry-header\">\n      <h2 class=\"entry-name\" itemprop=\"name headline\">\n        <a href=\"https:\/\/parcsaintecroix.com\/fr\/comment-faire-un-jardin-agroecologique-chez-soi\">Comment faire un jardin agro\u00e9cologique chez soi ?<\/a>\n      <\/h2>\n    <\/header>\n\n    <div class=\"entry-content\">\n      <p class=\"excerpt\">Cr\u00e9er un jardin agro\u00e9cologique chez soi, c\u2019est choisir un mode de culture respectueux de la nature, de &#8230;<\/p>\n    <\/div>\n\n    <p class=\"entry-date\">\n      Publi\u00e9 le 30 avril 2026    <\/p>\n\n  <\/div>\n<\/article>\n\n<article class=\"cell medium-6 large-4 js-article article-box flex-container flex-dir-column post-25571 post type-post status-publish format-standard has-post-thumbnail hentry category-evenement\"  itemscope itemtype=\"https:\/\/schema.org\/Article\" itemid=\"https:\/\/parcsaintecroix.com\/fr\/reintroduction-de-chouettes-de-loural-en-baviere\" itemref=\"publisher\">\n      <meta itemprop=\"author\" content=\"Parc de Saint Croix\" \/>\n    <meta itemprop=\"image\" content=\"https:\/\/parcsaintecroix.com\/wp-content\/uploads\/2023\/08\/cp-margaux-c-11-scaled.jpg\" \/>\n    <meta itemprop=\"datePublished\" content=\"2026-04-30T20:24:44+02:00\" \/>\n    <meta itemprop=\"dateModified\" content=\"2026-04-30T20:24:47+02:00\" \/>\n      <div class=\"news-content-wrapper\">\n          <a href=\"https:\/\/parcsaintecroix.com\/fr\/reintroduction-de-chouettes-de-loural-en-baviere\" itemprop=\"url mainEntityOfPage\">\n        \n                  <span class=\"label-category\">\u00c9v\u00e9nement<\/span>\n        \n        <figure>\n          <img decoding=\"async\"  data-fade-in loading=\"lazy\" src=\"data:image\/png;base64,R0lGODlhAQABAAD\/ACwAAAAAAQABAAACADs=\" data-lazy-interchange=\"[https:\/\/parcsaintecroix.com\/wp-content\/uploads\/2023\/08\/cp-margaux-c-11-scaled-668x668-71ab615e0a86.jpg, small], [https:\/\/parcsaintecroix.com\/wp-content\/uploads\/2023\/08\/cp-margaux-c-11-scaled-423x423-f5ddf0753daf.jpg, large], [https:\/\/parcsaintecroix.com\/wp-content\/uploads\/2023\/08\/cp-margaux-c-11-scaled-800x800-b303cee25c1f.jpg, xlarge], [https:\/\/parcsaintecroix.com\/wp-content\/uploads\/2023\/08\/cp-margaux-c-11-scaled-846x846-97851059a762.jpg, large_retina], [https:\/\/parcsaintecroix.com\/wp-content\/uploads\/2023\/08\/cp-margaux-c-11-scaled-1600x1600-f1dbcba1895c.jpg, xlarge_retina]\" data-interchange-sizes=\"{&quot;small&quot;:{&quot;w&quot;:668,&quot;h&quot;:668},&quot;large&quot;:{&quot;w&quot;:423,&quot;h&quot;:423},&quot;xlarge&quot;:{&quot;w&quot;:800,&quot;h&quot;:800},&quot;large_retina&quot;:{&quot;w&quot;:846,&quot;h&quot;:846},&quot;xlarge_retina&quot;:{&quot;w&quot;:1600,&quot;h&quot;:1600}}\"  style=\";--aspect-ratio-small: 1;--aspect-ratio-large: 1;--aspect-ratio-xlarge: 1;--aspect-ratio-large_retina: 1;--aspect-ratio-xlarge_retina: 1\" data-has-aspect-ratio=\"true\" alt=\"R\u00e9introduction de Chouettes de l\u2019Oural en Bavi\u00e8re\" itemprop=\"image\" data-fade-in \/>\n        <\/figure>\n\n              <\/a>\n      <\/div>\n\n  <div class=\"article-box-content flex-child-grow flex-container flex-dir-column\">\n    <header class=\"entry-header\">\n      <h2 class=\"entry-name\" itemprop=\"name headline\">\n        <a href=\"https:\/\/parcsaintecroix.com\/fr\/reintroduction-de-chouettes-de-loural-en-baviere\">R\u00e9introduction de Chouettes de l\u2019Oural en Bavi\u00e8re<\/a>\n      <\/h2>\n    <\/header>\n\n    <div class=\"entry-content\">\n      <p class=\"excerpt\">Qui est la Chouette de l\u2019Oural ? La Chouette de l\u2019Oural (Strix uralensis) est un grand rapace &#8230;<\/p>\n    <\/div>\n\n    <p class=\"entry-date\">\n      Publi\u00e9 le 30 avril 2026    <\/p>\n\n  <\/div>\n<\/article>\n\n        <\/div>\n\n\n              <\/div>\n    <\/section>\n    ","protected":false},"excerpt":{"rendered":"<p>Longtemps consid\u00e9r\u00e9 comme une esp\u00e8ce animale nuisible, le renard roux est encore aujourd\u2019hui porteur de nombreux pr\u00e9jug\u00e9s. Ceux-ci sont notamment li\u00e9 \u00e0 la ruse et \u00e0 la nuisance dans les contes, la tradition rurale et les conflits avec l\u2019\u00e9levage, ce qui a durablement fa\u00e7onn\u00e9 une image n\u00e9gative malgr\u00e9 son r\u00f4le \u00e9cologique essentiel.Pourtant, les \u00e9tudes scientifiques [&hellip;]<\/p>\n","protected":false},"author":10,"featured_media":38695,"comment_status":"closed","ping_status":"closed","sticky":false,"template":"","format":"standard","meta":{"_acf_changed":false,"_themeisle_gutenberg_block_has_review":false,"footnotes":""},"categories":[223,23],"tags":[],"class_list":["post-38694","post","type-post","status-publish","format-standard","has-post-thumbnail","hentry","category-animaux","category-le-parc"],"acf":[],"yoast_head":"<!-- This site is optimized with the Yoast SEO plugin v27.3 - https:\/\/yoast.com\/product\/yoast-seo-wordpress\/ -->\n<title>Le renard roux : une esp\u00e8ce nuisible ? | Parc Sainte-Croix<\/title>\n<meta name=\"description\" content=\"Renard roux en France : esp\u00e8ce nuisible ou alli\u00e9 naturel ? D\u00e9couvrez son r\u00f4le \u00e9cologique, la chasse et les d\u00e9cisions locales.\" \/>\n<meta name=\"robots\" content=\"index, follow, max-snippet:-1, max-image-preview:large, max-video-preview:-1\" \/>\n<link rel=\"canonical\" href=\"https:\/\/parcsaintecroix.com\/fr\/le-renard-roux-en-france-une-espece-nuisible\" \/>\n<meta property=\"og:locale\" content=\"fr_FR\" \/>\n<meta property=\"og:type\" content=\"article\" \/>\n<meta property=\"og:title\" content=\"Le renard roux : une esp\u00e8ce nuisible ? | Parc Sainte-Croix\" \/>\n<meta property=\"og:description\" content=\"Renard roux en France : esp\u00e8ce nuisible ou alli\u00e9 naturel ? D\u00e9couvrez son r\u00f4le \u00e9cologique, la chasse et les d\u00e9cisions locales.\" \/>\n<meta property=\"og:url\" content=\"https:\/\/parcsaintecroix.com\/fr\/le-renard-roux-en-france-une-espece-nuisible\" \/>\n<meta property=\"og:site_name\" content=\"Parc de Saint Croix\" \/>\n<meta property=\"article:publisher\" content=\"https:\/\/www.facebook.com\/LodgesSainteCroix\/\" \/>\n<meta property=\"article:published_time\" content=\"2026-04-30T18:32:32+00:00\" \/>\n<meta property=\"article:modified_time\" content=\"2026-04-30T18:32:36+00:00\" \/>\n<meta property=\"og:image\" content=\"https:\/\/parcsaintecroix.com\/wp-content\/uploads\/2025\/12\/CP-Lydie-Comte-Antoine.jpg\" \/>\n\t<meta property=\"og:image:width\" content=\"2048\" \/>\n\t<meta property=\"og:image:height\" content=\"1365\" \/>\n\t<meta property=\"og:image:type\" content=\"image\/jpeg\" \/>\n<meta name=\"author\" content=\"Noemie Thiery\" \/>\n<meta name=\"twitter:card\" content=\"summary_large_image\" \/>\n<meta name=\"twitter:creator\" content=\"@parc_stecroix\" \/>\n<meta name=\"twitter:site\" content=\"@parc_stecroix\" \/>\n<meta name=\"twitter:label1\" content=\"\u00c9crit par\" \/>\n\t<meta name=\"twitter:data1\" content=\"Noemie Thiery\" \/>\n\t<meta name=\"twitter:label2\" content=\"Dur\u00e9e de lecture estim\u00e9e\" \/>\n\t<meta name=\"twitter:data2\" content=\"5 minutes\" \/>\n<script type=\"application\/ld+json\" class=\"yoast-schema-graph\">{\"@context\":\"https:\\\/\\\/schema.org\",\"@graph\":[{\"@type\":\"Article\",\"@id\":\"https:\\\/\\\/parcsaintecroix.com\\\/fr\\\/le-renard-roux-en-france-une-espece-nuisible#article\",\"isPartOf\":{\"@id\":\"https:\\\/\\\/parcsaintecroix.com\\\/fr\\\/le-renard-roux-en-france-une-espece-nuisible\"},\"author\":{\"name\":\"Noemie Thiery\",\"@id\":\"https:\\\/\\\/parcsaintecroix.com\\\/fr\\\/#\\\/schema\\\/person\\\/65f332915192f61bb9ce8f0cc3ba495b\"},\"headline\":\"Le renard roux en France : une esp\u00e8ce nuisible ?\",\"datePublished\":\"2026-04-30T18:32:32+00:00\",\"dateModified\":\"2026-04-30T18:32:36+00:00\",\"mainEntityOfPage\":{\"@id\":\"https:\\\/\\\/parcsaintecroix.com\\\/fr\\\/le-renard-roux-en-france-une-espece-nuisible\"},\"wordCount\":731,\"publisher\":{\"@id\":\"https:\\\/\\\/parcsaintecroix.com\\\/fr\\\/#organization\"},\"image\":{\"@id\":\"https:\\\/\\\/parcsaintecroix.com\\\/fr\\\/le-renard-roux-en-france-une-espece-nuisible#primaryimage\"},\"thumbnailUrl\":\"https:\\\/\\\/parcsaintecroix.com\\\/wp-content\\\/uploads\\\/2025\\\/12\\\/CP-Lydie-Comte-Antoine.jpg\",\"articleSection\":[\"Animaux\",\"Le parc\"],\"inLanguage\":\"fr-FR\"},{\"@type\":\"WebPage\",\"@id\":\"https:\\\/\\\/parcsaintecroix.com\\\/fr\\\/le-renard-roux-en-france-une-espece-nuisible\",\"url\":\"https:\\\/\\\/parcsaintecroix.com\\\/fr\\\/le-renard-roux-en-france-une-espece-nuisible\",\"name\":\"Le renard roux : une esp\u00e8ce nuisible ? | Parc Sainte-Croix\",\"isPartOf\":{\"@id\":\"https:\\\/\\\/parcsaintecroix.com\\\/fr\\\/#website\"},\"primaryImageOfPage\":{\"@id\":\"https:\\\/\\\/parcsaintecroix.com\\\/fr\\\/le-renard-roux-en-france-une-espece-nuisible#primaryimage\"},\"image\":{\"@id\":\"https:\\\/\\\/parcsaintecroix.com\\\/fr\\\/le-renard-roux-en-france-une-espece-nuisible#primaryimage\"},\"thumbnailUrl\":\"https:\\\/\\\/parcsaintecroix.com\\\/wp-content\\\/uploads\\\/2025\\\/12\\\/CP-Lydie-Comte-Antoine.jpg\",\"datePublished\":\"2026-04-30T18:32:32+00:00\",\"dateModified\":\"2026-04-30T18:32:36+00:00\",\"description\":\"Renard roux en France : esp\u00e8ce nuisible ou alli\u00e9 naturel ? D\u00e9couvrez son r\u00f4le \u00e9cologique, la chasse et les d\u00e9cisions locales.\",\"breadcrumb\":{\"@id\":\"https:\\\/\\\/parcsaintecroix.com\\\/fr\\\/le-renard-roux-en-france-une-espece-nuisible#breadcrumb\"},\"inLanguage\":\"fr-FR\",\"potentialAction\":[{\"@type\":\"ReadAction\",\"target\":[\"https:\\\/\\\/parcsaintecroix.com\\\/fr\\\/le-renard-roux-en-france-une-espece-nuisible\"]}]},{\"@type\":\"ImageObject\",\"inLanguage\":\"fr-FR\",\"@id\":\"https:\\\/\\\/parcsaintecroix.com\\\/fr\\\/le-renard-roux-en-france-une-espece-nuisible#primaryimage\",\"url\":\"https:\\\/\\\/parcsaintecroix.com\\\/wp-content\\\/uploads\\\/2025\\\/12\\\/CP-Lydie-Comte-Antoine.jpg\",\"contentUrl\":\"https:\\\/\\\/parcsaintecroix.com\\\/wp-content\\\/uploads\\\/2025\\\/12\\\/CP-Lydie-Comte-Antoine.jpg\",\"width\":2048,\"height\":1365,\"caption\":\"\u00a9 Lydie Comte-Antoine\"},{\"@type\":\"BreadcrumbList\",\"@id\":\"https:\\\/\\\/parcsaintecroix.com\\\/fr\\\/le-renard-roux-en-france-une-espece-nuisible#breadcrumb\",\"itemListElement\":[{\"@type\":\"ListItem\",\"position\":1,\"name\":\"Accueil\",\"item\":\"https:\\\/\\\/parcsaintecroix.com\\\/fr\"},{\"@type\":\"ListItem\",\"position\":2,\"name\":\"Le renard roux en France : une esp\u00e8ce nuisible ?\"}]},{\"@type\":\"WebSite\",\"@id\":\"https:\\\/\\\/parcsaintecroix.com\\\/fr\\\/#website\",\"url\":\"https:\\\/\\\/parcsaintecroix.com\\\/fr\\\/\",\"name\":\"Parc de Saint Croix\",\"description\":\"\",\"publisher\":{\"@id\":\"https:\\\/\\\/parcsaintecroix.com\\\/fr\\\/#organization\"},\"inLanguage\":\"fr-FR\"},{\"@type\":\"Organization\",\"@id\":\"https:\\\/\\\/parcsaintecroix.com\\\/fr\\\/#organization\",\"name\":\"Parc de Saint Croix\",\"url\":\"https:\\\/\\\/parcsaintecroix.com\\\/fr\\\/\",\"logo\":{\"@type\":\"ImageObject\",\"inLanguage\":\"fr-FR\",\"@id\":\"https:\\\/\\\/parcsaintecroix.com\\\/fr\\\/#\\\/schema\\\/logo\\\/image\\\/\",\"url\":\"https:\\\/\\\/parcsaintecroix.com\\\/wp-content\\\/uploads\\\/2022\\\/09\\\/SainteCroix-Favicon.png\",\"contentUrl\":\"https:\\\/\\\/parcsaintecroix.com\\\/wp-content\\\/uploads\\\/2022\\\/09\\\/SainteCroix-Favicon.png\",\"width\":512,\"height\":512,\"caption\":\"Parc de Saint Croix\"},\"image\":{\"@id\":\"https:\\\/\\\/parcsaintecroix.com\\\/fr\\\/#\\\/schema\\\/logo\\\/image\\\/\"},\"sameAs\":[\"https:\\\/\\\/www.facebook.com\\\/LodgesSainteCroix\\\/\",\"https:\\\/\\\/x.com\\\/parc_stecroix\"]},{\"@type\":\"Person\",\"@id\":\"https:\\\/\\\/parcsaintecroix.com\\\/fr\\\/#\\\/schema\\\/person\\\/65f332915192f61bb9ce8f0cc3ba495b\",\"name\":\"Noemie Thiery\"}]}<\/script>\n<!-- \/ Yoast SEO plugin. -->","yoast_head_json":{"title":"Le renard roux : une esp\u00e8ce nuisible ? | Parc Sainte-Croix","description":"Renard roux en France : esp\u00e8ce nuisible ou alli\u00e9 naturel ? D\u00e9couvrez son r\u00f4le \u00e9cologique, la chasse et les d\u00e9cisions locales.","robots":{"index":"index","follow":"follow","max-snippet":"max-snippet:-1","max-image-preview":"max-image-preview:large","max-video-preview":"max-video-preview:-1"},"canonical":"https:\/\/parcsaintecroix.com\/fr\/le-renard-roux-en-france-une-espece-nuisible","og_locale":"fr_FR","og_type":"article","og_title":"Le renard roux : une esp\u00e8ce nuisible ? | Parc Sainte-Croix","og_description":"Renard roux en France : esp\u00e8ce nuisible ou alli\u00e9 naturel ? D\u00e9couvrez son r\u00f4le \u00e9cologique, la chasse et les d\u00e9cisions locales.","og_url":"https:\/\/parcsaintecroix.com\/fr\/le-renard-roux-en-france-une-espece-nuisible","og_site_name":"Parc de Saint Croix","article_publisher":"https:\/\/www.facebook.com\/LodgesSainteCroix\/","article_published_time":"2026-04-30T18:32:32+00:00","article_modified_time":"2026-04-30T18:32:36+00:00","og_image":[{"width":2048,"height":1365,"url":"https:\/\/parcsaintecroix.com\/wp-content\/uploads\/2025\/12\/CP-Lydie-Comte-Antoine.jpg","type":"image\/jpeg"}],"author":"Noemie Thiery","twitter_card":"summary_large_image","twitter_creator":"@parc_stecroix","twitter_site":"@parc_stecroix","twitter_misc":{"\u00c9crit par":"Noemie Thiery","Dur\u00e9e de lecture estim\u00e9e":"5 minutes"},"schema":{"@context":"https:\/\/schema.org","@graph":[{"@type":"Article","@id":"https:\/\/parcsaintecroix.com\/fr\/le-renard-roux-en-france-une-espece-nuisible#article","isPartOf":{"@id":"https:\/\/parcsaintecroix.com\/fr\/le-renard-roux-en-france-une-espece-nuisible"},"author":{"name":"Noemie Thiery","@id":"https:\/\/parcsaintecroix.com\/fr\/#\/schema\/person\/65f332915192f61bb9ce8f0cc3ba495b"},"headline":"Le renard roux en France : une esp\u00e8ce nuisible ?","datePublished":"2026-04-30T18:32:32+00:00","dateModified":"2026-04-30T18:32:36+00:00","mainEntityOfPage":{"@id":"https:\/\/parcsaintecroix.com\/fr\/le-renard-roux-en-france-une-espece-nuisible"},"wordCount":731,"publisher":{"@id":"https:\/\/parcsaintecroix.com\/fr\/#organization"},"image":{"@id":"https:\/\/parcsaintecroix.com\/fr\/le-renard-roux-en-france-une-espece-nuisible#primaryimage"},"thumbnailUrl":"https:\/\/parcsaintecroix.com\/wp-content\/uploads\/2025\/12\/CP-Lydie-Comte-Antoine.jpg","articleSection":["Animaux","Le parc"],"inLanguage":"fr-FR"},{"@type":"WebPage","@id":"https:\/\/parcsaintecroix.com\/fr\/le-renard-roux-en-france-une-espece-nuisible","url":"https:\/\/parcsaintecroix.com\/fr\/le-renard-roux-en-france-une-espece-nuisible","name":"Le renard roux : une esp\u00e8ce nuisible ? | Parc Sainte-Croix","isPartOf":{"@id":"https:\/\/parcsaintecroix.com\/fr\/#website"},"primaryImageOfPage":{"@id":"https:\/\/parcsaintecroix.com\/fr\/le-renard-roux-en-france-une-espece-nuisible#primaryimage"},"image":{"@id":"https:\/\/parcsaintecroix.com\/fr\/le-renard-roux-en-france-une-espece-nuisible#primaryimage"},"thumbnailUrl":"https:\/\/parcsaintecroix.com\/wp-content\/uploads\/2025\/12\/CP-Lydie-Comte-Antoine.jpg","datePublished":"2026-04-30T18:32:32+00:00","dateModified":"2026-04-30T18:32:36+00:00","description":"Renard roux en France : esp\u00e8ce nuisible ou alli\u00e9 naturel ? D\u00e9couvrez son r\u00f4le \u00e9cologique, la chasse et les d\u00e9cisions locales.","breadcrumb":{"@id":"https:\/\/parcsaintecroix.com\/fr\/le-renard-roux-en-france-une-espece-nuisible#breadcrumb"},"inLanguage":"fr-FR","potentialAction":[{"@type":"ReadAction","target":["https:\/\/parcsaintecroix.com\/fr\/le-renard-roux-en-france-une-espece-nuisible"]}]},{"@type":"ImageObject","inLanguage":"fr-FR","@id":"https:\/\/parcsaintecroix.com\/fr\/le-renard-roux-en-france-une-espece-nuisible#primaryimage","url":"https:\/\/parcsaintecroix.com\/wp-content\/uploads\/2025\/12\/CP-Lydie-Comte-Antoine.jpg","contentUrl":"https:\/\/parcsaintecroix.com\/wp-content\/uploads\/2025\/12\/CP-Lydie-Comte-Antoine.jpg","width":2048,"height":1365,"caption":"\u00a9 Lydie Comte-Antoine"},{"@type":"BreadcrumbList","@id":"https:\/\/parcsaintecroix.com\/fr\/le-renard-roux-en-france-une-espece-nuisible#breadcrumb","itemListElement":[{"@type":"ListItem","position":1,"name":"Accueil","item":"https:\/\/parcsaintecroix.com\/fr"},{"@type":"ListItem","position":2,"name":"Le renard roux en France : une esp\u00e8ce nuisible ?"}]},{"@type":"WebSite","@id":"https:\/\/parcsaintecroix.com\/fr\/#website","url":"https:\/\/parcsaintecroix.com\/fr\/","name":"Parc de Saint Croix","description":"","publisher":{"@id":"https:\/\/parcsaintecroix.com\/fr\/#organization"},"inLanguage":"fr-FR"},{"@type":"Organization","@id":"https:\/\/parcsaintecroix.com\/fr\/#organization","name":"Parc de Saint Croix","url":"https:\/\/parcsaintecroix.com\/fr\/","logo":{"@type":"ImageObject","inLanguage":"fr-FR","@id":"https:\/\/parcsaintecroix.com\/fr\/#\/schema\/logo\/image\/","url":"https:\/\/parcsaintecroix.com\/wp-content\/uploads\/2022\/09\/SainteCroix-Favicon.png","contentUrl":"https:\/\/parcsaintecroix.com\/wp-content\/uploads\/2022\/09\/SainteCroix-Favicon.png","width":512,"height":512,"caption":"Parc de Saint Croix"},"image":{"@id":"https:\/\/parcsaintecroix.com\/fr\/#\/schema\/logo\/image\/"},"sameAs":["https:\/\/www.facebook.com\/LodgesSainteCroix\/","https:\/\/x.com\/parc_stecroix"]},{"@type":"Person","@id":"https:\/\/parcsaintecroix.com\/fr\/#\/schema\/person\/65f332915192f61bb9ce8f0cc3ba495b","name":"Noemie Thiery"}]}},"_links":{"self":[{"href":"https:\/\/parcsaintecroix.com\/fr\/wp-json\/wp\/v2\/posts\/38694","targetHints":{"allow":["GET"]}}],"collection":[{"href":"https:\/\/parcsaintecroix.com\/fr\/wp-json\/wp\/v2\/posts"}],"about":[{"href":"https:\/\/parcsaintecroix.com\/fr\/wp-json\/wp\/v2\/types\/post"}],"author":[{"embeddable":true,"href":"https:\/\/parcsaintecroix.com\/fr\/wp-json\/wp\/v2\/users\/10"}],"replies":[{"embeddable":true,"href":"https:\/\/parcsaintecroix.com\/fr\/wp-json\/wp\/v2\/comments?post=38694"}],"version-history":[{"count":10,"href":"https:\/\/parcsaintecroix.com\/fr\/wp-json\/wp\/v2\/posts\/38694\/revisions"}],"predecessor-version":[{"id":41188,"href":"https:\/\/parcsaintecroix.com\/fr\/wp-json\/wp\/v2\/posts\/38694\/revisions\/41188"}],"wp:featuredmedia":[{"embeddable":true,"href":"https:\/\/parcsaintecroix.com\/fr\/wp-json\/wp\/v2\/media\/38695"}],"wp:attachment":[{"href":"https:\/\/parcsaintecroix.com\/fr\/wp-json\/wp\/v2\/media?parent=38694"}],"wp:term":[{"taxonomy":"category","embeddable":true,"href":"https:\/\/parcsaintecroix.com\/fr\/wp-json\/wp\/v2\/categories?post=38694"},{"taxonomy":"post_tag","embeddable":true,"href":"https:\/\/parcsaintecroix.com\/fr\/wp-json\/wp\/v2\/tags?post=38694"}],"curies":[{"name":"wp","href":"https:\/\/api.w.org\/{rel}","templated":true}]}}