{"id":38749,"date":"2025-12-16T14:39:06","date_gmt":"2025-12-16T13:39:06","guid":{"rendered":"https:\/\/parcsaintecroix.com\/?p=38749"},"modified":"2025-12-16T14:39:09","modified_gmt":"2025-12-16T13:39:09","slug":"recettes-nature-cuisine-inspiree-du-monde-animal-en-hiver","status":"publish","type":"post","link":"https:\/\/parcsaintecroix.com\/fr\/recettes-nature-cuisine-inspiree-du-monde-animal-en-hiver","title":{"rendered":"\u00a0Recettes nature : cuisine inspir\u00e9e du monde animal en hiver"},"content":{"rendered":"<section class=\"block-grid-wrapper block-grid-for-core-paragraph\">\n      <div class=\"default-editor-content grid-for-core-paragraph grid-container fluid fluid\">\n        <div class=\"grid-x grid-padding-x align-center\">\n          <div class=\"cell\">\n            \n<p class=\"has-text-align-center\">Quand l\u2019hiver s\u2019installe dans nos campagnes, les animaux redoublent d\u2019ing\u00e9niosit\u00e9 pour trouver de la nourriture. Certains font des r\u00e9serves, d\u2019autres adaptent leur r\u00e9gime \u00e0 la saison\u00a0 ou entrent en hibernation. Et si nous nous en inspirons pour notre cuisine d\u2019hiver <\/p>\n          <\/div>\n        <\/div>\n      <\/div>\n\n      <\/section>\n\n<section class=\"block-grid-wrapper block-grid-for-core-paragraph\">\n      <div class=\"default-editor-content grid-for-core-paragraph grid-container fluid fluid\">\n        <div class=\"grid-x grid-padding-x align-center\">\n          <div class=\"cell\">\n            \n<p class=\"has-text-align-center\">\u00c0 travers quelques exemples tir\u00e9s de la vie sauvage, d\u00e9couvrons ensemble, comment la nature, la for\u00eat et les animaux peuvent nous inspirer une cuisine simple et locale pour cet hiver.<\/p>\n          <\/div>\n        <\/div>\n      <\/div>\n\n      <\/section>\n\n<section class=\"block-grid-wrapper block-grid-for-core-paragraph\">\n      <div class=\"default-editor-content grid-for-core-paragraph grid-container fluid fluid\">\n        <div class=\"grid-x grid-padding-x align-center\">\n          <div class=\"cell\">\n            \n<p class=\"has-text-align-center\"> <\/p>\n          <\/div>\n        <\/div>\n      <\/div>\n\n      <\/section>\n\n<section class=\"block-grid-wrapper block-grid-for-core-heading\">\n      <div class=\"default-editor-content grid-for-core-heading grid-container fluid fluid\">\n        <div class=\"grid-x grid-padding-x align-center\">\n          <div class=\"cell\">\n            \n<h2 class=\"wp-block-heading has-text-align-left\"><strong><strong><strong><strong><strong><strong>L\u2019\u00e9cureuil : l\u2019inspiration des saveurs foresti\u00e8res<\/strong><\/strong><\/strong><\/strong><\/strong><\/strong><\/h2>\n          <\/div>\n        <\/div>\n      <\/div>\n\n      <\/section>\n\n<section class=\"block-grid-wrapper block-grid-for-core-paragraph\">\n      <div class=\"default-editor-content grid-for-core-paragraph grid-container fluid fluid\">\n        <div class=\"grid-x grid-padding-x align-center\">\n          <div class=\"cell\">\n            \n<p>\u00c0 l\u2019automne, l\u2019\u00e9cureuil multiplie les allers-retours entre les arbres et le sol pour cacher de pr\u00e9cieuses provisions : noisettes, glands, noix et ch\u00e2taignes sont dissimul\u00e9s dans la terre ou sous la mousse.<\/p>\n          <\/div>\n        <\/div>\n      <\/div>\n\n      <\/section>\n\n<section class=\"block-grid-wrapper block-grid-for-core-extended-special-paragraph-with-border\">\n      <div class=\"default-editor-content grid-for-core-extended-special-paragraph-with-border grid-container fluid fluid\">\n        <div class=\"grid-x grid-padding-x align-center\">\n          <div class=\"cell\">\n            \n<div class=\"wp-block-extended-special-paragraph-with-border\">\n<h3 class=\"wp-block-heading\"><strong>Le saviez-vous ?<\/strong><\/h3>\n\n\n\n<p>Un seul \u00e9cureuil peut enterrer jusqu\u2019\u00e0 3000 glands ou noisettes par saison !<\/p>\n<\/div>\n          <\/div>\n        <\/div>\n      <\/div>\n\n      <\/section>\n\n<section class=\"block-grid-wrapper block-grid-for-core-heading\">\n      <div class=\"default-editor-content grid-for-core-heading grid-container fluid fluid\">\n        <div class=\"grid-x grid-padding-x align-center\">\n          <div class=\"cell\">\n            \n<h3 class=\"wp-block-heading\"><strong>Recette de l&rsquo;\u00e9cureuil : velout\u00e9 de ch\u00e2taignes et topinambours<\/strong><\/h3>\n          <\/div>\n        <\/div>\n      <\/div>\n\n      <\/section>\n\n<section class=\"block-grid-wrapper block-grid-for-core-media-text\">\n      <div class=\"default-editor-content grid-for-core-media-text grid-container fluid fluid\">\n        <div class=\"grid-x grid-padding-x align-center\">\n          <div class=\"cell\">\n            \n<div class=\"wp-block-media-text is-stacked-on-mobile\" style=\"grid-template-columns:59% auto\"><figure class=\"wp-block-media-text__media\"><img loading=\"lazy\" decoding=\"async\" width=\"1024\" height=\"683\" src=\"https:\/\/parcsaintecroix.com\/wp-content\/uploads\/2024\/01\/ecureuil-cp-morgane-bricard-7-scaled-1024x683-fd90e2c36371.jpg\" alt=\"\" class=\"wp-image-28048 size-full\" srcset=\"https:\/\/parcsaintecroix.com\/wp-content\/uploads\/2024\/01\/ecureuil-cp-morgane-bricard-7-scaled-1024x683-fd90e2c36371.jpg 1024w, https:\/\/parcsaintecroix.com\/wp-content\/uploads\/2024\/01\/ecureuil-cp-morgane-bricard-7-scaled-300x200-512c1e2135f8.jpg 300w, https:\/\/parcsaintecroix.com\/wp-content\/uploads\/2024\/01\/ecureuil-cp-morgane-bricard-7-scaled-768x512-b56108145cc7.jpg 768w, https:\/\/parcsaintecroix.com\/wp-content\/uploads\/2024\/01\/ecureuil-cp-morgane-bricard-7-scaled-1536x1024-3c33d8efde71.jpg 1536w, https:\/\/parcsaintecroix.com\/wp-content\/uploads\/2024\/01\/ecureuil-cp-morgane-bricard-7-scaled-2048x1366-539fcd4e84ba.jpg 2048w, https:\/\/parcsaintecroix.com\/wp-content\/uploads\/2024\/01\/ecureuil-cp-morgane-bricard-7-scaled-100x67-fab7673e88b9.jpg 100w\" sizes=\"auto, (max-width: 1024px) 100vw, 1024px\" \/><\/figure><div class=\"wp-block-media-text__content\">\n<p><strong>Ingr\u00e9dients :<\/strong><\/p>\n\n\n\n<ul class=\"wp-block-list\">\n<li>ch\u00e2taignes cuites<\/li>\n\n\n\n<li>topinambours<\/li>\n\n\n\n<li>oignons<\/li>\n\n\n\n<li>bouillon de l\u00e9gumes<\/li>\n\n\n\n<li>cr\u00e8me ou lait v\u00e9g\u00e9tal.<\/li>\n<\/ul>\n\n\n\n<p><strong>Pr\u00e9paration :<\/strong><\/p>\n\n\n\n<ol class=\"wp-block-list\">\n<li>Faites revenir l\u2019oignon<br><\/li>\n\n\n\n<li>Ajoutez les l\u00e9gumes et laissez mijoter<br><\/li>\n\n\n\n<li>Mixez pour obtenir un velout\u00e9 onctueux<br><\/li>\n<\/ol>\n\n\n\n<p>Un plat doux et r\u00e9confortant, aux saveurs de sous-bois \u00e0 pr\u00e9parer en famille cet hiver.<\/p>\n<\/div><\/div>\n          <\/div>\n        <\/div>\n      <\/div>\n\n      <\/section>\n\n<section class=\"block-grid-wrapper block-grid-for-core-paragraph\">\n      <div class=\"default-editor-content grid-for-core-paragraph grid-container fluid fluid\">\n        <div class=\"grid-x grid-padding-x align-center\">\n          <div class=\"cell\">\n            \n<p><\/p>\n          <\/div>\n        <\/div>\n      <\/div>\n\n      <\/section>\n\n<section class=\"block-grid-wrapper block-grid-for-core-heading\">\n      <div class=\"default-editor-content grid-for-core-heading grid-container fluid fluid\">\n        <div class=\"grid-x grid-padding-x align-center\">\n          <div class=\"cell\">\n            \n<h2 class=\"wp-block-heading\"><strong><strong>L\u2019ours : gourmandises \u00e9nerg\u00e9tiques d\u2019hiver<\/strong><\/strong><\/h2>\n          <\/div>\n        <\/div>\n      <\/div>\n\n      <\/section>\n\n<section class=\"block-grid-wrapper block-grid-for-core-paragraph\">\n      <div class=\"default-editor-content grid-for-core-paragraph grid-container fluid fluid\">\n        <div class=\"grid-x grid-padding-x align-center\">\n          <div class=\"cell\">\n            \n<p>C\u2019est bien connu, l\u2019<a href=\"https:\/\/parcsaintecroix.com\/fr\/animaux\/ours-brun\">ours brun<\/a> est un grand amateur de miel, de fruits et de baies. Avant de se trouver un endroit au chaud pour hiverner , il consomme tout ce qu\u2019il trouve pour accumuler des r\u00e9serves de graisse. Ces r\u00e9serves l\u2019aideront \u00e0 traverser plusieurs mois sans se nourrir.<br>Pendant l\u2019hivernation, son m\u00e9tabolisme ralentit, son c\u0153ur bat plus lentement et il entre alors dans un \u00e9tat de demi-sommeil qui lui permet d\u2019\u00e9conomiser son \u00e9nergie. Cette accumulation de nourriture est donc essentiel\u00a0<\/p>\n          <\/div>\n        <\/div>\n      <\/div>\n\n      <\/section>\n\n<section class=\"block-grid-wrapper block-grid-for-core-buttons\">\n      <div class=\"default-editor-content grid-for-core-buttons grid-container fluid fluid\">\n        <div class=\"grid-x grid-padding-x align-center\">\n          <div class=\"cell\">\n            \n<div class=\"wp-block-buttons is-content-justification-center is-layout-flex wp-container-core-buttons-is-layout-16018d1d wp-block-buttons-is-layout-flex\">\n<div class=\"wp-block-button is-style-transparent-button-with-blue-border\"><a class=\"wp-block-button__link button-icon-- wp-element-button\" href=\"https:\/\/parcsaintecroix.com\/fr\/hibernation-ou-hivernation-ours\">Tout connaitre sur hivernation de l&rsquo;ours<\/a><\/div>\n<\/div>\n          <\/div>\n        <\/div>\n      <\/div>\n\n      <\/section>\n\n<section class=\"block-grid-wrapper block-grid-for-core-heading\">\n      <div class=\"default-editor-content grid-for-core-heading grid-container fluid fluid\">\n        <div class=\"grid-x grid-padding-x align-center\">\n          <div class=\"cell\">\n            \n<h3 class=\"wp-block-heading\"><strong>La recette de l\u2019ours : g\u00e2teau moelleux au miel et aux noix<\/strong><\/h3>\n          <\/div>\n        <\/div>\n      <\/div>\n\n      <\/section>\n\n<section class=\"block-grid-wrapper block-grid-for-core-media-text\">\n      <div class=\"default-editor-content grid-for-core-media-text grid-container fluid fluid\">\n        <div class=\"grid-x grid-padding-x align-center\">\n          <div class=\"cell\">\n            \n<div class=\"wp-block-media-text has-media-on-the-right is-stacked-on-mobile\" style=\"grid-template-columns:auto 59%\"><div class=\"wp-block-media-text__content\">\n<p><strong>Ingr\u00e9dients :<\/strong><\/p>\n\n\n\n<ul class=\"wp-block-list\">\n<li>150 g de miel<\/li>\n\n\n\n<li>100 g de sucre roux<\/li>\n\n\n\n<li>3 \u0153ufs<\/li>\n\n\n\n<li>100 g de beurre fondu<\/li>\n\n\n\n<li>150 g de farine<\/li>\n\n\n\n<li>1 sachet de levure<\/li>\n\n\n\n<li>80 g de noix concass\u00e9es.<\/li>\n<\/ul>\n\n\n\n<p><strong>Pr\u00e9paration :<\/strong><\/p>\n\n\n\n<ol class=\"wp-block-list\">\n<li>M\u00e9langez les ingr\u00e9dients<br><\/li>\n\n\n\n<li>Versez dans un moule<br><\/li>\n\n\n\n<li>Enfournez 30 min \u00e0 180\u00b0C<br><\/li>\n<\/ol>\n\n\n\n<p>Un dessert r\u00e9confortant, \u00e9nergique et naturellement sucr\u00e9, \u00e0 d\u00e9guster au gouter.<\/p>\n<\/div><figure class=\"wp-block-media-text__media\"><img loading=\"lazy\" decoding=\"async\" width=\"1024\" height=\"683\" src=\"https:\/\/parcsaintecroix.com\/wp-content\/uploads\/2022\/09\/MG_0277-scaled-1024x683-fd90e2c36371.jpg\" alt=\"\" class=\"wp-image-8035 size-full\" srcset=\"https:\/\/parcsaintecroix.com\/wp-content\/uploads\/2022\/09\/MG_0277-scaled-1024x683-fd90e2c36371.jpg 1024w, https:\/\/parcsaintecroix.com\/wp-content\/uploads\/2022\/09\/MG_0277-scaled-300x200-512c1e2135f8.jpg 300w, https:\/\/parcsaintecroix.com\/wp-content\/uploads\/2022\/09\/MG_0277-scaled-768x512-b56108145cc7.jpg 768w, https:\/\/parcsaintecroix.com\/wp-content\/uploads\/2022\/09\/MG_0277-scaled-1536x1024-3c33d8efde71.jpg 1536w, https:\/\/parcsaintecroix.com\/wp-content\/uploads\/2022\/09\/MG_0277-scaled-2048x1366-539fcd4e84ba.jpg 2048w, https:\/\/parcsaintecroix.com\/wp-content\/uploads\/2022\/09\/MG_0277-scaled-100x67-fab7673e88b9.jpg 100w, https:\/\/parcsaintecroix.com\/wp-content\/uploads\/2022\/09\/MG_0277-scaled-852x568-6f255e59085b.jpg 852w, https:\/\/parcsaintecroix.com\/wp-content\/uploads\/2022\/09\/MG_0277-scaled-1704x1136-8421bee02ef1.jpg 1704w\" sizes=\"auto, (max-width: 1024px) 100vw, 1024px\" \/><\/figure><\/div>\n          <\/div>\n        <\/div>\n      <\/div>\n\n      <\/section>\n\n<section class=\"block-grid-wrapper block-grid-for-core-extended-special-paragraph-with-border\">\n      <div class=\"default-editor-content grid-for-core-extended-special-paragraph-with-border grid-container fluid fluid\">\n        <div class=\"grid-x grid-padding-x align-center\">\n          <div class=\"cell\">\n            \n<div class=\"wp-block-extended-special-paragraph-with-border\">\n<h3 class=\"wp-block-heading\"><strong>Le saviez-vous ?<\/strong><\/h3>\n\n\n\n<p>L\u2019ours brun peut doubler son poids entre la fin de l\u2019\u00e9t\u00e9 et le d\u00e9but de l\u2019hiver gr\u00e2ce \u00e0 cette phase d\u2019hyperphagie, une pr\u00e9paration essentielle \u00e0 l\u2019hibernation.<\/p>\n<\/div>\n          <\/div>\n        <\/div>\n      <\/div>\n\n      <\/section>\n\n<section class=\"block-grid-wrapper block-grid-for-core-list\">\n      <div class=\"default-editor-content grid-for-core-list grid-container fluid fluid\">\n        <div class=\"grid-x grid-padding-x align-center\">\n          <div class=\"cell\">\n            \n<ul class=\"wp-block-list\"><\/ul>\n          <\/div>\n        <\/div>\n      <\/div>\n\n      <\/section>\n\n<section class=\"block-grid-wrapper block-grid-for-core-list\">\n      <div class=\"default-editor-content grid-for-core-list grid-container fluid fluid\">\n        <div class=\"grid-x grid-padding-x align-center\">\n          <div class=\"cell\">\n            \n<ul class=\"wp-block-list\"><\/ul>\n          <\/div>\n        <\/div>\n      <\/div>\n\n      <\/section>\n\n<section class=\"block-grid-wrapper block-grid-for-core-heading\">\n      <div class=\"default-editor-content grid-for-core-heading grid-container fluid fluid\">\n        <div class=\"grid-x grid-padding-x align-center\">\n          <div class=\"cell\">\n            \n<h2 class=\"wp-block-heading\"><strong><strong><strong><strong>Le cerf : parfums bois\u00e9s et cuisine sauvage<\/strong><\/strong><\/strong><\/strong><\/h2>\n          <\/div>\n        <\/div>\n      <\/div>\n\n      <\/section>\n\n<section class=\"block-grid-wrapper block-grid-for-core-paragraph\">\n      <div class=\"default-editor-content grid-for-core-paragraph grid-container fluid fluid\">\n        <div class=\"grid-x grid-padding-x align-center\">\n          <div class=\"cell\">\n            \n<p>En hiver, <a href=\"https:\/\/parcsaintecroix.com\/fr\/animaux\/cerf-elaphe\">le cerf <\/a>se retire dans les zones bois\u00e9es o\u00f9 la v\u00e9g\u00e9tation reste accessible. Il adapte ainsi son alimentation en fonction des ressources qu\u2019il trouve : il va g\u00e9n\u00e9ralement consommer <strong>\u00e9corces, lichens, jeunes rameaux et champignons<\/strong>.<br>Durant cette p\u00e9riode, son m\u00e9tabolisme ralentit pour \u00e9conomiser de l\u2019\u00e9nergie, et sa fourrure s\u2019\u00e9paissit, formant une v\u00e9ritable barri\u00e8re isolante contre le froid.<\/p>\n          <\/div>\n        <\/div>\n      <\/div>\n\n      <\/section>\n\n<section class=\"block-grid-wrapper block-grid-for-core-extended-special-paragraph-with-border\">\n      <div class=\"default-editor-content grid-for-core-extended-special-paragraph-with-border grid-container fluid fluid\">\n        <div class=\"grid-x grid-padding-x align-center\">\n          <div class=\"cell\">\n            \n<div class=\"wp-block-extended-special-paragraph-with-border\">\n<h3 class=\"wp-block-heading\"><strong>Le saviez-vous ?<\/strong><\/h3>\n\n\n\n<p>Le cerf <a href=\"https:\/\/parcsaintecroix.com\/fr\/la-chute-des-bois-des-cerfs\">perd ses bois <\/a>chaque ann\u00e9e \u00e0 l\u2019automne, avant de les faire repousser au printemps. Ce ph\u00e9nom\u00e8ne demande beaucoup d\u2019\u00e9nergie , d\u2019o\u00f9 l\u2019importance de son alimentation hivernale afin de repartir avec une bonne sant\u00e9.<\/p>\n<\/div>\n          <\/div>\n        <\/div>\n      <\/div>\n\n      <\/section>\n\n<section class=\"block-grid-wrapper block-grid-for-core-heading\">\n      <div class=\"default-editor-content grid-for-core-heading grid-container fluid fluid\">\n        <div class=\"grid-x grid-padding-x align-center\">\n          <div class=\"cell\">\n            \n<h3 class=\"wp-block-heading\"><strong>Recette inspir\u00e9e : risotto aux champignons et baies de geni\u00e8vre<\/strong><\/h3>\n          <\/div>\n        <\/div>\n      <\/div>\n\n      <\/section>\n\n<section class=\"block-grid-wrapper block-grid-for-core-media-text\">\n      <div class=\"default-editor-content grid-for-core-media-text grid-container fluid fluid\">\n        <div class=\"grid-x grid-padding-x align-center\">\n          <div class=\"cell\">\n            \n<div class=\"wp-block-media-text has-media-on-the-right is-stacked-on-mobile\" style=\"grid-template-columns:auto 59%\"><div class=\"wp-block-media-text__content\">\n<p><strong>Ingr\u00e9dients :<\/strong><\/p>\n\n\n\n<ul class=\"wp-block-list\">\n<li>riz arborio<\/li>\n\n\n\n<li>champignons forestiers<\/li>\n\n\n\n<li>bouillon<\/li>\n\n\n\n<li>oignon<\/li>\n\n\n\n<li>baies de geni\u00e8vre<\/li>\n\n\n\n<li>herbes aromatiques.<\/li>\n<\/ul>\n\n\n\n<p><strong>Pr\u00e9paration :<\/strong><\/p>\n\n\n\n<ol class=\"wp-block-list\">\n<li>Faites revenir l\u2019oignon et les champignons<br><\/li>\n\n\n\n<li>Ajoutez le riz et le bouillon petit \u00e0 petit<br><\/li>\n\n\n\n<li>Terminez avec quelques baies de geni\u00e8vre pour un parfum bois\u00e9.<br><\/li>\n<\/ol>\n\n\n\n<p>Un plat au go\u00fbt et aux couleurs foresti\u00e8res\u00a0<\/p>\n<\/div><figure class=\"wp-block-media-text__media\"><img loading=\"lazy\" decoding=\"async\" width=\"1024\" height=\"683\" src=\"https:\/\/parcsaintecroix.com\/wp-content\/uploads\/2022\/09\/DQ2A0546-scaled-1024x683-fd90e2c36371.jpg\" alt=\"\" class=\"wp-image-7697 size-full\" srcset=\"https:\/\/parcsaintecroix.com\/wp-content\/uploads\/2022\/09\/DQ2A0546-scaled-1024x683-fd90e2c36371.jpg 1024w, https:\/\/parcsaintecroix.com\/wp-content\/uploads\/2022\/09\/DQ2A0546-scaled-300x200-512c1e2135f8.jpg 300w, https:\/\/parcsaintecroix.com\/wp-content\/uploads\/2022\/09\/DQ2A0546-scaled-768x512-b56108145cc7.jpg 768w, https:\/\/parcsaintecroix.com\/wp-content\/uploads\/2022\/09\/DQ2A0546-scaled-1536x1024-3c33d8efde71.jpg 1536w, https:\/\/parcsaintecroix.com\/wp-content\/uploads\/2022\/09\/DQ2A0546-scaled-2048x1366-539fcd4e84ba.jpg 2048w, https:\/\/parcsaintecroix.com\/wp-content\/uploads\/2022\/09\/DQ2A0546-scaled-100x67-fab7673e88b9.jpg 100w\" sizes=\"auto, (max-width: 1024px) 100vw, 1024px\" \/><\/figure><\/div>\n          <\/div>\n        <\/div>\n      <\/div>\n\n      <\/section>\n\n<section class=\"block-grid-wrapper block-grid-for-core-heading\">\n      <div class=\"default-editor-content grid-for-core-heading grid-container fluid fluid\">\n        <div class=\"grid-x grid-padding-x align-center\">\n          <div class=\"cell\">\n            \n<h2 class=\"wp-block-heading\"><strong><strong><strong><strong>\u00a0Le renard : inspirations sucr\u00e9es-acidul\u00e9es d\u2019hiver<\/strong><\/strong><\/strong><\/strong><\/h2>\n          <\/div>\n        <\/div>\n      <\/div>\n\n      <\/section>\n\n<section class=\"block-grid-wrapper block-grid-for-core-paragraph\">\n      <div class=\"default-editor-content grid-for-core-paragraph grid-container fluid fluid\">\n        <div class=\"grid-x grid-padding-x align-center\">\n          <div class=\"cell\">\n            \n<p>Le <a href=\"https:\/\/parcsaintecroix.com\/fr\/animaux\/renard-roux\">renard roux<\/a> est l\u2019un des animaux qui s\u2019adapte le plus aux saisons . En hiver, le renard profite de tout ce que la nature, ou <a href=\"https:\/\/parcsaintecroix.com\/fr\/les-bons-gestes-pour-aider-la-faune-sauvage-pendant-lhiver\">parfois l\u2019homme<\/a>,\u00a0 lui offre.<br>Il se nourrit principalement de <strong>petits rongeurs<\/strong>, de <strong>fruits<\/strong>, de <strong>baies s\u00e9ch\u00e9es<\/strong> et m\u00eame de <strong>miel<\/strong>.<br>Avec son r\u00e9gime omnivore le renard est un v\u00e9ritable \u00e9quilibriste du monde sauvage, capable de survivre dans des milieux tr\u00e8s vari\u00e9s.<\/p>\n          <\/div>\n        <\/div>\n      <\/div>\n\n      <\/section>\n\n<section class=\"block-grid-wrapper block-grid-for-core-extended-special-paragraph-with-border\">\n      <div class=\"default-editor-content grid-for-core-extended-special-paragraph-with-border grid-container fluid fluid\">\n        <div class=\"grid-x grid-padding-x align-center\">\n          <div class=\"cell\">\n            \n<div class=\"wp-block-extended-special-paragraph-with-border\">\n<h3 class=\"wp-block-heading\"><strong>Le saviez-vous ?<\/strong><\/h3>\n\n\n\n<p>Le renard peut entendre un petit rongeur bouger jusqu\u2019\u00e0 10 cm sous la neige ! Il bondit alors pour le capturer, une technique qui est appel\u00e9e le \u201cmulotage\u201d.<\/p>\n<\/div>\n          <\/div>\n        <\/div>\n      <\/div>\n\n      <\/section>\n\n<section class=\"block-grid-wrapper block-grid-for-core-heading\">\n      <div class=\"default-editor-content grid-for-core-heading grid-container fluid fluid\">\n        <div class=\"grid-x grid-padding-x align-center\">\n          <div class=\"cell\">\n            \n<h3 class=\"wp-block-heading\"><strong>Recette inspir\u00e9e : tartinade de baies rouges et romarin<\/strong><\/h3>\n          <\/div>\n        <\/div>\n      <\/div>\n\n      <\/section>\n\n<section class=\"block-grid-wrapper block-grid-for-core-media-text\">\n      <div class=\"default-editor-content grid-for-core-media-text grid-container fluid fluid\">\n        <div class=\"grid-x grid-padding-x align-center\">\n          <div class=\"cell\">\n            \n<div class=\"wp-block-media-text has-media-on-the-right is-stacked-on-mobile\" style=\"grid-template-columns:auto 59%\"><div class=\"wp-block-media-text__content\">\n<p><strong>Ingr\u00e9dients :<\/strong><\/p>\n\n\n\n<ul class=\"wp-block-list\">\n<li>300 g de fruits rouges (myrtilles, airelles, groseilles)<\/li>\n\n\n\n<li>un peu de miel<\/li>\n\n\n\n<li>une branche de romarin<\/li>\n\n\n\n<li>jus de citron<\/li>\n<\/ul>\n\n\n\n<p><strong>Pr\u00e9paration :<\/strong><\/p>\n\n\n\n<ol class=\"wp-block-list\">\n<li>Faites cuire les baies avec le miel et le romarin jusqu\u2019\u00e0 \u00e9paississement<br><\/li>\n\n\n\n<li>Retirez la branche de romarin<br><\/li>\n\n\n\n<li>Ajoutez le citron et laissez refroidir.<br><\/li>\n<\/ol>\n\n\n\n<p>\u00c0 d\u00e9guster sur une tranche de pain de campagne grill\u00e9 : une touche sucr\u00e9e et acidul\u00e9e qui rappelle les gourmandises naturelles du renard.<\/p>\n<\/div><figure class=\"wp-block-media-text__media\"><img loading=\"lazy\" decoding=\"async\" width=\"1024\" height=\"683\" src=\"https:\/\/parcsaintecroix.com\/wp-content\/uploads\/2025\/12\/cp-bapts-photography-5-1024x683-fd90e2c36371.jpg\" alt=\"\" class=\"wp-image-38710 size-full\" srcset=\"https:\/\/parcsaintecroix.com\/wp-content\/uploads\/2025\/12\/cp-bapts-photography-5-1024x683-fd90e2c36371.jpg 1024w, https:\/\/parcsaintecroix.com\/wp-content\/uploads\/2025\/12\/cp-bapts-photography-5-300x200-512c1e2135f8.jpg 300w, https:\/\/parcsaintecroix.com\/wp-content\/uploads\/2025\/12\/cp-bapts-photography-5-768x512-b56108145cc7.jpg 768w, https:\/\/parcsaintecroix.com\/wp-content\/uploads\/2025\/12\/cp-bapts-photography-5-1536x1024-3c33d8efde71.jpg 1536w, https:\/\/parcsaintecroix.com\/wp-content\/uploads\/2025\/12\/cp-bapts-photography-5-2048x1365-539fcd4e84ba.jpg 2048w, https:\/\/parcsaintecroix.com\/wp-content\/uploads\/2025\/12\/cp-bapts-photography-5-100x67-fab7673e88b9.jpg 100w\" sizes=\"auto, (max-width: 1024px) 100vw, 1024px\" \/><\/figure><\/div>\n          <\/div>\n        <\/div>\n      <\/div>\n\n      <\/section>\n\n<section class=\"block-grid-wrapper block-grid-for-core-heading\">\n      <div class=\"default-editor-content grid-for-core-heading grid-container fluid fluid\">\n        <div class=\"grid-x grid-padding-x align-center\">\n          <div class=\"cell\">\n            \n<h2 class=\"wp-block-heading has-text-align-left\"><strong><strong><strong><strong>Une cuisine connect\u00e9e \u00e0 la nature<\/strong><\/strong><\/strong><\/strong><\/h2>\n          <\/div>\n        <\/div>\n      <\/div>\n\n      <\/section>\n\n<section class=\"block-grid-wrapper block-grid-for-core-paragraph\">\n      <div class=\"default-editor-content grid-for-core-paragraph grid-container fluid fluid\">\n        <div class=\"grid-x grid-padding-x align-center\">\n          <div class=\"cell\">\n            \n<p>Observer les animaux en hiver, c\u2019est red\u00e9couvrir la richesse des \u00e9cosyst\u00e8mes et la richesse de la nature.<br>\u00c9cureuil, ours, cerf ou renard, chacun illustre \u00e0 sa mani\u00e8re <strong>l\u2019adaptation, la r\u00e9silience et le lien profond entre alimentation et la nature<\/strong>.<\/p>\n          <\/div>\n        <\/div>\n      <\/div>\n\n      <\/section>\n\n<section class=\"block-grid-wrapper block-grid-for-core-paragraph\">\n      <div class=\"default-editor-content grid-for-core-paragraph grid-container fluid fluid\">\n        <div class=\"grid-x grid-padding-x align-center\">\n          <div class=\"cell\">\n            \n<p>S\u2019inspirer des comportements de ces animaux, c\u2019est apprendre \u00e0 <strong>cuisiner plus simplement, plus localement, et surtout plus en harmonie avec les saisons<\/strong>.<\/p>\n          <\/div>\n        <\/div>\n      <\/div>\n\n      <\/section>\n\n<section class=\"block-grid-wrapper block-grid-for-core-heading\">\n      <div class=\"default-editor-content grid-for-core-heading grid-container fluid fluid\">\n        <div class=\"grid-x grid-padding-x align-center\">\n          <div class=\"cell\">\n            \n<h2 class=\"wp-block-heading\"><strong>\u00c0 d\u00e9couvrir cet hiver au Parc animalier de Sainte-Croix<\/strong><\/h2>\n          <\/div>\n        <\/div>\n      <\/div>\n\n      <\/section>\n\n<section class=\"block-grid-wrapper block-grid-for-core-paragraph\">\n      <div class=\"default-editor-content grid-for-core-paragraph grid-container fluid fluid\">\n        <div class=\"grid-x grid-padding-x align-center\">\n          <div class=\"cell\">\n            \n<p>Cet hiver, partez \u00e0 la rencontre des animaux du Parc animalier de Sainte-Croix et venez observer leurs <strong>strat\u00e9gies alimentaires<\/strong>.<\/p>\n          <\/div>\n        <\/div>\n      <\/div>\n\n      <\/section>\n\n<section class=\"block-grid-wrapper block-grid-for-core-paragraph\">\n      <div class=\"default-editor-content grid-for-core-paragraph grid-container fluid fluid\">\n        <div class=\"grid-x grid-padding-x align-center\">\n          <div class=\"cell\">\n            \n<p>Nos nombreuses animations vous feront comprendre comment chaque esp\u00e8ce s\u2019adapte \u00e0 l\u2019hiver et comment nous pouvons, \u00e0 notre tour, nous inspirer de la nature.<\/p>\n          <\/div>\n        <\/div>\n      <\/div>\n\n      <\/section>\n\n<section class=\"block-grid-wrapper block-grid-for-core-buttons\">\n      <div class=\"default-editor-content grid-for-core-buttons grid-container fluid fluid\">\n        <div class=\"grid-x grid-padding-x align-center\">\n          <div class=\"cell\">\n            \n<div class=\"wp-block-buttons is-content-justification-center is-layout-flex wp-container-core-buttons-is-layout-16018d1d wp-block-buttons-is-layout-flex\">\n<div class=\"wp-block-button is-style-transparent-button-with-blue-border\"><a class=\"wp-block-button__link button-icon-- wp-element-button\" href=\"https:\/\/parcsaintecroix.com\/fr\/lumiere-d-hiver\">D\u00e9courvir L&rsquo;hiver \u00e0 Sainte-Croix<\/a><\/div>\n<\/div>\n          <\/div>\n        <\/div>\n      <\/div>\n\n      <\/section>\n\n<section class=\"block-grid-wrapper block-grid-for-core-paragraph\">\n      <div class=\"default-editor-content grid-for-core-paragraph grid-container fluid fluid\">\n        <div class=\"grid-x grid-padding-x align-center\">\n          <div class=\"cell\">\n            \n<p class=\"has-small-font-size\">CP : Parc Sainte-Croix, bapt&rsquo;s photography<\/p>\n          <\/div>\n        <\/div>\n      <\/div>\n\n      <\/section>\n\n\n    <section  class=\"wp-block-acf-three-articles  block-index-99 section-content section-three-articles\"       itemprop=\"hasPart\" itemscope\n\n      <div class=\"grid-container full\">\n\n        <div class=\"grid-x title-wrapper\">\n\n          <div class=\"cell\">\n                          <h2 class=\"section-title\" itemprop=\"name heading\">En ce moment \u00e0 Sainte-Croix<\/h2>\n            \n                      <\/div>\n\n        <\/div>\n\n\n        <div class=\"grid-x listing-latest-news news-slider align-center\">\n          <article class=\"cell medium-6 large-4 js-article article-box flex-container flex-dir-column post-37937 post type-post status-publish format-standard has-post-thumbnail hentry category-animaux category-le-parc\"  itemscope itemtype=\"https:\/\/schema.org\/Article\" itemid=\"https:\/\/parcsaintecroix.com\/fr\/quelle-est-la-difference-entre-le-bison-deurope-et-le-bison-damerique\" itemref=\"publisher\">\n      <meta itemprop=\"author\" content=\"Parc de Saint Croix\" \/>\n    <meta itemprop=\"image\" content=\"https:\/\/parcsaintecroix.com\/wp-content\/uploads\/2025\/10\/CP-Morgane-Bricard-64-scaled.jpg\" \/>\n    <meta itemprop=\"datePublished\" content=\"2026-04-30T20:33:47+02:00\" \/>\n    <meta itemprop=\"dateModified\" content=\"2026-04-30T20:33:50+02:00\" \/>\n      <div class=\"news-content-wrapper\">\n          <a href=\"https:\/\/parcsaintecroix.com\/fr\/quelle-est-la-difference-entre-le-bison-deurope-et-le-bison-damerique\" itemprop=\"url mainEntityOfPage\">\n        \n                  <span class=\"label-category\">Animaux<\/span>\n        \n        <figure>\n          <img decoding=\"async\"  data-fade-in loading=\"lazy\" src=\"data:image\/png;base64,R0lGODlhAQABAAD\/ACwAAAAAAQABAAACADs=\" data-lazy-interchange=\"[https:\/\/parcsaintecroix.com\/wp-content\/uploads\/2025\/10\/CP-Morgane-Bricard-64-scaled-668x668-71ab615e0a86.jpg, small], [https:\/\/parcsaintecroix.com\/wp-content\/uploads\/2025\/10\/CP-Morgane-Bricard-64-scaled-423x423-f5ddf0753daf.jpg, large], [https:\/\/parcsaintecroix.com\/wp-content\/uploads\/2025\/10\/CP-Morgane-Bricard-64-scaled-800x800-b303cee25c1f.jpg, xlarge], [https:\/\/parcsaintecroix.com\/wp-content\/uploads\/2025\/10\/CP-Morgane-Bricard-64-scaled-846x846-97851059a762.jpg, large_retina], [https:\/\/parcsaintecroix.com\/wp-content\/uploads\/2025\/10\/CP-Morgane-Bricard-64-scaled-1600x1600-f1dbcba1895c.jpg, xlarge_retina]\" data-interchange-sizes=\"{&quot;small&quot;:{&quot;w&quot;:668,&quot;h&quot;:668},&quot;large&quot;:{&quot;w&quot;:423,&quot;h&quot;:423},&quot;xlarge&quot;:{&quot;w&quot;:800,&quot;h&quot;:800},&quot;large_retina&quot;:{&quot;w&quot;:846,&quot;h&quot;:846},&quot;xlarge_retina&quot;:{&quot;w&quot;:1600,&quot;h&quot;:1600}}\"  style=\";--aspect-ratio-small: 1;--aspect-ratio-large: 1;--aspect-ratio-xlarge: 1;--aspect-ratio-large_retina: 1;--aspect-ratio-xlarge_retina: 1\" data-has-aspect-ratio=\"true\" alt=\"Quelle est la diff\u00e9rence entre le bison d&rsquo;Europe et le bison d&rsquo;Am\u00e9rique ?\" itemprop=\"image\" data-fade-in \/>\n        <\/figure>\n\n              <\/a>\n      <\/div>\n\n  <div class=\"article-box-content flex-child-grow flex-container flex-dir-column\">\n    <header class=\"entry-header\">\n      <h2 class=\"entry-name\" itemprop=\"name headline\">\n        <a href=\"https:\/\/parcsaintecroix.com\/fr\/quelle-est-la-difference-entre-le-bison-deurope-et-le-bison-damerique\">Quelle est la diff\u00e9rence entre le bison d&rsquo;Europe et le bison d&rsquo;Am\u00e9rique ?<\/a>\n      <\/h2>\n    <\/header>\n\n    <div class=\"entry-content\">\n      <p class=\"excerpt\">Au Parc Animalier de Sainte\u2011Croix, deux esp\u00e8ces impressionnantes issues d\u2019un h\u00e9ritage pr\u00e9historique commun, proche de l\u2019aurochs, \u00e9voluent &#8230;<\/p>\n    <\/div>\n\n    <p class=\"entry-date\">\n      Publi\u00e9 le 30 avril 2026    <\/p>\n\n  <\/div>\n<\/article>\n\n<article class=\"cell medium-6 large-4 js-article article-box flex-container flex-dir-column post-38694 post type-post status-publish format-standard has-post-thumbnail hentry category-animaux category-le-parc\"  itemscope itemtype=\"https:\/\/schema.org\/Article\" itemid=\"https:\/\/parcsaintecroix.com\/fr\/le-renard-roux-en-france-une-espece-nuisible\" itemref=\"publisher\">\n      <meta itemprop=\"author\" content=\"Parc de Saint Croix\" \/>\n    <meta itemprop=\"image\" content=\"https:\/\/parcsaintecroix.com\/wp-content\/uploads\/2025\/12\/CP-Lydie-Comte-Antoine.jpg\" \/>\n    <meta itemprop=\"datePublished\" content=\"2026-04-30T20:32:32+02:00\" \/>\n    <meta itemprop=\"dateModified\" content=\"2026-04-30T20:32:36+02:00\" \/>\n      <div class=\"news-content-wrapper\">\n          <a href=\"https:\/\/parcsaintecroix.com\/fr\/le-renard-roux-en-france-une-espece-nuisible\" itemprop=\"url mainEntityOfPage\">\n        \n                  <span class=\"label-category\">Animaux<\/span>\n        \n        <figure>\n          <img decoding=\"async\"  data-fade-in loading=\"lazy\" src=\"data:image\/png;base64,R0lGODlhAQABAAD\/ACwAAAAAAQABAAACADs=\" data-lazy-interchange=\"[https:\/\/parcsaintecroix.com\/wp-content\/uploads\/2025\/12\/CP-Lydie-Comte-Antoine-668x668-71ab615e0a86.jpg, small], [https:\/\/parcsaintecroix.com\/wp-content\/uploads\/2025\/12\/CP-Lydie-Comte-Antoine-423x423-f5ddf0753daf.jpg, large], [https:\/\/parcsaintecroix.com\/wp-content\/uploads\/2025\/12\/CP-Lydie-Comte-Antoine-800x800-b303cee25c1f.jpg, xlarge], [https:\/\/parcsaintecroix.com\/wp-content\/uploads\/2025\/12\/CP-Lydie-Comte-Antoine-846x846-97851059a762.jpg, large_retina], [https:\/\/parcsaintecroix.com\/wp-content\/uploads\/2025\/12\/CP-Lydie-Comte-Antoine-1366x1366-f1dbcba1895c.jpg, xlarge_retina]\" data-interchange-sizes=\"{&quot;small&quot;:{&quot;w&quot;:668,&quot;h&quot;:668},&quot;large&quot;:{&quot;w&quot;:423,&quot;h&quot;:423},&quot;xlarge&quot;:{&quot;w&quot;:800,&quot;h&quot;:800},&quot;large_retina&quot;:{&quot;w&quot;:846,&quot;h&quot;:846},&quot;xlarge_retina&quot;:{&quot;w&quot;:1366,&quot;h&quot;:1366}}\"  style=\";--aspect-ratio-small: 1;--aspect-ratio-large: 1;--aspect-ratio-xlarge: 1;--aspect-ratio-large_retina: 1;--aspect-ratio-xlarge_retina: 1\" data-has-aspect-ratio=\"true\" alt=\"Le renard roux en France : une esp\u00e8ce nuisible ?\" itemprop=\"image\" data-fade-in \/>\n        <\/figure>\n\n              <\/a>\n      <\/div>\n\n  <div class=\"article-box-content flex-child-grow flex-container flex-dir-column\">\n    <header class=\"entry-header\">\n      <h2 class=\"entry-name\" itemprop=\"name headline\">\n        <a href=\"https:\/\/parcsaintecroix.com\/fr\/le-renard-roux-en-france-une-espece-nuisible\">Le renard roux en France : une esp\u00e8ce nuisible ?<\/a>\n      <\/h2>\n    <\/header>\n\n    <div class=\"entry-content\">\n      <p class=\"excerpt\">Longtemps consid\u00e9r\u00e9 comme une esp\u00e8ce animale nuisible, le renard roux est encore aujourd\u2019hui porteur de nombreux pr\u00e9jug\u00e9s. &#8230;<\/p>\n    <\/div>\n\n    <p class=\"entry-date\">\n      Publi\u00e9 le 30 avril 2026    <\/p>\n\n  <\/div>\n<\/article>\n\n<article class=\"cell medium-6 large-4 js-article article-box flex-container flex-dir-column post-41005 post type-post status-publish format-standard has-post-thumbnail hentry category-animaux category-le-parc\"  itemscope itemtype=\"https:\/\/schema.org\/Article\" itemid=\"https:\/\/parcsaintecroix.com\/fr\/comment-faire-un-jardin-agroecologique-chez-soi\" itemref=\"publisher\">\n      <meta itemprop=\"author\" content=\"Parc de Saint Croix\" \/>\n    <meta itemprop=\"image\" content=\"https:\/\/parcsaintecroix.com\/wp-content\/uploads\/2026\/04\/Station-sol-CP-Carla-Datola-4.jpg\" \/>\n    <meta itemprop=\"datePublished\" content=\"2026-04-30T20:29:21+02:00\" \/>\n    <meta itemprop=\"dateModified\" content=\"2026-04-30T20:29:24+02:00\" \/>\n      <div class=\"news-content-wrapper\">\n          <a href=\"https:\/\/parcsaintecroix.com\/fr\/comment-faire-un-jardin-agroecologique-chez-soi\" itemprop=\"url mainEntityOfPage\">\n        \n                  <span class=\"label-category\">Animaux<\/span>\n        \n        <figure>\n          <img decoding=\"async\"  data-fade-in loading=\"lazy\" src=\"data:image\/png;base64,R0lGODlhAQABAAD\/ACwAAAAAAQABAAACADs=\" data-lazy-interchange=\"[https:\/\/parcsaintecroix.com\/wp-content\/uploads\/2026\/04\/Station-sol-CP-Carla-Datola-4-668x668-71ab615e0a86.jpg, small], [https:\/\/parcsaintecroix.com\/wp-content\/uploads\/2026\/04\/Station-sol-CP-Carla-Datola-4-423x423-f5ddf0753daf.jpg, large], [https:\/\/parcsaintecroix.com\/wp-content\/uploads\/2026\/04\/Station-sol-CP-Carla-Datola-4-800x800-b303cee25c1f.jpg, xlarge], [https:\/\/parcsaintecroix.com\/wp-content\/uploads\/2026\/04\/Station-sol-CP-Carla-Datola-4-846x846-97851059a762.jpg, large_retina], [https:\/\/parcsaintecroix.com\/wp-content\/uploads\/2026\/04\/Station-sol-CP-Carla-Datola-4-1366x1366-f1dbcba1895c.jpg, xlarge_retina]\" data-interchange-sizes=\"{&quot;small&quot;:{&quot;w&quot;:668,&quot;h&quot;:668},&quot;large&quot;:{&quot;w&quot;:423,&quot;h&quot;:423},&quot;xlarge&quot;:{&quot;w&quot;:800,&quot;h&quot;:800},&quot;large_retina&quot;:{&quot;w&quot;:846,&quot;h&quot;:846},&quot;xlarge_retina&quot;:{&quot;w&quot;:1366,&quot;h&quot;:1366}}\"  style=\";--aspect-ratio-small: 1;--aspect-ratio-large: 1;--aspect-ratio-xlarge: 1;--aspect-ratio-large_retina: 1;--aspect-ratio-xlarge_retina: 1\" data-has-aspect-ratio=\"true\" alt=\"Comment faire un jardin agro\u00e9cologique chez soi ?\" itemprop=\"image\" data-fade-in \/>\n        <\/figure>\n\n              <\/a>\n      <\/div>\n\n  <div class=\"article-box-content flex-child-grow flex-container flex-dir-column\">\n    <header class=\"entry-header\">\n      <h2 class=\"entry-name\" itemprop=\"name headline\">\n        <a href=\"https:\/\/parcsaintecroix.com\/fr\/comment-faire-un-jardin-agroecologique-chez-soi\">Comment faire un jardin agro\u00e9cologique chez soi ?<\/a>\n      <\/h2>\n    <\/header>\n\n    <div class=\"entry-content\">\n      <p class=\"excerpt\">Cr\u00e9er un jardin agro\u00e9cologique chez soi, c\u2019est choisir un mode de culture respectueux de la nature, de &#8230;<\/p>\n    <\/div>\n\n    <p class=\"entry-date\">\n      Publi\u00e9 le 30 avril 2026    <\/p>\n\n  <\/div>\n<\/article>\n\n        <\/div>\n\n\n              <\/div>\n    <\/section>\n    ","protected":false},"excerpt":{"rendered":"<p>Quand l\u2019hiver s\u2019installe dans nos campagnes, les animaux redoublent d\u2019ing\u00e9niosit\u00e9 pour trouver de la nourriture. Certains font des r\u00e9serves, d\u2019autres adaptent leur r\u00e9gime \u00e0 la saison\u00a0 ou entrent en hibernation. Et si nous nous en inspirons pour notre cuisine d\u2019hiver \u00c0 travers quelques exemples tir\u00e9s de la vie sauvage, d\u00e9couvrons ensemble, comment la nature, la [&hellip;]<\/p>\n","protected":false},"author":10,"featured_media":27810,"comment_status":"closed","ping_status":"closed","sticky":false,"template":"","format":"standard","meta":{"_acf_changed":false,"_themeisle_gutenberg_block_has_review":false,"footnotes":""},"categories":[223,23],"tags":[],"class_list":["post-38749","post","type-post","status-publish","format-standard","has-post-thumbnail","hentry","category-animaux","category-le-parc"],"acf":[],"yoast_head":"<!-- This site is optimized with the Yoast SEO plugin v27.3 - https:\/\/yoast.com\/product\/yoast-seo-wordpress\/ -->\n<title>Recettes inspir\u00e9es du monde animal : inspirations de saison | Parc Sainte-Croix<\/title>\n<meta name=\"description\" content=\"Dans cet article, d\u00e9couvrez des recettes qui s\u2019inspirent de la nature et des animaux pour offrir une cuisine d\u2019hiver authentique et g\u00e9n\u00e9reuse.\" \/>\n<meta name=\"robots\" content=\"index, follow, max-snippet:-1, max-image-preview:large, max-video-preview:-1\" \/>\n<link rel=\"canonical\" href=\"https:\/\/parcsaintecroix.com\/fr\/recettes-nature-cuisine-inspiree-du-monde-animal-en-hiver\" \/>\n<meta property=\"og:locale\" content=\"fr_FR\" \/>\n<meta property=\"og:type\" content=\"article\" \/>\n<meta property=\"og:title\" content=\"Recettes inspir\u00e9es du monde animal : inspirations de saison | Parc Sainte-Croix\" \/>\n<meta property=\"og:description\" content=\"Dans cet article, d\u00e9couvrez des recettes qui s\u2019inspirent de la nature et des animaux pour offrir une cuisine d\u2019hiver authentique et g\u00e9n\u00e9reuse.\" \/>\n<meta property=\"og:url\" content=\"https:\/\/parcsaintecroix.com\/fr\/recettes-nature-cuisine-inspiree-du-monde-animal-en-hiver\" \/>\n<meta property=\"og:site_name\" content=\"Parc de Saint Croix\" \/>\n<meta property=\"article:publisher\" content=\"https:\/\/www.facebook.com\/LodgesSainteCroix\/\" \/>\n<meta property=\"article:published_time\" content=\"2025-12-16T13:39:06+00:00\" \/>\n<meta property=\"article:modified_time\" content=\"2025-12-16T13:39:09+00:00\" \/>\n<meta property=\"og:image\" content=\"https:\/\/parcsaintecroix.com\/wp-content\/uploads\/2024\/01\/ecureuil-cp-M.C-4-2.jpg\" \/>\n\t<meta property=\"og:image:width\" content=\"2048\" \/>\n\t<meta property=\"og:image:height\" content=\"1365\" \/>\n\t<meta property=\"og:image:type\" content=\"image\/jpeg\" \/>\n<meta name=\"author\" content=\"Noemie Thiery\" \/>\n<meta name=\"twitter:card\" content=\"summary_large_image\" \/>\n<meta name=\"twitter:creator\" content=\"@parc_stecroix\" \/>\n<meta name=\"twitter:site\" content=\"@parc_stecroix\" \/>\n<meta name=\"twitter:label1\" content=\"\u00c9crit par\" \/>\n\t<meta name=\"twitter:data1\" content=\"Noemie Thiery\" \/>\n\t<meta name=\"twitter:label2\" content=\"Dur\u00e9e de lecture estim\u00e9e\" \/>\n\t<meta name=\"twitter:data2\" content=\"6 minutes\" \/>\n<script type=\"application\/ld+json\" class=\"yoast-schema-graph\">{\"@context\":\"https:\\\/\\\/schema.org\",\"@graph\":[{\"@type\":\"Article\",\"@id\":\"https:\\\/\\\/parcsaintecroix.com\\\/fr\\\/recettes-nature-cuisine-inspiree-du-monde-animal-en-hiver#article\",\"isPartOf\":{\"@id\":\"https:\\\/\\\/parcsaintecroix.com\\\/fr\\\/recettes-nature-cuisine-inspiree-du-monde-animal-en-hiver\"},\"author\":{\"name\":\"Noemie Thiery\",\"@id\":\"https:\\\/\\\/parcsaintecroix.com\\\/fr\\\/#\\\/schema\\\/person\\\/65f332915192f61bb9ce8f0cc3ba495b\"},\"headline\":\"\u00a0Recettes nature : cuisine inspir\u00e9e du monde animal en hiver\",\"datePublished\":\"2025-12-16T13:39:06+00:00\",\"dateModified\":\"2025-12-16T13:39:09+00:00\",\"mainEntityOfPage\":{\"@id\":\"https:\\\/\\\/parcsaintecroix.com\\\/fr\\\/recettes-nature-cuisine-inspiree-du-monde-animal-en-hiver\"},\"wordCount\":920,\"publisher\":{\"@id\":\"https:\\\/\\\/parcsaintecroix.com\\\/fr\\\/#organization\"},\"image\":{\"@id\":\"https:\\\/\\\/parcsaintecroix.com\\\/fr\\\/recettes-nature-cuisine-inspiree-du-monde-animal-en-hiver#primaryimage\"},\"thumbnailUrl\":\"https:\\\/\\\/parcsaintecroix.com\\\/wp-content\\\/uploads\\\/2024\\\/01\\\/ecureuil-cp-M.C-4-2.jpg\",\"articleSection\":[\"Animaux\",\"Le parc\"],\"inLanguage\":\"fr-FR\"},{\"@type\":\"WebPage\",\"@id\":\"https:\\\/\\\/parcsaintecroix.com\\\/fr\\\/recettes-nature-cuisine-inspiree-du-monde-animal-en-hiver\",\"url\":\"https:\\\/\\\/parcsaintecroix.com\\\/fr\\\/recettes-nature-cuisine-inspiree-du-monde-animal-en-hiver\",\"name\":\"Recettes inspir\u00e9es du monde animal : inspirations de saison | Parc Sainte-Croix\",\"isPartOf\":{\"@id\":\"https:\\\/\\\/parcsaintecroix.com\\\/fr\\\/#website\"},\"primaryImageOfPage\":{\"@id\":\"https:\\\/\\\/parcsaintecroix.com\\\/fr\\\/recettes-nature-cuisine-inspiree-du-monde-animal-en-hiver#primaryimage\"},\"image\":{\"@id\":\"https:\\\/\\\/parcsaintecroix.com\\\/fr\\\/recettes-nature-cuisine-inspiree-du-monde-animal-en-hiver#primaryimage\"},\"thumbnailUrl\":\"https:\\\/\\\/parcsaintecroix.com\\\/wp-content\\\/uploads\\\/2024\\\/01\\\/ecureuil-cp-M.C-4-2.jpg\",\"datePublished\":\"2025-12-16T13:39:06+00:00\",\"dateModified\":\"2025-12-16T13:39:09+00:00\",\"description\":\"Dans cet article, d\u00e9couvrez des recettes qui s\u2019inspirent de la nature et des animaux pour offrir une cuisine d\u2019hiver authentique et g\u00e9n\u00e9reuse.\",\"breadcrumb\":{\"@id\":\"https:\\\/\\\/parcsaintecroix.com\\\/fr\\\/recettes-nature-cuisine-inspiree-du-monde-animal-en-hiver#breadcrumb\"},\"inLanguage\":\"fr-FR\",\"potentialAction\":[{\"@type\":\"ReadAction\",\"target\":[\"https:\\\/\\\/parcsaintecroix.com\\\/fr\\\/recettes-nature-cuisine-inspiree-du-monde-animal-en-hiver\"]}]},{\"@type\":\"ImageObject\",\"inLanguage\":\"fr-FR\",\"@id\":\"https:\\\/\\\/parcsaintecroix.com\\\/fr\\\/recettes-nature-cuisine-inspiree-du-monde-animal-en-hiver#primaryimage\",\"url\":\"https:\\\/\\\/parcsaintecroix.com\\\/wp-content\\\/uploads\\\/2024\\\/01\\\/ecureuil-cp-M.C-4-2.jpg\",\"contentUrl\":\"https:\\\/\\\/parcsaintecroix.com\\\/wp-content\\\/uploads\\\/2024\\\/01\\\/ecureuil-cp-M.C-4-2.jpg\",\"width\":2048,\"height\":1365},{\"@type\":\"BreadcrumbList\",\"@id\":\"https:\\\/\\\/parcsaintecroix.com\\\/fr\\\/recettes-nature-cuisine-inspiree-du-monde-animal-en-hiver#breadcrumb\",\"itemListElement\":[{\"@type\":\"ListItem\",\"position\":1,\"name\":\"Accueil\",\"item\":\"https:\\\/\\\/parcsaintecroix.com\\\/fr\"},{\"@type\":\"ListItem\",\"position\":2,\"name\":\"\u00a0Recettes nature : cuisine inspir\u00e9e du monde animal en hiver\"}]},{\"@type\":\"WebSite\",\"@id\":\"https:\\\/\\\/parcsaintecroix.com\\\/fr\\\/#website\",\"url\":\"https:\\\/\\\/parcsaintecroix.com\\\/fr\\\/\",\"name\":\"Parc de Saint Croix\",\"description\":\"\",\"publisher\":{\"@id\":\"https:\\\/\\\/parcsaintecroix.com\\\/fr\\\/#organization\"},\"inLanguage\":\"fr-FR\"},{\"@type\":\"Organization\",\"@id\":\"https:\\\/\\\/parcsaintecroix.com\\\/fr\\\/#organization\",\"name\":\"Parc de Saint Croix\",\"url\":\"https:\\\/\\\/parcsaintecroix.com\\\/fr\\\/\",\"logo\":{\"@type\":\"ImageObject\",\"inLanguage\":\"fr-FR\",\"@id\":\"https:\\\/\\\/parcsaintecroix.com\\\/fr\\\/#\\\/schema\\\/logo\\\/image\\\/\",\"url\":\"https:\\\/\\\/parcsaintecroix.com\\\/wp-content\\\/uploads\\\/2022\\\/09\\\/SainteCroix-Favicon.png\",\"contentUrl\":\"https:\\\/\\\/parcsaintecroix.com\\\/wp-content\\\/uploads\\\/2022\\\/09\\\/SainteCroix-Favicon.png\",\"width\":512,\"height\":512,\"caption\":\"Parc de Saint Croix\"},\"image\":{\"@id\":\"https:\\\/\\\/parcsaintecroix.com\\\/fr\\\/#\\\/schema\\\/logo\\\/image\\\/\"},\"sameAs\":[\"https:\\\/\\\/www.facebook.com\\\/LodgesSainteCroix\\\/\",\"https:\\\/\\\/x.com\\\/parc_stecroix\"]},{\"@type\":\"Person\",\"@id\":\"https:\\\/\\\/parcsaintecroix.com\\\/fr\\\/#\\\/schema\\\/person\\\/65f332915192f61bb9ce8f0cc3ba495b\",\"name\":\"Noemie Thiery\"}]}<\/script>\n<!-- \/ Yoast SEO plugin. -->","yoast_head_json":{"title":"Recettes inspir\u00e9es du monde animal : inspirations de saison | Parc Sainte-Croix","description":"Dans cet article, d\u00e9couvrez des recettes qui s\u2019inspirent de la nature et des animaux pour offrir une cuisine d\u2019hiver authentique et g\u00e9n\u00e9reuse.","robots":{"index":"index","follow":"follow","max-snippet":"max-snippet:-1","max-image-preview":"max-image-preview:large","max-video-preview":"max-video-preview:-1"},"canonical":"https:\/\/parcsaintecroix.com\/fr\/recettes-nature-cuisine-inspiree-du-monde-animal-en-hiver","og_locale":"fr_FR","og_type":"article","og_title":"Recettes inspir\u00e9es du monde animal : inspirations de saison | Parc Sainte-Croix","og_description":"Dans cet article, d\u00e9couvrez des recettes qui s\u2019inspirent de la nature et des animaux pour offrir une cuisine d\u2019hiver authentique et g\u00e9n\u00e9reuse.","og_url":"https:\/\/parcsaintecroix.com\/fr\/recettes-nature-cuisine-inspiree-du-monde-animal-en-hiver","og_site_name":"Parc de Saint Croix","article_publisher":"https:\/\/www.facebook.com\/LodgesSainteCroix\/","article_published_time":"2025-12-16T13:39:06+00:00","article_modified_time":"2025-12-16T13:39:09+00:00","og_image":[{"width":2048,"height":1365,"url":"https:\/\/parcsaintecroix.com\/wp-content\/uploads\/2024\/01\/ecureuil-cp-M.C-4-2.jpg","type":"image\/jpeg"}],"author":"Noemie Thiery","twitter_card":"summary_large_image","twitter_creator":"@parc_stecroix","twitter_site":"@parc_stecroix","twitter_misc":{"\u00c9crit par":"Noemie Thiery","Dur\u00e9e de lecture estim\u00e9e":"6 minutes"},"schema":{"@context":"https:\/\/schema.org","@graph":[{"@type":"Article","@id":"https:\/\/parcsaintecroix.com\/fr\/recettes-nature-cuisine-inspiree-du-monde-animal-en-hiver#article","isPartOf":{"@id":"https:\/\/parcsaintecroix.com\/fr\/recettes-nature-cuisine-inspiree-du-monde-animal-en-hiver"},"author":{"name":"Noemie Thiery","@id":"https:\/\/parcsaintecroix.com\/fr\/#\/schema\/person\/65f332915192f61bb9ce8f0cc3ba495b"},"headline":"\u00a0Recettes nature : cuisine inspir\u00e9e du monde animal en hiver","datePublished":"2025-12-16T13:39:06+00:00","dateModified":"2025-12-16T13:39:09+00:00","mainEntityOfPage":{"@id":"https:\/\/parcsaintecroix.com\/fr\/recettes-nature-cuisine-inspiree-du-monde-animal-en-hiver"},"wordCount":920,"publisher":{"@id":"https:\/\/parcsaintecroix.com\/fr\/#organization"},"image":{"@id":"https:\/\/parcsaintecroix.com\/fr\/recettes-nature-cuisine-inspiree-du-monde-animal-en-hiver#primaryimage"},"thumbnailUrl":"https:\/\/parcsaintecroix.com\/wp-content\/uploads\/2024\/01\/ecureuil-cp-M.C-4-2.jpg","articleSection":["Animaux","Le parc"],"inLanguage":"fr-FR"},{"@type":"WebPage","@id":"https:\/\/parcsaintecroix.com\/fr\/recettes-nature-cuisine-inspiree-du-monde-animal-en-hiver","url":"https:\/\/parcsaintecroix.com\/fr\/recettes-nature-cuisine-inspiree-du-monde-animal-en-hiver","name":"Recettes inspir\u00e9es du monde animal : inspirations de saison | Parc Sainte-Croix","isPartOf":{"@id":"https:\/\/parcsaintecroix.com\/fr\/#website"},"primaryImageOfPage":{"@id":"https:\/\/parcsaintecroix.com\/fr\/recettes-nature-cuisine-inspiree-du-monde-animal-en-hiver#primaryimage"},"image":{"@id":"https:\/\/parcsaintecroix.com\/fr\/recettes-nature-cuisine-inspiree-du-monde-animal-en-hiver#primaryimage"},"thumbnailUrl":"https:\/\/parcsaintecroix.com\/wp-content\/uploads\/2024\/01\/ecureuil-cp-M.C-4-2.jpg","datePublished":"2025-12-16T13:39:06+00:00","dateModified":"2025-12-16T13:39:09+00:00","description":"Dans cet article, d\u00e9couvrez des recettes qui s\u2019inspirent de la nature et des animaux pour offrir une cuisine d\u2019hiver authentique et g\u00e9n\u00e9reuse.","breadcrumb":{"@id":"https:\/\/parcsaintecroix.com\/fr\/recettes-nature-cuisine-inspiree-du-monde-animal-en-hiver#breadcrumb"},"inLanguage":"fr-FR","potentialAction":[{"@type":"ReadAction","target":["https:\/\/parcsaintecroix.com\/fr\/recettes-nature-cuisine-inspiree-du-monde-animal-en-hiver"]}]},{"@type":"ImageObject","inLanguage":"fr-FR","@id":"https:\/\/parcsaintecroix.com\/fr\/recettes-nature-cuisine-inspiree-du-monde-animal-en-hiver#primaryimage","url":"https:\/\/parcsaintecroix.com\/wp-content\/uploads\/2024\/01\/ecureuil-cp-M.C-4-2.jpg","contentUrl":"https:\/\/parcsaintecroix.com\/wp-content\/uploads\/2024\/01\/ecureuil-cp-M.C-4-2.jpg","width":2048,"height":1365},{"@type":"BreadcrumbList","@id":"https:\/\/parcsaintecroix.com\/fr\/recettes-nature-cuisine-inspiree-du-monde-animal-en-hiver#breadcrumb","itemListElement":[{"@type":"ListItem","position":1,"name":"Accueil","item":"https:\/\/parcsaintecroix.com\/fr"},{"@type":"ListItem","position":2,"name":"\u00a0Recettes nature : cuisine inspir\u00e9e du monde animal en hiver"}]},{"@type":"WebSite","@id":"https:\/\/parcsaintecroix.com\/fr\/#website","url":"https:\/\/parcsaintecroix.com\/fr\/","name":"Parc de Saint Croix","description":"","publisher":{"@id":"https:\/\/parcsaintecroix.com\/fr\/#organization"},"inLanguage":"fr-FR"},{"@type":"Organization","@id":"https:\/\/parcsaintecroix.com\/fr\/#organization","name":"Parc de Saint Croix","url":"https:\/\/parcsaintecroix.com\/fr\/","logo":{"@type":"ImageObject","inLanguage":"fr-FR","@id":"https:\/\/parcsaintecroix.com\/fr\/#\/schema\/logo\/image\/","url":"https:\/\/parcsaintecroix.com\/wp-content\/uploads\/2022\/09\/SainteCroix-Favicon.png","contentUrl":"https:\/\/parcsaintecroix.com\/wp-content\/uploads\/2022\/09\/SainteCroix-Favicon.png","width":512,"height":512,"caption":"Parc de Saint Croix"},"image":{"@id":"https:\/\/parcsaintecroix.com\/fr\/#\/schema\/logo\/image\/"},"sameAs":["https:\/\/www.facebook.com\/LodgesSainteCroix\/","https:\/\/x.com\/parc_stecroix"]},{"@type":"Person","@id":"https:\/\/parcsaintecroix.com\/fr\/#\/schema\/person\/65f332915192f61bb9ce8f0cc3ba495b","name":"Noemie Thiery"}]}},"_links":{"self":[{"href":"https:\/\/parcsaintecroix.com\/fr\/wp-json\/wp\/v2\/posts\/38749","targetHints":{"allow":["GET"]}}],"collection":[{"href":"https:\/\/parcsaintecroix.com\/fr\/wp-json\/wp\/v2\/posts"}],"about":[{"href":"https:\/\/parcsaintecroix.com\/fr\/wp-json\/wp\/v2\/types\/post"}],"author":[{"embeddable":true,"href":"https:\/\/parcsaintecroix.com\/fr\/wp-json\/wp\/v2\/users\/10"}],"replies":[{"embeddable":true,"href":"https:\/\/parcsaintecroix.com\/fr\/wp-json\/wp\/v2\/comments?post=38749"}],"version-history":[{"count":2,"href":"https:\/\/parcsaintecroix.com\/fr\/wp-json\/wp\/v2\/posts\/38749\/revisions"}],"predecessor-version":[{"id":38979,"href":"https:\/\/parcsaintecroix.com\/fr\/wp-json\/wp\/v2\/posts\/38749\/revisions\/38979"}],"wp:featuredmedia":[{"embeddable":true,"href":"https:\/\/parcsaintecroix.com\/fr\/wp-json\/wp\/v2\/media\/27810"}],"wp:attachment":[{"href":"https:\/\/parcsaintecroix.com\/fr\/wp-json\/wp\/v2\/media?parent=38749"}],"wp:term":[{"taxonomy":"category","embeddable":true,"href":"https:\/\/parcsaintecroix.com\/fr\/wp-json\/wp\/v2\/categories?post=38749"},{"taxonomy":"post_tag","embeddable":true,"href":"https:\/\/parcsaintecroix.com\/fr\/wp-json\/wp\/v2\/tags?post=38749"}],"curies":[{"name":"wp","href":"https:\/\/api.w.org\/{rel}","templated":true}]}}