{"id":40332,"date":"2026-04-29T20:38:00","date_gmt":"2026-04-29T18:38:00","guid":{"rendered":"https:\/\/parcsaintecroix.com\/?p=40332"},"modified":"2026-04-30T20:40:14","modified_gmt":"2026-04-30T18:40:14","slug":"tout-savoir-sur-la-difference-entre-les-bois-et-les-cornes","status":"publish","type":"post","link":"https:\/\/parcsaintecroix.com\/fr\/tout-savoir-sur-la-difference-entre-les-bois-et-les-cornes","title":{"rendered":"Tout savoir sur la diff\u00e9rence entre les bois et les cornes"},"content":{"rendered":"<section class=\"block-grid-wrapper block-grid-for-core-paragraph\">\n      <div class=\"default-editor-content grid-for-core-paragraph grid-container fluid fluid\">\n        <div class=\"grid-x grid-padding-x align-center\">\n          <div class=\"cell\">\n            \n<p class=\"has-text-align-center\">Il n\u2019est pas rare de confondre les bois des cervid\u00e9s et les cornes des bovid\u00e9s, tant leur apparence peut pr\u00eater \u00e0 confusion au premier regard. Pourtant, derri\u00e8re cette ressemblance se cachent des diff\u00e9rences fondamentales. Origine biologique, composition, mode de croissance ou encore dur\u00e9e de vie, tout oppose ces deux structures embl\u00e9matiques du monde animal. Loin d\u2019\u00eatre de simples attributs esth\u00e9tiques, bois et cornes remplissent des r\u00f4les bien distincts, li\u00e9s \u00e0 la reproduction, \u00e0 la d\u00e9fense ou \u00e0 la hi\u00e9rarchie sociale. Mais alors, comment reconna\u00eetre un bois d\u2019une corne, et surtout, \u00e0 quoi servent-ils vraiment\u202f?<\/p>\n          <\/div>\n        <\/div>\n      <\/div>\n\n      <\/section>\n\n<section class=\"block-grid-wrapper block-grid-for-core-heading\">\n      <div class=\"default-editor-content grid-for-core-heading grid-container fluid fluid\">\n        <div class=\"grid-x grid-padding-x align-center\">\n          <div class=\"cell\">\n            \n<h2 class=\"wp-block-heading\"><strong>Qu&rsquo;est ce qu&rsquo;un bois ?<\/strong><\/h2>\n          <\/div>\n        <\/div>\n      <\/div>\n\n      <\/section>\n\n<section class=\"block-grid-wrapper block-grid-for-core-columns\">\n      <div class=\"default-editor-content grid-for-core-columns grid-container fluid fluid\">\n        <div class=\"grid-x grid-padding-x align-center\">\n          <div class=\"cell\">\n            \n<div class=\"wp-block-columns is-layout-flex wp-container-core-columns-is-layout-9d6595d7 wp-block-columns-is-layout-flex\">\n<div class=\"wp-block-column is-vertically-aligned-center is-layout-flow wp-block-column-is-layout-flow\">\n<figure class=\"wp-block-image size-large\"><img decoding=\"async\" src=\"https:\/\/parcsaintecroix.com\/wp-content\/uploads\/2026\/03\/CP-Morgane-Bricard-2-1024x683.jpg\" alt=\"\" class=\"wp-image-40333\" style=\"aspect-ratio:3\/2;object-fit:cover\"\/><figcaption class=\"wp-element-caption\">\u00a9 Morgane Bricard<\/figcaption><\/figure>\n\n\n\n<hr class=\"wp-block-separator has-alpha-channel-opacity\"\/>\n<\/div>\n\n\n\n<div class=\"wp-block-column is-vertically-aligned-center is-layout-flow wp-block-column-is-layout-flow\">\n<h3 class=\"wp-block-heading\"><strong>Une structure chez les cervid\u00e9s<\/strong><\/h3>\n\n\n\n<p>Les bois sont des excroissances osseuses qu&rsquo;on retrouve chez les cervid\u00e9s tels que le <a href=\"https:\/\/parcsaintecroix.com\/fr\/animaux\/cerf-elaphe\">cerf<\/a>, l\u2019<a href=\"https:\/\/parcsaintecroix.com\/fr\/animaux\/elan-deurope\">\u00e9lan<\/a> ou encore le <a href=\"https:\/\/parcsaintecroix.com\/fr\/animaux\/renne\">renne<\/a>. Les bois suivent un cycle de croissance annuel impressionnant. Ils poussent, se d\u00e9veloppent, se min\u00e9ralisent, puis tombent avant de repousser l\u2019ann\u00e9e suivante. Cette capacit\u00e9 de r\u00e9g\u00e9n\u00e9ration fait des bois l\u2019un des tissus \u00e0 la croissance la plus rapide du monde animal. C&rsquo;est une v\u00e9ritable prouesse biologique tr\u00e8s recherch\u00e9e par les passionn\u00e9s de nature et de faune sauvage.<\/p>\n\n\n\n<h3 class=\"wp-block-heading\"><strong>La croissance des bois<\/strong><\/h3>\n\n\n\n<p>Au printemps, les bois commencent leur d\u00e9veloppement. Ils sont alors recouverts d\u2019une peau fine et velout\u00e9e, appel\u00e9e velours, riche en vaisseaux sanguins. Ce velours nourrit les bois en pleine croissance et permet la formation de plusieurs centim\u00e8tres d\u2019os par jour. \u00c0 ce stade, les bois sont sensibles et chauds, signe de leur intense vascularisation. Peu \u00e0 peu, l\u2019ossification progresse, la structure durcit et les bois prennent leurs formes d\u00e9finitives, souvent impressionnantes selon l\u2019esp\u00e8ce.<\/p>\n<\/div>\n<\/div>\n          <\/div>\n        <\/div>\n      <\/div>\n\n      <\/section>\n\n<section class=\"block-grid-wrapper block-grid-for-core-heading\">\n      <div class=\"default-editor-content grid-for-core-heading grid-container fluid fluid\">\n        <div class=\"grid-x grid-padding-x align-center\">\n          <div class=\"cell\">\n            \n<h3 class=\"wp-block-heading\"><strong>La pr\u00e9paration au rut<\/strong><\/h3>\n          <\/div>\n        <\/div>\n      <\/div>\n\n      <\/section>\n\n<section class=\"block-grid-wrapper block-grid-for-core-paragraph\">\n      <div class=\"default-editor-content grid-for-core-paragraph grid-container fluid fluid\">\n        <div class=\"grid-x grid-padding-x align-center\">\n          <div class=\"cell\">\n            \n<p>\u00c0 la fin de l\u2019\u00e9t\u00e9, le velours cesse d\u2019\u00eatre irrigu\u00e9 et se dess\u00e8che. Les cervid\u00e9s s\u2019en d\u00e9barrassent en frottant leurs bois contre les arbres, r\u00e9v\u00e9lant une structure osseuse dure et parfaitement adapt\u00e9e \u00e0 la saison du rut. Les bois deviennent alors de v\u00e9ritables outils sociaux. Ils servent \u00e0 la parade, \u00e0 l\u2019intimidation et aux affrontements entre m\u00e2les. Ils jouent un r\u00f4le majeur dans l\u2019\u00e9tablissement de la hi\u00e9rarchie et l\u2019acc\u00e8s aux partenaires.<\/p>\n          <\/div>\n        <\/div>\n      <\/div>\n\n      <\/section>\n\n<section class=\"block-grid-wrapper block-grid-for-core-heading\">\n      <div class=\"default-editor-content grid-for-core-heading grid-container fluid fluid\">\n        <div class=\"grid-x grid-padding-x align-center\">\n          <div class=\"cell\">\n            \n<h3 class=\"wp-block-heading\"><strong>La chute des bois<\/strong><\/h3>\n          <\/div>\n        <\/div>\n      <\/div>\n\n      <\/section>\n\n<section class=\"block-grid-wrapper block-grid-for-core-paragraph\">\n      <div class=\"default-editor-content grid-for-core-paragraph grid-container fluid fluid\">\n        <div class=\"grid-x grid-padding-x align-center\">\n          <div class=\"cell\">\n            \n<p>Apr\u00e8s la saison des amours, les niveaux hormonaux baissent, ce qui d\u00e9clenche la chute des bois. Ils se d\u00e9tachent naturellement \u00e0 la base, au niveau du p\u00e9dicule, sans provoquer de douleur. Quelques semaines plus tard, un nouveau cycle commence. La chute et la repousse annuelle des bois constituent un indicateur de sant\u00e9, d\u2019\u00e2ge et de nutrition, tr\u00e8s \u00e9tudi\u00e9 en biologie et en gestion de la faune.<\/p>\n          <\/div>\n        <\/div>\n      <\/div>\n\n      <\/section>\n\n<section class=\"block-grid-wrapper block-grid-for-core-paragraph\">\n      <div class=\"default-editor-content grid-for-core-paragraph grid-container fluid fluid\">\n        <div class=\"grid-x grid-padding-x align-center\">\n          <div class=\"cell\">\n            \n<p>Ils sont le reflet direct de la condition physique du cervid\u00e9 : alimentation, \u00e2ge, g\u00e9n\u00e9tique et \u00e9tat g\u00e9n\u00e9ral. Observer un bois, c\u2019est voir l\u2019histoire d\u2019une ann\u00e9e grav\u00e9e dans l\u2019os.<\/p>\n          <\/div>\n        <\/div>\n      <\/div>\n\n      <\/section>\n\n<section class=\"block-grid-wrapper block-grid-for-core-heading\">\n      <div class=\"default-editor-content grid-for-core-heading grid-container fluid fluid\">\n        <div class=\"grid-x grid-padding-x align-center\">\n          <div class=\"cell\">\n            \n<h2 class=\"wp-block-heading\"><strong>Qu&rsquo;est ce qu&rsquo;une corne ?<\/strong><\/h2>\n          <\/div>\n        <\/div>\n      <\/div>\n\n      <\/section>\n\n<section class=\"block-grid-wrapper block-grid-for-core-columns\">\n      <div class=\"default-editor-content grid-for-core-columns grid-container fluid fluid\">\n        <div class=\"grid-x grid-padding-x align-center\">\n          <div class=\"cell\">\n            \n<div class=\"wp-block-columns is-layout-flex wp-container-core-columns-is-layout-9d6595d7 wp-block-columns-is-layout-flex\">\n<div class=\"wp-block-column is-vertically-aligned-center is-layout-flow wp-block-column-is-layout-flow\">\n<h3 class=\"wp-block-heading\"><strong>Une structure propre aux bovid\u00e9s<\/strong><\/h3>\n\n\n\n<p>La corne est une structure durable, caract\u00e9ristique des bovid\u00e9s comme les <a href=\"https:\/\/parcsaintecroix.com\/fr\/animaux\/vache-vosgienne\">vaches<\/a>, les <a href=\"https:\/\/parcsaintecroix.com\/fr\/animaux\/chevre-lorraine\">ch\u00e8vres<\/a>, les <a href=\"https:\/\/parcsaintecroix.com\/fr\/animaux\/mouton-ouessant-2\">moutons<\/a> ou les <a href=\"https:\/\/parcsaintecroix.com\/fr\/animaux\/mouflon-corse\">mouflons<\/a>. Contrairement aux bois, les cornes ne tombent jamais. Elles accompagnent l\u2019animal tout au long de sa vie et jouent un r\u00f4le cl\u00e9 dans la d\u00e9fense, la communication et la hi\u00e9rarchie sociale. Cette permanence distingue clairement cornes et bois, deux structures souvent confondues.<\/p>\n\n\n\n<h3 class=\"wp-block-heading\"><strong>Une double composition<\/strong><\/h3>\n\n\n\n<p>Une corne est compos\u00e9e de deux \u00e9l\u00e9ments bien distincts. Son c\u0153ur est un noyau osseux int\u00e9gr\u00e9 au cr\u00e2ne, qui sert de base solide. Autour de ce noyau s\u2019enroule une gaine de k\u00e9ratine, la m\u00eame prot\u00e9ine que l\u2019on retrouve dans les ongles humains. Cette gaine rend la corne r\u00e9sistante, durable et capable de supporter les chocs lors des affrontements entre individus. Contrairement aux bois des cervid\u00e9s, les cornes ne sont jamais recouvertes de velours et ne se ramifient presque jamais.<\/p>\n<\/div>\n\n\n\n<div class=\"wp-block-column is-vertically-aligned-center is-layout-flow wp-block-column-is-layout-flow\">\n<figure class=\"wp-block-image size-large\"><img loading=\"lazy\" decoding=\"async\" width=\"1024\" height=\"683\" src=\"https:\/\/parcsaintecroix.com\/wp-content\/uploads\/2022\/09\/IMG_4110-scaled-1024x683-fd90e2c36371.jpg\" alt=\"\" class=\"wp-image-8583\" style=\"aspect-ratio:3\/2;object-fit:cover\" srcset=\"https:\/\/parcsaintecroix.com\/wp-content\/uploads\/2022\/09\/IMG_4110-scaled-1024x683-fd90e2c36371.jpg 1024w, https:\/\/parcsaintecroix.com\/wp-content\/uploads\/2022\/09\/IMG_4110-scaled-300x200-512c1e2135f8.jpg 300w, https:\/\/parcsaintecroix.com\/wp-content\/uploads\/2022\/09\/IMG_4110-scaled-768x512-b56108145cc7.jpg 768w, https:\/\/parcsaintecroix.com\/wp-content\/uploads\/2022\/09\/IMG_4110-scaled-1536x1024-3c33d8efde71.jpg 1536w, https:\/\/parcsaintecroix.com\/wp-content\/uploads\/2022\/09\/IMG_4110-scaled-2048x1366-539fcd4e84ba.jpg 2048w, https:\/\/parcsaintecroix.com\/wp-content\/uploads\/2022\/09\/IMG_4110-scaled-100x67-fab7673e88b9.jpg 100w\" sizes=\"auto, (max-width: 1024px) 100vw, 1024px\" \/><figcaption class=\"wp-element-caption\">\u00a9 Morgane Bricard<\/figcaption><\/figure>\n\n\n\n<hr class=\"wp-block-separator has-alpha-channel-opacity\"\/>\n<\/div>\n<\/div>\n          <\/div>\n        <\/div>\n      <\/div>\n\n      <\/section>\n\n<section class=\"block-grid-wrapper block-grid-for-core-paragraph\">\n      <div class=\"default-editor-content grid-for-core-paragraph grid-container fluid fluid\">\n        <div class=\"grid-x grid-padding-x align-center\">\n          <div class=\"cell\">\n            \n<p><\/p>\n          <\/div>\n        <\/div>\n      <\/div>\n\n      <\/section>\n\n<section class=\"block-grid-wrapper block-grid-for-core-heading\">\n      <div class=\"default-editor-content grid-for-core-heading grid-container fluid fluid\">\n        <div class=\"grid-x grid-padding-x align-center\">\n          <div class=\"cell\">\n            \n<h3 class=\"wp-block-heading\"><strong>Une croissance continue mais permanente<\/strong><\/h3>\n          <\/div>\n        <\/div>\n      <\/div>\n\n      <\/section>\n\n<section class=\"block-grid-wrapper block-grid-for-core-paragraph\">\n      <div class=\"default-editor-content grid-for-core-paragraph grid-container fluid fluid\">\n        <div class=\"grid-x grid-padding-x align-center\">\n          <div class=\"cell\">\n            \n<p>Les cornes poussent lentement au fil de la vie de l\u2019animal. Cette croissance progressive laisse parfois appara\u00eetre des anneaux, ou cernes, qui refl\u00e8tent des p\u00e9riodes annuelles et peuvent, dans certaines esp\u00e8ces, donner un indice sur l\u2019\u00e2ge de l\u2019individu. Toutefois, contrairement \u00e0 un bois, une corne ne tombe pas, elle s\u2019\u00e9paissit ou s\u2019allonge graduellement au fil des ann\u00e9es.<\/p>\n          <\/div>\n        <\/div>\n      <\/div>\n\n      <\/section>\n\n<section class=\"block-grid-wrapper block-grid-for-core-heading\">\n      <div class=\"default-editor-content grid-for-core-heading grid-container fluid fluid\">\n        <div class=\"grid-x grid-padding-x align-center\">\n          <div class=\"cell\">\n            \n<h3 class=\"wp-block-heading\"><strong>Fonctions sociales, d\u00e9fensives et identitaires<\/strong><\/h3>\n          <\/div>\n        <\/div>\n      <\/div>\n\n      <\/section>\n\n<section class=\"block-grid-wrapper block-grid-for-core-paragraph\">\n      <div class=\"default-editor-content grid-for-core-paragraph grid-container fluid fluid\">\n        <div class=\"grid-x grid-padding-x align-center\">\n          <div class=\"cell\">\n            \n<p>Les cornes jouent plusieurs r\u00f4les essentiels. Elles servent principalement d\u2019armes naturelles contre les pr\u00e9dateurs ou lors des combats entre m\u00e2les pendant les saisons de reproduction. Elles sont \u00e9galement un outil de communication visuelle. Leur forme, leur taille et leur orientation permettent d\u2019identifier le sexe, l\u2019\u00e2ge ou le statut social d\u2019un animal. Dans certaines esp\u00e8ces, les cornes sont un v\u00e9ritable crit\u00e8re de s\u00e9duction ou de domination, inscrites dans la strat\u00e9gie \u00e9volutive de chaque groupe.<\/p>\n          <\/div>\n        <\/div>\n      <\/div>\n\n      <\/section>\n\n<section class=\"block-grid-wrapper block-grid-for-core-paragraph\">\n      <div class=\"default-editor-content grid-for-core-paragraph grid-container fluid fluid\">\n        <div class=\"grid-x grid-padding-x align-center\">\n          <div class=\"cell\">\n            \n<p><\/p>\n          <\/div>\n        <\/div>\n      <\/div>\n\n      <\/section>\n\n<section class=\"block-grid-wrapper block-grid-for-core-paragraph\">\n      <div class=\"default-editor-content grid-for-core-paragraph grid-container fluid fluid\">\n        <div class=\"grid-x grid-padding-x align-center\">\n          <div class=\"cell\">\n            \n<p><\/p>\n          <\/div>\n        <\/div>\n      <\/div>\n\n      <\/section>\n\n<section class=\"block-grid-wrapper block-grid-for-core-extended-special-paragraph-with-border\">\n      <div class=\"default-editor-content grid-for-core-extended-special-paragraph-with-border grid-container fluid fluid\">\n        <div class=\"grid-x grid-padding-x align-center\">\n          <div class=\"cell\">\n            \n<div class=\"wp-block-extended-special-paragraph-with-border\">\n<h3 class=\"wp-block-heading\"><strong>Le saviez-vous ?<\/strong><\/h3>\n\n\n\n<p>Sur la plaine des grands espaces \u00e0 Sainte-Croix, il est possible d\u2019observer concr\u00e8tement cette diff\u00e9rence entre bois et cornes. Soyez attentifs et observez qui portent des bois et qui portent des cornes. C&rsquo;est le moment de mieux comprendre ce qui distingue ces deux structures souvent confondues. Une occasion id\u00e9ale d\u2019associer observation, p\u00e9dagogie et d\u00e9couverte de la faune locale.<\/p>\n<\/div>\n          <\/div>\n        <\/div>\n      <\/div>\n\n      <\/section>\n\n<section class=\"block-grid-wrapper block-grid-for-core-paragraph\">\n      <div class=\"default-editor-content grid-for-core-paragraph grid-container fluid fluid\">\n        <div class=\"grid-x grid-padding-x align-center\">\n          <div class=\"cell\">\n            \n<p><\/p>\n          <\/div>\n        <\/div>\n      <\/div>\n\n      <\/section>\n\n<section class=\"block-grid-wrapper block-grid-for-core-heading\">\n      <div class=\"default-editor-content grid-for-core-heading grid-container fluid fluid\">\n        <div class=\"grid-x grid-padding-x align-center\">\n          <div class=\"cell\">\n            \n<h2 class=\"wp-block-heading\"><strong>Les diff\u00e9rents types de bois<\/strong><\/h2>\n          <\/div>\n        <\/div>\n      <\/div>\n\n      <\/section>\n\n<section class=\"block-grid-wrapper block-grid-for-core-heading\">\n      <div class=\"default-editor-content grid-for-core-heading grid-container fluid fluid\">\n        <div class=\"grid-x grid-padding-x align-center\">\n          <div class=\"cell\">\n            \n<h3 class=\"wp-block-heading\"><strong>Le cycle des bois<\/strong><\/h3>\n          <\/div>\n        <\/div>\n      <\/div>\n\n      <\/section>\n\n<section class=\"block-grid-wrapper block-grid-for-core-paragraph\">\n      <div class=\"default-editor-content grid-for-core-paragraph grid-container fluid fluid\">\n        <div class=\"grid-x grid-padding-x align-center\">\n          <div class=\"cell\">\n            \n<p>Les bois sont parfois consid\u00e9r\u00e9s comme l\u2019un des tissus vivants \u00e0 la croissance la plus rapide du r\u00e8gne animal. Apr\u00e8s leur chute hivernale, de nouveaux bois apparaissent au printemps, envelopp\u00e9s d\u2019un velours doux et tr\u00e8s vascularis\u00e9. Ce velours permet une croissance \u00e9tonnamment rapide avec plusieurs centim\u00e8tres par jour chez certains individus. \u00c0 mesure que l\u2019\u00e9t\u00e9 avance, les bois se min\u00e9ralisent, devenant durs comme de l\u2019os compact. Le velours se dess\u00e8che alors et tombe, r\u00e9v\u00e9lant la structure d\u00e9finitive. \u00c0 l\u2019automne, les m\u00e2les utilisent leurs bois pour s\u2019affirmer, s\u00e9duire et combattre. Puis, une fois la saison des amours pass\u00e9e, la nature relance son cycle et les bois finissent par tomber.<\/p>\n          <\/div>\n        <\/div>\n      <\/div>\n\n      <\/section>\n\n<section class=\"block-grid-wrapper block-grid-for-core-paragraph\">\n      <div class=\"default-editor-content grid-for-core-paragraph grid-container fluid fluid\">\n        <div class=\"grid-x grid-padding-x align-center\">\n          <div class=\"cell\">\n            \n<p><\/p>\n          <\/div>\n        <\/div>\n      <\/div>\n\n      <\/section>\n\n<section class=\"block-grid-wrapper block-grid-for-core-heading\">\n      <div class=\"default-editor-content grid-for-core-heading grid-container fluid fluid\">\n        <div class=\"grid-x grid-padding-x align-center\">\n          <div class=\"cell\">\n            \n<h3 class=\"wp-block-heading\"><strong>Les bois de cerf<\/strong><\/h3>\n          <\/div>\n        <\/div>\n      <\/div>\n\n      <\/section>\n\n<section class=\"block-grid-wrapper block-grid-for-core-paragraph\">\n      <div class=\"default-editor-content grid-for-core-paragraph grid-container fluid fluid\">\n        <div class=\"grid-x grid-padding-x align-center\">\n          <div class=\"cell\">\n            \n<p><\/p>\n          <\/div>\n        <\/div>\n      <\/div>\n\n      <\/section>\n\n<section class=\"block-grid-wrapper block-grid-for-core-columns\">\n      <div class=\"default-editor-content grid-for-core-columns grid-container fluid fluid\">\n        <div class=\"grid-x grid-padding-x align-center\">\n          <div class=\"cell\">\n            \n<div class=\"wp-block-columns is-layout-flex wp-container-core-columns-is-layout-9d6595d7 wp-block-columns-is-layout-flex\">\n<div class=\"wp-block-column is-vertically-aligned-center is-layout-flow wp-block-column-is-layout-flow\">\n<h4 class=\"wp-block-heading\"><strong>Un symbole de puissance<\/strong><\/h4>\n\n\n\n<p>Les bois du <a href=\"https:\/\/parcsaintecroix.com\/fr\/animaux\/cerf-elaphe\">cerf <\/a>sont les plus embl\u00e9matiques des cervid\u00e9s. Ils se distinguent par leur forme hautement ramifi\u00e9e, compos\u00e9e d\u2019un tronc principal et de multiples andouillers dont le nombre augmente g\u00e9n\u00e9ralement avec l\u2019\u00e2ge et la condition physique du m\u00e2le. Cette ramification impressionnante fait des bois de cerf un indicateur fiable de vitalit\u00e9, de statut social et de r\u00e9ussite reproductive. <\/p>\n\n\n\n<p>Pendant le rut, les cerfs utilisent leurs bois pour parader, impressionner leurs rivaux et engager des combats ritualis\u00e9s. La forme \u00e9lanc\u00e9e et complexe des bois optimise la dissipation des chocs et renforce leur efficacit\u00e9 lors des affrontements. Sur le plan biologique, les bois du cerf sont parmi les plus \u00e9tudi\u00e9s, car ils illustrent parfaitement la croissance osseuse rapide et la s\u00e9lection sexuelle au sein des cervid\u00e9s. Leur esth\u00e9tique unique en fait \u00e9galement un \u00e9l\u00e9ment recherch\u00e9 dans le monde de la photographie animali\u00e8re et de l\u2019observation de la faune.<\/p>\n\n\n\n<div class=\"wp-block-buttons is-layout-flex wp-block-buttons-is-layout-flex\">\n<div class=\"wp-block-button is-style-large-button-orange\"><a class=\"wp-block-button__link button-icon-- wp-element-button\" href=\"https:\/\/parcsaintecroix.com\/fr\/la-chute-des-bois-des-cerfs\">En savoir plus sur les bois du cerf<\/a><\/div>\n<\/div>\n<\/div>\n\n\n\n<div class=\"wp-block-column is-vertically-aligned-center is-layout-flow wp-block-column-is-layout-flow\">\n<figure class=\"wp-block-image size-large\"><img loading=\"lazy\" decoding=\"async\" width=\"1024\" height=\"683\" src=\"https:\/\/parcsaintecroix.com\/wp-content\/uploads\/2022\/09\/DQ2A0546-scaled-1024x683-fd90e2c36371.jpg\" alt=\"\" class=\"wp-image-7697\" style=\"aspect-ratio:3\/2;object-fit:cover\" srcset=\"https:\/\/parcsaintecroix.com\/wp-content\/uploads\/2022\/09\/DQ2A0546-scaled-1024x683-fd90e2c36371.jpg 1024w, https:\/\/parcsaintecroix.com\/wp-content\/uploads\/2022\/09\/DQ2A0546-scaled-300x200-512c1e2135f8.jpg 300w, https:\/\/parcsaintecroix.com\/wp-content\/uploads\/2022\/09\/DQ2A0546-scaled-768x512-b56108145cc7.jpg 768w, https:\/\/parcsaintecroix.com\/wp-content\/uploads\/2022\/09\/DQ2A0546-scaled-1536x1024-3c33d8efde71.jpg 1536w, https:\/\/parcsaintecroix.com\/wp-content\/uploads\/2022\/09\/DQ2A0546-scaled-2048x1366-539fcd4e84ba.jpg 2048w, https:\/\/parcsaintecroix.com\/wp-content\/uploads\/2022\/09\/DQ2A0546-scaled-100x67-fab7673e88b9.jpg 100w\" sizes=\"auto, (max-width: 1024px) 100vw, 1024px\" \/><\/figure>\n<\/div>\n<\/div>\n          <\/div>\n        <\/div>\n      <\/div>\n\n      <\/section>\n\n<section class=\"block-grid-wrapper block-grid-for-core-paragraph\">\n      <div class=\"default-editor-content grid-for-core-paragraph grid-container fluid fluid\">\n        <div class=\"grid-x grid-padding-x align-center\">\n          <div class=\"cell\">\n            \n<p><\/p>\n          <\/div>\n        <\/div>\n      <\/div>\n\n      <\/section>\n\n<section class=\"block-grid-wrapper block-grid-for-core-heading\">\n      <div class=\"default-editor-content grid-for-core-heading grid-container fluid fluid\">\n        <div class=\"grid-x grid-padding-x align-center\">\n          <div class=\"cell\">\n            \n<h3 class=\"wp-block-heading\"><strong>Les bois des \u00e9lans<\/strong><\/h3>\n          <\/div>\n        <\/div>\n      <\/div>\n\n      <\/section>\n\n<section class=\"block-grid-wrapper block-grid-for-core-columns\">\n      <div class=\"default-editor-content grid-for-core-columns grid-container fluid fluid\">\n        <div class=\"grid-x grid-padding-x align-center\">\n          <div class=\"cell\">\n            \n<div class=\"wp-block-columns is-layout-flex wp-container-core-columns-is-layout-9d6595d7 wp-block-columns-is-layout-flex\">\n<div class=\"wp-block-column is-vertically-aligned-center is-layout-flow wp-block-column-is-layout-flow\">\n<figure class=\"wp-block-image size-large\"><img loading=\"lazy\" decoding=\"async\" width=\"1024\" height=\"683\" src=\"https:\/\/parcsaintecroix.com\/wp-content\/uploads\/2022\/09\/70577345_1500124726794586_1633160609929363456_o-1024x683-fd90e2c36371.jpg\" alt=\"\" class=\"wp-image-7825\" style=\"aspect-ratio:3\/2;object-fit:cover\" srcset=\"https:\/\/parcsaintecroix.com\/wp-content\/uploads\/2022\/09\/70577345_1500124726794586_1633160609929363456_o-1024x683-fd90e2c36371.jpg 1024w, https:\/\/parcsaintecroix.com\/wp-content\/uploads\/2022\/09\/70577345_1500124726794586_1633160609929363456_o-300x200-512c1e2135f8.jpg 300w, https:\/\/parcsaintecroix.com\/wp-content\/uploads\/2022\/09\/70577345_1500124726794586_1633160609929363456_o-768x512-b56108145cc7.jpg 768w, https:\/\/parcsaintecroix.com\/wp-content\/uploads\/2022\/09\/70577345_1500124726794586_1633160609929363456_o-1536x1024-3c33d8efde71.jpg 1536w, https:\/\/parcsaintecroix.com\/wp-content\/uploads\/2022\/09\/70577345_1500124726794586_1633160609929363456_o-100x67-fab7673e88b9.jpg 100w, https:\/\/parcsaintecroix.com\/wp-content\/uploads\/2022\/09\/70577345_1500124726794586_1633160609929363456_o.jpg 1906w, https:\/\/parcsaintecroix.com\/wp-content\/uploads\/2022\/09\/70577345_1500124726794586_1633160609929363456_o-852x568-6f255e59085b.jpg 852w, https:\/\/parcsaintecroix.com\/wp-content\/uploads\/2022\/09\/70577345_1500124726794586_1633160609929363456_o-1704x1136-8421bee02ef1.jpg 1704w\" sizes=\"auto, (max-width: 1024px) 100vw, 1024px\" \/><\/figure>\n<\/div>\n\n\n\n<div class=\"wp-block-column is-vertically-aligned-center is-layout-flow wp-block-column-is-layout-flow\">\n<h4 class=\"wp-block-heading\"><strong>Une forme imposante<\/strong><\/h4>\n\n\n\n<p>Les bois <a href=\"https:\/\/parcsaintecroix.com\/fr\/animaux\/elan-deurope\">d\u2019\u00e9lan<\/a>, aussi appel\u00e9s bois \u00ab palm\u00e9s \u00bb, sont sans \u00e9quivalent parmi les cervid\u00e9s. Leur forme en larges palettes aplaties, ressemblant \u00e0 des raquettes, permet une identification imm\u00e9diate de l\u2019esp\u00e8ce. Cette morphologie particuli\u00e8re r\u00e9sulte d\u2019une croissance osseuse massive, demandant une \u00e9nergie consid\u00e9rable, ce qui explique pourquoi les bois d\u2019\u00e9lan apparaissent plus tard au printemps et tombent plus t\u00f4t en hiver. <\/p>\n\n\n\n<p>Leur envergure peut d\u00e9passer 1,5 m\u00e8tre, faisant de l\u2019\u00e9lan le cervid\u00e9 aux bois les plus grands au monde. Ces palettes servent avant tout \u00e0 impressionner les rivaux et \u00e0 renforcer la visibilit\u00e9 du m\u00e2le pendant la saison du rut. Certains chercheurs sugg\u00e8rent \u00e9galement que la forme palmat\u00e9e pourrait jouer un r\u00f4le dans la perception sonore, en amplifiant les bruits environnants, bien que cette hypoth\u00e8se reste d\u00e9battue. Les bois de l\u2019\u00e9lan sont ainsi un parfait exemple d\u2019adaptation \u00e9volutive, combinant intimidation, communication visuelle et prestige reproductif.<\/p>\n<\/div>\n<\/div>\n          <\/div>\n        <\/div>\n      <\/div>\n\n      <\/section>\n\n<section class=\"block-grid-wrapper block-grid-for-core-heading\">\n      <div class=\"default-editor-content grid-for-core-heading grid-container fluid fluid\">\n        <div class=\"grid-x grid-padding-x align-center\">\n          <div class=\"cell\">\n            \n<h3 class=\"wp-block-heading\"><strong>Les bois des rennes<\/strong><\/h3>\n          <\/div>\n        <\/div>\n      <\/div>\n\n      <\/section>\n\n<section class=\"block-grid-wrapper block-grid-for-core-columns\">\n      <div class=\"default-editor-content grid-for-core-columns grid-container fluid fluid\">\n        <div class=\"grid-x grid-padding-x align-center\">\n          <div class=\"cell\">\n            \n<div class=\"wp-block-columns is-layout-flex wp-container-core-columns-is-layout-9d6595d7 wp-block-columns-is-layout-flex\">\n<div class=\"wp-block-column is-vertically-aligned-center is-layout-flow wp-block-column-is-layout-flow\">\n<h4 class=\"wp-block-heading\"><strong>M\u00e2les et femelles portent des bois<\/strong><\/h4>\n\n\n\n<p>Les bois du <a href=\"https:\/\/parcsaintecroix.com\/fr\/animaux\/renne\">renne <\/a>sont uniques parmi les cervid\u00e9s car ils sont port\u00e9s aussi bien par les m\u00e2les que par les femelles, une particularit\u00e9 extr\u00eamement rare dans le r\u00e8gne animal. Leur forme est tr\u00e8s variable : certains rennes arborent des bois en forme de couronne tr\u00e8s ramifi\u00e9e, tandis que d\u2019autres pr\u00e9sentent des structures plus asym\u00e9triques ou plus courtes. Cette diversit\u00e9 est directement li\u00e9e aux conditions environnementales et \u00e0 la strat\u00e9gie de survie propre aux esp\u00e8ces vivant dans les r\u00e9gions arctiques. <\/p>\n\n\n\n<p>Les m\u00e2les perdent leurs bois apr\u00e8s le rut, tandis que les femelles les conservent tout l\u2019hiver, ce qui leur permet de d\u00e9fendre l\u2019acc\u00e8s \u00e0 la nourriture sous la neige, un avantage crucial pendant la gestation. Les bois du renne sont aussi proportionnellement parmi les plus lourds du monde animal compte tenu de la taille de l\u2019esp\u00e8ce. Leur r\u00f4le d\u00e9passe la seule reproduction : ils sont un outil de fouille, de protection et de gestion sociale au sein des troupeaux, faisant du renne un cervid\u00e9 particuli\u00e8rement adapt\u00e9 aux conditions extr\u00eames.<\/p>\n<\/div>\n\n\n\n<div class=\"wp-block-column is-vertically-aligned-center is-layout-flow wp-block-column-is-layout-flow\">\n<figure class=\"wp-block-image size-large\"><img decoding=\"async\" src=\"https:\/\/parcsaintecroix.com\/wp-content\/uploads\/2026\/03\/IVAR-CP-Margaux-Chatelain-5-683x1024.jpg\" alt=\"\" class=\"wp-image-40336\" style=\"aspect-ratio:3\/2;object-fit:cover\"\/><figcaption class=\"wp-element-caption\">\u00a9 Margaux Chatelain<\/figcaption><\/figure>\n<\/div>\n<\/div>\n          <\/div>\n        <\/div>\n      <\/div>\n\n      <\/section>\n\n<section class=\"block-grid-wrapper block-grid-for-core-paragraph\">\n      <div class=\"default-editor-content grid-for-core-paragraph grid-container fluid fluid\">\n        <div class=\"grid-x grid-padding-x align-center\">\n          <div class=\"cell\">\n            \n<p><\/p>\n          <\/div>\n        <\/div>\n      <\/div>\n\n      <\/section>\n\n<section class=\"block-grid-wrapper block-grid-for-core-paragraph\">\n      <div class=\"default-editor-content grid-for-core-paragraph grid-container fluid fluid\">\n        <div class=\"grid-x grid-padding-x align-center\">\n          <div class=\"cell\">\n            \n<p><\/p>\n          <\/div>\n        <\/div>\n      <\/div>\n\n      <\/section>\n\n<section class=\"block-grid-wrapper block-grid-for-core-heading\">\n      <div class=\"default-editor-content grid-for-core-heading grid-container fluid fluid\">\n        <div class=\"grid-x grid-padding-x align-center\">\n          <div class=\"cell\">\n            \n<h2 class=\"wp-block-heading\"><strong>Ce qu&rsquo;il faut retenir<\/strong><\/h2>\n          <\/div>\n        <\/div>\n      <\/div>\n\n      <\/section>\n\n<section class=\"block-grid-wrapper block-grid-for-core-columns\">\n      <div class=\"default-editor-content grid-for-core-columns grid-container fluid fluid\">\n        <div class=\"grid-x grid-padding-x align-center\">\n          <div class=\"cell\">\n            \n<div class=\"wp-block-columns is-layout-flex wp-container-core-columns-is-layout-9d6595d7 wp-block-columns-is-layout-flex\">\n<div class=\"wp-block-column is-layout-flow wp-block-column-is-layout-flow\">\n<h3 class=\"wp-block-heading\"><strong>Qu&rsquo;est ce qu&rsquo;un bois<\/strong> ?<\/h3>\n\n\n\n<ul class=\"wp-block-list\">\n<li>Une structure osseuse propre aux cervid\u00e9s<\/li>\n\n\n\n<li>Il tombe et repousse chaque ann\u00e9e<\/li>\n\n\n\n<li>Il a une croissance rapide, sous velours vascularis\u00e9<\/li>\n\n\n\n<li>Il est pr\u00e9sent majoritairement chez les m\u00e2les (sauf chez le renne)<\/li>\n\n\n\n<li>A un r\u00f4le cl\u00e9 dans la reproduction, la hi\u00e9rarchie et la s\u00e9lection sexuelle<\/li>\n<\/ul>\n<\/div>\n\n\n\n<div class=\"wp-block-column is-layout-flow wp-block-column-is-layout-flow\">\n<h3 class=\"wp-block-heading\"><strong>Qu&rsquo;est ce qu&rsquo;une corne<\/strong> ?<\/h3>\n\n\n\n<ul class=\"wp-block-list\">\n<li>Une structure permanente, propre aux bovid\u00e9s<\/li>\n\n\n\n<li>Ils sont compos\u00e9s d\u2019un noyau osseux et d\u2019une gaine de k\u00e9ratine<\/li>\n\n\n\n<li>Ils ne tombent jamais, poussent lentement toute la vie<\/li>\n\n\n\n<li>Ils sont pr\u00e9sents chez les m\u00e2les et les femelles selon les esp\u00e8ces<\/li>\n\n\n\n<li>Ils servent \u00e0 la d\u00e9fense, \u00e0 l\u2019intimidation et \u00e0 l\u2019identit\u00e9 sociale<\/li>\n<\/ul>\n<\/div>\n<\/div>\n          <\/div>\n        <\/div>\n      <\/div>\n\n      <\/section>\n\n<section class=\"block-grid-wrapper block-grid-for-core-separator\">\n      <div class=\"default-editor-content grid-for-core-separator grid-container fluid fluid\">\n        <div class=\"grid-x grid-padding-x align-center\">\n          <div class=\"cell\">\n            \n<hr class=\"wp-block-separator has-alpha-channel-opacity\"\/>\n          <\/div>\n        <\/div>\n      <\/div>\n\n      <\/section>\n\n<section class=\"block-grid-wrapper block-grid-for-core-paragraph\">\n      <div class=\"default-editor-content grid-for-core-paragraph grid-container fluid fluid\">\n        <div class=\"grid-x grid-padding-x align-center\">\n          <div class=\"cell\">\n            \n<p>Ainsi, bien que souvent confondus, bois et cornes sont deux structures profond\u00e9ment diff\u00e9rentes, tant par leur composition que par leur fonctionnement. Les bois, \u00e9ph\u00e9m\u00e8res et spectaculaires, t\u00e9moignent de la vitalit\u00e9 et de la strat\u00e9gie reproductive des cervid\u00e9s. Les cornes, durables et robustes, accompagnent les bovid\u00e9s tout au long de leur vie comme outils de d\u00e9fense et de communication. Apprendre \u00e0 les distinguer, c\u2019est mieux comprendre l\u2019adaptation et la diversit\u00e9 du monde animal. <\/p>\n          <\/div>\n        <\/div>\n      <\/div>\n\n      <\/section>\n\n<section class=\"block-grid-wrapper block-grid-for-core-paragraph\">\n      <div class=\"default-editor-content grid-for-core-paragraph grid-container fluid fluid\">\n        <div class=\"grid-x grid-padding-x align-center\">\n          <div class=\"cell\">\n            \n<p><\/p>\n          <\/div>\n        <\/div>\n      <\/div>\n\n      <\/section>\n\n<section class=\"block-grid-wrapper block-grid-for-core-extended-special-paragraph-with-border\">\n      <div class=\"default-editor-content grid-for-core-extended-special-paragraph-with-border grid-container fluid fluid\">\n        <div class=\"grid-x grid-padding-x align-center\">\n          <div class=\"cell\">\n            \n<div class=\"wp-block-extended-special-paragraph-with-border\">\n<h3 class=\"wp-block-heading\"><strong>Testez vos connaissances<\/strong><\/h3>\n\n\n\n<p><strong>Quand tombent les bois ?<\/strong><br>Les bois tombent naturellement chaque ann\u00e9e, g\u00e9n\u00e9ralement en hiver, apr\u00e8s la saison du rut.<\/p>\n\n\n\n<p><strong>Combien p\u00e8se un bois ?<\/strong><br>Le poids varie selon l\u2019esp\u00e8ce\u202f: de quelques centaines de grammes chez le chevreuil \u00e0 plusieurs dizaines de kilos chez l\u2019\u00e9lan.<\/p>\n\n\n\n<p><strong>Les cornes tombent-elles aussi ?<\/strong><br>Non. Les cornes ne tombent jamais : elles poussent lentement et restent toute la vie de l\u2019animal.<\/p>\n\n\n\n<p><strong>Peut-on enlever les cornes ?<\/strong><br>En \u00e9levage, oui, sous conditions strictes. Dans la nature, non, car elles sont essentielles \u00e0 la survie et au comportement des animaux.<\/p>\n<\/div>\n          <\/div>\n        <\/div>\n      <\/div>\n\n      <\/section>\n\n<section class=\"block-grid-wrapper block-grid-for-core-paragraph\">\n      <div class=\"default-editor-content grid-for-core-paragraph grid-container fluid fluid\">\n        <div class=\"grid-x grid-padding-x align-center\">\n          <div class=\"cell\">\n            \n<p><\/p>\n          <\/div>\n        <\/div>\n      <\/div>\n\n      <\/section>\n\n\n    <section  class=\"wp-block-acf-three-articles  block-index-99 section-content section-three-articles\"       itemprop=\"hasPart\" itemscope\n\n      <div class=\"grid-container full\">\n\n        <div class=\"grid-x title-wrapper\">\n\n          <div class=\"cell\">\n                          <h2 class=\"section-title\" itemprop=\"name heading\">En ce moment \u00e0 Sainte-Croix<\/h2>\n            \n                      <\/div>\n\n        <\/div>\n\n\n        <div class=\"grid-x listing-latest-news news-slider align-center\">\n          <article class=\"cell medium-6 large-4 js-article article-box flex-container flex-dir-column post-37937 post type-post status-publish format-standard has-post-thumbnail hentry category-animaux category-le-parc\"  itemscope itemtype=\"https:\/\/schema.org\/Article\" itemid=\"https:\/\/parcsaintecroix.com\/fr\/quelle-est-la-difference-entre-le-bison-deurope-et-le-bison-damerique\" itemref=\"publisher\">\n      <meta itemprop=\"author\" content=\"Parc de Saint Croix\" \/>\n    <meta itemprop=\"image\" content=\"https:\/\/parcsaintecroix.com\/wp-content\/uploads\/2025\/10\/CP-Morgane-Bricard-64-scaled.jpg\" \/>\n    <meta itemprop=\"datePublished\" content=\"2026-04-30T20:33:47+02:00\" \/>\n    <meta itemprop=\"dateModified\" content=\"2026-04-30T20:33:50+02:00\" \/>\n      <div class=\"news-content-wrapper\">\n          <a href=\"https:\/\/parcsaintecroix.com\/fr\/quelle-est-la-difference-entre-le-bison-deurope-et-le-bison-damerique\" itemprop=\"url mainEntityOfPage\">\n        \n                  <span class=\"label-category\">Animaux<\/span>\n        \n        <figure>\n          <img decoding=\"async\"  data-fade-in loading=\"lazy\" src=\"data:image\/png;base64,R0lGODlhAQABAAD\/ACwAAAAAAQABAAACADs=\" data-lazy-interchange=\"[https:\/\/parcsaintecroix.com\/wp-content\/uploads\/2025\/10\/CP-Morgane-Bricard-64-scaled-668x668-71ab615e0a86.jpg, small], [https:\/\/parcsaintecroix.com\/wp-content\/uploads\/2025\/10\/CP-Morgane-Bricard-64-scaled-423x423-f5ddf0753daf.jpg, large], [https:\/\/parcsaintecroix.com\/wp-content\/uploads\/2025\/10\/CP-Morgane-Bricard-64-scaled-800x800-b303cee25c1f.jpg, xlarge], [https:\/\/parcsaintecroix.com\/wp-content\/uploads\/2025\/10\/CP-Morgane-Bricard-64-scaled-846x846-97851059a762.jpg, large_retina], [https:\/\/parcsaintecroix.com\/wp-content\/uploads\/2025\/10\/CP-Morgane-Bricard-64-scaled-1600x1600-f1dbcba1895c.jpg, xlarge_retina]\" data-interchange-sizes=\"{&quot;small&quot;:{&quot;w&quot;:668,&quot;h&quot;:668},&quot;large&quot;:{&quot;w&quot;:423,&quot;h&quot;:423},&quot;xlarge&quot;:{&quot;w&quot;:800,&quot;h&quot;:800},&quot;large_retina&quot;:{&quot;w&quot;:846,&quot;h&quot;:846},&quot;xlarge_retina&quot;:{&quot;w&quot;:1600,&quot;h&quot;:1600}}\"  style=\";--aspect-ratio-small: 1;--aspect-ratio-large: 1;--aspect-ratio-xlarge: 1;--aspect-ratio-large_retina: 1;--aspect-ratio-xlarge_retina: 1\" data-has-aspect-ratio=\"true\" alt=\"Quelle est la diff\u00e9rence entre le bison d&rsquo;Europe et le bison d&rsquo;Am\u00e9rique ?\" itemprop=\"image\" data-fade-in \/>\n        <\/figure>\n\n              <\/a>\n      <\/div>\n\n  <div class=\"article-box-content flex-child-grow flex-container flex-dir-column\">\n    <header class=\"entry-header\">\n      <h2 class=\"entry-name\" itemprop=\"name headline\">\n        <a href=\"https:\/\/parcsaintecroix.com\/fr\/quelle-est-la-difference-entre-le-bison-deurope-et-le-bison-damerique\">Quelle est la diff\u00e9rence entre le bison d&rsquo;Europe et le bison d&rsquo;Am\u00e9rique ?<\/a>\n      <\/h2>\n    <\/header>\n\n    <div class=\"entry-content\">\n      <p class=\"excerpt\">Au Parc Animalier de Sainte\u2011Croix, deux esp\u00e8ces impressionnantes issues d\u2019un h\u00e9ritage pr\u00e9historique commun, proche de l\u2019aurochs, \u00e9voluent &#8230;<\/p>\n    <\/div>\n\n    <p class=\"entry-date\">\n      Publi\u00e9 le 30 avril 2026    <\/p>\n\n  <\/div>\n<\/article>\n\n<article class=\"cell medium-6 large-4 js-article article-box flex-container flex-dir-column post-38694 post type-post status-publish format-standard has-post-thumbnail hentry category-animaux category-le-parc\"  itemscope itemtype=\"https:\/\/schema.org\/Article\" itemid=\"https:\/\/parcsaintecroix.com\/fr\/le-renard-roux-en-france-une-espece-nuisible\" itemref=\"publisher\">\n      <meta itemprop=\"author\" content=\"Parc de Saint Croix\" \/>\n    <meta itemprop=\"image\" content=\"https:\/\/parcsaintecroix.com\/wp-content\/uploads\/2025\/12\/CP-Lydie-Comte-Antoine.jpg\" \/>\n    <meta itemprop=\"datePublished\" content=\"2026-04-30T20:32:32+02:00\" \/>\n    <meta itemprop=\"dateModified\" content=\"2026-04-30T20:32:36+02:00\" \/>\n      <div class=\"news-content-wrapper\">\n          <a href=\"https:\/\/parcsaintecroix.com\/fr\/le-renard-roux-en-france-une-espece-nuisible\" itemprop=\"url mainEntityOfPage\">\n        \n                  <span class=\"label-category\">Animaux<\/span>\n        \n        <figure>\n          <img decoding=\"async\"  data-fade-in loading=\"lazy\" src=\"data:image\/png;base64,R0lGODlhAQABAAD\/ACwAAAAAAQABAAACADs=\" data-lazy-interchange=\"[https:\/\/parcsaintecroix.com\/wp-content\/uploads\/2025\/12\/CP-Lydie-Comte-Antoine-668x668-71ab615e0a86.jpg, small], [https:\/\/parcsaintecroix.com\/wp-content\/uploads\/2025\/12\/CP-Lydie-Comte-Antoine-423x423-f5ddf0753daf.jpg, large], [https:\/\/parcsaintecroix.com\/wp-content\/uploads\/2025\/12\/CP-Lydie-Comte-Antoine-800x800-b303cee25c1f.jpg, xlarge], [https:\/\/parcsaintecroix.com\/wp-content\/uploads\/2025\/12\/CP-Lydie-Comte-Antoine-846x846-97851059a762.jpg, large_retina], [https:\/\/parcsaintecroix.com\/wp-content\/uploads\/2025\/12\/CP-Lydie-Comte-Antoine-1366x1366-f1dbcba1895c.jpg, xlarge_retina]\" data-interchange-sizes=\"{&quot;small&quot;:{&quot;w&quot;:668,&quot;h&quot;:668},&quot;large&quot;:{&quot;w&quot;:423,&quot;h&quot;:423},&quot;xlarge&quot;:{&quot;w&quot;:800,&quot;h&quot;:800},&quot;large_retina&quot;:{&quot;w&quot;:846,&quot;h&quot;:846},&quot;xlarge_retina&quot;:{&quot;w&quot;:1366,&quot;h&quot;:1366}}\"  style=\";--aspect-ratio-small: 1;--aspect-ratio-large: 1;--aspect-ratio-xlarge: 1;--aspect-ratio-large_retina: 1;--aspect-ratio-xlarge_retina: 1\" data-has-aspect-ratio=\"true\" alt=\"Le renard roux en France : une esp\u00e8ce nuisible ?\" itemprop=\"image\" data-fade-in \/>\n        <\/figure>\n\n              <\/a>\n      <\/div>\n\n  <div class=\"article-box-content flex-child-grow flex-container flex-dir-column\">\n    <header class=\"entry-header\">\n      <h2 class=\"entry-name\" itemprop=\"name headline\">\n        <a href=\"https:\/\/parcsaintecroix.com\/fr\/le-renard-roux-en-france-une-espece-nuisible\">Le renard roux en France : une esp\u00e8ce nuisible ?<\/a>\n      <\/h2>\n    <\/header>\n\n    <div class=\"entry-content\">\n      <p class=\"excerpt\">Longtemps consid\u00e9r\u00e9 comme une esp\u00e8ce animale nuisible, le renard roux est encore aujourd\u2019hui porteur de nombreux pr\u00e9jug\u00e9s. &#8230;<\/p>\n    <\/div>\n\n    <p class=\"entry-date\">\n      Publi\u00e9 le 30 avril 2026    <\/p>\n\n  <\/div>\n<\/article>\n\n<article class=\"cell medium-6 large-4 js-article article-box flex-container flex-dir-column post-41005 post type-post status-publish format-standard has-post-thumbnail hentry category-animaux category-le-parc\"  itemscope itemtype=\"https:\/\/schema.org\/Article\" itemid=\"https:\/\/parcsaintecroix.com\/fr\/comment-faire-un-jardin-agroecologique-chez-soi\" itemref=\"publisher\">\n      <meta itemprop=\"author\" content=\"Parc de Saint Croix\" \/>\n    <meta itemprop=\"image\" content=\"https:\/\/parcsaintecroix.com\/wp-content\/uploads\/2026\/04\/Station-sol-CP-Carla-Datola-4.jpg\" \/>\n    <meta itemprop=\"datePublished\" content=\"2026-04-30T20:29:21+02:00\" \/>\n    <meta itemprop=\"dateModified\" content=\"2026-04-30T20:29:24+02:00\" \/>\n      <div class=\"news-content-wrapper\">\n          <a href=\"https:\/\/parcsaintecroix.com\/fr\/comment-faire-un-jardin-agroecologique-chez-soi\" itemprop=\"url mainEntityOfPage\">\n        \n                  <span class=\"label-category\">Animaux<\/span>\n        \n        <figure>\n          <img decoding=\"async\"  data-fade-in loading=\"lazy\" src=\"data:image\/png;base64,R0lGODlhAQABAAD\/ACwAAAAAAQABAAACADs=\" data-lazy-interchange=\"[https:\/\/parcsaintecroix.com\/wp-content\/uploads\/2026\/04\/Station-sol-CP-Carla-Datola-4-668x668-71ab615e0a86.jpg, small], [https:\/\/parcsaintecroix.com\/wp-content\/uploads\/2026\/04\/Station-sol-CP-Carla-Datola-4-423x423-f5ddf0753daf.jpg, large], [https:\/\/parcsaintecroix.com\/wp-content\/uploads\/2026\/04\/Station-sol-CP-Carla-Datola-4-800x800-b303cee25c1f.jpg, xlarge], [https:\/\/parcsaintecroix.com\/wp-content\/uploads\/2026\/04\/Station-sol-CP-Carla-Datola-4-846x846-97851059a762.jpg, large_retina], [https:\/\/parcsaintecroix.com\/wp-content\/uploads\/2026\/04\/Station-sol-CP-Carla-Datola-4-1366x1366-f1dbcba1895c.jpg, xlarge_retina]\" data-interchange-sizes=\"{&quot;small&quot;:{&quot;w&quot;:668,&quot;h&quot;:668},&quot;large&quot;:{&quot;w&quot;:423,&quot;h&quot;:423},&quot;xlarge&quot;:{&quot;w&quot;:800,&quot;h&quot;:800},&quot;large_retina&quot;:{&quot;w&quot;:846,&quot;h&quot;:846},&quot;xlarge_retina&quot;:{&quot;w&quot;:1366,&quot;h&quot;:1366}}\"  style=\";--aspect-ratio-small: 1;--aspect-ratio-large: 1;--aspect-ratio-xlarge: 1;--aspect-ratio-large_retina: 1;--aspect-ratio-xlarge_retina: 1\" data-has-aspect-ratio=\"true\" alt=\"Comment faire un jardin agro\u00e9cologique chez soi ?\" itemprop=\"image\" data-fade-in \/>\n        <\/figure>\n\n              <\/a>\n      <\/div>\n\n  <div class=\"article-box-content flex-child-grow flex-container flex-dir-column\">\n    <header class=\"entry-header\">\n      <h2 class=\"entry-name\" itemprop=\"name headline\">\n        <a href=\"https:\/\/parcsaintecroix.com\/fr\/comment-faire-un-jardin-agroecologique-chez-soi\">Comment faire un jardin agro\u00e9cologique chez soi ?<\/a>\n      <\/h2>\n    <\/header>\n\n    <div class=\"entry-content\">\n      <p class=\"excerpt\">Cr\u00e9er un jardin agro\u00e9cologique chez soi, c\u2019est choisir un mode de culture respectueux de la nature, de &#8230;<\/p>\n    <\/div>\n\n    <p class=\"entry-date\">\n      Publi\u00e9 le 30 avril 2026    <\/p>\n\n  <\/div>\n<\/article>\n\n        <\/div>\n\n\n              <\/div>\n    <\/section>\n    ","protected":false},"excerpt":{"rendered":"<p>Il n\u2019est pas rare de confondre les bois des cervid\u00e9s et les cornes des bovid\u00e9s, tant leur apparence peut pr\u00eater \u00e0 confusion au premier regard. Pourtant, derri\u00e8re cette ressemblance se cachent des diff\u00e9rences fondamentales. Origine biologique, composition, mode de croissance ou encore dur\u00e9e de vie, tout oppose ces deux structures embl\u00e9matiques du monde animal. Loin [&hellip;]<\/p>\n","protected":false},"author":10,"featured_media":40901,"comment_status":"closed","ping_status":"closed","sticky":false,"template":"","format":"standard","meta":{"_acf_changed":false,"_themeisle_gutenberg_block_has_review":false,"footnotes":""},"categories":[23],"tags":[],"class_list":["post-40332","post","type-post","status-publish","format-standard","has-post-thumbnail","hentry","category-le-parc"],"acf":[],"yoast_head":"<!-- This site is optimized with the Yoast SEO plugin v27.3 - https:\/\/yoast.com\/product\/yoast-seo-wordpress\/ -->\n<title>La diff\u00e9rence entre les bois et les cornes | Parc Sainte-Croix<\/title>\n<meta name=\"description\" content=\"D\u00e9couvrez la diff\u00e9rence entre bois et cornes, ainsi que les particularit\u00e9s des bois de cerf, d\u2019\u00e9lan et de renne dans un article clair, riche et p\u00e9dagogique.\" \/>\n<meta name=\"robots\" content=\"index, follow, max-snippet:-1, max-image-preview:large, max-video-preview:-1\" \/>\n<link rel=\"canonical\" href=\"https:\/\/parcsaintecroix.com\/fr\/tout-savoir-sur-la-difference-entre-les-bois-et-les-cornes\" \/>\n<meta property=\"og:locale\" content=\"fr_FR\" \/>\n<meta property=\"og:type\" content=\"article\" \/>\n<meta property=\"og:title\" content=\"La diff\u00e9rence entre les bois et les cornes | Parc Sainte-Croix\" \/>\n<meta property=\"og:description\" content=\"D\u00e9couvrez la diff\u00e9rence entre bois et cornes, ainsi que les particularit\u00e9s des bois de cerf, d\u2019\u00e9lan et de renne dans un article clair, riche et p\u00e9dagogique.\" \/>\n<meta property=\"og:url\" content=\"https:\/\/parcsaintecroix.com\/fr\/tout-savoir-sur-la-difference-entre-les-bois-et-les-cornes\" \/>\n<meta property=\"og:site_name\" content=\"Parc de Saint Croix\" \/>\n<meta property=\"article:publisher\" content=\"https:\/\/www.facebook.com\/LodgesSainteCroix\/\" \/>\n<meta property=\"article:published_time\" content=\"2026-04-29T18:38:00+00:00\" \/>\n<meta property=\"article:modified_time\" content=\"2026-04-30T18:40:14+00:00\" \/>\n<meta property=\"og:image\" content=\"https:\/\/parcsaintecroix.com\/wp-content\/uploads\/2026\/04\/Bois-VS-corne-1024x480-fd90e2c36371.png\" \/>\n\t<meta property=\"og:image:width\" content=\"1024\" \/>\n\t<meta property=\"og:image:height\" content=\"480\" \/>\n\t<meta property=\"og:image:type\" content=\"image\/png\" \/>\n<meta name=\"author\" content=\"Noemie Thiery\" \/>\n<meta name=\"twitter:card\" content=\"summary_large_image\" \/>\n<meta name=\"twitter:creator\" content=\"@parc_stecroix\" \/>\n<meta name=\"twitter:site\" content=\"@parc_stecroix\" \/>\n<meta name=\"twitter:label1\" content=\"\u00c9crit par\" \/>\n\t<meta name=\"twitter:data1\" content=\"Noemie Thiery\" \/>\n\t<meta name=\"twitter:label2\" content=\"Dur\u00e9e de lecture estim\u00e9e\" \/>\n\t<meta name=\"twitter:data2\" content=\"10 minutes\" \/>\n<script type=\"application\/ld+json\" class=\"yoast-schema-graph\">{\"@context\":\"https:\\\/\\\/schema.org\",\"@graph\":[{\"@type\":\"Article\",\"@id\":\"https:\\\/\\\/parcsaintecroix.com\\\/fr\\\/tout-savoir-sur-la-difference-entre-les-bois-et-les-cornes#article\",\"isPartOf\":{\"@id\":\"https:\\\/\\\/parcsaintecroix.com\\\/fr\\\/tout-savoir-sur-la-difference-entre-les-bois-et-les-cornes\"},\"author\":{\"name\":\"Noemie Thiery\",\"@id\":\"https:\\\/\\\/parcsaintecroix.com\\\/fr\\\/#\\\/schema\\\/person\\\/65f332915192f61bb9ce8f0cc3ba495b\"},\"headline\":\"Tout savoir sur la diff\u00e9rence entre les bois et les cornes\",\"datePublished\":\"2026-04-29T18:38:00+00:00\",\"dateModified\":\"2026-04-30T18:40:14+00:00\",\"mainEntityOfPage\":{\"@id\":\"https:\\\/\\\/parcsaintecroix.com\\\/fr\\\/tout-savoir-sur-la-difference-entre-les-bois-et-les-cornes\"},\"wordCount\":1913,\"publisher\":{\"@id\":\"https:\\\/\\\/parcsaintecroix.com\\\/fr\\\/#organization\"},\"image\":{\"@id\":\"https:\\\/\\\/parcsaintecroix.com\\\/fr\\\/tout-savoir-sur-la-difference-entre-les-bois-et-les-cornes#primaryimage\"},\"thumbnailUrl\":\"https:\\\/\\\/parcsaintecroix.com\\\/wp-content\\\/uploads\\\/2026\\\/04\\\/Bois-VS-corne.png\",\"articleSection\":[\"Le parc\"],\"inLanguage\":\"fr-FR\"},{\"@type\":\"WebPage\",\"@id\":\"https:\\\/\\\/parcsaintecroix.com\\\/fr\\\/tout-savoir-sur-la-difference-entre-les-bois-et-les-cornes\",\"url\":\"https:\\\/\\\/parcsaintecroix.com\\\/fr\\\/tout-savoir-sur-la-difference-entre-les-bois-et-les-cornes\",\"name\":\"La diff\u00e9rence entre les bois et les cornes | Parc Sainte-Croix\",\"isPartOf\":{\"@id\":\"https:\\\/\\\/parcsaintecroix.com\\\/fr\\\/#website\"},\"primaryImageOfPage\":{\"@id\":\"https:\\\/\\\/parcsaintecroix.com\\\/fr\\\/tout-savoir-sur-la-difference-entre-les-bois-et-les-cornes#primaryimage\"},\"image\":{\"@id\":\"https:\\\/\\\/parcsaintecroix.com\\\/fr\\\/tout-savoir-sur-la-difference-entre-les-bois-et-les-cornes#primaryimage\"},\"thumbnailUrl\":\"https:\\\/\\\/parcsaintecroix.com\\\/wp-content\\\/uploads\\\/2026\\\/04\\\/Bois-VS-corne.png\",\"datePublished\":\"2026-04-29T18:38:00+00:00\",\"dateModified\":\"2026-04-30T18:40:14+00:00\",\"description\":\"D\u00e9couvrez la diff\u00e9rence entre bois et cornes, ainsi que les particularit\u00e9s des bois de cerf, d\u2019\u00e9lan et de renne dans un article clair, riche et p\u00e9dagogique.\",\"breadcrumb\":{\"@id\":\"https:\\\/\\\/parcsaintecroix.com\\\/fr\\\/tout-savoir-sur-la-difference-entre-les-bois-et-les-cornes#breadcrumb\"},\"inLanguage\":\"fr-FR\",\"potentialAction\":[{\"@type\":\"ReadAction\",\"target\":[\"https:\\\/\\\/parcsaintecroix.com\\\/fr\\\/tout-savoir-sur-la-difference-entre-les-bois-et-les-cornes\"]}]},{\"@type\":\"ImageObject\",\"inLanguage\":\"fr-FR\",\"@id\":\"https:\\\/\\\/parcsaintecroix.com\\\/fr\\\/tout-savoir-sur-la-difference-entre-les-bois-et-les-cornes#primaryimage\",\"url\":\"https:\\\/\\\/parcsaintecroix.com\\\/wp-content\\\/uploads\\\/2026\\\/04\\\/Bois-VS-corne.png\",\"contentUrl\":\"https:\\\/\\\/parcsaintecroix.com\\\/wp-content\\\/uploads\\\/2026\\\/04\\\/Bois-VS-corne.png\",\"width\":1366,\"height\":640},{\"@type\":\"BreadcrumbList\",\"@id\":\"https:\\\/\\\/parcsaintecroix.com\\\/fr\\\/tout-savoir-sur-la-difference-entre-les-bois-et-les-cornes#breadcrumb\",\"itemListElement\":[{\"@type\":\"ListItem\",\"position\":1,\"name\":\"Accueil\",\"item\":\"https:\\\/\\\/parcsaintecroix.com\\\/fr\"},{\"@type\":\"ListItem\",\"position\":2,\"name\":\"Tout savoir sur la diff\u00e9rence entre les bois et les cornes\"}]},{\"@type\":\"WebSite\",\"@id\":\"https:\\\/\\\/parcsaintecroix.com\\\/fr\\\/#website\",\"url\":\"https:\\\/\\\/parcsaintecroix.com\\\/fr\\\/\",\"name\":\"Parc de Saint Croix\",\"description\":\"\",\"publisher\":{\"@id\":\"https:\\\/\\\/parcsaintecroix.com\\\/fr\\\/#organization\"},\"inLanguage\":\"fr-FR\"},{\"@type\":\"Organization\",\"@id\":\"https:\\\/\\\/parcsaintecroix.com\\\/fr\\\/#organization\",\"name\":\"Parc de Saint Croix\",\"url\":\"https:\\\/\\\/parcsaintecroix.com\\\/fr\\\/\",\"logo\":{\"@type\":\"ImageObject\",\"inLanguage\":\"fr-FR\",\"@id\":\"https:\\\/\\\/parcsaintecroix.com\\\/fr\\\/#\\\/schema\\\/logo\\\/image\\\/\",\"url\":\"https:\\\/\\\/parcsaintecroix.com\\\/wp-content\\\/uploads\\\/2022\\\/09\\\/SainteCroix-Favicon.png\",\"contentUrl\":\"https:\\\/\\\/parcsaintecroix.com\\\/wp-content\\\/uploads\\\/2022\\\/09\\\/SainteCroix-Favicon.png\",\"width\":512,\"height\":512,\"caption\":\"Parc de Saint Croix\"},\"image\":{\"@id\":\"https:\\\/\\\/parcsaintecroix.com\\\/fr\\\/#\\\/schema\\\/logo\\\/image\\\/\"},\"sameAs\":[\"https:\\\/\\\/www.facebook.com\\\/LodgesSainteCroix\\\/\",\"https:\\\/\\\/x.com\\\/parc_stecroix\"]},{\"@type\":\"Person\",\"@id\":\"https:\\\/\\\/parcsaintecroix.com\\\/fr\\\/#\\\/schema\\\/person\\\/65f332915192f61bb9ce8f0cc3ba495b\",\"name\":\"Noemie Thiery\"}]}<\/script>\n<!-- \/ Yoast SEO plugin. -->","yoast_head_json":{"title":"La diff\u00e9rence entre les bois et les cornes | Parc Sainte-Croix","description":"D\u00e9couvrez la diff\u00e9rence entre bois et cornes, ainsi que les particularit\u00e9s des bois de cerf, d\u2019\u00e9lan et de renne dans un article clair, riche et p\u00e9dagogique.","robots":{"index":"index","follow":"follow","max-snippet":"max-snippet:-1","max-image-preview":"max-image-preview:large","max-video-preview":"max-video-preview:-1"},"canonical":"https:\/\/parcsaintecroix.com\/fr\/tout-savoir-sur-la-difference-entre-les-bois-et-les-cornes","og_locale":"fr_FR","og_type":"article","og_title":"La diff\u00e9rence entre les bois et les cornes | Parc Sainte-Croix","og_description":"D\u00e9couvrez la diff\u00e9rence entre bois et cornes, ainsi que les particularit\u00e9s des bois de cerf, d\u2019\u00e9lan et de renne dans un article clair, riche et p\u00e9dagogique.","og_url":"https:\/\/parcsaintecroix.com\/fr\/tout-savoir-sur-la-difference-entre-les-bois-et-les-cornes","og_site_name":"Parc de Saint Croix","article_publisher":"https:\/\/www.facebook.com\/LodgesSainteCroix\/","article_published_time":"2026-04-29T18:38:00+00:00","article_modified_time":"2026-04-30T18:40:14+00:00","og_image":[{"width":1024,"height":480,"url":"https:\/\/parcsaintecroix.com\/wp-content\/uploads\/2026\/04\/Bois-VS-corne-1024x480-fd90e2c36371.png","type":"image\/png"}],"author":"Noemie Thiery","twitter_card":"summary_large_image","twitter_creator":"@parc_stecroix","twitter_site":"@parc_stecroix","twitter_misc":{"\u00c9crit par":"Noemie Thiery","Dur\u00e9e de lecture estim\u00e9e":"10 minutes"},"schema":{"@context":"https:\/\/schema.org","@graph":[{"@type":"Article","@id":"https:\/\/parcsaintecroix.com\/fr\/tout-savoir-sur-la-difference-entre-les-bois-et-les-cornes#article","isPartOf":{"@id":"https:\/\/parcsaintecroix.com\/fr\/tout-savoir-sur-la-difference-entre-les-bois-et-les-cornes"},"author":{"name":"Noemie Thiery","@id":"https:\/\/parcsaintecroix.com\/fr\/#\/schema\/person\/65f332915192f61bb9ce8f0cc3ba495b"},"headline":"Tout savoir sur la diff\u00e9rence entre les bois et les cornes","datePublished":"2026-04-29T18:38:00+00:00","dateModified":"2026-04-30T18:40:14+00:00","mainEntityOfPage":{"@id":"https:\/\/parcsaintecroix.com\/fr\/tout-savoir-sur-la-difference-entre-les-bois-et-les-cornes"},"wordCount":1913,"publisher":{"@id":"https:\/\/parcsaintecroix.com\/fr\/#organization"},"image":{"@id":"https:\/\/parcsaintecroix.com\/fr\/tout-savoir-sur-la-difference-entre-les-bois-et-les-cornes#primaryimage"},"thumbnailUrl":"https:\/\/parcsaintecroix.com\/wp-content\/uploads\/2026\/04\/Bois-VS-corne.png","articleSection":["Le parc"],"inLanguage":"fr-FR"},{"@type":"WebPage","@id":"https:\/\/parcsaintecroix.com\/fr\/tout-savoir-sur-la-difference-entre-les-bois-et-les-cornes","url":"https:\/\/parcsaintecroix.com\/fr\/tout-savoir-sur-la-difference-entre-les-bois-et-les-cornes","name":"La diff\u00e9rence entre les bois et les cornes | Parc Sainte-Croix","isPartOf":{"@id":"https:\/\/parcsaintecroix.com\/fr\/#website"},"primaryImageOfPage":{"@id":"https:\/\/parcsaintecroix.com\/fr\/tout-savoir-sur-la-difference-entre-les-bois-et-les-cornes#primaryimage"},"image":{"@id":"https:\/\/parcsaintecroix.com\/fr\/tout-savoir-sur-la-difference-entre-les-bois-et-les-cornes#primaryimage"},"thumbnailUrl":"https:\/\/parcsaintecroix.com\/wp-content\/uploads\/2026\/04\/Bois-VS-corne.png","datePublished":"2026-04-29T18:38:00+00:00","dateModified":"2026-04-30T18:40:14+00:00","description":"D\u00e9couvrez la diff\u00e9rence entre bois et cornes, ainsi que les particularit\u00e9s des bois de cerf, d\u2019\u00e9lan et de renne dans un article clair, riche et p\u00e9dagogique.","breadcrumb":{"@id":"https:\/\/parcsaintecroix.com\/fr\/tout-savoir-sur-la-difference-entre-les-bois-et-les-cornes#breadcrumb"},"inLanguage":"fr-FR","potentialAction":[{"@type":"ReadAction","target":["https:\/\/parcsaintecroix.com\/fr\/tout-savoir-sur-la-difference-entre-les-bois-et-les-cornes"]}]},{"@type":"ImageObject","inLanguage":"fr-FR","@id":"https:\/\/parcsaintecroix.com\/fr\/tout-savoir-sur-la-difference-entre-les-bois-et-les-cornes#primaryimage","url":"https:\/\/parcsaintecroix.com\/wp-content\/uploads\/2026\/04\/Bois-VS-corne.png","contentUrl":"https:\/\/parcsaintecroix.com\/wp-content\/uploads\/2026\/04\/Bois-VS-corne.png","width":1366,"height":640},{"@type":"BreadcrumbList","@id":"https:\/\/parcsaintecroix.com\/fr\/tout-savoir-sur-la-difference-entre-les-bois-et-les-cornes#breadcrumb","itemListElement":[{"@type":"ListItem","position":1,"name":"Accueil","item":"https:\/\/parcsaintecroix.com\/fr"},{"@type":"ListItem","position":2,"name":"Tout savoir sur la diff\u00e9rence entre les bois et les cornes"}]},{"@type":"WebSite","@id":"https:\/\/parcsaintecroix.com\/fr\/#website","url":"https:\/\/parcsaintecroix.com\/fr\/","name":"Parc de Saint Croix","description":"","publisher":{"@id":"https:\/\/parcsaintecroix.com\/fr\/#organization"},"inLanguage":"fr-FR"},{"@type":"Organization","@id":"https:\/\/parcsaintecroix.com\/fr\/#organization","name":"Parc de Saint Croix","url":"https:\/\/parcsaintecroix.com\/fr\/","logo":{"@type":"ImageObject","inLanguage":"fr-FR","@id":"https:\/\/parcsaintecroix.com\/fr\/#\/schema\/logo\/image\/","url":"https:\/\/parcsaintecroix.com\/wp-content\/uploads\/2022\/09\/SainteCroix-Favicon.png","contentUrl":"https:\/\/parcsaintecroix.com\/wp-content\/uploads\/2022\/09\/SainteCroix-Favicon.png","width":512,"height":512,"caption":"Parc de Saint Croix"},"image":{"@id":"https:\/\/parcsaintecroix.com\/fr\/#\/schema\/logo\/image\/"},"sameAs":["https:\/\/www.facebook.com\/LodgesSainteCroix\/","https:\/\/x.com\/parc_stecroix"]},{"@type":"Person","@id":"https:\/\/parcsaintecroix.com\/fr\/#\/schema\/person\/65f332915192f61bb9ce8f0cc3ba495b","name":"Noemie Thiery"}]}},"_links":{"self":[{"href":"https:\/\/parcsaintecroix.com\/fr\/wp-json\/wp\/v2\/posts\/40332","targetHints":{"allow":["GET"]}}],"collection":[{"href":"https:\/\/parcsaintecroix.com\/fr\/wp-json\/wp\/v2\/posts"}],"about":[{"href":"https:\/\/parcsaintecroix.com\/fr\/wp-json\/wp\/v2\/types\/post"}],"author":[{"embeddable":true,"href":"https:\/\/parcsaintecroix.com\/fr\/wp-json\/wp\/v2\/users\/10"}],"replies":[{"embeddable":true,"href":"https:\/\/parcsaintecroix.com\/fr\/wp-json\/wp\/v2\/comments?post=40332"}],"version-history":[{"count":14,"href":"https:\/\/parcsaintecroix.com\/fr\/wp-json\/wp\/v2\/posts\/40332\/revisions"}],"predecessor-version":[{"id":40909,"href":"https:\/\/parcsaintecroix.com\/fr\/wp-json\/wp\/v2\/posts\/40332\/revisions\/40909"}],"wp:featuredmedia":[{"embeddable":true,"href":"https:\/\/parcsaintecroix.com\/fr\/wp-json\/wp\/v2\/media\/40901"}],"wp:attachment":[{"href":"https:\/\/parcsaintecroix.com\/fr\/wp-json\/wp\/v2\/media?parent=40332"}],"wp:term":[{"taxonomy":"category","embeddable":true,"href":"https:\/\/parcsaintecroix.com\/fr\/wp-json\/wp\/v2\/categories?post=40332"},{"taxonomy":"post_tag","embeddable":true,"href":"https:\/\/parcsaintecroix.com\/fr\/wp-json\/wp\/v2\/tags?post=40332"}],"curies":[{"name":"wp","href":"https:\/\/api.w.org\/{rel}","templated":true}]}}