{"id":40373,"date":"2026-04-02T12:09:58","date_gmt":"2026-04-02T10:09:58","guid":{"rendered":"https:\/\/parcsaintecroix.com\/?p=40373"},"modified":"2026-04-07T09:28:11","modified_gmt":"2026-04-07T07:28:11","slug":"lievre-ou-lapin-quelle-est-la-difference","status":"publish","type":"post","link":"https:\/\/parcsaintecroix.com\/fr\/lievre-ou-lapin-quelle-est-la-difference","title":{"rendered":"Li\u00e8vre ou lapin : quelle est la diff\u00e9rence ?"},"content":{"rendered":"<section class=\"block-grid-wrapper block-grid-for-core-paragraph\">\n      <div class=\"default-editor-content grid-for-core-paragraph grid-container fluid fluid\">\n        <div class=\"grid-x grid-padding-x align-center\">\n          <div class=\"cell\">\n            \n<p>Il arrive souvent que l\u2019on croise l\u2019un de ces deux animaux sans vraiment savoir lequel on a sous les yeux. Quelle est la diff\u00e9rence entre le lapin et le li\u00e8vre ? Pourquoi on les confond ?<\/p>\n          <\/div>\n        <\/div>\n      <\/div>\n\n      <\/section>\n\n<section class=\"block-grid-wrapper block-grid-for-core-paragraph\">\n      <div class=\"default-editor-content grid-for-core-paragraph grid-container fluid fluid\">\n        <div class=\"grid-x grid-padding-x align-center\">\n          <div class=\"cell\">\n            \n<p>Le li\u00e8vre et le lapin appartiennent \u00e0 la m\u00eame grande famille, mais ils m\u00e8nent des vies tellement diff\u00e9rentes qu\u2019on pourrait presque croire qu\u2019ils se sont donn\u00e9 pour mission de brouiller les pistes. Leur silhouette similaire entretient la confusion, pourtant d\u00e8s que l\u2019on s\u2019attarde sur leurs habitudes et leur apparence, leurs diff\u00e9rences deviennent flagrantes.<\/p>\n          <\/div>\n        <\/div>\n      <\/div>\n\n      <\/section>\n\n<section class=\"block-grid-wrapper block-grid-for-core-paragraph\">\n      <div class=\"default-editor-content grid-for-core-paragraph grid-container fluid fluid\">\n        <div class=\"grid-x grid-padding-x align-center\">\n          <div class=\"cell\">\n            \n<p><\/p>\n          <\/div>\n        <\/div>\n      <\/div>\n\n      <\/section>\n\n<section class=\"block-grid-wrapper block-grid-for-core-heading\">\n      <div class=\"default-editor-content grid-for-core-heading grid-container fluid fluid\">\n        <div class=\"grid-x grid-padding-x align-center\">\n          <div class=\"cell\">\n            \n<h2 class=\"wp-block-heading\"><strong>Un corps fait pour courir ou pour se faufiler<\/strong><\/h2>\n          <\/div>\n        <\/div>\n      <\/div>\n\n      <\/section>\n\n<section class=\"block-grid-wrapper block-grid-for-core-columns\">\n      <div class=\"default-editor-content grid-for-core-columns grid-container fluid fluid\">\n        <div class=\"grid-x grid-padding-x align-center\">\n          <div class=\"cell\">\n            \n<div class=\"wp-block-columns is-layout-flex wp-container-core-columns-is-layout-9d6595d7 wp-block-columns-is-layout-flex\">\n<div class=\"wp-block-column is-vertically-aligned-center is-layout-flow wp-block-column-is-layout-flow\">\n<h3 class=\"wp-block-heading\"><strong>Le li\u00e8vre, l&rsquo;athl\u00e8te des plaines<\/strong><\/h3>\n\n\n\n<p>Le li\u00e8vre poss\u00e8de un corps \u00e9lanc\u00e9, de tr\u00e8s longues pattes arri\u00e8re et des oreilles qui semblent faites pour capter le moindre bruit. <\/p>\n\n\n\n<p>Sa morphologie lui permet de courir \u00e0 une vitesse impressionnante et de r\u00e9aliser des bonds spectaculaires. <\/p>\n\n\n\n<p>Ce grand sprinteur peut atteindre des vitesses bien sup\u00e9rieures \u00e0 celles du lapin, gr\u00e2ce \u00e0 ses muscles puissants et \u00e0 sa silhouette l\u00e9g\u00e8re taill\u00e9e pour la fuite en terrain ouvert. <\/p>\n<\/div>\n\n\n\n<div class=\"wp-block-column is-vertically-aligned-center is-layout-flow wp-block-column-is-layout-flow\">\n<figure class=\"wp-block-image size-large\"><img loading=\"lazy\" decoding=\"async\" width=\"1024\" height=\"768\" src=\"https:\/\/parcsaintecroix.com\/wp-content\/uploads\/2026\/03\/Lievre-shutterstock_1814433926-scaled-1024x768-fd90e2c36371.jpg\" alt=\"\" class=\"wp-image-40376\" style=\"aspect-ratio:3\/2;object-fit:cover\" srcset=\"https:\/\/parcsaintecroix.com\/wp-content\/uploads\/2026\/03\/Lievre-shutterstock_1814433926-scaled-1024x768-fd90e2c36371.jpg 1024w, https:\/\/parcsaintecroix.com\/wp-content\/uploads\/2026\/03\/Lievre-shutterstock_1814433926-scaled-300x225-512c1e2135f8.jpg 300w, https:\/\/parcsaintecroix.com\/wp-content\/uploads\/2026\/03\/Lievre-shutterstock_1814433926-scaled-768x576-b56108145cc7.jpg 768w, https:\/\/parcsaintecroix.com\/wp-content\/uploads\/2026\/03\/Lievre-shutterstock_1814433926-scaled-1536x1152-3c33d8efde71.jpg 1536w, https:\/\/parcsaintecroix.com\/wp-content\/uploads\/2026\/03\/Lievre-shutterstock_1814433926-scaled-2048x1536-539fcd4e84ba.jpg 2048w, https:\/\/parcsaintecroix.com\/wp-content\/uploads\/2026\/03\/Lievre-shutterstock_1814433926-scaled-100x75-fab7673e88b9.jpg 100w\" sizes=\"auto, (max-width: 1024px) 100vw, 1024px\" \/><\/figure>\n<\/div>\n<\/div>\n          <\/div>\n        <\/div>\n      <\/div>\n\n      <\/section>\n\n<section class=\"block-grid-wrapper block-grid-for-core-paragraph\">\n      <div class=\"default-editor-content grid-for-core-paragraph grid-container fluid fluid\">\n        <div class=\"grid-x grid-padding-x align-center\">\n          <div class=\"cell\">\n            \n<p><\/p>\n          <\/div>\n        <\/div>\n      <\/div>\n\n      <\/section>\n\n\n<section  class=\"wp-block-acf-paragraph-with-border  block-index-13 section-content block-grid-for-core-extended-special-paragraph-with-border\"  itemprop=\"hasPart\" itemscope itemtype=\"https:\/\/schema.org\/WebPageElement\">\n  <div class=\"default-editor-content grid-for-core-extended-special-paragraph-with-border grid-container fluid\">\n    <div class=\"grid-x grid-padding-x align-center\">\n      <div class=\"cell\" >\n\n          \n      <\/div>\n    <\/div>\n  <\/div>\n<\/section>\n\n\n<section class=\"block-grid-wrapper block-grid-for-core-paragraph\">\n      <div class=\"default-editor-content grid-for-core-paragraph grid-container fluid fluid\">\n        <div class=\"grid-x grid-padding-x align-center\">\n          <div class=\"cell\">\n            \n<p><\/p>\n          <\/div>\n        <\/div>\n      <\/div>\n\n      <\/section>\n\n<section class=\"block-grid-wrapper block-grid-for-core-columns\">\n      <div class=\"default-editor-content grid-for-core-columns grid-container fluid fluid\">\n        <div class=\"grid-x grid-padding-x align-center\">\n          <div class=\"cell\">\n            \n<div class=\"wp-block-columns is-layout-flex wp-container-core-columns-is-layout-9d6595d7 wp-block-columns-is-layout-flex\">\n<div class=\"wp-block-column is-vertically-aligned-center is-layout-flow wp-block-column-is-layout-flow\">\n<figure class=\"wp-block-image size-large\"><img loading=\"lazy\" decoding=\"async\" width=\"1024\" height=\"683\" src=\"https:\/\/parcsaintecroix.com\/wp-content\/uploads\/2025\/03\/IMG_9187-1024x683-fd90e2c36371.jpg\" alt=\"\" class=\"wp-image-33692\" style=\"aspect-ratio:3\/2;object-fit:cover\" srcset=\"https:\/\/parcsaintecroix.com\/wp-content\/uploads\/2025\/03\/IMG_9187-1024x683-fd90e2c36371.jpg 1024w, https:\/\/parcsaintecroix.com\/wp-content\/uploads\/2025\/03\/IMG_9187-300x200-512c1e2135f8.jpg 300w, https:\/\/parcsaintecroix.com\/wp-content\/uploads\/2025\/03\/IMG_9187-768x512-b56108145cc7.jpg 768w, https:\/\/parcsaintecroix.com\/wp-content\/uploads\/2025\/03\/IMG_9187-1536x1024-3c33d8efde71.jpg 1536w, https:\/\/parcsaintecroix.com\/wp-content\/uploads\/2025\/03\/IMG_9187-100x67-fab7673e88b9.jpg 100w, https:\/\/parcsaintecroix.com\/wp-content\/uploads\/2025\/03\/IMG_9187.jpg 2048w, https:\/\/parcsaintecroix.com\/wp-content\/uploads\/2025\/03\/IMG_9187-852x568-6f255e59085b.jpg 852w, https:\/\/parcsaintecroix.com\/wp-content\/uploads\/2025\/03\/IMG_9187-1704x1136-8421bee02ef1.jpg 1704w\" sizes=\"auto, (max-width: 1024px) 100vw, 1024px\" \/><\/figure>\n<\/div>\n\n\n\n<div class=\"wp-block-column is-vertically-aligned-center is-layout-flow wp-block-column-is-layout-flow\">\n<h3 class=\"wp-block-heading\"><strong>Le lapin, le petit acrobate discret<\/strong><\/h3>\n\n\n\n<p>Le <a href=\"https:\/\/parcsaintecroix.com\/fr\/animaux\/lapin-brun-marron-de-lorraine\">lapin <\/a>pr\u00e9f\u00e8re une silhouette compacte et ronde qui lui permet de bondir rapidement sur de courtes distances.<\/p>\n\n\n\n<p>Ses oreilles sont plus courtes, ses pattes arri\u00e8re moins longues et sa d\u00e9marche se fait par petits sauts successifs. <\/p>\n\n\n\n<p>Ce corps ramass\u00e9 l\u2019aide \u00e0 se faufiler partout, notamment dans les galeries qu\u2019il creuse sous terre. <\/p>\n\n\n\n<p>L\u00e0 o\u00f9 le li\u00e8vre semble pr\u00eat pour un marathon, le lapin adopte un style plus discret mais tout aussi efficace dans son univers souterrain.<\/p>\n<\/div>\n<\/div>\n          <\/div>\n        <\/div>\n      <\/div>\n\n      <\/section>\n\n<section class=\"block-grid-wrapper block-grid-for-core-paragraph\">\n      <div class=\"default-editor-content grid-for-core-paragraph grid-container fluid fluid\">\n        <div class=\"grid-x grid-padding-x align-center\">\n          <div class=\"cell\">\n            \n<p><\/p>\n          <\/div>\n        <\/div>\n      <\/div>\n\n      <\/section>\n\n<section class=\"block-grid-wrapper block-grid-for-core-heading\">\n      <div class=\"default-editor-content grid-for-core-heading grid-container fluid fluid\">\n        <div class=\"grid-x grid-padding-x align-center\">\n          <div class=\"cell\">\n            \n<h2 class=\"wp-block-heading\"><strong>Deux mondes bien diff\u00e9rents pour vivre au quotidien<\/strong><\/h2>\n          <\/div>\n        <\/div>\n      <\/div>\n\n      <\/section>\n\n<section class=\"block-grid-wrapper block-grid-for-core-columns\">\n      <div class=\"default-editor-content grid-for-core-columns grid-container fluid fluid\">\n        <div class=\"grid-x grid-padding-x align-center\">\n          <div class=\"cell\">\n            \n<div class=\"wp-block-columns is-layout-flex wp-container-core-columns-is-layout-9d6595d7 wp-block-columns-is-layout-flex\">\n<div class=\"wp-block-column is-vertically-aligned-center is-layout-flow wp-block-column-is-layout-flow\">\n<h3 class=\"wp-block-heading\"><strong>Le lapin, ing\u00e9nieur des profondeurs<\/strong><\/h3>\n\n\n\n<p>Le <a href=\"https:\/\/parcsaintecroix.com\/fr\/animaux\/lapin-argente-de-champagne\">lapin<\/a> est un v\u00e9ritable b\u00e2tisseur capable de cr\u00e9er des terriers complexes appel\u00e9s garennes.<\/p>\n\n\n\n<p>Ces galeries abritent toute une colonie et servent de refuge, de nurserie et parfois m\u00eame d\u2019autoroute souterraine. <\/p>\n\n\n\n<p>Sa vie sociale est particuli\u00e8rement riche, car il vit entour\u00e9 de ses cong\u00e9n\u00e8res, partageant ses tunnels comme une petite communaut\u00e9 organis\u00e9e.<\/p>\n<\/div>\n\n\n\n<div class=\"wp-block-column is-vertically-aligned-center is-layout-flow wp-block-column-is-layout-flow\">\n<figure class=\"wp-block-image size-large\"><img loading=\"lazy\" decoding=\"async\" width=\"1024\" height=\"683\" src=\"https:\/\/parcsaintecroix.com\/wp-content\/uploads\/2025\/04\/CP-Carla-Datola-4-3-1024x683-fd90e2c36371.jpg\" alt=\"Lapin argent\u00e9 de Champagne\" class=\"wp-image-35218\" style=\"aspect-ratio:3\/2;object-fit:cover\" srcset=\"https:\/\/parcsaintecroix.com\/wp-content\/uploads\/2025\/04\/CP-Carla-Datola-4-3-1024x683-fd90e2c36371.jpg 1024w, https:\/\/parcsaintecroix.com\/wp-content\/uploads\/2025\/04\/CP-Carla-Datola-4-3-300x200-512c1e2135f8.jpg 300w, https:\/\/parcsaintecroix.com\/wp-content\/uploads\/2025\/04\/CP-Carla-Datola-4-3-768x512-b56108145cc7.jpg 768w, https:\/\/parcsaintecroix.com\/wp-content\/uploads\/2025\/04\/CP-Carla-Datola-4-3-1536x1024-3c33d8efde71.jpg 1536w, https:\/\/parcsaintecroix.com\/wp-content\/uploads\/2025\/04\/CP-Carla-Datola-4-3-100x67-fab7673e88b9.jpg 100w, https:\/\/parcsaintecroix.com\/wp-content\/uploads\/2025\/04\/CP-Carla-Datola-4-3.jpg 2048w\" sizes=\"auto, (max-width: 1024px) 100vw, 1024px\" \/><\/figure>\n<\/div>\n<\/div>\n          <\/div>\n        <\/div>\n      <\/div>\n\n      <\/section>\n\n<section class=\"block-grid-wrapper block-grid-for-core-paragraph\">\n      <div class=\"default-editor-content grid-for-core-paragraph grid-container fluid fluid\">\n        <div class=\"grid-x grid-padding-x align-center\">\n          <div class=\"cell\">\n            \n<p><\/p>\n          <\/div>\n        <\/div>\n      <\/div>\n\n      <\/section>\n\n<section class=\"block-grid-wrapper block-grid-for-core-columns\">\n      <div class=\"default-editor-content grid-for-core-columns grid-container fluid fluid\">\n        <div class=\"grid-x grid-padding-x align-center\">\n          <div class=\"cell\">\n            \n<div class=\"wp-block-columns is-layout-flex wp-container-core-columns-is-layout-9d6595d7 wp-block-columns-is-layout-flex\">\n<div class=\"wp-block-column is-vertically-aligned-center is-layout-flow wp-block-column-is-layout-flow\">\n<figure class=\"wp-block-image size-large\"><img decoding=\"async\" src=\"https:\/\/parcsaintecroix.com\/wp-content\/uploads\/2026\/03\/Lievre-shutterstock_1899239605-1024x576.jpg\" alt=\"\" class=\"wp-image-40379\" style=\"aspect-ratio:3\/2;object-fit:cover\"\/><figcaption class=\"wp-element-caption\">\u00a9 Morgane Bricard<\/figcaption><\/figure>\n<\/div>\n\n\n\n<div class=\"wp-block-column is-vertically-aligned-center is-layout-flow wp-block-column-is-layout-flow\">\n<h3 class=\"wp-block-heading\"><strong>Le li\u00e8vre, solitaire des grands espaces<\/strong><\/h3>\n\n\n\n<p>Le li\u00e8vre ne creuse jamais de terrier. Il dort \u00e0 m\u00eame le sol dans un simple creux appel\u00e9 g\u00eete, qu\u2019il change r\u00e9guli\u00e8rement pour ne pas attirer l\u2019attention des pr\u00e9dateurs. <\/p>\n\n\n\n<p>Ce mode de vie le rend plus solitaire, car il ne peut compter que sur sa vitesse et sa vigilance pour survivre. Il se d\u00e9place souvent seul et pr\u00e9f\u00e8re les grands espaces d\u00e9gag\u00e9s qui lui permettent de rep\u00e9rer les dangers de loin.<\/p>\n<\/div>\n<\/div>\n          <\/div>\n        <\/div>\n      <\/div>\n\n      <\/section>\n\n<section class=\"block-grid-wrapper block-grid-for-core-paragraph\">\n      <div class=\"default-editor-content grid-for-core-paragraph grid-container fluid fluid\">\n        <div class=\"grid-x grid-padding-x align-center\">\n          <div class=\"cell\">\n            \n<p><\/p>\n          <\/div>\n        <\/div>\n      <\/div>\n\n      <\/section>\n\n<section class=\"block-grid-wrapper block-grid-for-core-heading\">\n      <div class=\"default-editor-content grid-for-core-heading grid-container fluid fluid\">\n        <div class=\"grid-x grid-padding-x align-center\">\n          <div class=\"cell\">\n            \n<h2 class=\"wp-block-heading\"><strong>Comment vivent les b\u00e9b\u00e9s lapins et les b\u00e9b\u00e9s li\u00e8vres \u00e0 la naissance ?<\/strong><\/h2>\n          <\/div>\n        <\/div>\n      <\/div>\n\n      <\/section>\n\n<section class=\"block-grid-wrapper block-grid-for-core-heading\">\n      <div class=\"default-editor-content grid-for-core-heading grid-container fluid fluid\">\n        <div class=\"grid-x grid-padding-x align-center\">\n          <div class=\"cell\">\n            \n<h3 class=\"wp-block-heading\"><strong>Le lapereau, fragile et d\u00e9pendant<\/strong><\/h3>\n          <\/div>\n        <\/div>\n      <\/div>\n\n      <\/section>\n\n<section class=\"block-grid-wrapper block-grid-for-core-paragraph\">\n      <div class=\"default-editor-content grid-for-core-paragraph grid-container fluid fluid\">\n        <div class=\"grid-x grid-padding-x align-center\">\n          <div class=\"cell\">\n            \n<p>Le petit du lapin, appel\u00e9 lapereau, na\u00eet sans poils, aveugle et enti\u00e8rement d\u00e9pendant de sa m\u00e8re. Il reste dans le terrier, bien prot\u00e9g\u00e9 dans un nid chaud et douillet. Sa croissance se fait \u00e0 l\u2019abri du monde ext\u00e9rieur, ce qui lui donne le temps n\u00e9cessaire pour se d\u00e9velopper avant de sortir pour la premi\u00e8re fois.<\/p>\n          <\/div>\n        <\/div>\n      <\/div>\n\n      <\/section>\n\n<section class=\"block-grid-wrapper block-grid-for-core-heading\">\n      <div class=\"default-editor-content grid-for-core-heading grid-container fluid fluid\">\n        <div class=\"grid-x grid-padding-x align-center\">\n          <div class=\"cell\">\n            \n<h3 class=\"wp-block-heading\"><strong>Le levraut, pr\u00eat pour l\u2019aventure d\u00e8s les premi\u00e8res heures<\/strong><\/h3>\n          <\/div>\n        <\/div>\n      <\/div>\n\n      <\/section>\n\n<section class=\"block-grid-wrapper block-grid-for-core-paragraph\">\n      <div class=\"default-editor-content grid-for-core-paragraph grid-container fluid fluid\">\n        <div class=\"grid-x grid-padding-x align-center\">\n          <div class=\"cell\">\n            \n<p>Le levraut, b\u00e9b\u00e9 li\u00e8vre, surprend par son autonomie. Il vient au monde d\u00e9j\u00e0 couvert de fourrure, les yeux ouverts et capable de se d\u00e9placer rapidement. Cette maturit\u00e9 pr\u00e9coce est indispensable pour survivre dans un environnement sans abri souterrain. Le li\u00e8vre doit pouvoir mettre bas dans la nature, ce qui pousse ses petits \u00e0 \u00eatre imm\u00e9diatement op\u00e9rationnels.<\/p>\n          <\/div>\n        <\/div>\n      <\/div>\n\n      <\/section>\n\n<section class=\"block-grid-wrapper block-grid-for-core-paragraph\">\n      <div class=\"default-editor-content grid-for-core-paragraph grid-container fluid fluid\">\n        <div class=\"grid-x grid-padding-x align-center\">\n          <div class=\"cell\">\n            \n<p><\/p>\n          <\/div>\n        <\/div>\n      <\/div>\n\n      <\/section>\n\n<section class=\"block-grid-wrapper block-grid-for-core-extended-special-paragraph-with-border\">\n      <div class=\"default-editor-content grid-for-core-extended-special-paragraph-with-border grid-container fluid fluid\">\n        <div class=\"grid-x grid-padding-x align-center\">\n          <div class=\"cell\">\n            \n<div class=\"wp-block-extended-special-paragraph-with-border\">\n<h3 class=\"wp-block-heading\"><strong>Le saviez-vous ?<\/strong><\/h3>\n\n\n\n<p>Le Parc de Sainte-Croix a plusieurs sortes de lapin ! <\/p>\n\n\n\n<p>Venez d\u00e9couvrir <a href=\"https:\/\/parcsaintecroix.com\/fr\/animaux\/lapin-brun-marron-de-lorraine\">le lapin marron de Lorraine<\/a>, <a href=\"https:\/\/parcsaintecroix.com\/fr\/animaux\/lapin-argente-de-champagne\">le lapin argent\u00e9 de Champagne<\/a> et le lapin sabl\u00e9 des Vosges !<\/p>\n<\/div>\n          <\/div>\n        <\/div>\n      <\/div>\n\n      <\/section>\n\n<section class=\"block-grid-wrapper block-grid-for-core-gallery\">\n      <div class=\"default-editor-content grid-for-core-gallery grid-container fluid fluid\">\n        <div class=\"grid-x grid-padding-x align-center\">\n          <div class=\"cell\">\n            \n<figure class=\"wp-block-gallery has-nested-images columns-default is-cropped wp-block-gallery-1 is-layout-flex wp-block-gallery-is-layout-flex\">\n<figure class=\"wp-block-image size-large\"><img loading=\"lazy\" decoding=\"async\" width=\"1024\" height=\"683\" data-id=\"38357\" src=\"https:\/\/parcsaintecroix.com\/wp-content\/uploads\/2025\/11\/CP-Carla-Datola-15-1024x683-fd90e2c36371.jpg\" alt=\"\" class=\"wp-image-38357\" srcset=\"https:\/\/parcsaintecroix.com\/wp-content\/uploads\/2025\/11\/CP-Carla-Datola-15-1024x683-fd90e2c36371.jpg 1024w, https:\/\/parcsaintecroix.com\/wp-content\/uploads\/2025\/11\/CP-Carla-Datola-15-300x200-512c1e2135f8.jpg 300w, https:\/\/parcsaintecroix.com\/wp-content\/uploads\/2025\/11\/CP-Carla-Datola-15-768x512-b56108145cc7.jpg 768w, https:\/\/parcsaintecroix.com\/wp-content\/uploads\/2025\/11\/CP-Carla-Datola-15-1536x1024-3c33d8efde71.jpg 1536w, https:\/\/parcsaintecroix.com\/wp-content\/uploads\/2025\/11\/CP-Carla-Datola-15-100x67-fab7673e88b9.jpg 100w, https:\/\/parcsaintecroix.com\/wp-content\/uploads\/2025\/11\/CP-Carla-Datola-15.jpg 2048w, https:\/\/parcsaintecroix.com\/wp-content\/uploads\/2025\/11\/CP-Carla-Datola-15-852x568-6f255e59085b.jpg 852w, https:\/\/parcsaintecroix.com\/wp-content\/uploads\/2025\/11\/CP-Carla-Datola-15-1704x1136-8421bee02ef1.jpg 1704w\" sizes=\"auto, (max-width: 1024px) 100vw, 1024px\" \/><figcaption class=\"wp-element-caption\">\u00a9 Parc Animalier de Sainte-Croix<\/figcaption><\/figure>\n\n\n\n<figure class=\"wp-block-image size-large\"><img loading=\"lazy\" decoding=\"async\" width=\"1024\" height=\"683\" data-id=\"40382\" src=\"https:\/\/parcsaintecroix.com\/wp-content\/uploads\/2026\/03\/Lievre-shutterstock_1888386250-scaled-1024x683-fd90e2c36371.jpg\" alt=\"\" class=\"wp-image-40382\" srcset=\"https:\/\/parcsaintecroix.com\/wp-content\/uploads\/2026\/03\/Lievre-shutterstock_1888386250-scaled-1024x683-fd90e2c36371.jpg 1024w, https:\/\/parcsaintecroix.com\/wp-content\/uploads\/2026\/03\/Lievre-shutterstock_1888386250-scaled-300x200-512c1e2135f8.jpg 300w, https:\/\/parcsaintecroix.com\/wp-content\/uploads\/2026\/03\/Lievre-shutterstock_1888386250-scaled-768x512-b56108145cc7.jpg 768w, https:\/\/parcsaintecroix.com\/wp-content\/uploads\/2026\/03\/Lievre-shutterstock_1888386250-scaled-1536x1024-3c33d8efde71.jpg 1536w, https:\/\/parcsaintecroix.com\/wp-content\/uploads\/2026\/03\/Lievre-shutterstock_1888386250-scaled-2048x1366-539fcd4e84ba.jpg 2048w, https:\/\/parcsaintecroix.com\/wp-content\/uploads\/2026\/03\/Lievre-shutterstock_1888386250-scaled-100x67-fab7673e88b9.jpg 100w\" sizes=\"auto, (max-width: 1024px) 100vw, 1024px\" \/><\/figure>\n\n\n\n<figure class=\"wp-block-image size-large\"><img loading=\"lazy\" decoding=\"async\" width=\"1024\" height=\"683\" data-id=\"38358\" src=\"https:\/\/parcsaintecroix.com\/wp-content\/uploads\/2025\/11\/CP-Carla-Datola-4-1024x683-fd90e2c36371.jpg\" alt=\"\" class=\"wp-image-38358\" srcset=\"https:\/\/parcsaintecroix.com\/wp-content\/uploads\/2025\/11\/CP-Carla-Datola-4-1024x683-fd90e2c36371.jpg 1024w, https:\/\/parcsaintecroix.com\/wp-content\/uploads\/2025\/11\/CP-Carla-Datola-4-300x200-512c1e2135f8.jpg 300w, https:\/\/parcsaintecroix.com\/wp-content\/uploads\/2025\/11\/CP-Carla-Datola-4-768x512-b56108145cc7.jpg 768w, https:\/\/parcsaintecroix.com\/wp-content\/uploads\/2025\/11\/CP-Carla-Datola-4-1536x1024-3c33d8efde71.jpg 1536w, https:\/\/parcsaintecroix.com\/wp-content\/uploads\/2025\/11\/CP-Carla-Datola-4-100x67-fab7673e88b9.jpg 100w, https:\/\/parcsaintecroix.com\/wp-content\/uploads\/2025\/11\/CP-Carla-Datola-4.jpg 2048w\" sizes=\"auto, (max-width: 1024px) 100vw, 1024px\" \/><figcaption class=\"wp-element-caption\">\u00a9 Parc Animalier de Sainte-Croix<\/figcaption><\/figure>\n\n\n\n<figure class=\"wp-block-image size-large\"><img loading=\"lazy\" decoding=\"async\" width=\"1024\" height=\"682\" data-id=\"40385\" src=\"https:\/\/parcsaintecroix.com\/wp-content\/uploads\/2026\/03\/Lievre-shutterstock_1145086010-scaled-1024x682-fd90e2c36371.jpg\" alt=\"\" class=\"wp-image-40385\" srcset=\"https:\/\/parcsaintecroix.com\/wp-content\/uploads\/2026\/03\/Lievre-shutterstock_1145086010-scaled-1024x682-fd90e2c36371.jpg 1024w, https:\/\/parcsaintecroix.com\/wp-content\/uploads\/2026\/03\/Lievre-shutterstock_1145086010-scaled-300x200-512c1e2135f8.jpg 300w, https:\/\/parcsaintecroix.com\/wp-content\/uploads\/2026\/03\/Lievre-shutterstock_1145086010-scaled-768x512-b56108145cc7.jpg 768w, https:\/\/parcsaintecroix.com\/wp-content\/uploads\/2026\/03\/Lievre-shutterstock_1145086010-scaled-1536x1024-3c33d8efde71.jpg 1536w, https:\/\/parcsaintecroix.com\/wp-content\/uploads\/2026\/03\/Lievre-shutterstock_1145086010-scaled-2048x1365-539fcd4e84ba.jpg 2048w, https:\/\/parcsaintecroix.com\/wp-content\/uploads\/2026\/03\/Lievre-shutterstock_1145086010-scaled-100x67-fab7673e88b9.jpg 100w\" sizes=\"auto, (max-width: 1024px) 100vw, 1024px\" \/><\/figure>\n<\/figure>\n          <\/div>\n        <\/div>\n      <\/div>\n\n      <\/section>\n\n<section class=\"block-grid-wrapper block-grid-for-core-paragraph\">\n      <div class=\"default-editor-content grid-for-core-paragraph grid-container fluid fluid\">\n        <div class=\"grid-x grid-padding-x align-center\">\n          <div class=\"cell\">\n            \n<p><\/p>\n          <\/div>\n        <\/div>\n      <\/div>\n\n      <\/section>\n\n<section class=\"block-grid-wrapper block-grid-for-core-heading\">\n      <div class=\"default-editor-content grid-for-core-heading grid-container fluid fluid\">\n        <div class=\"grid-x grid-padding-x align-center\">\n          <div class=\"cell\">\n            \n<h2 class=\"wp-block-heading\"><strong>Deux cousins tr\u00e8s diff\u00e9rents malgr\u00e9 leurs ressemblances<\/strong><\/h2>\n          <\/div>\n        <\/div>\n      <\/div>\n\n      <\/section>\n\n<section class=\"block-grid-wrapper block-grid-for-core-paragraph\">\n      <div class=\"default-editor-content grid-for-core-paragraph grid-container fluid fluid\">\n        <div class=\"grid-x grid-padding-x align-center\">\n          <div class=\"cell\">\n            \n<p>Le li\u00e8vre et le lapin semblent proches, mais ils se distinguent par leur fa\u00e7on de courir, de se prot\u00e9ger, de vivre en groupe ou en solitaire, mais aussi par la mani\u00e8re dont leurs petits viennent au monde. Le premier est un coureur des espaces ouverts et un solitaire prudent, tandis que le second est un fouisseur sociable qui pr\u00e9f\u00e8re la s\u00e9curit\u00e9 des profondeurs. Ensemble, ils montrent que la nature peut cr\u00e9er des animaux proches par la forme mais tr\u00e8s diff\u00e9rents par la vie qu\u2019ils m\u00e8nent.<\/p>\n          <\/div>\n        <\/div>\n      <\/div>\n\n      <\/section>\n\n<section class=\"block-grid-wrapper block-grid-for-core-paragraph\">\n      <div class=\"default-editor-content grid-for-core-paragraph grid-container fluid fluid\">\n        <div class=\"grid-x grid-padding-x align-center\">\n          <div class=\"cell\">\n            \n<p><\/p>\n          <\/div>\n        <\/div>\n      <\/div>\n\n      <\/section>\n\n<section class=\"block-grid-wrapper block-grid-for-core-paragraph\">\n      <div class=\"default-editor-content grid-for-core-paragraph grid-container fluid fluid\">\n        <div class=\"grid-x grid-padding-x align-center\">\n          <div class=\"cell\">\n            \n<p><\/p>\n          <\/div>\n        <\/div>\n      <\/div>\n\n      <\/section>\n\n<section class=\"block-grid-wrapper block-grid-for-core-paragraph\">\n      <div class=\"default-editor-content grid-for-core-paragraph grid-container fluid fluid\">\n        <div class=\"grid-x grid-padding-x align-center\">\n          <div class=\"cell\">\n            \n<p><\/p>\n          <\/div>\n        <\/div>\n      <\/div>\n\n      <\/section>\n\n<section class=\"block-grid-wrapper block-grid-for-core-paragraph\">\n      <div class=\"default-editor-content grid-for-core-paragraph grid-container fluid fluid\">\n        <div class=\"grid-x grid-padding-x align-center\">\n          <div class=\"cell\">\n            \n<p><\/p>\n          <\/div>\n        <\/div>\n      <\/div>\n\n      <\/section>\n\n\n    <section  class=\"wp-block-acf-three-articles  block-index-65 section-content section-three-articles\"       itemprop=\"hasPart\" itemscope\n\n      <div class=\"grid-container full\">\n\n        <div class=\"grid-x title-wrapper\">\n\n          <div class=\"cell\">\n                          <h2 class=\"section-title\" itemprop=\"name heading\">En ce moment \u00e0 Sainte-Croix<\/h2>\n            \n                      <\/div>\n\n        <\/div>\n\n\n        <div class=\"grid-x listing-latest-news news-slider align-center\">\n          <article class=\"cell medium-6 large-4 js-article article-box flex-container flex-dir-column post-31005 post type-post status-publish format-standard has-post-thumbnail hentry category-animaux\"  itemscope itemtype=\"https:\/\/schema.org\/Article\" itemid=\"https:\/\/parcsaintecroix.com\/fr\/est-ce-que-grand-tetras-espece-menacee\" itemref=\"publisher\">\n      <meta itemprop=\"author\" content=\"Parc de Saint Croix\" \/>\n    <meta itemprop=\"image\" content=\"https:\/\/parcsaintecroix.com\/wp-content\/uploads\/2022\/09\/J_lavergne_2008-116-scaled.jpg\" \/>\n    <meta itemprop=\"datePublished\" content=\"2026-04-24T16:52:39+02:00\" \/>\n    <meta itemprop=\"dateModified\" content=\"2026-04-24T16:52:43+02:00\" \/>\n      <div class=\"news-content-wrapper\">\n          <a href=\"https:\/\/parcsaintecroix.com\/fr\/est-ce-que-grand-tetras-espece-menacee\" itemprop=\"url mainEntityOfPage\">\n        \n                  <span class=\"label-category\">Animaux<\/span>\n        \n        <figure>\n          <img decoding=\"async\"  data-fade-in loading=\"lazy\" src=\"data:image\/png;base64,R0lGODlhAQABAAD\/ACwAAAAAAQABAAACADs=\" data-lazy-interchange=\"[https:\/\/parcsaintecroix.com\/wp-content\/uploads\/2022\/09\/J_lavergne_2008-116-scaled-668x668-71ab615e0a86.jpg, small], [https:\/\/parcsaintecroix.com\/wp-content\/uploads\/2022\/09\/J_lavergne_2008-116-scaled-423x423-f5ddf0753daf.jpg, large], [https:\/\/parcsaintecroix.com\/wp-content\/uploads\/2022\/09\/J_lavergne_2008-116-scaled-800x800-b303cee25c1f.jpg, xlarge], [https:\/\/parcsaintecroix.com\/wp-content\/uploads\/2022\/09\/J_lavergne_2008-116-scaled-846x846-97851059a762.jpg, large_retina], [https:\/\/parcsaintecroix.com\/wp-content\/uploads\/2022\/09\/J_lavergne_2008-116-scaled-1600x1600-f1dbcba1895c.jpg, xlarge_retina]\" data-interchange-sizes=\"{&quot;small&quot;:{&quot;w&quot;:668,&quot;h&quot;:668},&quot;large&quot;:{&quot;w&quot;:423,&quot;h&quot;:423},&quot;xlarge&quot;:{&quot;w&quot;:800,&quot;h&quot;:800},&quot;large_retina&quot;:{&quot;w&quot;:846,&quot;h&quot;:846},&quot;xlarge_retina&quot;:{&quot;w&quot;:1600,&quot;h&quot;:1600}}\"  style=\";--aspect-ratio-small: 1;--aspect-ratio-large: 1;--aspect-ratio-xlarge: 1;--aspect-ratio-large_retina: 1;--aspect-ratio-xlarge_retina: 1\" data-has-aspect-ratio=\"true\" alt=\"Est ce que le Grand T\u00e9tras est une esp\u00e8ce menac\u00e9e ?\" itemprop=\"image\" data-fade-in \/>\n        <\/figure>\n\n              <\/a>\n      <\/div>\n\n  <div class=\"article-box-content flex-child-grow flex-container flex-dir-column\">\n    <header class=\"entry-header\">\n      <h2 class=\"entry-name\" itemprop=\"name headline\">\n        <a href=\"https:\/\/parcsaintecroix.com\/fr\/est-ce-que-grand-tetras-espece-menacee\">Est ce que le Grand T\u00e9tras est une esp\u00e8ce menac\u00e9e ?<\/a>\n      <\/h2>\n    <\/header>\n\n    <div class=\"entry-content\">\n      <p class=\"excerpt\">Oiseaux embl\u00e9matique, le&nbsp;Grand T\u00e9tras&nbsp;est un des plus menac\u00e9s d\u2019Europe. Symbole des for\u00eats de montagne, ce galliforme discret &#8230;<\/p>\n    <\/div>\n\n    <p class=\"entry-date\">\n      Publi\u00e9 le 24 avril 2026    <\/p>\n\n  <\/div>\n<\/article>\n\n<article class=\"cell medium-6 large-4 js-article article-box flex-container flex-dir-column post-40141 post type-post status-publish format-standard has-post-thumbnail hentry category-le-parc\"  itemscope itemtype=\"https:\/\/schema.org\/Article\" itemid=\"https:\/\/parcsaintecroix.com\/fr\/ce-printemps-vivez-un-sejour-famille-inoubliable-au-parc-de-sainte-croix\" itemref=\"publisher\">\n      <meta itemprop=\"author\" content=\"Parc de Saint Croix\" \/>\n    <meta itemprop=\"image\" content=\"https:\/\/parcsaintecroix.com\/wp-content\/uploads\/2025\/06\/ste-croix-2193-scaled.jpg\" \/>\n    <meta itemprop=\"datePublished\" content=\"2026-04-13T16:58:25+02:00\" \/>\n    <meta itemprop=\"dateModified\" content=\"2026-04-13T16:58:28+02:00\" \/>\n      <div class=\"news-content-wrapper\">\n          <a href=\"https:\/\/parcsaintecroix.com\/fr\/ce-printemps-vivez-un-sejour-famille-inoubliable-au-parc-de-sainte-croix\" itemprop=\"url mainEntityOfPage\">\n        \n                  <span class=\"label-category\">Le parc<\/span>\n        \n        <figure>\n          <img decoding=\"async\"  data-fade-in loading=\"lazy\" src=\"data:image\/png;base64,R0lGODlhAQABAAD\/ACwAAAAAAQABAAACADs=\" data-lazy-interchange=\"[https:\/\/parcsaintecroix.com\/wp-content\/uploads\/2025\/06\/ste-croix-2193-scaled-668x668-71ab615e0a86.jpg, small], [https:\/\/parcsaintecroix.com\/wp-content\/uploads\/2025\/06\/ste-croix-2193-scaled-423x423-f5ddf0753daf.jpg, large], [https:\/\/parcsaintecroix.com\/wp-content\/uploads\/2025\/06\/ste-croix-2193-scaled-800x800-b303cee25c1f.jpg, xlarge], [https:\/\/parcsaintecroix.com\/wp-content\/uploads\/2025\/06\/ste-croix-2193-scaled-846x846-97851059a762.jpg, large_retina], [https:\/\/parcsaintecroix.com\/wp-content\/uploads\/2025\/06\/ste-croix-2193-scaled-1600x1600-f1dbcba1895c.jpg, xlarge_retina]\" data-interchange-sizes=\"{&quot;small&quot;:{&quot;w&quot;:668,&quot;h&quot;:668},&quot;large&quot;:{&quot;w&quot;:423,&quot;h&quot;:423},&quot;xlarge&quot;:{&quot;w&quot;:800,&quot;h&quot;:800},&quot;large_retina&quot;:{&quot;w&quot;:846,&quot;h&quot;:846},&quot;xlarge_retina&quot;:{&quot;w&quot;:1600,&quot;h&quot;:1600}}\"  style=\";--aspect-ratio-small: 1;--aspect-ratio-large: 1;--aspect-ratio-xlarge: 1;--aspect-ratio-large_retina: 1;--aspect-ratio-xlarge_retina: 1\" data-has-aspect-ratio=\"true\" alt=\"Ce printemps, vivez un s\u00e9jour famille inoubliable au Parc de Sainte-Croix !\" itemprop=\"image\" data-fade-in \/>\n        <\/figure>\n\n              <\/a>\n      <\/div>\n\n  <div class=\"article-box-content flex-child-grow flex-container flex-dir-column\">\n    <header class=\"entry-header\">\n      <h2 class=\"entry-name\" itemprop=\"name headline\">\n        <a href=\"https:\/\/parcsaintecroix.com\/fr\/ce-printemps-vivez-un-sejour-famille-inoubliable-au-parc-de-sainte-croix\">Ce printemps, vivez un s\u00e9jour famille inoubliable au Parc de Sainte-Croix !<\/a>\n      <\/h2>\n    <\/header>\n\n    <div class=\"entry-content\">\n      <p class=\"excerpt\">Venez profiter de 3 jours de d\u00e9paysement total au c\u0153ur de la nature ! Vivez une exp\u00e9rience &#8230;<\/p>\n    <\/div>\n\n    <p class=\"entry-date\">\n      Publi\u00e9 le 13 avril 2026    <\/p>\n\n  <\/div>\n<\/article>\n\n<article class=\"cell medium-6 large-4 js-article article-box flex-container flex-dir-column post-40154 post type-post status-publish format-standard has-post-thumbnail hentry category-le-parc\"  itemscope itemtype=\"https:\/\/schema.org\/Article\" itemid=\"https:\/\/parcsaintecroix.com\/fr\/votre-sejour-nature-pour-sevader-du-quotidien\" itemref=\"publisher\">\n      <meta itemprop=\"author\" content=\"Parc de Saint Croix\" \/>\n    <meta itemprop=\"image\" content=\"https:\/\/parcsaintecroix.com\/wp-content\/uploads\/2022\/09\/plaine-des-cerfs-pano.jpg\" \/>\n    <meta itemprop=\"datePublished\" content=\"2026-04-02T17:25:39+02:00\" \/>\n    <meta itemprop=\"dateModified\" content=\"2026-04-02T17:25:44+02:00\" \/>\n      <div class=\"news-content-wrapper\">\n          <a href=\"https:\/\/parcsaintecroix.com\/fr\/votre-sejour-nature-pour-sevader-du-quotidien\" itemprop=\"url mainEntityOfPage\">\n        \n                  <span class=\"label-category\">Le parc<\/span>\n        \n        <figure>\n          <img decoding=\"async\"  data-fade-in loading=\"lazy\" src=\"data:image\/png;base64,R0lGODlhAQABAAD\/ACwAAAAAAQABAAACADs=\" data-lazy-interchange=\"[https:\/\/parcsaintecroix.com\/wp-content\/uploads\/2022\/09\/plaine-des-cerfs-pano-668x668-71ab615e0a86.jpg, small], [https:\/\/parcsaintecroix.com\/wp-content\/uploads\/2022\/09\/plaine-des-cerfs-pano-423x423-f5ddf0753daf.jpg, large], [https:\/\/parcsaintecroix.com\/wp-content\/uploads\/2022\/09\/plaine-des-cerfs-pano-800x800-b303cee25c1f.jpg, xlarge], [https:\/\/parcsaintecroix.com\/wp-content\/uploads\/2022\/09\/plaine-des-cerfs-pano-846x846-97851059a762.jpg, large_retina], [https:\/\/parcsaintecroix.com\/wp-content\/uploads\/2022\/09\/plaine-des-cerfs-pano-1366x1366-f1dbcba1895c.jpg, xlarge_retina]\" data-interchange-sizes=\"{&quot;small&quot;:{&quot;w&quot;:668,&quot;h&quot;:668},&quot;large&quot;:{&quot;w&quot;:423,&quot;h&quot;:423},&quot;xlarge&quot;:{&quot;w&quot;:800,&quot;h&quot;:800},&quot;large_retina&quot;:{&quot;w&quot;:846,&quot;h&quot;:846},&quot;xlarge_retina&quot;:{&quot;w&quot;:1366,&quot;h&quot;:1366}}\"  style=\";--aspect-ratio-small: 1;--aspect-ratio-large: 1;--aspect-ratio-xlarge: 1;--aspect-ratio-large_retina: 1;--aspect-ratio-xlarge_retina: 1\" data-has-aspect-ratio=\"true\" alt=\"Votre s\u00e9jour nature pour s&rsquo;\u00e9vader du quotidien\" itemprop=\"image\" data-fade-in \/>\n        <\/figure>\n\n              <\/a>\n      <\/div>\n\n  <div class=\"article-box-content flex-child-grow flex-container flex-dir-column\">\n    <header class=\"entry-header\">\n      <h2 class=\"entry-name\" itemprop=\"name headline\">\n        <a href=\"https:\/\/parcsaintecroix.com\/fr\/votre-sejour-nature-pour-sevader-du-quotidien\">Votre s\u00e9jour nature pour s&rsquo;\u00e9vader du quotidien<\/a>\n      <\/h2>\n    <\/header>\n\n    <div class=\"entry-content\">\n      <p class=\"excerpt\">Venez profiter de 3 jours de d\u00e9paysement total au Parc de Sainte-Croix ! Dormez face aux animaux &#8230;<\/p>\n    <\/div>\n\n    <p class=\"entry-date\">\n      Publi\u00e9 le 02 avril 2026    <\/p>\n\n  <\/div>\n<\/article>\n\n        <\/div>\n\n\n              <\/div>\n    <\/section>\n    \n\n<section class=\"block-grid-wrapper block-grid-for-core-paragraph\">\n      <div class=\"default-editor-content grid-for-core-paragraph grid-container fluid fluid\">\n        <div class=\"grid-x grid-padding-x align-center\">\n          <div class=\"cell\">\n            \n<p><\/p>\n          <\/div>\n        <\/div>\n      <\/div>\n\n      <\/section>","protected":false},"excerpt":{"rendered":"<p>Il arrive souvent que l\u2019on croise l\u2019un de ces deux animaux sans vraiment savoir lequel on a sous les yeux. Quelle est la diff\u00e9rence entre le lapin et le li\u00e8vre ? Pourquoi on les confond ? Le li\u00e8vre et le lapin appartiennent \u00e0 la m\u00eame grande famille, mais ils m\u00e8nent des vies tellement diff\u00e9rentes qu\u2019on [&hellip;]<\/p>\n","protected":false},"author":10,"featured_media":38354,"comment_status":"closed","ping_status":"closed","sticky":false,"template":"","format":"standard","meta":{"_acf_changed":false,"_themeisle_gutenberg_block_has_review":false,"footnotes":""},"categories":[223],"tags":[],"class_list":["post-40373","post","type-post","status-publish","format-standard","has-post-thumbnail","hentry","category-animaux"],"acf":[],"yoast_head":"<!-- This site is optimized with the Yoast SEO plugin v27.3 - https:\/\/yoast.com\/product\/yoast-seo-wordpress\/ -->\n<title>La diff\u00e9rence entre le lapin et le li\u00e8vre | Parc Sainte-Croix<\/title>\n<meta name=\"description\" content=\"D\u00e9couvrez les diff\u00e9rences entre le li\u00e8vre et le lapin et apprenez \u00e0 distinguer facilement ces deux cousins aux particularit\u00e9s diff\u00e9rentes.\" \/>\n<meta name=\"robots\" content=\"index, follow, max-snippet:-1, max-image-preview:large, max-video-preview:-1\" \/>\n<link rel=\"canonical\" href=\"https:\/\/parcsaintecroix.com\/fr\/lievre-ou-lapin-quelle-est-la-difference\" \/>\n<meta property=\"og:locale\" content=\"fr_FR\" \/>\n<meta property=\"og:type\" content=\"article\" \/>\n<meta property=\"og:title\" content=\"La diff\u00e9rence entre le lapin et le li\u00e8vre | Parc Sainte-Croix\" \/>\n<meta property=\"og:description\" content=\"D\u00e9couvrez les diff\u00e9rences entre le li\u00e8vre et le lapin et apprenez \u00e0 distinguer facilement ces deux cousins aux particularit\u00e9s diff\u00e9rentes.\" \/>\n<meta property=\"og:url\" content=\"https:\/\/parcsaintecroix.com\/fr\/lievre-ou-lapin-quelle-est-la-difference\" \/>\n<meta property=\"og:site_name\" content=\"Parc de Saint Croix\" \/>\n<meta property=\"article:publisher\" content=\"https:\/\/www.facebook.com\/LodgesSainteCroix\/\" \/>\n<meta property=\"article:published_time\" content=\"2026-04-02T10:09:58+00:00\" \/>\n<meta property=\"article:modified_time\" content=\"2026-04-07T07:28:11+00:00\" \/>\n<meta property=\"og:image\" content=\"https:\/\/parcsaintecroix.com\/wp-content\/uploads\/2025\/11\/CP-Carla-Datola-12-1.jpg\" \/>\n\t<meta property=\"og:image:width\" content=\"2048\" \/>\n\t<meta property=\"og:image:height\" content=\"1365\" \/>\n\t<meta property=\"og:image:type\" content=\"image\/jpeg\" \/>\n<meta name=\"author\" content=\"Noemie Thiery\" \/>\n<meta name=\"twitter:card\" content=\"summary_large_image\" \/>\n<meta name=\"twitter:creator\" content=\"@parc_stecroix\" \/>\n<meta name=\"twitter:site\" content=\"@parc_stecroix\" \/>\n<meta name=\"twitter:label1\" content=\"\u00c9crit par\" \/>\n\t<meta name=\"twitter:data1\" content=\"Noemie Thiery\" \/>\n\t<meta name=\"twitter:label2\" content=\"Dur\u00e9e de lecture estim\u00e9e\" \/>\n\t<meta name=\"twitter:data2\" content=\"6 minutes\" \/>\n<script type=\"application\/ld+json\" class=\"yoast-schema-graph\">{\"@context\":\"https:\\\/\\\/schema.org\",\"@graph\":[{\"@type\":\"Article\",\"@id\":\"https:\\\/\\\/parcsaintecroix.com\\\/fr\\\/lievre-ou-lapin-quelle-est-la-difference#article\",\"isPartOf\":{\"@id\":\"https:\\\/\\\/parcsaintecroix.com\\\/fr\\\/lievre-ou-lapin-quelle-est-la-difference\"},\"author\":{\"name\":\"Noemie Thiery\",\"@id\":\"https:\\\/\\\/parcsaintecroix.com\\\/fr\\\/#\\\/schema\\\/person\\\/65f332915192f61bb9ce8f0cc3ba495b\"},\"headline\":\"Li\u00e8vre ou lapin : quelle est la diff\u00e9rence ?\",\"datePublished\":\"2026-04-02T10:09:58+00:00\",\"dateModified\":\"2026-04-07T07:28:11+00:00\",\"mainEntityOfPage\":{\"@id\":\"https:\\\/\\\/parcsaintecroix.com\\\/fr\\\/lievre-ou-lapin-quelle-est-la-difference\"},\"wordCount\":766,\"publisher\":{\"@id\":\"https:\\\/\\\/parcsaintecroix.com\\\/fr\\\/#organization\"},\"image\":{\"@id\":\"https:\\\/\\\/parcsaintecroix.com\\\/fr\\\/lievre-ou-lapin-quelle-est-la-difference#primaryimage\"},\"thumbnailUrl\":\"https:\\\/\\\/parcsaintecroix.com\\\/wp-content\\\/uploads\\\/2025\\\/11\\\/CP-Carla-Datola-12-1.jpg\",\"articleSection\":[\"Animaux\"],\"inLanguage\":\"fr-FR\"},{\"@type\":\"WebPage\",\"@id\":\"https:\\\/\\\/parcsaintecroix.com\\\/fr\\\/lievre-ou-lapin-quelle-est-la-difference\",\"url\":\"https:\\\/\\\/parcsaintecroix.com\\\/fr\\\/lievre-ou-lapin-quelle-est-la-difference\",\"name\":\"La diff\u00e9rence entre le lapin et le li\u00e8vre | Parc Sainte-Croix\",\"isPartOf\":{\"@id\":\"https:\\\/\\\/parcsaintecroix.com\\\/fr\\\/#website\"},\"primaryImageOfPage\":{\"@id\":\"https:\\\/\\\/parcsaintecroix.com\\\/fr\\\/lievre-ou-lapin-quelle-est-la-difference#primaryimage\"},\"image\":{\"@id\":\"https:\\\/\\\/parcsaintecroix.com\\\/fr\\\/lievre-ou-lapin-quelle-est-la-difference#primaryimage\"},\"thumbnailUrl\":\"https:\\\/\\\/parcsaintecroix.com\\\/wp-content\\\/uploads\\\/2025\\\/11\\\/CP-Carla-Datola-12-1.jpg\",\"datePublished\":\"2026-04-02T10:09:58+00:00\",\"dateModified\":\"2026-04-07T07:28:11+00:00\",\"description\":\"D\u00e9couvrez les diff\u00e9rences entre le li\u00e8vre et le lapin et apprenez \u00e0 distinguer facilement ces deux cousins aux particularit\u00e9s diff\u00e9rentes.\",\"breadcrumb\":{\"@id\":\"https:\\\/\\\/parcsaintecroix.com\\\/fr\\\/lievre-ou-lapin-quelle-est-la-difference#breadcrumb\"},\"inLanguage\":\"fr-FR\",\"potentialAction\":[{\"@type\":\"ReadAction\",\"target\":[\"https:\\\/\\\/parcsaintecroix.com\\\/fr\\\/lievre-ou-lapin-quelle-est-la-difference\"]}]},{\"@type\":\"ImageObject\",\"inLanguage\":\"fr-FR\",\"@id\":\"https:\\\/\\\/parcsaintecroix.com\\\/fr\\\/lievre-ou-lapin-quelle-est-la-difference#primaryimage\",\"url\":\"https:\\\/\\\/parcsaintecroix.com\\\/wp-content\\\/uploads\\\/2025\\\/11\\\/CP-Carla-Datola-12-1.jpg\",\"contentUrl\":\"https:\\\/\\\/parcsaintecroix.com\\\/wp-content\\\/uploads\\\/2025\\\/11\\\/CP-Carla-Datola-12-1.jpg\",\"width\":2048,\"height\":1365,\"caption\":\"\u00a9 Parc Animalier de Sainte-Croix\"},{\"@type\":\"BreadcrumbList\",\"@id\":\"https:\\\/\\\/parcsaintecroix.com\\\/fr\\\/lievre-ou-lapin-quelle-est-la-difference#breadcrumb\",\"itemListElement\":[{\"@type\":\"ListItem\",\"position\":1,\"name\":\"Accueil\",\"item\":\"https:\\\/\\\/parcsaintecroix.com\\\/fr\"},{\"@type\":\"ListItem\",\"position\":2,\"name\":\"Li\u00e8vre ou lapin : quelle est la diff\u00e9rence ?\"}]},{\"@type\":\"WebSite\",\"@id\":\"https:\\\/\\\/parcsaintecroix.com\\\/fr\\\/#website\",\"url\":\"https:\\\/\\\/parcsaintecroix.com\\\/fr\\\/\",\"name\":\"Parc de Saint Croix\",\"description\":\"\",\"publisher\":{\"@id\":\"https:\\\/\\\/parcsaintecroix.com\\\/fr\\\/#organization\"},\"inLanguage\":\"fr-FR\"},{\"@type\":\"Organization\",\"@id\":\"https:\\\/\\\/parcsaintecroix.com\\\/fr\\\/#organization\",\"name\":\"Parc de Saint Croix\",\"url\":\"https:\\\/\\\/parcsaintecroix.com\\\/fr\\\/\",\"logo\":{\"@type\":\"ImageObject\",\"inLanguage\":\"fr-FR\",\"@id\":\"https:\\\/\\\/parcsaintecroix.com\\\/fr\\\/#\\\/schema\\\/logo\\\/image\\\/\",\"url\":\"https:\\\/\\\/parcsaintecroix.com\\\/wp-content\\\/uploads\\\/2022\\\/09\\\/SainteCroix-Favicon.png\",\"contentUrl\":\"https:\\\/\\\/parcsaintecroix.com\\\/wp-content\\\/uploads\\\/2022\\\/09\\\/SainteCroix-Favicon.png\",\"width\":512,\"height\":512,\"caption\":\"Parc de Saint Croix\"},\"image\":{\"@id\":\"https:\\\/\\\/parcsaintecroix.com\\\/fr\\\/#\\\/schema\\\/logo\\\/image\\\/\"},\"sameAs\":[\"https:\\\/\\\/www.facebook.com\\\/LodgesSainteCroix\\\/\",\"https:\\\/\\\/x.com\\\/parc_stecroix\"]},{\"@type\":\"Person\",\"@id\":\"https:\\\/\\\/parcsaintecroix.com\\\/fr\\\/#\\\/schema\\\/person\\\/65f332915192f61bb9ce8f0cc3ba495b\",\"name\":\"Noemie Thiery\"}]}<\/script>\n<!-- \/ Yoast SEO plugin. -->","yoast_head_json":{"title":"La diff\u00e9rence entre le lapin et le li\u00e8vre | Parc Sainte-Croix","description":"D\u00e9couvrez les diff\u00e9rences entre le li\u00e8vre et le lapin et apprenez \u00e0 distinguer facilement ces deux cousins aux particularit\u00e9s diff\u00e9rentes.","robots":{"index":"index","follow":"follow","max-snippet":"max-snippet:-1","max-image-preview":"max-image-preview:large","max-video-preview":"max-video-preview:-1"},"canonical":"https:\/\/parcsaintecroix.com\/fr\/lievre-ou-lapin-quelle-est-la-difference","og_locale":"fr_FR","og_type":"article","og_title":"La diff\u00e9rence entre le lapin et le li\u00e8vre | Parc Sainte-Croix","og_description":"D\u00e9couvrez les diff\u00e9rences entre le li\u00e8vre et le lapin et apprenez \u00e0 distinguer facilement ces deux cousins aux particularit\u00e9s diff\u00e9rentes.","og_url":"https:\/\/parcsaintecroix.com\/fr\/lievre-ou-lapin-quelle-est-la-difference","og_site_name":"Parc de Saint Croix","article_publisher":"https:\/\/www.facebook.com\/LodgesSainteCroix\/","article_published_time":"2026-04-02T10:09:58+00:00","article_modified_time":"2026-04-07T07:28:11+00:00","og_image":[{"width":2048,"height":1365,"url":"https:\/\/parcsaintecroix.com\/wp-content\/uploads\/2025\/11\/CP-Carla-Datola-12-1.jpg","type":"image\/jpeg"}],"author":"Noemie Thiery","twitter_card":"summary_large_image","twitter_creator":"@parc_stecroix","twitter_site":"@parc_stecroix","twitter_misc":{"\u00c9crit par":"Noemie Thiery","Dur\u00e9e de lecture estim\u00e9e":"6 minutes"},"schema":{"@context":"https:\/\/schema.org","@graph":[{"@type":"Article","@id":"https:\/\/parcsaintecroix.com\/fr\/lievre-ou-lapin-quelle-est-la-difference#article","isPartOf":{"@id":"https:\/\/parcsaintecroix.com\/fr\/lievre-ou-lapin-quelle-est-la-difference"},"author":{"name":"Noemie Thiery","@id":"https:\/\/parcsaintecroix.com\/fr\/#\/schema\/person\/65f332915192f61bb9ce8f0cc3ba495b"},"headline":"Li\u00e8vre ou lapin : quelle est la diff\u00e9rence ?","datePublished":"2026-04-02T10:09:58+00:00","dateModified":"2026-04-07T07:28:11+00:00","mainEntityOfPage":{"@id":"https:\/\/parcsaintecroix.com\/fr\/lievre-ou-lapin-quelle-est-la-difference"},"wordCount":766,"publisher":{"@id":"https:\/\/parcsaintecroix.com\/fr\/#organization"},"image":{"@id":"https:\/\/parcsaintecroix.com\/fr\/lievre-ou-lapin-quelle-est-la-difference#primaryimage"},"thumbnailUrl":"https:\/\/parcsaintecroix.com\/wp-content\/uploads\/2025\/11\/CP-Carla-Datola-12-1.jpg","articleSection":["Animaux"],"inLanguage":"fr-FR"},{"@type":"WebPage","@id":"https:\/\/parcsaintecroix.com\/fr\/lievre-ou-lapin-quelle-est-la-difference","url":"https:\/\/parcsaintecroix.com\/fr\/lievre-ou-lapin-quelle-est-la-difference","name":"La diff\u00e9rence entre le lapin et le li\u00e8vre | Parc Sainte-Croix","isPartOf":{"@id":"https:\/\/parcsaintecroix.com\/fr\/#website"},"primaryImageOfPage":{"@id":"https:\/\/parcsaintecroix.com\/fr\/lievre-ou-lapin-quelle-est-la-difference#primaryimage"},"image":{"@id":"https:\/\/parcsaintecroix.com\/fr\/lievre-ou-lapin-quelle-est-la-difference#primaryimage"},"thumbnailUrl":"https:\/\/parcsaintecroix.com\/wp-content\/uploads\/2025\/11\/CP-Carla-Datola-12-1.jpg","datePublished":"2026-04-02T10:09:58+00:00","dateModified":"2026-04-07T07:28:11+00:00","description":"D\u00e9couvrez les diff\u00e9rences entre le li\u00e8vre et le lapin et apprenez \u00e0 distinguer facilement ces deux cousins aux particularit\u00e9s diff\u00e9rentes.","breadcrumb":{"@id":"https:\/\/parcsaintecroix.com\/fr\/lievre-ou-lapin-quelle-est-la-difference#breadcrumb"},"inLanguage":"fr-FR","potentialAction":[{"@type":"ReadAction","target":["https:\/\/parcsaintecroix.com\/fr\/lievre-ou-lapin-quelle-est-la-difference"]}]},{"@type":"ImageObject","inLanguage":"fr-FR","@id":"https:\/\/parcsaintecroix.com\/fr\/lievre-ou-lapin-quelle-est-la-difference#primaryimage","url":"https:\/\/parcsaintecroix.com\/wp-content\/uploads\/2025\/11\/CP-Carla-Datola-12-1.jpg","contentUrl":"https:\/\/parcsaintecroix.com\/wp-content\/uploads\/2025\/11\/CP-Carla-Datola-12-1.jpg","width":2048,"height":1365,"caption":"\u00a9 Parc Animalier de Sainte-Croix"},{"@type":"BreadcrumbList","@id":"https:\/\/parcsaintecroix.com\/fr\/lievre-ou-lapin-quelle-est-la-difference#breadcrumb","itemListElement":[{"@type":"ListItem","position":1,"name":"Accueil","item":"https:\/\/parcsaintecroix.com\/fr"},{"@type":"ListItem","position":2,"name":"Li\u00e8vre ou lapin : quelle est la diff\u00e9rence ?"}]},{"@type":"WebSite","@id":"https:\/\/parcsaintecroix.com\/fr\/#website","url":"https:\/\/parcsaintecroix.com\/fr\/","name":"Parc de Saint Croix","description":"","publisher":{"@id":"https:\/\/parcsaintecroix.com\/fr\/#organization"},"inLanguage":"fr-FR"},{"@type":"Organization","@id":"https:\/\/parcsaintecroix.com\/fr\/#organization","name":"Parc de Saint Croix","url":"https:\/\/parcsaintecroix.com\/fr\/","logo":{"@type":"ImageObject","inLanguage":"fr-FR","@id":"https:\/\/parcsaintecroix.com\/fr\/#\/schema\/logo\/image\/","url":"https:\/\/parcsaintecroix.com\/wp-content\/uploads\/2022\/09\/SainteCroix-Favicon.png","contentUrl":"https:\/\/parcsaintecroix.com\/wp-content\/uploads\/2022\/09\/SainteCroix-Favicon.png","width":512,"height":512,"caption":"Parc de Saint Croix"},"image":{"@id":"https:\/\/parcsaintecroix.com\/fr\/#\/schema\/logo\/image\/"},"sameAs":["https:\/\/www.facebook.com\/LodgesSainteCroix\/","https:\/\/x.com\/parc_stecroix"]},{"@type":"Person","@id":"https:\/\/parcsaintecroix.com\/fr\/#\/schema\/person\/65f332915192f61bb9ce8f0cc3ba495b","name":"Noemie Thiery"}]}},"_links":{"self":[{"href":"https:\/\/parcsaintecroix.com\/fr\/wp-json\/wp\/v2\/posts\/40373","targetHints":{"allow":["GET"]}}],"collection":[{"href":"https:\/\/parcsaintecroix.com\/fr\/wp-json\/wp\/v2\/posts"}],"about":[{"href":"https:\/\/parcsaintecroix.com\/fr\/wp-json\/wp\/v2\/types\/post"}],"author":[{"embeddable":true,"href":"https:\/\/parcsaintecroix.com\/fr\/wp-json\/wp\/v2\/users\/10"}],"replies":[{"embeddable":true,"href":"https:\/\/parcsaintecroix.com\/fr\/wp-json\/wp\/v2\/comments?post=40373"}],"version-history":[{"count":11,"href":"https:\/\/parcsaintecroix.com\/fr\/wp-json\/wp\/v2\/posts\/40373\/revisions"}],"predecessor-version":[{"id":40626,"href":"https:\/\/parcsaintecroix.com\/fr\/wp-json\/wp\/v2\/posts\/40373\/revisions\/40626"}],"wp:featuredmedia":[{"embeddable":true,"href":"https:\/\/parcsaintecroix.com\/fr\/wp-json\/wp\/v2\/media\/38354"}],"wp:attachment":[{"href":"https:\/\/parcsaintecroix.com\/fr\/wp-json\/wp\/v2\/media?parent=40373"}],"wp:term":[{"taxonomy":"category","embeddable":true,"href":"https:\/\/parcsaintecroix.com\/fr\/wp-json\/wp\/v2\/categories?post=40373"},{"taxonomy":"post_tag","embeddable":true,"href":"https:\/\/parcsaintecroix.com\/fr\/wp-json\/wp\/v2\/tags?post=40373"}],"curies":[{"name":"wp","href":"https:\/\/api.w.org\/{rel}","templated":true}]}}