{"id":40852,"date":"2026-04-28T20:40:00","date_gmt":"2026-04-28T18:40:00","guid":{"rendered":"https:\/\/parcsaintecroix.com\/?p=40852"},"modified":"2026-04-30T20:52:54","modified_gmt":"2026-04-30T18:52:54","slug":"vivez-un-sejour-exceptionnel-de-3-jours-au-coeur-du-brame-du-cerf","status":"publish","type":"post","link":"https:\/\/parcsaintecroix.com\/fr\/vivez-un-sejour-exceptionnel-de-3-jours-au-coeur-du-brame-du-cerf","title":{"rendered":"Vivez un s\u00e9jour exceptionnel de 3 jours au c\u0153ur du brame du cerf"},"content":{"rendered":"<section class=\"block-grid-wrapper block-grid-for-core-paragraph\">\n      <div class=\"default-editor-content grid-for-core-paragraph grid-container fluid fluid\">\n        <div class=\"grid-x grid-padding-x align-center\">\n          <div class=\"cell\">\n            \n<p class=\"has-text-align-center\"><strong>Venez profiter de 3 jours de d\u00e9paysement total au Parc de Sainte-Croix !<\/strong><\/p>\n          <\/div>\n        <\/div>\n      <\/div>\n\n      <\/section>\n\n<section class=\"block-grid-wrapper block-grid-for-core-paragraph\">\n      <div class=\"default-editor-content grid-for-core-paragraph grid-container fluid fluid\">\n        <div class=\"grid-x grid-padding-x align-center\">\n          <div class=\"cell\">\n            \n<p class=\"has-text-align-center has-orange-color has-text-color has-link-color wp-elements-1bc7527965ee0c85370c7afb2653eb83\"><strong>18 septembre au 16 octobre 2026<\/strong><\/p>\n          <\/div>\n        <\/div>\n      <\/div>\n\n      <\/section>\n\n<section class=\"block-grid-wrapper block-grid-for-core-image\">\n      <div class=\"default-editor-content grid-for-core-image grid-container fluid fluid\">\n        <div class=\"grid-x grid-padding-x align-center\">\n          <div class=\"cell\">\n            \n<figure class=\"wp-block-image aligncenter size-large\"><img decoding=\"async\" src=\"https:\/\/parcsaintecroix.com\/wp-content\/uploads\/2024\/06\/Amoureux-de-la-nature-1024x236.jpg\" alt=\"\" class=\"wp-image-30042\"\/><\/figure>\n          <\/div>\n        <\/div>\n      <\/div>\n\n      <\/section>\n\n<section class=\"block-grid-wrapper block-grid-for-core-paragraph\">\n      <div class=\"default-editor-content grid-for-core-paragraph grid-container fluid fluid\">\n        <div class=\"grid-x grid-padding-x align-center\">\n          <div class=\"cell\">\n            \n<p><\/p>\n          <\/div>\n        <\/div>\n      <\/div>\n\n      <\/section>\n\n<section class=\"block-grid-wrapper block-grid-for-core-heading\">\n      <div class=\"default-editor-content grid-for-core-heading grid-container fluid fluid\">\n        <div class=\"grid-x grid-padding-x align-center\">\n          <div class=\"cell\">\n            \n<h2 class=\"wp-block-heading has-text-align-center\"><strong>Dormez face aux animaux au c\u0153ur d\u2019une nature pr\u00e9serv\u00e9e !<\/strong><\/h2>\n          <\/div>\n        <\/div>\n      <\/div>\n\n      <\/section>\n\n<section class=\"block-grid-wrapper block-grid-for-core-paragraph\">\n      <div class=\"default-editor-content grid-for-core-paragraph grid-container fluid fluid\">\n        <div class=\"grid-x grid-padding-x align-center\">\n          <div class=\"cell\">\n            \n<p>Quand l\u2019automne s\u2019installe \u00e0 Sainte-Croix, la for\u00eat change de rythme et s\u2019embrase de couleurs chaudes. C\u2019est la saison du brame du cerf, un moment fort et fascinant o\u00f9 les puissants appels r\u00e9sonnent dans le silence des sous-bois. \u00c0 la tomb\u00e9e du jour, la nature s\u2019exprime pleinement, offrant une exp\u00e9rience aussi intense qu\u2019apaisante.<\/p>\n          <\/div>\n        <\/div>\n      <\/div>\n\n      <\/section>\n\n<section class=\"block-grid-wrapper block-grid-for-core-paragraph\">\n      <div class=\"default-editor-content grid-for-core-paragraph grid-container fluid fluid\">\n        <div class=\"grid-x grid-padding-x align-center\">\n          <div class=\"cell\">\n            \n<p>Une invitation \u00e0 ralentir, \u00e0 ressentir et \u00e0 se reconnecter profond\u00e9ment \u00e0 la nature.<\/p>\n          <\/div>\n        <\/div>\n      <\/div>\n\n      <\/section>\n\n\n<section  class=\"wp-block-acf-general-internal-linking  block-index-7 section-content section-internal-linking\"  itemprop=\"hasPart\" itemscope itemtype=\"https:\/\/schema.org\/WebPageElement\">\n  <div class=\"grid-container full\">\n    <div class=\"grid-x grid-padding-x\">\n      <div class=\"cell text-center\">\n              <\/div>\n    <\/div>\n\n          <div class=\"grid-x internal-linking-wrapper align-center\">\n                  <div class=\"cell medium-6 large-4 cell-colored text-center\"  style=\"--bg-color: #55775e;\" >\n            <div class=\"wrapper\">\n                                <figure>\n                    <picture><source srcset=\"data:image\/svg+xml;base64,PHN2ZyB4bWxucz0naHR0cDovL3d3dy53My5vcmcvMjAwMC9zdmcnIHk9JzAnIHg9JzAnIHdpZHRoPSc4NDQnIGhlaWdodD0nNDgyJyB2aWV3Qm94PScwIDAgODQ0IDQ4Mic+PC9zdmc+\" data-srcset=\"https:\/\/parcsaintecroix.com\/wp-content\/uploads\/2022\/07\/Lodge-des-cerf_PSC-img-2-844x482-2cd2f400a2ce.jpg\" media=\"(min-width: 64rem) and (min-resolution: 192dpi), (min-width: 64rem) and (-webkit-min-device-pixel-ratio: 2)\"><source srcset=\"data:image\/svg+xml;base64,PHN2ZyB4bWxucz0naHR0cDovL3d3dy53My5vcmcvMjAwMC9zdmcnIHk9JzAnIHg9JzAnIHdpZHRoPSc0MjgnIGhlaWdodD0nMzYwJyB2aWV3Qm94PScwIDAgNDI4IDM2MCc+PC9zdmc+\" data-srcset=\"https:\/\/parcsaintecroix.com\/wp-content\/uploads\/2022\/07\/Lodge-des-cerf_PSC-img-2-428x360-a6b75eaa16c5.jpg\" media=\"(min-width: 48rem) and (min-resolution: 192dpi), (min-width: 48rem) and (-webkit-min-device-pixel-ratio: 2)\"><source srcset=\"data:image\/svg+xml;base64,PHN2ZyB4bWxucz0naHR0cDovL3d3dy53My5vcmcvMjAwMC9zdmcnIHk9JzAnIHg9JzAnIHdpZHRoPSc2NzInIGhlaWdodD0nMzgwJyB2aWV3Qm94PScwIDAgNjcyIDM4MCc+PC9zdmc+\" data-srcset=\"https:\/\/parcsaintecroix.com\/wp-content\/uploads\/2022\/07\/Lodge-des-cerf_PSC-img-2-672x380-6a3712c35a52.jpg\" media=\"(min-resolution: 192dpi), (-webkit-min-device-pixel-ratio: 2)\"><source srcset=\"data:image\/svg+xml;base64,PHN2ZyB4bWxucz0naHR0cDovL3d3dy53My5vcmcvMjAwMC9zdmcnIHk9JzAnIHg9JzAnIHdpZHRoPSc0MjInIGhlaWdodD0nMjQxJyB2aWV3Qm94PScwIDAgNDIyIDI0MSc+PC9zdmc+\" data-srcset=\"https:\/\/parcsaintecroix.com\/wp-content\/uploads\/2022\/07\/Lodge-des-cerf_PSC-img-2-422x241-d9c38540e3e0.jpg\" media=\"(min-width: 64rem)\"><source srcset=\"data:image\/svg+xml;base64,PHN2ZyB4bWxucz0naHR0cDovL3d3dy53My5vcmcvMjAwMC9zdmcnIHk9JzAnIHg9JzAnIHdpZHRoPScyMTQnIGhlaWdodD0nMTgwJyB2aWV3Qm94PScwIDAgMjE0IDE4MCc+PC9zdmc+\" data-srcset=\"https:\/\/parcsaintecroix.com\/wp-content\/uploads\/2022\/07\/Lodge-des-cerf_PSC-img-2-214x180-e8f49b86c123.jpg\" media=\"(min-width: 48rem)\"><img loading=\"lazy\" decoding=\"async\" src=\"data:image\/svg+xml;base64,PHN2ZyB4bWxucz0naHR0cDovL3d3dy53My5vcmcvMjAwMC9zdmcnIHk9JzAnIHg9JzAnIHdpZHRoPSczMzYnIGhlaWdodD0nMTkwJyB2aWV3Qm94PScwIDAgMzM2IDE5MCc+PC9zdmc+\"  width=\"336\" height=\"190\" data-fade-in data-lazy-img data-src=\"https:\/\/parcsaintecroix.com\/wp-content\/uploads\/2022\/07\/Lodge-des-cerf_PSC-img-2-336x190-3bbe5c31bbe7.jpg\" alt=\"Lodge-des-cerf_PSC img (2)\" style=\";--aspect-ratio-small: 1.7684210526316;--aspect-ratio-medium: 1.1888888888889;--aspect-ratio-large: 1.7510373443983;--aspect-ratio-retina: 1.7684210526316;--aspect-ratio-medium_retina: 1.1888888888889;--aspect-ratio-large_retina: 1.7510373443983\" data-has-aspect-ratio=\"true\" \/><\/picture>                  <\/figure>\n                \n              <div class=\"text-wrapper\">\n                                  <h3 class=\"title\" itemprop=\"name\">Les lodges des cerfs<\/h3>\n                \n                                  <p class=\"descr\" itemprop=\"description\">Profitez d\u2019une vue imprenable et propice \u00e0 l\u2019observation du brame du cerf en vous endormant au son des raires et des combats.<\/p>\n                \n                                    <div class=\"wp-block-button is-style-transparent-button-with-white-border\">\n                      <a class=\"wp-block-button__link\"\n                        href=\"https:\/\/parcsaintecroix.com\/fr\/lodge\/lodge-des-cerfs\"\n                        data-gtm-event=\"\"\n                        data-gtm-event-label=\"\"\n                      >\n                        En savoir plus                      <\/a>\n                    <\/div>\n                                <\/div>\n            <\/div>\n          <\/div>\n\n                  <div class=\"cell medium-6 large-4 cell-colored text-center\"  style=\"--bg-color: #bf9170;\" >\n            <div class=\"wrapper\">\n                                <figure>\n                    <picture><source srcset=\"data:image\/svg+xml;base64,PHN2ZyB4bWxucz0naHR0cDovL3d3dy53My5vcmcvMjAwMC9zdmcnIHk9JzAnIHg9JzAnIHdpZHRoPSc4NDQnIGhlaWdodD0nNDgyJyB2aWV3Qm94PScwIDAgODQ0IDQ4Mic+PC9zdmc+\" data-srcset=\"https:\/\/parcsaintecroix.com\/wp-content\/uploads\/2022\/07\/Grange-02@2x-844x482-2cd2f400a2ce.jpg\" media=\"(min-width: 64rem) and (min-resolution: 192dpi), (min-width: 64rem) and (-webkit-min-device-pixel-ratio: 2)\"><source srcset=\"data:image\/svg+xml;base64,PHN2ZyB4bWxucz0naHR0cDovL3d3dy53My5vcmcvMjAwMC9zdmcnIHk9JzAnIHg9JzAnIHdpZHRoPSc0MjgnIGhlaWdodD0nMzYwJyB2aWV3Qm94PScwIDAgNDI4IDM2MCc+PC9zdmc+\" data-srcset=\"https:\/\/parcsaintecroix.com\/wp-content\/uploads\/2022\/07\/Grange-02@2x-428x360-a6b75eaa16c5.jpg\" media=\"(min-width: 48rem) and (min-resolution: 192dpi), (min-width: 48rem) and (-webkit-min-device-pixel-ratio: 2)\"><source srcset=\"data:image\/svg+xml;base64,PHN2ZyB4bWxucz0naHR0cDovL3d3dy53My5vcmcvMjAwMC9zdmcnIHk9JzAnIHg9JzAnIHdpZHRoPSc2NzInIGhlaWdodD0nMzgwJyB2aWV3Qm94PScwIDAgNjcyIDM4MCc+PC9zdmc+\" data-srcset=\"https:\/\/parcsaintecroix.com\/wp-content\/uploads\/2022\/07\/Grange-02@2x-672x380-6a3712c35a52.jpg\" media=\"(min-resolution: 192dpi), (-webkit-min-device-pixel-ratio: 2)\"><source srcset=\"data:image\/svg+xml;base64,PHN2ZyB4bWxucz0naHR0cDovL3d3dy53My5vcmcvMjAwMC9zdmcnIHk9JzAnIHg9JzAnIHdpZHRoPSc0MjInIGhlaWdodD0nMjQxJyB2aWV3Qm94PScwIDAgNDIyIDI0MSc+PC9zdmc+\" data-srcset=\"https:\/\/parcsaintecroix.com\/wp-content\/uploads\/2022\/07\/Grange-02@2x-422x241-d9c38540e3e0.jpg\" media=\"(min-width: 64rem)\"><source srcset=\"data:image\/svg+xml;base64,PHN2ZyB4bWxucz0naHR0cDovL3d3dy53My5vcmcvMjAwMC9zdmcnIHk9JzAnIHg9JzAnIHdpZHRoPScyMTQnIGhlaWdodD0nMTgwJyB2aWV3Qm94PScwIDAgMjE0IDE4MCc+PC9zdmc+\" data-srcset=\"https:\/\/parcsaintecroix.com\/wp-content\/uploads\/2022\/07\/Grange-02@2x-214x180-e8f49b86c123.jpg\" media=\"(min-width: 48rem)\"><img loading=\"lazy\" decoding=\"async\" src=\"data:image\/svg+xml;base64,PHN2ZyB4bWxucz0naHR0cDovL3d3dy53My5vcmcvMjAwMC9zdmcnIHk9JzAnIHg9JzAnIHdpZHRoPSczMzYnIGhlaWdodD0nMTkwJyB2aWV3Qm94PScwIDAgMzM2IDE5MCc+PC9zdmc+\"  width=\"336\" height=\"190\" data-fade-in data-lazy-img data-src=\"https:\/\/parcsaintecroix.com\/wp-content\/uploads\/2022\/07\/Grange-02@2x-336x190-3bbe5c31bbe7.jpg\" alt=\"\" style=\";--aspect-ratio-small: 1.7684210526316;--aspect-ratio-medium: 1.1888888888889;--aspect-ratio-large: 1.7510373443983;--aspect-ratio-retina: 1.7684210526316;--aspect-ratio-medium_retina: 1.1888888888889;--aspect-ratio-large_retina: 1.7510373443983\" data-has-aspect-ratio=\"true\" \/><\/picture>                  <\/figure>\n                \n              <div class=\"text-wrapper\">\n                                  <h3 class=\"title\" itemprop=\"name\">La grange du Nouveau Monde<\/h3>\n                \n                                  <p class=\"descr\" itemprop=\"description\">Partagez des moments uniques en famille dans une Grange nord-am\u00e9ricaine avec vue sur les ours noirs, coyotes et ratons laveurs.<\/p>\n                \n                                    <div class=\"wp-block-button is-style-transparent-button-with-white-border\">\n                      <a class=\"wp-block-button__link\"\n                        href=\"https:\/\/parcsaintecroix.com\/fr\/lodge\/la-grange-du-nouveau-monde\"\n                        data-gtm-event=\"\"\n                        data-gtm-event-label=\"\"\n                      >\n                        En savoir plus                      <\/a>\n                    <\/div>\n                                <\/div>\n            <\/div>\n          <\/div>\n\n              <\/div>\n    \n  <\/div>\n<\/section>\n\n\n<section class=\"block-grid-wrapper block-grid-for-core-buttons\">\n      <div class=\"default-editor-content grid-for-core-buttons grid-container fluid fluid\">\n        <div class=\"grid-x grid-padding-x align-center\">\n          <div class=\"cell\">\n            \n<div class=\"wp-block-buttons is-content-justification-center is-layout-flex wp-container-core-buttons-is-layout-16018d1d wp-block-buttons-is-layout-flex\">\n<div class=\"wp-block-button is-style-transparent-button-with-blue-border\"><a class=\"wp-block-button__link button-icon-- has-white-color has-primary-background-color has-text-color has-background has-link-color has-text-align-center wp-element-button\" href=\"https:\/\/parcsaintecroix.com\/fr\/sejour-nature\/les-lodges-nature\">D\u00e9couvrir tous nos lodges<\/a><\/div>\n<\/div>\n          <\/div>\n        <\/div>\n      <\/div>\n\n      <\/section>\n\n<section class=\"block-grid-wrapper block-grid-for-core-heading\">\n      <div class=\"default-editor-content grid-for-core-heading grid-container fluid fluid\">\n        <div class=\"grid-x grid-padding-x align-center\">\n          <div class=\"cell\">\n            \n<h4 class=\"wp-block-heading has-text-align-center\"><strong>Votre s\u00e9jour comprend <\/strong><\/h4>\n          <\/div>\n        <\/div>\n      <\/div>\n\n      <\/section>\n\n<section class=\"block-grid-wrapper block-grid-for-core-image\">\n      <div class=\"default-editor-content grid-for-core-image grid-container fluid fluid\">\n        <div class=\"grid-x grid-padding-x align-center\">\n          <div class=\"cell\">\n            \n<figure class=\"wp-block-image aligncenter size-large\"><img decoding=\"async\" src=\"https:\/\/parcsaintecroix.com\/wp-content\/uploads\/2024\/06\/offre-lodge-1024x258.png\" alt=\"\" class=\"wp-image-29972\"\/><\/figure>\n          <\/div>\n        <\/div>\n      <\/div>\n\n      <\/section>\n\n<section class=\"block-grid-wrapper block-grid-for-core-paragraph\">\n      <div class=\"default-editor-content grid-for-core-paragraph grid-container fluid fluid\">\n        <div class=\"grid-x grid-padding-x align-center\">\n          <div class=\"cell\">\n            \n<p><\/p>\n          <\/div>\n        <\/div>\n      <\/div>\n\n      <\/section>\n\n<section class=\"block-grid-wrapper block-grid-for-core-heading\">\n      <div class=\"default-editor-content grid-for-core-heading grid-container fluid fluid\">\n        <div class=\"grid-x grid-padding-x align-center\">\n          <div class=\"cell\">\n            \n<h3 class=\"wp-block-heading\">Le + de votre s\u00e9jour au brame du cerf <\/h3>\n          <\/div>\n        <\/div>\n      <\/div>\n\n      <\/section>\n\n<section class=\"block-grid-wrapper block-grid-for-core-paragraph\">\n      <div class=\"default-editor-content grid-for-core-paragraph grid-container fluid fluid\">\n        <div class=\"grid-x grid-padding-x align-center\">\n          <div class=\"cell\">\n            \n<p>Pendant votre s\u00e9jour, profitez  d&rsquo;une exp\u00e9rience, offerte, unique au coin du feu, d\u00e9di\u00e9e \u00e0 la contemplation et aux sons de la nature : cerfs, loups, chouettes\u2026 La nuit se prolonge avec un atelier de reconnexion des sens autour de l\u2019ou\u00efe, \u00ab Les sons de l\u2019automne \u00bb, suivi d\u2019une histoire cont\u00e9e. Une parenth\u00e8se immersive et apaisante.<\/p>\n          <\/div>\n        <\/div>\n      <\/div>\n\n      <\/section>\n\n<section class=\"block-grid-wrapper block-grid-for-core-buttons\">\n      <div class=\"default-editor-content grid-for-core-buttons grid-container fluid fluid\">\n        <div class=\"grid-x grid-padding-x align-center\">\n          <div class=\"cell\">\n            \n<div class=\"wp-block-buttons is-content-justification-center is-layout-flex wp-container-core-buttons-is-layout-16018d1d wp-block-buttons-is-layout-flex\">\n<div class=\"wp-block-button is-style-large-button-orange\"><a class=\"wp-block-button__link button-icon-- wp-element-button\" href=\"https:\/\/parcsaintecroix.thais-hotel.com\/direct-booking\/calendar\">JE R\u00c9SERVE MON S\u00c9JOUR<\/a><\/div>\n<\/div>\n          <\/div>\n        <\/div>\n      <\/div>\n\n      <\/section>\n\n<section class=\"block-grid-wrapper block-grid-for-core-columns\">\n      <div class=\"default-editor-content grid-for-core-columns grid-container fluid fluid\">\n        <div class=\"grid-x grid-padding-x align-center\">\n          <div class=\"cell\">\n            \n<div class=\"wp-block-columns is-layout-flex wp-container-core-columns-is-layout-9d6595d7 wp-block-columns-is-layout-flex\">\n<div class=\"wp-block-column is-layout-flow wp-block-column-is-layout-flow\"><\/div>\n\n\n\n<div class=\"wp-block-column is-layout-flow wp-block-column-is-layout-flow\">\n<p><\/p>\n<\/div>\n\n\n\n<div class=\"wp-block-column is-layout-flow wp-block-column-is-layout-flow\"><\/div>\n<\/div>\n          <\/div>\n        <\/div>\n      <\/div>\n\n      <\/section>\n\n<section class=\"block-grid-wrapper block-grid-for-core-heading\">\n      <div class=\"default-editor-content grid-for-core-heading grid-container fluid fluid\">\n        <div class=\"grid-x grid-padding-x align-center\">\n          <div class=\"cell\">\n            \n<h2 class=\"wp-block-heading\"><strong>Vivez 3 jours au plus proche de la nature !<\/strong><\/h2>\n          <\/div>\n        <\/div>\n      <\/div>\n\n      <\/section>\n\n<section class=\"block-grid-wrapper block-grid-for-core-paragraph\">\n      <div class=\"default-editor-content grid-for-core-paragraph grid-container fluid fluid\">\n        <div class=\"grid-x grid-padding-x align-center\">\n          <div class=\"cell\">\n            \n<p>Chaque automne, la for\u00eat s\u2019anime d\u2019un spectacle aussi rare qu\u2019\u00e9mouvant : <strong>le brame du cerf<\/strong>. Pendant quelques semaines seulement, la nature s\u2019exprime avec force et majest\u00e9.<br>Au Parc Animalier de Sainte\u2011Croix, cette p\u00e9riode unique est l\u2019occasion id\u00e9ale de s\u2019offrir <strong>une parenth\u00e8se de trois jours<\/strong>, entre observation, immersion et exp\u00e9riences privil\u00e9gi\u00e9es au plus pr\u00e8s de la vie sauvage.<\/p>\n          <\/div>\n        <\/div>\n      <\/div>\n\n      <\/section>\n\n<section class=\"block-grid-wrapper block-grid-for-core-paragraph\">\n      <div class=\"default-editor-content grid-for-core-paragraph grid-container fluid fluid\">\n        <div class=\"grid-x grid-padding-x align-center\">\n          <div class=\"cell\">\n            \n<p>Laissez\u2011vous guider pour un s\u00e9jour inoubliable, rythm\u00e9 par les sons de la for\u00eat, les rencontres animali\u00e8res et la magie de l\u2019automne.<\/p>\n          <\/div>\n        <\/div>\n      <\/div>\n\n      <\/section>\n\n<section class=\"block-grid-wrapper block-grid-for-core-paragraph\">\n      <div class=\"default-editor-content grid-for-core-paragraph grid-container fluid fluid\">\n        <div class=\"grid-x grid-padding-x align-center\">\n          <div class=\"cell\">\n            \n<p class=\"has-text-align-center\"><\/p>\n          <\/div>\n        <\/div>\n      <\/div>\n\n      <\/section>\n\n<section class=\"block-grid-wrapper block-grid-for-core-columns\">\n      <div class=\"default-editor-content grid-for-core-columns grid-container fluid fluid\">\n        <div class=\"grid-x grid-padding-x align-center\">\n          <div class=\"cell\">\n            \n<div class=\"wp-block-columns is-layout-flex wp-container-core-columns-is-layout-9d6595d7 wp-block-columns-is-layout-flex\">\n<div class=\"wp-block-column is-vertically-aligned-center is-layout-flow wp-block-column-is-layout-flow\">\n<h3 class=\"wp-block-heading\"><strong>Jour 1 : Plongez au c\u0153ur de la nature<\/strong><\/h3>\n\n\n\n<h4 class=\"wp-block-heading\">Les premiers frissons du brame<\/h4>\n\n\n\n<p>D\u00e8s votre arriv\u00e9e, le d\u00e9cor est plant\u00e9. Les couleurs flamboyantes de l\u2019automne, l\u2019air frais et l\u2019atmosph\u00e8re paisible de la for\u00eat vous invitent \u00e0 ralentir et \u00e0 profiter pleinement de l\u2019instant.<br>Tout au long de votre promenade, croisez de nombreuses esp\u00e8ces embl\u00e9matiques : loups, bisons, ours, cerfs et biches \u00e9voluent dans de vastes espaces naturels.<\/p>\n\n\n\n<p><\/p>\n<\/div>\n\n\n\n<div class=\"wp-block-column is-vertically-aligned-center is-layout-flow wp-block-column-is-layout-flow\">\n<figure class=\"wp-block-image size-large\"><img loading=\"lazy\" decoding=\"async\" width=\"576\" height=\"1024\" src=\"https:\/\/parcsaintecroix.com\/wp-content\/uploads\/2025\/08\/Design-sans-titre-44-576x1024-fd90e2c36371.png\" alt=\"\" class=\"wp-image-37670\" style=\"aspect-ratio:3\/2;object-fit:cover\" srcset=\"https:\/\/parcsaintecroix.com\/wp-content\/uploads\/2025\/08\/Design-sans-titre-44-576x1024-fd90e2c36371.png 576w, https:\/\/parcsaintecroix.com\/wp-content\/uploads\/2025\/08\/Design-sans-titre-44-169x300-512c1e2135f8.png 169w, https:\/\/parcsaintecroix.com\/wp-content\/uploads\/2025\/08\/Design-sans-titre-44-100x178-fab7673e88b9.png 100w, https:\/\/parcsaintecroix.com\/wp-content\/uploads\/2025\/08\/Design-sans-titre-44.png 750w\" sizes=\"auto, (max-width: 576px) 100vw, 576px\" \/><\/figure>\n<\/div>\n<\/div>\n          <\/div>\n        <\/div>\n      <\/div>\n\n      <\/section>\n\n<section class=\"block-grid-wrapper block-grid-for-core-columns\">\n      <div class=\"default-editor-content grid-for-core-columns grid-container fluid fluid\">\n        <div class=\"grid-x grid-padding-x align-center\">\n          <div class=\"cell\">\n            \n<div class=\"wp-block-columns is-layout-flex wp-container-core-columns-is-layout-9d6595d7 wp-block-columns-is-layout-flex\">\n<div class=\"wp-block-column is-vertically-aligned-center is-layout-flow wp-block-column-is-layout-flow\">\n<figure class=\"wp-block-image size-large\"><img loading=\"lazy\" decoding=\"async\" width=\"1024\" height=\"714\" src=\"https:\/\/parcsaintecroix.com\/wp-content\/uploads\/2022\/08\/cerf-1024x714-fd90e2c36371.png\" alt=\"\" class=\"wp-image-4864\" style=\"aspect-ratio:3\/2;object-fit:cover\" srcset=\"https:\/\/parcsaintecroix.com\/wp-content\/uploads\/2022\/08\/cerf-1024x714-fd90e2c36371.png 1024w, https:\/\/parcsaintecroix.com\/wp-content\/uploads\/2022\/08\/cerf-300x209-512c1e2135f8.png 300w, https:\/\/parcsaintecroix.com\/wp-content\/uploads\/2022\/08\/cerf-768x536-b56108145cc7.png 768w, https:\/\/parcsaintecroix.com\/wp-content\/uploads\/2022\/08\/cerf-100x70-fab7673e88b9.png 100w, https:\/\/parcsaintecroix.com\/wp-content\/uploads\/2022\/08\/cerf.png 1200w, https:\/\/parcsaintecroix.com\/wp-content\/uploads\/2022\/08\/cerf-814x568-6f255e59085b.png 814w\" sizes=\"auto, (max-width: 1024px) 100vw, 1024px\" \/><figcaption class=\"wp-element-caption\">\u00a9 Morgane Bricard<\/figcaption><\/figure>\n<\/div>\n\n\n\n<div class=\"wp-block-column is-vertically-aligned-center is-layout-flow wp-block-column-is-layout-flow\">\n<h4 class=\"wp-block-heading\">Une soir\u00e9e rythm\u00e9e par la voix du cerf<\/h4>\n\n\n\n<p>\u00c0 la tomb\u00e9e de la nuit, le silence s\u2019installe\u2026 puis un son grave et impressionnant s\u2019\u00e9l\u00e8ve.<br>Le brame commence. Cette premi\u00e8re \u00e9coute, souvent inattendue et charg\u00e9e d\u2019\u00e9motions, marque le v\u00e9ritable d\u00e9but de votre immersion.<\/p>\n\n\n\n<p>Profiter de l&rsquo;animation autour des sons pour profiter pleinement de ce grand spectacle. <\/p>\n<\/div>\n<\/div>\n          <\/div>\n        <\/div>\n      <\/div>\n\n      <\/section>\n\n<section class=\"block-grid-wrapper block-grid-for-core-paragraph\">\n      <div class=\"default-editor-content grid-for-core-paragraph grid-container fluid fluid\">\n        <div class=\"grid-x grid-padding-x align-center\">\n          <div class=\"cell\">\n            \n<p><\/p>\n          <\/div>\n        <\/div>\n      <\/div>\n\n      <\/section>\n\n<section class=\"block-grid-wrapper block-grid-for-core-columns\">\n      <div class=\"default-editor-content grid-for-core-columns grid-container fluid fluid\">\n        <div class=\"grid-x grid-padding-x align-center\">\n          <div class=\"cell\">\n            \n<div class=\"wp-block-columns is-layout-flex wp-container-core-columns-is-layout-9d6595d7 wp-block-columns-is-layout-flex\">\n<div class=\"wp-block-column is-vertically-aligned-center is-layout-flow wp-block-column-is-layout-flow\">\n<h3 class=\"wp-block-heading\"><strong>Jour 2 : Une journ\u00e9e d\u2019immersion privil\u00e9gi\u00e9e autour du brame du cerf<\/strong><\/h3>\n\n\n\n<hr class=\"wp-block-separator has-alpha-channel-opacity\"\/>\n\n\n\n<h4 class=\"wp-block-heading\">Comprendre et observer<\/h4>\n\n\n\n<p>D\u00e8s 7h00 du matin, plongez dans l&rsquo;ambiance des aurores avec cette lumi\u00e8re unique et la brume matinale. <\/p>\n\n\n\n<p>Tout au long de la journ\u00e9e, profitez des points de vue pour observer la faune dans son habitat naturel, en toute discr\u00e9tion et dans le respect des animaux.<\/p>\n<\/div>\n\n\n\n<div class=\"wp-block-column is-vertically-aligned-center is-layout-flow wp-block-column-is-layout-flow\">\n<figure class=\"wp-block-image size-large\"><img decoding=\"async\" src=\"https:\/\/parcsaintecroix.com\/wp-content\/uploads\/2026\/04\/CP-Carla-Datola-47-1024x683.jpg\" alt=\"\" class=\"wp-image-40853\" style=\"aspect-ratio:3\/2;object-fit:cover\"\/><figcaption class=\"wp-element-caption\">\u00a9 Parc Animalier de Sainte-Croix<\/figcaption><\/figure>\n<\/div>\n<\/div>\n          <\/div>\n        <\/div>\n      <\/div>\n\n      <\/section>\n\n<section class=\"block-grid-wrapper block-grid-for-core-columns\">\n      <div class=\"default-editor-content grid-for-core-columns grid-container fluid fluid\">\n        <div class=\"grid-x grid-padding-x align-center\">\n          <div class=\"cell\">\n            \n<div class=\"wp-block-columns is-layout-flex wp-container-core-columns-is-layout-9d6595d7 wp-block-columns-is-layout-flex\">\n<div class=\"wp-block-column is-vertically-aligned-center is-layout-flow wp-block-column-is-layout-flow\">\n<figure class=\"wp-block-image size-large\"><img loading=\"lazy\" decoding=\"async\" width=\"1024\" height=\"683\" src=\"https:\/\/parcsaintecroix.com\/wp-content\/uploads\/2022\/09\/brame-du-cerf_experiences-nature_PSC-24-1024x683-fd90e2c36371.jpg\" alt=\"brame-du-cerf_experiences-nature_PSC 24\" class=\"wp-image-4534\" style=\"aspect-ratio:3\/2;object-fit:cover\" srcset=\"https:\/\/parcsaintecroix.com\/wp-content\/uploads\/2022\/09\/brame-du-cerf_experiences-nature_PSC-24-1024x683-fd90e2c36371.jpg 1024w, https:\/\/parcsaintecroix.com\/wp-content\/uploads\/2022\/09\/brame-du-cerf_experiences-nature_PSC-24-300x200-512c1e2135f8.jpg 300w, https:\/\/parcsaintecroix.com\/wp-content\/uploads\/2022\/09\/brame-du-cerf_experiences-nature_PSC-24-768x512-b56108145cc7.jpg 768w, https:\/\/parcsaintecroix.com\/wp-content\/uploads\/2022\/09\/brame-du-cerf_experiences-nature_PSC-24-1536x1024-3c33d8efde71.jpg 1536w, https:\/\/parcsaintecroix.com\/wp-content\/uploads\/2022\/09\/brame-du-cerf_experiences-nature_PSC-24-2048x1365-539fcd4e84ba.jpg 2048w, https:\/\/parcsaintecroix.com\/wp-content\/uploads\/2022\/09\/brame-du-cerf_experiences-nature_PSC-24-100x67-fab7673e88b9.jpg 100w, https:\/\/parcsaintecroix.com\/wp-content\/uploads\/2022\/09\/brame-du-cerf_experiences-nature_PSC-24-1704x1136-8421bee02ef1.jpg 1704w, https:\/\/parcsaintecroix.com\/wp-content\/uploads\/2022\/09\/brame-du-cerf_experiences-nature_PSC-24-852x568-6f255e59085b.jpg 852w\" sizes=\"auto, (max-width: 1024px) 100vw, 1024px\" \/><\/figure>\n<\/div>\n\n\n\n<div class=\"wp-block-column is-vertically-aligned-center is-layout-flow wp-block-column-is-layout-flow\">\n<h4 class=\"wp-block-heading\">Une nouvelle soir\u00e9e intense<\/h4>\n\n\n\n<p>Lorsque le jour d\u00e9cline, l\u2019intensit\u00e9 monte d\u2019un cran. Les cerfs brament \u00e0 nouveau, parfois tout pr\u00e8s. La for\u00eat s\u2019anime, les sons se croisent, l\u2019\u00e9motion est palpable.<\/p>\n\n\n\n<p><br>Un moment suspendu, rare et profond\u00e9ment marquant que vous n&rsquo;\u00eates pas pr\u00eat d&rsquo;oublier<\/p>\n\n\n\n<p><\/p>\n<\/div>\n<\/div>\n          <\/div>\n        <\/div>\n      <\/div>\n\n      <\/section>\n\n<section class=\"block-grid-wrapper block-grid-for-core-paragraph\">\n      <div class=\"default-editor-content grid-for-core-paragraph grid-container fluid fluid\">\n        <div class=\"grid-x grid-padding-x align-center\">\n          <div class=\"cell\">\n            \n<p><\/p>\n          <\/div>\n        <\/div>\n      <\/div>\n\n      <\/section>\n\n<section class=\"block-grid-wrapper block-grid-for-core-columns\">\n      <div class=\"default-editor-content grid-for-core-columns grid-container fluid fluid\">\n        <div class=\"grid-x grid-padding-x align-center\">\n          <div class=\"cell\">\n            \n<div class=\"wp-block-columns is-layout-flex wp-container-core-columns-is-layout-9d6595d7 wp-block-columns-is-layout-flex\">\n<div class=\"wp-block-column is-vertically-aligned-center is-layout-flow wp-block-column-is-layout-flow\">\n<h3 class=\"wp-block-heading\"><strong>Jour 3 : Derniers instants au plus proche de la faune<\/strong><\/h3>\n\n\n\n<hr class=\"wp-block-separator has-alpha-channel-opacity\"\/>\n\n\n\n<h4 class=\"wp-block-heading\">Soigneur d&rsquo;un Jour- Faune europ\u00e9enne<\/h4>\n\n\n\n<p>Pour ce dernier jour, profitez en pour devenir le temps de quelques heures un soigneur animalier. D\u00e9couvrez les coulisses du Parc et de ce m\u00e9tier. Avec Soigneur d&rsquo;un Jour Faune Europ\u00e9enne, accompagn\u00e9 d&rsquo;un soigneur, vivez le brame du cerf comme jamais vous ne l&rsquo;auriez vu.  <\/p>\n\n\n\n<div class=\"wp-block-buttons is-content-justification-center is-layout-flex wp-container-core-buttons-is-layout-16018d1d wp-block-buttons-is-layout-flex\">\n<div class=\"wp-block-button is-style-transparent-button-with-blue-border\"><a class=\"wp-block-button__link button-icon-- wp-element-button\" href=\"https:\/\/parcsaintecroix.com\/fr\/experience\/soigneur-dun-jour-faune-europeenne\">En savoir plus<\/a><\/div>\n<\/div>\n<\/div>\n\n\n\n<div class=\"wp-block-column is-vertically-aligned-center is-layout-flow wp-block-column-is-layout-flow\">\n<figure class=\"wp-block-image size-large\"><img loading=\"lazy\" decoding=\"async\" width=\"1024\" height=\"683\" src=\"https:\/\/parcsaintecroix.com\/wp-content\/uploads\/2025\/08\/CP-Carla-Datola-20-1024x683-fd90e2c36371.jpg\" alt=\"\" class=\"wp-image-37586\" style=\"aspect-ratio:3\/2;object-fit:cover\" srcset=\"https:\/\/parcsaintecroix.com\/wp-content\/uploads\/2025\/08\/CP-Carla-Datola-20-1024x683-fd90e2c36371.jpg 1024w, https:\/\/parcsaintecroix.com\/wp-content\/uploads\/2025\/08\/CP-Carla-Datola-20-300x200-512c1e2135f8.jpg 300w, https:\/\/parcsaintecroix.com\/wp-content\/uploads\/2025\/08\/CP-Carla-Datola-20-768x512-b56108145cc7.jpg 768w, https:\/\/parcsaintecroix.com\/wp-content\/uploads\/2025\/08\/CP-Carla-Datola-20-1536x1024-3c33d8efde71.jpg 1536w, https:\/\/parcsaintecroix.com\/wp-content\/uploads\/2025\/08\/CP-Carla-Datola-20-100x67-fab7673e88b9.jpg 100w, https:\/\/parcsaintecroix.com\/wp-content\/uploads\/2025\/08\/CP-Carla-Datola-20.jpg 2048w, https:\/\/parcsaintecroix.com\/wp-content\/uploads\/2025\/08\/CP-Carla-Datola-20-852x568-6f255e59085b.jpg 852w, https:\/\/parcsaintecroix.com\/wp-content\/uploads\/2025\/08\/CP-Carla-Datola-20-1704x1136-8421bee02ef1.jpg 1704w\" sizes=\"auto, (max-width: 1024px) 100vw, 1024px\" \/><figcaption class=\"wp-element-caption\">\u00a9 Parc Animalier de Sainte-Croix<\/figcaption><\/figure>\n<\/div>\n<\/div>\n          <\/div>\n        <\/div>\n      <\/div>\n\n      <\/section>\n\n<section class=\"block-grid-wrapper block-grid-for-core-group\">\n      <div class=\"default-editor-content grid-for-core-group grid-container fluid fluid\">\n        <div class=\"grid-x grid-padding-x align-center\">\n          <div class=\"cell\">\n            \n<div class=\"wp-block-group\"><div class=\"wp-block-group__inner-container is-layout-constrained wp-block-group-is-layout-constrained\">\n<div class=\"wp-block-columns is-layout-flex wp-container-core-columns-is-layout-9d6595d7 wp-block-columns-is-layout-flex\">\n<div class=\"wp-block-column is-layout-flow wp-block-column-is-layout-flow\">\n<div class=\"wp-block-columns is-layout-flex wp-container-core-columns-is-layout-9d6595d7 wp-block-columns-is-layout-flex\">\n<div class=\"wp-block-column is-vertically-aligned-center is-layout-flow wp-block-column-is-layout-flow\">\n<p><\/p>\n\n\n\n<h2 class=\"wp-block-heading\">Comment venir au Parc de Sainte-Croix ?<\/h2>\n<\/div>\n<\/div>\n<\/div>\n<\/div>\n<\/div>\n          <\/div>\n        <\/div>\n      <\/div><\/div>\n\n      <\/section>\n\n<section class=\"block-grid-wrapper block-grid-for-core-media-text\">\n      <div class=\"default-editor-content grid-for-core-media-text grid-container fluid fluid\">\n        <div class=\"grid-x grid-padding-x align-center\">\n          <div class=\"cell\">\n            \n<div class=\"wp-block-media-text is-stacked-on-mobile\" style=\"grid-template-columns:37% auto\"><figure class=\"wp-block-media-text__media\"><img loading=\"lazy\" decoding=\"async\" width=\"648\" height=\"628\" src=\"https:\/\/parcsaintecroix.com\/wp-content\/uploads\/2024\/06\/carte.png\" alt=\"\" class=\"wp-image-29962 size-full\" srcset=\"https:\/\/parcsaintecroix.com\/wp-content\/uploads\/2024\/06\/carte.png 648w, https:\/\/parcsaintecroix.com\/wp-content\/uploads\/2024\/06\/carte-300x291-512c1e2135f8.png 300w, https:\/\/parcsaintecroix.com\/wp-content\/uploads\/2024\/06\/carte-100x97-fab7673e88b9.png 100w\" sizes=\"auto, (max-width: 648px) 100vw, 648px\" \/><\/figure><div class=\"wp-block-media-text__content\">\n<p>Le Parc de Sainte-Croix se situe \u00e0 Rhodes en Moselle au c\u0153ur d&rsquo;une r\u00e9serve de la biosph\u00e8re.<\/p>\n\n\n\n<p>\ud83d\ude97 En voiture : Rhodes, Moselle<\/p>\n\n\n\n<p>\ud83d\ude86En train : Gare TVG de Sarrebourg<\/p>\n\n\n\n<p><strong>Je rejoins le Parc depuis la gare de Sarrebourg&nbsp;<\/strong>:<\/p>\n\n\n\n<p>\ud83d\ude95 En taxi : b\u00e9n\u00e9ficiez de 5\u20ac de r\u00e9duction sur votre trajet avec Taxiphoenix*<\/p>\n\n\n\n<p class=\"is-style-small-paragraph\"><em>*contactez le Parc \u00e0 reservation@parcsaintecroix.com<\/em><\/p>\n<\/div><\/div>\n          <\/div>\n        <\/div>\n      <\/div>\n\n      <\/section>\n\n<section class=\"block-grid-wrapper block-grid-for-core-paragraph\">\n      <div class=\"default-editor-content grid-for-core-paragraph grid-container fluid fluid\">\n        <div class=\"grid-x grid-padding-x align-center\">\n          <div class=\"cell\">\n            \n<p class=\"is-style-small-paragraph\"><\/p>\n          <\/div>\n        <\/div>\n      <\/div>\n\n      <\/section>\n\n\n    <section  class=\"wp-block-acf-three-articles  block-index-85 section-content section-three-articles\"       itemprop=\"hasPart\" itemscope\n\n      <div class=\"grid-container full\">\n\n        <div class=\"grid-x title-wrapper\">\n\n          <div class=\"cell\">\n                          <h2 class=\"section-title\" itemprop=\"name heading\">En ce moment \u00e0 Sainte-Croix<\/h2>\n            \n                      <\/div>\n\n        <\/div>\n\n\n        <div class=\"grid-x listing-latest-news news-slider align-center\">\n          <article class=\"cell medium-6 large-4 js-article article-box flex-container flex-dir-column post-37937 post type-post status-publish format-standard has-post-thumbnail hentry category-animaux category-le-parc\"  itemscope itemtype=\"https:\/\/schema.org\/Article\" itemid=\"https:\/\/parcsaintecroix.com\/fr\/quelle-est-la-difference-entre-le-bison-deurope-et-le-bison-damerique\" itemref=\"publisher\">\n      <meta itemprop=\"author\" content=\"Parc de Saint Croix\" \/>\n    <meta itemprop=\"image\" content=\"https:\/\/parcsaintecroix.com\/wp-content\/uploads\/2025\/10\/CP-Morgane-Bricard-64-scaled.jpg\" \/>\n    <meta itemprop=\"datePublished\" content=\"2026-04-30T20:33:47+02:00\" \/>\n    <meta itemprop=\"dateModified\" content=\"2026-04-30T20:33:50+02:00\" \/>\n      <div class=\"news-content-wrapper\">\n          <a href=\"https:\/\/parcsaintecroix.com\/fr\/quelle-est-la-difference-entre-le-bison-deurope-et-le-bison-damerique\" itemprop=\"url mainEntityOfPage\">\n        \n                  <span class=\"label-category\">Animaux<\/span>\n        \n        <figure>\n          <img decoding=\"async\"  data-fade-in loading=\"lazy\" src=\"data:image\/png;base64,R0lGODlhAQABAAD\/ACwAAAAAAQABAAACADs=\" data-lazy-interchange=\"[https:\/\/parcsaintecroix.com\/wp-content\/uploads\/2025\/10\/CP-Morgane-Bricard-64-scaled-668x668-71ab615e0a86.jpg, small], [https:\/\/parcsaintecroix.com\/wp-content\/uploads\/2025\/10\/CP-Morgane-Bricard-64-scaled-423x423-f5ddf0753daf.jpg, large], [https:\/\/parcsaintecroix.com\/wp-content\/uploads\/2025\/10\/CP-Morgane-Bricard-64-scaled-800x800-b303cee25c1f.jpg, xlarge], [https:\/\/parcsaintecroix.com\/wp-content\/uploads\/2025\/10\/CP-Morgane-Bricard-64-scaled-846x846-97851059a762.jpg, large_retina], [https:\/\/parcsaintecroix.com\/wp-content\/uploads\/2025\/10\/CP-Morgane-Bricard-64-scaled-1600x1600-f1dbcba1895c.jpg, xlarge_retina]\" data-interchange-sizes=\"{&quot;small&quot;:{&quot;w&quot;:668,&quot;h&quot;:668},&quot;large&quot;:{&quot;w&quot;:423,&quot;h&quot;:423},&quot;xlarge&quot;:{&quot;w&quot;:800,&quot;h&quot;:800},&quot;large_retina&quot;:{&quot;w&quot;:846,&quot;h&quot;:846},&quot;xlarge_retina&quot;:{&quot;w&quot;:1600,&quot;h&quot;:1600}}\"  style=\";--aspect-ratio-small: 1;--aspect-ratio-large: 1;--aspect-ratio-xlarge: 1;--aspect-ratio-large_retina: 1;--aspect-ratio-xlarge_retina: 1\" data-has-aspect-ratio=\"true\" alt=\"Quelle est la diff\u00e9rence entre le bison d&rsquo;Europe et le bison d&rsquo;Am\u00e9rique ?\" itemprop=\"image\" data-fade-in \/>\n        <\/figure>\n\n              <\/a>\n      <\/div>\n\n  <div class=\"article-box-content flex-child-grow flex-container flex-dir-column\">\n    <header class=\"entry-header\">\n      <h2 class=\"entry-name\" itemprop=\"name headline\">\n        <a href=\"https:\/\/parcsaintecroix.com\/fr\/quelle-est-la-difference-entre-le-bison-deurope-et-le-bison-damerique\">Quelle est la diff\u00e9rence entre le bison d&rsquo;Europe et le bison d&rsquo;Am\u00e9rique ?<\/a>\n      <\/h2>\n    <\/header>\n\n    <div class=\"entry-content\">\n      <p class=\"excerpt\">Au Parc Animalier de Sainte\u2011Croix, deux esp\u00e8ces impressionnantes issues d\u2019un h\u00e9ritage pr\u00e9historique commun, proche de l\u2019aurochs, \u00e9voluent &#8230;<\/p>\n    <\/div>\n\n    <p class=\"entry-date\">\n      Publi\u00e9 le 30 avril 2026    <\/p>\n\n  <\/div>\n<\/article>\n\n<article class=\"cell medium-6 large-4 js-article article-box flex-container flex-dir-column post-38694 post type-post status-publish format-standard has-post-thumbnail hentry category-animaux category-le-parc\"  itemscope itemtype=\"https:\/\/schema.org\/Article\" itemid=\"https:\/\/parcsaintecroix.com\/fr\/le-renard-roux-en-france-une-espece-nuisible\" itemref=\"publisher\">\n      <meta itemprop=\"author\" content=\"Parc de Saint Croix\" \/>\n    <meta itemprop=\"image\" content=\"https:\/\/parcsaintecroix.com\/wp-content\/uploads\/2025\/12\/CP-Lydie-Comte-Antoine.jpg\" \/>\n    <meta itemprop=\"datePublished\" content=\"2026-04-30T20:32:32+02:00\" \/>\n    <meta itemprop=\"dateModified\" content=\"2026-04-30T20:32:36+02:00\" \/>\n      <div class=\"news-content-wrapper\">\n          <a href=\"https:\/\/parcsaintecroix.com\/fr\/le-renard-roux-en-france-une-espece-nuisible\" itemprop=\"url mainEntityOfPage\">\n        \n                  <span class=\"label-category\">Animaux<\/span>\n        \n        <figure>\n          <img decoding=\"async\"  data-fade-in loading=\"lazy\" src=\"data:image\/png;base64,R0lGODlhAQABAAD\/ACwAAAAAAQABAAACADs=\" data-lazy-interchange=\"[https:\/\/parcsaintecroix.com\/wp-content\/uploads\/2025\/12\/CP-Lydie-Comte-Antoine-668x668-71ab615e0a86.jpg, small], [https:\/\/parcsaintecroix.com\/wp-content\/uploads\/2025\/12\/CP-Lydie-Comte-Antoine-423x423-f5ddf0753daf.jpg, large], [https:\/\/parcsaintecroix.com\/wp-content\/uploads\/2025\/12\/CP-Lydie-Comte-Antoine-800x800-b303cee25c1f.jpg, xlarge], [https:\/\/parcsaintecroix.com\/wp-content\/uploads\/2025\/12\/CP-Lydie-Comte-Antoine-846x846-97851059a762.jpg, large_retina], [https:\/\/parcsaintecroix.com\/wp-content\/uploads\/2025\/12\/CP-Lydie-Comte-Antoine-1366x1366-f1dbcba1895c.jpg, xlarge_retina]\" data-interchange-sizes=\"{&quot;small&quot;:{&quot;w&quot;:668,&quot;h&quot;:668},&quot;large&quot;:{&quot;w&quot;:423,&quot;h&quot;:423},&quot;xlarge&quot;:{&quot;w&quot;:800,&quot;h&quot;:800},&quot;large_retina&quot;:{&quot;w&quot;:846,&quot;h&quot;:846},&quot;xlarge_retina&quot;:{&quot;w&quot;:1366,&quot;h&quot;:1366}}\"  style=\";--aspect-ratio-small: 1;--aspect-ratio-large: 1;--aspect-ratio-xlarge: 1;--aspect-ratio-large_retina: 1;--aspect-ratio-xlarge_retina: 1\" data-has-aspect-ratio=\"true\" alt=\"Le renard roux en France : une esp\u00e8ce nuisible ?\" itemprop=\"image\" data-fade-in \/>\n        <\/figure>\n\n              <\/a>\n      <\/div>\n\n  <div class=\"article-box-content flex-child-grow flex-container flex-dir-column\">\n    <header class=\"entry-header\">\n      <h2 class=\"entry-name\" itemprop=\"name headline\">\n        <a href=\"https:\/\/parcsaintecroix.com\/fr\/le-renard-roux-en-france-une-espece-nuisible\">Le renard roux en France : une esp\u00e8ce nuisible ?<\/a>\n      <\/h2>\n    <\/header>\n\n    <div class=\"entry-content\">\n      <p class=\"excerpt\">Longtemps consid\u00e9r\u00e9 comme une esp\u00e8ce animale nuisible, le renard roux est encore aujourd\u2019hui porteur de nombreux pr\u00e9jug\u00e9s. &#8230;<\/p>\n    <\/div>\n\n    <p class=\"entry-date\">\n      Publi\u00e9 le 30 avril 2026    <\/p>\n\n  <\/div>\n<\/article>\n\n<article class=\"cell medium-6 large-4 js-article article-box flex-container flex-dir-column post-41005 post type-post status-publish format-standard has-post-thumbnail hentry category-animaux category-le-parc\"  itemscope itemtype=\"https:\/\/schema.org\/Article\" itemid=\"https:\/\/parcsaintecroix.com\/fr\/comment-faire-un-jardin-agroecologique-chez-soi\" itemref=\"publisher\">\n      <meta itemprop=\"author\" content=\"Parc de Saint Croix\" \/>\n    <meta itemprop=\"image\" content=\"https:\/\/parcsaintecroix.com\/wp-content\/uploads\/2026\/04\/Station-sol-CP-Carla-Datola-4.jpg\" \/>\n    <meta itemprop=\"datePublished\" content=\"2026-04-30T20:29:21+02:00\" \/>\n    <meta itemprop=\"dateModified\" content=\"2026-04-30T20:29:24+02:00\" \/>\n      <div class=\"news-content-wrapper\">\n          <a href=\"https:\/\/parcsaintecroix.com\/fr\/comment-faire-un-jardin-agroecologique-chez-soi\" itemprop=\"url mainEntityOfPage\">\n        \n                  <span class=\"label-category\">Animaux<\/span>\n        \n        <figure>\n          <img decoding=\"async\"  data-fade-in loading=\"lazy\" src=\"data:image\/png;base64,R0lGODlhAQABAAD\/ACwAAAAAAQABAAACADs=\" data-lazy-interchange=\"[https:\/\/parcsaintecroix.com\/wp-content\/uploads\/2026\/04\/Station-sol-CP-Carla-Datola-4-668x668-71ab615e0a86.jpg, small], [https:\/\/parcsaintecroix.com\/wp-content\/uploads\/2026\/04\/Station-sol-CP-Carla-Datola-4-423x423-f5ddf0753daf.jpg, large], [https:\/\/parcsaintecroix.com\/wp-content\/uploads\/2026\/04\/Station-sol-CP-Carla-Datola-4-800x800-b303cee25c1f.jpg, xlarge], [https:\/\/parcsaintecroix.com\/wp-content\/uploads\/2026\/04\/Station-sol-CP-Carla-Datola-4-846x846-97851059a762.jpg, large_retina], [https:\/\/parcsaintecroix.com\/wp-content\/uploads\/2026\/04\/Station-sol-CP-Carla-Datola-4-1366x1366-f1dbcba1895c.jpg, xlarge_retina]\" data-interchange-sizes=\"{&quot;small&quot;:{&quot;w&quot;:668,&quot;h&quot;:668},&quot;large&quot;:{&quot;w&quot;:423,&quot;h&quot;:423},&quot;xlarge&quot;:{&quot;w&quot;:800,&quot;h&quot;:800},&quot;large_retina&quot;:{&quot;w&quot;:846,&quot;h&quot;:846},&quot;xlarge_retina&quot;:{&quot;w&quot;:1366,&quot;h&quot;:1366}}\"  style=\";--aspect-ratio-small: 1;--aspect-ratio-large: 1;--aspect-ratio-xlarge: 1;--aspect-ratio-large_retina: 1;--aspect-ratio-xlarge_retina: 1\" data-has-aspect-ratio=\"true\" alt=\"Comment faire un jardin agro\u00e9cologique chez soi ?\" itemprop=\"image\" data-fade-in \/>\n        <\/figure>\n\n              <\/a>\n      <\/div>\n\n  <div class=\"article-box-content flex-child-grow flex-container flex-dir-column\">\n    <header class=\"entry-header\">\n      <h2 class=\"entry-name\" itemprop=\"name headline\">\n        <a href=\"https:\/\/parcsaintecroix.com\/fr\/comment-faire-un-jardin-agroecologique-chez-soi\">Comment faire un jardin agro\u00e9cologique chez soi ?<\/a>\n      <\/h2>\n    <\/header>\n\n    <div class=\"entry-content\">\n      <p class=\"excerpt\">Cr\u00e9er un jardin agro\u00e9cologique chez soi, c\u2019est choisir un mode de culture respectueux de la nature, de &#8230;<\/p>\n    <\/div>\n\n    <p class=\"entry-date\">\n      Publi\u00e9 le 30 avril 2026    <\/p>\n\n  <\/div>\n<\/article>\n\n        <\/div>\n\n\n              <\/div>\n    <\/section>\n    \n\n\n<section  class=\"wp-block-acf-three-lodges-associated  block-index-86 section-content section-associated-lodges\"   itemprop=\"hasPart\" itemscope itemtype=\"https:\/\/schema.org\/WebPageElement\">\n\n  <div class=\"grid-container full title-button-wrap\">\n    <h2 class=\"section-title\" itemprop=\"name heading\"><\/h2>\n\n      <\/div>\n\n\n  <\/section>\n","protected":false},"excerpt":{"rendered":"<p>Venez profiter de 3 jours de d\u00e9paysement total au Parc de Sainte-Croix ! 18 septembre au 16 octobre 2026 Dormez face aux animaux au c\u0153ur d\u2019une nature pr\u00e9serv\u00e9e ! Quand l\u2019automne s\u2019installe \u00e0 Sainte-Croix, la for\u00eat change de rythme et s\u2019embrase de couleurs chaudes. C\u2019est la saison du brame du cerf, un moment fort et [&hellip;]<\/p>\n","protected":false},"author":10,"featured_media":26265,"comment_status":"closed","ping_status":"closed","sticky":false,"template":"","format":"standard","meta":{"_acf_changed":false,"_themeisle_gutenberg_block_has_review":false,"footnotes":""},"categories":[23],"tags":[],"class_list":["post-40852","post","type-post","status-publish","format-standard","has-post-thumbnail","hentry","category-le-parc"],"acf":[],"yoast_head":"<!-- This site is optimized with the Yoast SEO plugin v27.3 - https:\/\/yoast.com\/product\/yoast-seo-wordpress\/ -->\n<title>3 jours au c\u0153ur du brame | Parc Animalier Sainte-Croix<\/title>\n<meta name=\"description\" content=\"Vivez un s\u00e9jour nature de 3 jours pendant le brame du cerf : immersion, observations guid\u00e9es et nuits magiques au c\u0153ur de la for\u00eat.\" \/>\n<meta name=\"robots\" content=\"index, follow, max-snippet:-1, max-image-preview:large, max-video-preview:-1\" \/>\n<link rel=\"canonical\" href=\"https:\/\/parcsaintecroix.com\/fr\/vivez-un-sejour-exceptionnel-de-3-jours-au-coeur-du-brame-du-cerf\" \/>\n<meta property=\"og:locale\" content=\"fr_FR\" \/>\n<meta property=\"og:type\" content=\"article\" \/>\n<meta property=\"og:title\" content=\"3 jours au c\u0153ur du brame | Parc Animalier Sainte-Croix\" \/>\n<meta property=\"og:description\" content=\"Vivez un s\u00e9jour nature de 3 jours pendant le brame du cerf : immersion, observations guid\u00e9es et nuits magiques au c\u0153ur de la for\u00eat.\" \/>\n<meta property=\"og:url\" content=\"https:\/\/parcsaintecroix.com\/fr\/vivez-un-sejour-exceptionnel-de-3-jours-au-coeur-du-brame-du-cerf\" \/>\n<meta property=\"og:site_name\" content=\"Parc de Saint Croix\" \/>\n<meta property=\"article:publisher\" content=\"https:\/\/www.facebook.com\/LodgesSainteCroix\/\" \/>\n<meta property=\"article:published_time\" content=\"2026-04-28T18:40:00+00:00\" \/>\n<meta property=\"article:modified_time\" content=\"2026-04-30T18:52:54+00:00\" \/>\n<meta property=\"og:image\" content=\"https:\/\/parcsaintecroix.com\/wp-content\/uploads\/2022\/11\/cerf-cp-morgane-bricard-238-scaled.jpg\" \/>\n\t<meta property=\"og:image:width\" content=\"2560\" \/>\n\t<meta property=\"og:image:height\" content=\"1707\" \/>\n\t<meta property=\"og:image:type\" content=\"image\/jpeg\" \/>\n<meta name=\"author\" content=\"Noemie Thiery\" \/>\n<meta name=\"twitter:card\" content=\"summary_large_image\" \/>\n<meta name=\"twitter:creator\" content=\"@parc_stecroix\" \/>\n<meta name=\"twitter:site\" content=\"@parc_stecroix\" \/>\n<meta name=\"twitter:label1\" content=\"\u00c9crit par\" \/>\n\t<meta name=\"twitter:data1\" content=\"Noemie Thiery\" \/>\n\t<meta name=\"twitter:label2\" content=\"Dur\u00e9e de lecture estim\u00e9e\" \/>\n\t<meta name=\"twitter:data2\" content=\"5 minutes\" \/>\n<script type=\"application\/ld+json\" class=\"yoast-schema-graph\">{\"@context\":\"https:\\\/\\\/schema.org\",\"@graph\":[{\"@type\":\"Article\",\"@id\":\"https:\\\/\\\/parcsaintecroix.com\\\/fr\\\/vivez-un-sejour-exceptionnel-de-3-jours-au-coeur-du-brame-du-cerf#article\",\"isPartOf\":{\"@id\":\"https:\\\/\\\/parcsaintecroix.com\\\/fr\\\/vivez-un-sejour-exceptionnel-de-3-jours-au-coeur-du-brame-du-cerf\"},\"author\":{\"name\":\"Noemie Thiery\",\"@id\":\"https:\\\/\\\/parcsaintecroix.com\\\/fr\\\/#\\\/schema\\\/person\\\/65f332915192f61bb9ce8f0cc3ba495b\"},\"headline\":\"Vivez un s\u00e9jour exceptionnel de 3 jours au c\u0153ur du brame du cerf\",\"datePublished\":\"2026-04-28T18:40:00+00:00\",\"dateModified\":\"2026-04-30T18:52:54+00:00\",\"mainEntityOfPage\":{\"@id\":\"https:\\\/\\\/parcsaintecroix.com\\\/fr\\\/vivez-un-sejour-exceptionnel-de-3-jours-au-coeur-du-brame-du-cerf\"},\"wordCount\":712,\"publisher\":{\"@id\":\"https:\\\/\\\/parcsaintecroix.com\\\/fr\\\/#organization\"},\"image\":{\"@id\":\"https:\\\/\\\/parcsaintecroix.com\\\/fr\\\/vivez-un-sejour-exceptionnel-de-3-jours-au-coeur-du-brame-du-cerf#primaryimage\"},\"thumbnailUrl\":\"https:\\\/\\\/parcsaintecroix.com\\\/wp-content\\\/uploads\\\/2022\\\/11\\\/cerf-cp-morgane-bricard-238-scaled.jpg\",\"articleSection\":[\"Le parc\"],\"inLanguage\":\"fr-FR\"},{\"@type\":\"WebPage\",\"@id\":\"https:\\\/\\\/parcsaintecroix.com\\\/fr\\\/vivez-un-sejour-exceptionnel-de-3-jours-au-coeur-du-brame-du-cerf\",\"url\":\"https:\\\/\\\/parcsaintecroix.com\\\/fr\\\/vivez-un-sejour-exceptionnel-de-3-jours-au-coeur-du-brame-du-cerf\",\"name\":\"3 jours au c\u0153ur du brame | Parc Animalier Sainte-Croix\",\"isPartOf\":{\"@id\":\"https:\\\/\\\/parcsaintecroix.com\\\/fr\\\/#website\"},\"primaryImageOfPage\":{\"@id\":\"https:\\\/\\\/parcsaintecroix.com\\\/fr\\\/vivez-un-sejour-exceptionnel-de-3-jours-au-coeur-du-brame-du-cerf#primaryimage\"},\"image\":{\"@id\":\"https:\\\/\\\/parcsaintecroix.com\\\/fr\\\/vivez-un-sejour-exceptionnel-de-3-jours-au-coeur-du-brame-du-cerf#primaryimage\"},\"thumbnailUrl\":\"https:\\\/\\\/parcsaintecroix.com\\\/wp-content\\\/uploads\\\/2022\\\/11\\\/cerf-cp-morgane-bricard-238-scaled.jpg\",\"datePublished\":\"2026-04-28T18:40:00+00:00\",\"dateModified\":\"2026-04-30T18:52:54+00:00\",\"description\":\"Vivez un s\u00e9jour nature de 3 jours pendant le brame du cerf : immersion, observations guid\u00e9es et nuits magiques au c\u0153ur de la for\u00eat.\",\"breadcrumb\":{\"@id\":\"https:\\\/\\\/parcsaintecroix.com\\\/fr\\\/vivez-un-sejour-exceptionnel-de-3-jours-au-coeur-du-brame-du-cerf#breadcrumb\"},\"inLanguage\":\"fr-FR\",\"potentialAction\":[{\"@type\":\"ReadAction\",\"target\":[\"https:\\\/\\\/parcsaintecroix.com\\\/fr\\\/vivez-un-sejour-exceptionnel-de-3-jours-au-coeur-du-brame-du-cerf\"]}]},{\"@type\":\"ImageObject\",\"inLanguage\":\"fr-FR\",\"@id\":\"https:\\\/\\\/parcsaintecroix.com\\\/fr\\\/vivez-un-sejour-exceptionnel-de-3-jours-au-coeur-du-brame-du-cerf#primaryimage\",\"url\":\"https:\\\/\\\/parcsaintecroix.com\\\/wp-content\\\/uploads\\\/2022\\\/11\\\/cerf-cp-morgane-bricard-238-scaled.jpg\",\"contentUrl\":\"https:\\\/\\\/parcsaintecroix.com\\\/wp-content\\\/uploads\\\/2022\\\/11\\\/cerf-cp-morgane-bricard-238-scaled.jpg\",\"width\":2560,\"height\":1707},{\"@type\":\"BreadcrumbList\",\"@id\":\"https:\\\/\\\/parcsaintecroix.com\\\/fr\\\/vivez-un-sejour-exceptionnel-de-3-jours-au-coeur-du-brame-du-cerf#breadcrumb\",\"itemListElement\":[{\"@type\":\"ListItem\",\"position\":1,\"name\":\"Accueil\",\"item\":\"https:\\\/\\\/parcsaintecroix.com\\\/fr\"},{\"@type\":\"ListItem\",\"position\":2,\"name\":\"Vivez un s\u00e9jour exceptionnel de 3 jours au c\u0153ur du brame du cerf\"}]},{\"@type\":\"WebSite\",\"@id\":\"https:\\\/\\\/parcsaintecroix.com\\\/fr\\\/#website\",\"url\":\"https:\\\/\\\/parcsaintecroix.com\\\/fr\\\/\",\"name\":\"Parc de Saint Croix\",\"description\":\"\",\"publisher\":{\"@id\":\"https:\\\/\\\/parcsaintecroix.com\\\/fr\\\/#organization\"},\"inLanguage\":\"fr-FR\"},{\"@type\":\"Organization\",\"@id\":\"https:\\\/\\\/parcsaintecroix.com\\\/fr\\\/#organization\",\"name\":\"Parc de Saint Croix\",\"url\":\"https:\\\/\\\/parcsaintecroix.com\\\/fr\\\/\",\"logo\":{\"@type\":\"ImageObject\",\"inLanguage\":\"fr-FR\",\"@id\":\"https:\\\/\\\/parcsaintecroix.com\\\/fr\\\/#\\\/schema\\\/logo\\\/image\\\/\",\"url\":\"https:\\\/\\\/parcsaintecroix.com\\\/wp-content\\\/uploads\\\/2022\\\/09\\\/SainteCroix-Favicon.png\",\"contentUrl\":\"https:\\\/\\\/parcsaintecroix.com\\\/wp-content\\\/uploads\\\/2022\\\/09\\\/SainteCroix-Favicon.png\",\"width\":512,\"height\":512,\"caption\":\"Parc de Saint Croix\"},\"image\":{\"@id\":\"https:\\\/\\\/parcsaintecroix.com\\\/fr\\\/#\\\/schema\\\/logo\\\/image\\\/\"},\"sameAs\":[\"https:\\\/\\\/www.facebook.com\\\/LodgesSainteCroix\\\/\",\"https:\\\/\\\/x.com\\\/parc_stecroix\"]},{\"@type\":\"Person\",\"@id\":\"https:\\\/\\\/parcsaintecroix.com\\\/fr\\\/#\\\/schema\\\/person\\\/65f332915192f61bb9ce8f0cc3ba495b\",\"name\":\"Noemie Thiery\"}]}<\/script>\n<!-- \/ Yoast SEO plugin. -->","yoast_head_json":{"title":"3 jours au c\u0153ur du brame | Parc Animalier Sainte-Croix","description":"Vivez un s\u00e9jour nature de 3 jours pendant le brame du cerf : immersion, observations guid\u00e9es et nuits magiques au c\u0153ur de la for\u00eat.","robots":{"index":"index","follow":"follow","max-snippet":"max-snippet:-1","max-image-preview":"max-image-preview:large","max-video-preview":"max-video-preview:-1"},"canonical":"https:\/\/parcsaintecroix.com\/fr\/vivez-un-sejour-exceptionnel-de-3-jours-au-coeur-du-brame-du-cerf","og_locale":"fr_FR","og_type":"article","og_title":"3 jours au c\u0153ur du brame | Parc Animalier Sainte-Croix","og_description":"Vivez un s\u00e9jour nature de 3 jours pendant le brame du cerf : immersion, observations guid\u00e9es et nuits magiques au c\u0153ur de la for\u00eat.","og_url":"https:\/\/parcsaintecroix.com\/fr\/vivez-un-sejour-exceptionnel-de-3-jours-au-coeur-du-brame-du-cerf","og_site_name":"Parc de Saint Croix","article_publisher":"https:\/\/www.facebook.com\/LodgesSainteCroix\/","article_published_time":"2026-04-28T18:40:00+00:00","article_modified_time":"2026-04-30T18:52:54+00:00","og_image":[{"width":2560,"height":1707,"url":"https:\/\/parcsaintecroix.com\/wp-content\/uploads\/2022\/11\/cerf-cp-morgane-bricard-238-scaled.jpg","type":"image\/jpeg"}],"author":"Noemie Thiery","twitter_card":"summary_large_image","twitter_creator":"@parc_stecroix","twitter_site":"@parc_stecroix","twitter_misc":{"\u00c9crit par":"Noemie Thiery","Dur\u00e9e de lecture estim\u00e9e":"5 minutes"},"schema":{"@context":"https:\/\/schema.org","@graph":[{"@type":"Article","@id":"https:\/\/parcsaintecroix.com\/fr\/vivez-un-sejour-exceptionnel-de-3-jours-au-coeur-du-brame-du-cerf#article","isPartOf":{"@id":"https:\/\/parcsaintecroix.com\/fr\/vivez-un-sejour-exceptionnel-de-3-jours-au-coeur-du-brame-du-cerf"},"author":{"name":"Noemie Thiery","@id":"https:\/\/parcsaintecroix.com\/fr\/#\/schema\/person\/65f332915192f61bb9ce8f0cc3ba495b"},"headline":"Vivez un s\u00e9jour exceptionnel de 3 jours au c\u0153ur du brame du cerf","datePublished":"2026-04-28T18:40:00+00:00","dateModified":"2026-04-30T18:52:54+00:00","mainEntityOfPage":{"@id":"https:\/\/parcsaintecroix.com\/fr\/vivez-un-sejour-exceptionnel-de-3-jours-au-coeur-du-brame-du-cerf"},"wordCount":712,"publisher":{"@id":"https:\/\/parcsaintecroix.com\/fr\/#organization"},"image":{"@id":"https:\/\/parcsaintecroix.com\/fr\/vivez-un-sejour-exceptionnel-de-3-jours-au-coeur-du-brame-du-cerf#primaryimage"},"thumbnailUrl":"https:\/\/parcsaintecroix.com\/wp-content\/uploads\/2022\/11\/cerf-cp-morgane-bricard-238-scaled.jpg","articleSection":["Le parc"],"inLanguage":"fr-FR"},{"@type":"WebPage","@id":"https:\/\/parcsaintecroix.com\/fr\/vivez-un-sejour-exceptionnel-de-3-jours-au-coeur-du-brame-du-cerf","url":"https:\/\/parcsaintecroix.com\/fr\/vivez-un-sejour-exceptionnel-de-3-jours-au-coeur-du-brame-du-cerf","name":"3 jours au c\u0153ur du brame | Parc Animalier Sainte-Croix","isPartOf":{"@id":"https:\/\/parcsaintecroix.com\/fr\/#website"},"primaryImageOfPage":{"@id":"https:\/\/parcsaintecroix.com\/fr\/vivez-un-sejour-exceptionnel-de-3-jours-au-coeur-du-brame-du-cerf#primaryimage"},"image":{"@id":"https:\/\/parcsaintecroix.com\/fr\/vivez-un-sejour-exceptionnel-de-3-jours-au-coeur-du-brame-du-cerf#primaryimage"},"thumbnailUrl":"https:\/\/parcsaintecroix.com\/wp-content\/uploads\/2022\/11\/cerf-cp-morgane-bricard-238-scaled.jpg","datePublished":"2026-04-28T18:40:00+00:00","dateModified":"2026-04-30T18:52:54+00:00","description":"Vivez un s\u00e9jour nature de 3 jours pendant le brame du cerf : immersion, observations guid\u00e9es et nuits magiques au c\u0153ur de la for\u00eat.","breadcrumb":{"@id":"https:\/\/parcsaintecroix.com\/fr\/vivez-un-sejour-exceptionnel-de-3-jours-au-coeur-du-brame-du-cerf#breadcrumb"},"inLanguage":"fr-FR","potentialAction":[{"@type":"ReadAction","target":["https:\/\/parcsaintecroix.com\/fr\/vivez-un-sejour-exceptionnel-de-3-jours-au-coeur-du-brame-du-cerf"]}]},{"@type":"ImageObject","inLanguage":"fr-FR","@id":"https:\/\/parcsaintecroix.com\/fr\/vivez-un-sejour-exceptionnel-de-3-jours-au-coeur-du-brame-du-cerf#primaryimage","url":"https:\/\/parcsaintecroix.com\/wp-content\/uploads\/2022\/11\/cerf-cp-morgane-bricard-238-scaled.jpg","contentUrl":"https:\/\/parcsaintecroix.com\/wp-content\/uploads\/2022\/11\/cerf-cp-morgane-bricard-238-scaled.jpg","width":2560,"height":1707},{"@type":"BreadcrumbList","@id":"https:\/\/parcsaintecroix.com\/fr\/vivez-un-sejour-exceptionnel-de-3-jours-au-coeur-du-brame-du-cerf#breadcrumb","itemListElement":[{"@type":"ListItem","position":1,"name":"Accueil","item":"https:\/\/parcsaintecroix.com\/fr"},{"@type":"ListItem","position":2,"name":"Vivez un s\u00e9jour exceptionnel de 3 jours au c\u0153ur du brame du cerf"}]},{"@type":"WebSite","@id":"https:\/\/parcsaintecroix.com\/fr\/#website","url":"https:\/\/parcsaintecroix.com\/fr\/","name":"Parc de Saint Croix","description":"","publisher":{"@id":"https:\/\/parcsaintecroix.com\/fr\/#organization"},"inLanguage":"fr-FR"},{"@type":"Organization","@id":"https:\/\/parcsaintecroix.com\/fr\/#organization","name":"Parc de Saint Croix","url":"https:\/\/parcsaintecroix.com\/fr\/","logo":{"@type":"ImageObject","inLanguage":"fr-FR","@id":"https:\/\/parcsaintecroix.com\/fr\/#\/schema\/logo\/image\/","url":"https:\/\/parcsaintecroix.com\/wp-content\/uploads\/2022\/09\/SainteCroix-Favicon.png","contentUrl":"https:\/\/parcsaintecroix.com\/wp-content\/uploads\/2022\/09\/SainteCroix-Favicon.png","width":512,"height":512,"caption":"Parc de Saint Croix"},"image":{"@id":"https:\/\/parcsaintecroix.com\/fr\/#\/schema\/logo\/image\/"},"sameAs":["https:\/\/www.facebook.com\/LodgesSainteCroix\/","https:\/\/x.com\/parc_stecroix"]},{"@type":"Person","@id":"https:\/\/parcsaintecroix.com\/fr\/#\/schema\/person\/65f332915192f61bb9ce8f0cc3ba495b","name":"Noemie Thiery"}]}},"_links":{"self":[{"href":"https:\/\/parcsaintecroix.com\/fr\/wp-json\/wp\/v2\/posts\/40852","targetHints":{"allow":["GET"]}}],"collection":[{"href":"https:\/\/parcsaintecroix.com\/fr\/wp-json\/wp\/v2\/posts"}],"about":[{"href":"https:\/\/parcsaintecroix.com\/fr\/wp-json\/wp\/v2\/types\/post"}],"author":[{"embeddable":true,"href":"https:\/\/parcsaintecroix.com\/fr\/wp-json\/wp\/v2\/users\/10"}],"replies":[{"embeddable":true,"href":"https:\/\/parcsaintecroix.com\/fr\/wp-json\/wp\/v2\/comments?post=40852"}],"version-history":[{"count":5,"href":"https:\/\/parcsaintecroix.com\/fr\/wp-json\/wp\/v2\/posts\/40852\/revisions"}],"predecessor-version":[{"id":41191,"href":"https:\/\/parcsaintecroix.com\/fr\/wp-json\/wp\/v2\/posts\/40852\/revisions\/41191"}],"wp:featuredmedia":[{"embeddable":true,"href":"https:\/\/parcsaintecroix.com\/fr\/wp-json\/wp\/v2\/media\/26265"}],"wp:attachment":[{"href":"https:\/\/parcsaintecroix.com\/fr\/wp-json\/wp\/v2\/media?parent=40852"}],"wp:term":[{"taxonomy":"category","embeddable":true,"href":"https:\/\/parcsaintecroix.com\/fr\/wp-json\/wp\/v2\/categories?post=40852"},{"taxonomy":"post_tag","embeddable":true,"href":"https:\/\/parcsaintecroix.com\/fr\/wp-json\/wp\/v2\/tags?post=40852"}],"curies":[{"name":"wp","href":"https:\/\/api.w.org\/{rel}","templated":true}]}}