{"id":41046,"date":"2026-04-30T18:54:17","date_gmt":"2026-04-30T16:54:17","guid":{"rendered":"https:\/\/parcsaintecroix.com\/?p=41046"},"modified":"2026-04-30T19:46:38","modified_gmt":"2026-04-30T17:46:38","slug":"sainte-croix-agit-pour-la-sauvegarde-des-especes","status":"publish","type":"post","link":"https:\/\/parcsaintecroix.com\/fr\/sainte-croix-agit-pour-la-sauvegarde-des-especes","title":{"rendered":"Sainte-Croix, agit pour la sauvegarde des esp\u00e8ces\u00a0"},"content":{"rendered":"<section class=\"block-grid-wrapper block-grid-for-core-paragraph\">\n      <div class=\"default-editor-content grid-for-core-paragraph grid-container fluid fluid\">\n        <div class=\"grid-x grid-padding-x align-center\">\n          <div class=\"cell\">\n            \n<p class=\"has-text-align-center\">Observer un loup, entendre le chant d\u2019un grand t\u00e9tras, croiser une cigogne survolant les \u00e9tangs\u2026 \u00c0 Sainte-Croix, chaque rencontre avec un animal raconte une histoire plus grande : celle de la pr\u00e9servation du vivant.&nbsp;<\/p>\n          <\/div>\n        <\/div>\n      <\/div>\n\n      <\/section>\n\n<section class=\"block-grid-wrapper block-grid-for-core-paragraph\">\n      <div class=\"default-editor-content grid-for-core-paragraph grid-container fluid fluid\">\n        <div class=\"grid-x grid-padding-x align-center\">\n          <div class=\"cell\">\n            \n<p class=\"has-text-align-center\">Depuis plus de 45 ans, le Parc Animalier de Sainte-Croix est bien plus qu\u2019un lieu d\u2019\u00e9merveillement. C\u2019est une v\u00e9ritable \u00e9cole de la nature, engag\u00e9e chaque jour pour prot\u00e9ger les esp\u00e8ces menac\u00e9es, restaurer des milieux naturels et imaginer de nouvelles fa\u00e7ons de faire cohabiter humains et faune sauvage.&nbsp;&nbsp;<\/p>\n          <\/div>\n        <\/div>\n      <\/div>\n\n      <\/section>\n\n<section class=\"block-grid-wrapper block-grid-for-core-heading\">\n      <div class=\"default-editor-content grid-for-core-heading grid-container fluid fluid\">\n        <div class=\"grid-x grid-padding-x align-center\">\n          <div class=\"cell\">\n            \n<h2 class=\"wp-block-heading has-text-align-left\"><strong><strong><strong><strong><strong><strong>Une nature \u00e0 prot\u00e9ger<\/strong> pour \u00eatre admir\u00e9e&nbsp;<\/strong><\/strong><\/strong><\/strong><\/strong><\/h2>\n          <\/div>\n        <\/div>\n      <\/div>\n\n      <\/section>\n\n<section class=\"block-grid-wrapper block-grid-for-core-paragraph\">\n      <div class=\"default-editor-content grid-for-core-paragraph grid-container fluid fluid\">\n        <div class=\"grid-x grid-padding-x align-center\">\n          <div class=\"cell\">\n            \n<p>A Sainte-Croix, la conservation ne se limite pas aux fronti\u00e8res du parc, elle va plus loin.&nbsp;<\/p>\n          <\/div>\n        <\/div>\n      <\/div>\n\n      <\/section>\n\n<section class=\"block-grid-wrapper block-grid-for-core-paragraph\">\n      <div class=\"default-editor-content grid-for-core-paragraph grid-container fluid fluid\">\n        <div class=\"grid-x grid-padding-x align-center\">\n          <div class=\"cell\">\n            \n<p>Au Parc, nous agissons pour la biodiversit\u00e9 principalement&nbsp;<strong>sur le terrain<\/strong>, aux c\u00f4t\u00e9s de nombreux partenaires, en Lorraine, en France et en Europe. Cette approche 360\u00b0 repose sur une conviction simple:&nbsp;<\/p>\n          <\/div>\n        <\/div>\n      <\/div>\n\n      <\/section>\n\n<section class=\"block-grid-wrapper block-grid-for-core-paragraph\">\n      <div class=\"default-editor-content grid-for-core-paragraph grid-container fluid fluid\">\n        <div class=\"grid-x grid-padding-x align-center\">\n          <div class=\"cell\">\n            \n<p><strong>Prot\u00e9ger une esp\u00e8ce, c\u2019est aussi prot\u00e9ger son habitat, accompagner les territoires et recr\u00e9er des \u00e9quilibres durables.<\/strong>&nbsp;<\/p>\n          <\/div>\n        <\/div>\n      <\/div>\n\n      <\/section>\n\n<section class=\"block-grid-wrapper block-grid-for-core-media-text\">\n      <div class=\"default-editor-content grid-for-core-media-text grid-container fluid fluid\">\n        <div class=\"grid-x grid-padding-x align-center\">\n          <div class=\"cell\">\n            \n<div class=\"wp-block-media-text is-stacked-on-mobile\" style=\"grid-template-columns:59% auto\"><figure class=\"wp-block-media-text__media\"><img decoding=\"async\" src=\"https:\/\/parcsaintecroix.com\/wp-content\/uploads\/2026\/04\/ferme-des-vents-agriculteur-1024x768.jpg\" alt=\"\" class=\"wp-image-41175 size-full\"\/><\/figure><div class=\"wp-block-media-text__content\">\n<p>Cela passe par :&nbsp;<\/p>\n\n\n\n<ul class=\"wp-block-list\">\n<li>le&nbsp;soutien \u00e0 des programmes de sauvegarde d\u2019esp\u00e8ces menac\u00e9es,&nbsp;&nbsp;<\/li>\n\n\n\n<li>la&nbsp;restauration de milieux naturels comme les zones humides,&nbsp;&nbsp;<\/li>\n\n\n\n<li>des&nbsp;actions en faveur de la cohabitation avec le loup, le lynx ou l\u2019ours,&nbsp;&nbsp;<\/li>\n\n\n\n<li>et\u00a0des projets comme\u00a0<strong><a href=\"https:\/\/parcsaintecroix.com\/fr\/decouvrir-le-parc\/la-ferme-des-vents\">La Ferme des Vents<\/a><\/strong>, o\u00f9 agriculture et biodiversit\u00e9 avancent ensemble.<\/li>\n<\/ul>\n\n\n\n<ul class=\"wp-block-list\"><\/ul>\n\n\n\n<ul class=\"wp-block-list\"><\/ul>\n<\/div><\/div>\n          <\/div>\n        <\/div>\n      <\/div>\n\n      <\/section>\n\n<section class=\"block-grid-wrapper block-grid-for-core-buttons\">\n      <div class=\"default-editor-content grid-for-core-buttons grid-container fluid fluid\">\n        <div class=\"grid-x grid-padding-x align-center\">\n          <div class=\"cell\">\n            \n<div class=\"wp-block-buttons is-content-justification-center is-layout-flex wp-container-core-buttons-is-layout-16018d1d wp-block-buttons-is-layout-flex\">\n<div class=\"wp-block-button is-style-transparent-button-with-blue-border\"><a class=\"wp-block-button__link button-icon-- wp-element-button\" href=\"https:\/\/parcsaintecroix.com\/fr\/engagez-vous\">EN savoir plus sur nos actions<\/a><\/div>\n<\/div>\n          <\/div>\n        <\/div>\n      <\/div>\n\n      <\/section>\n\n<section class=\"block-grid-wrapper block-grid-for-core-heading\">\n      <div class=\"default-editor-content grid-for-core-heading grid-container fluid fluid\">\n        <div class=\"grid-x grid-padding-x align-center\">\n          <div class=\"cell\">\n            \n<h2 class=\"wp-block-heading\"><strong><strong><strong><strong>Quand les naissances deviennent des espoirs<\/strong><\/strong><\/strong><\/strong><\/h2>\n          <\/div>\n        <\/div>\n      <\/div>\n\n      <\/section>\n\n<section class=\"block-grid-wrapper block-grid-for-core-paragraph\">\n      <div class=\"default-editor-content grid-for-core-paragraph grid-container fluid fluid\">\n        <div class=\"grid-x grid-padding-x align-center\">\n          <div class=\"cell\">\n            \n<p>Certaines naissances au parc sont bien plus que de belles nouvelles\u2026 elles participent parfois au retour d\u2019esp\u00e8ces dans la nature.&nbsp;<\/p>\n          <\/div>\n        <\/div>\n      <\/div>\n\n      <\/section>\n\n<section class=\"block-grid-wrapper block-grid-for-core-paragraph\">\n      <div class=\"default-editor-content grid-for-core-paragraph grid-container fluid fluid\">\n        <div class=\"grid-x grid-padding-x align-center\">\n          <div class=\"cell\">\n            \n<p>En 2025, plusieurs succ\u00e8s ont marqu\u00e9 cette mission :&nbsp;<\/p>\n          <\/div>\n        <\/div>\n      <\/div>\n\n      <\/section>\n\n<section class=\"block-grid-wrapper block-grid-for-core-list\">\n      <div class=\"default-editor-content grid-for-core-list grid-container fluid fluid\">\n        <div class=\"grid-x grid-padding-x align-center\">\n          <div class=\"cell\">\n            \n<ul class=\"wp-block-list\">\n<li><strong>13 <a href=\"https:\/\/parcsaintecroix.com\/fr\/nyroca-en-pologne\">fuligules&nbsp;nyrocas<\/a><\/strong>&nbsp;sont n\u00e9s au parc, dont 12 rejoindront un programme de r\u00e9introduction en Pologne.&nbsp;&nbsp;<\/li>\n\n\n\n<li><strong>4 <a href=\"https:\/\/parcsaintecroix.com\/fr\/reintroduction-de-chouettes-de-loural-en-baviere\">chouettes de l\u2019Oural<\/a><\/strong>&nbsp;ont vu le jour, dont 3 rel\u00e2ch\u00e9es dans la nature en Bavi\u00e8re.&nbsp;&nbsp;<\/li>\n\n\n\n<li><strong>38 <a href=\"https:\/\/parcsaintecroix.com\/fr\/est-ce-que-grand-tetras-espece-menacee\">grands t\u00e9tras<\/a><\/strong>&nbsp;ont \u00e9t\u00e9 \u00e9lev\u00e9s pour soutenir plusieurs programmes europ\u00e9ens.&nbsp;&nbsp;<\/li>\n\n\n\n<li>Un jeune&nbsp;<strong><a href=\"https:\/\/parcsaintecroix.com\/fr\/reintroduction-du-vautour-fauve\">vautour fauve<\/a><\/strong>&nbsp;n\u00e9 \u00e0 Sainte-Croix a rejoint un programme de r\u00e9introduction en Bulgarie.&nbsp;<\/li>\n<\/ul>\n          <\/div>\n        <\/div>\n      <\/div>\n\n      <\/section>\n\n<section class=\"block-grid-wrapper block-grid-for-core-paragraph\">\n      <div class=\"default-editor-content grid-for-core-paragraph grid-container fluid fluid\">\n        <div class=\"grid-x grid-padding-x align-center\">\n          <div class=\"cell\">\n            \n<p>Derri\u00e8re chaque naissance, il y a des ann\u00e9es d\u2019expertise, de soins et d\u2019engagement pour des esp\u00e8ces parfois au bord\u00a0de l&rsquo;oubli.\u00a0\u00a0<\/p>\n          <\/div>\n        <\/div>\n      <\/div>\n\n      <\/section>\n\n<section class=\"block-grid-wrapper block-grid-for-core-list\">\n      <div class=\"default-editor-content grid-for-core-list grid-container fluid fluid\">\n        <div class=\"grid-x grid-padding-x align-center\">\n          <div class=\"cell\">\n            \n<ul class=\"wp-block-list\"><\/ul>\n          <\/div>\n        <\/div>\n      <\/div>\n\n      <\/section>\n\n<section class=\"block-grid-wrapper block-grid-for-core-list\">\n      <div class=\"default-editor-content grid-for-core-list grid-container fluid fluid\">\n        <div class=\"grid-x grid-padding-x align-center\">\n          <div class=\"cell\">\n            \n<ul class=\"wp-block-list\"><\/ul>\n          <\/div>\n        <\/div>\n      <\/div>\n\n      <\/section>\n\n<section class=\"block-grid-wrapper block-grid-for-core-list\">\n      <div class=\"default-editor-content grid-for-core-list grid-container fluid fluid\">\n        <div class=\"grid-x grid-padding-x align-center\">\n          <div class=\"cell\">\n            \n<ul class=\"wp-block-list\"><\/ul>\n          <\/div>\n        <\/div>\n      <\/div>\n\n      <\/section>\n\n\n<section  class=\"wp-block-acf-home-insta-slider-v2  block-index-29 section-content section-home-insta-slider section-home-insta-slider-v2\"   itemprop=\"hasPart\" itemscope itemtype=\"https:\/\/schema.org\/WebPageElement\">\n\n  <div class=\"grid-container fluid grid-insta\">\n\n    \n    \n  <\/div>\n\n      <div class=\"home-insta-slider home-insta-slider-v2\">\n                <div>\n            \n            <figure>\n              <picture><source srcset=\"data:image\/svg+xml;base64,PHN2ZyB4bWxucz0naHR0cDovL3d3dy53My5vcmcvMjAwMC9zdmcnIHk9JzAnIHg9JzAnIHdpZHRoPScxMzY2JyBoZWlnaHQ9JzEzNjYnIHZpZXdCb3g9JzAgMCAxMzY2IDEzNjYnPjwvc3ZnPg==\" data-srcset=\"https:\/\/parcsaintecroix.com\/wp-content\/uploads\/2024\/06\/cp-Margaux-C-8-1366x1366-9a47d799afc0.jpg\" media=\"(min-width: 90rem) and (min-resolution: 192dpi), (min-width: 90rem) and (-webkit-min-device-pixel-ratio: 2)\"><source srcset=\"data:image\/svg+xml;base64,PHN2ZyB4bWxucz0naHR0cDovL3d3dy53My5vcmcvMjAwMC9zdmcnIHk9JzAnIHg9JzAnIHdpZHRoPScxMTE0JyBoZWlnaHQ9JzExMTQnIHZpZXdCb3g9JzAgMCAxMTE0IDExMTQnPjwvc3ZnPg==\" data-srcset=\"https:\/\/parcsaintecroix.com\/wp-content\/uploads\/2024\/06\/cp-Margaux-C-8-1114x1114-9019338081fd.jpg\" media=\"(min-width: 75rem) and (min-resolution: 192dpi), (min-width: 75rem) and (-webkit-min-device-pixel-ratio: 2)\"><source srcset=\"data:image\/svg+xml;base64,PHN2ZyB4bWxucz0naHR0cDovL3d3dy53My5vcmcvMjAwMC9zdmcnIHk9JzAnIHg9JzAnIHdpZHRoPSc3NDAnIGhlaWdodD0nNzQwJyB2aWV3Qm94PScwIDAgNzQwIDc0MCc+PC9zdmc+\" data-srcset=\"https:\/\/parcsaintecroix.com\/wp-content\/uploads\/2024\/06\/cp-Margaux-C-8-740x740-541343d2b933.jpg\" media=\"(min-width: 64rem) and (min-resolution: 192dpi), (min-width: 64rem) and (-webkit-min-device-pixel-ratio: 2)\"><source srcset=\"data:image\/svg+xml;base64,PHN2ZyB4bWxucz0naHR0cDovL3d3dy53My5vcmcvMjAwMC9zdmcnIHk9JzAnIHg9JzAnIHdpZHRoPSc0OTInIGhlaWdodD0nNDkyJyB2aWV3Qm94PScwIDAgNDkyIDQ5Mic+PC9zdmc+\" data-srcset=\"https:\/\/parcsaintecroix.com\/wp-content\/uploads\/2024\/06\/cp-Margaux-C-8-492x492-11f09bf121b8.jpg\" media=\"(min-resolution: 192dpi), (-webkit-min-device-pixel-ratio: 2)\"><source srcset=\"data:image\/svg+xml;base64,PHN2ZyB4bWxucz0naHR0cDovL3d3dy53My5vcmcvMjAwMC9zdmcnIHk9JzAnIHg9JzAnIHdpZHRoPSc3MTcnIGhlaWdodD0nNzE3JyB2aWV3Qm94PScwIDAgNzE3IDcxNyc+PC9zdmc+\" data-srcset=\"https:\/\/parcsaintecroix.com\/wp-content\/uploads\/2024\/06\/cp-Margaux-C-8-717x717-63289f274e1a.jpg\" media=\"(min-width: 90rem)\"><source srcset=\"data:image\/svg+xml;base64,PHN2ZyB4bWxucz0naHR0cDovL3d3dy53My5vcmcvMjAwMC9zdmcnIHk9JzAnIHg9JzAnIHdpZHRoPSc1NTcnIGhlaWdodD0nNTU3JyB2aWV3Qm94PScwIDAgNTU3IDU1Nyc+PC9zdmc+\" data-srcset=\"https:\/\/parcsaintecroix.com\/wp-content\/uploads\/2024\/06\/cp-Margaux-C-8-557x557-87d4579f6953.jpg\" media=\"(min-width: 75rem)\"><source srcset=\"data:image\/svg+xml;base64,PHN2ZyB4bWxucz0naHR0cDovL3d3dy53My5vcmcvMjAwMC9zdmcnIHk9JzAnIHg9JzAnIHdpZHRoPSczNzAnIGhlaWdodD0nMzcwJyB2aWV3Qm94PScwIDAgMzcwIDM3MCc+PC9zdmc+\" data-srcset=\"https:\/\/parcsaintecroix.com\/wp-content\/uploads\/2024\/06\/cp-Margaux-C-8-370x370-dcf66bb03c69.jpg\" media=\"(min-width: 64rem)\"><img loading=\"lazy\" decoding=\"async\" src=\"data:image\/svg+xml;base64,PHN2ZyB4bWxucz0naHR0cDovL3d3dy53My5vcmcvMjAwMC9zdmcnIHk9JzAnIHg9JzAnIHdpZHRoPScyNDYnIGhlaWdodD0nMjQ2JyB2aWV3Qm94PScwIDAgMjQ2IDI0Nic+PC9zdmc+\"  width=\"246\" height=\"246\" data-fade-in data-lazy-img data-src=\"https:\/\/parcsaintecroix.com\/wp-content\/uploads\/2024\/06\/cp-Margaux-C-8-246x246-f0cddf1a034a.jpg\" alt=\"\" style=\";--aspect-ratio-small: 1;--aspect-ratio-large: 1;--aspect-ratio-xlarge: 1;--aspect-ratio-xxlarge: 1;--aspect-ratio-retina: 1;--aspect-ratio-large_retina: 1;--aspect-ratio-xlarge_retina: 1;--aspect-ratio-xxlarge_retina: 1\" data-has-aspect-ratio=\"true\" \/><\/picture>            <\/figure>\n\n                      <\/div>\n                  <div>\n            \n            <figure>\n              <picture><source srcset=\"data:image\/svg+xml;base64,PHN2ZyB4bWxucz0naHR0cDovL3d3dy53My5vcmcvMjAwMC9zdmcnIHk9JzAnIHg9JzAnIHdpZHRoPScxNDM0JyBoZWlnaHQ9JzE0MzQnIHZpZXdCb3g9JzAgMCAxNDM0IDE0MzQnPjwvc3ZnPg==\" data-srcset=\"https:\/\/parcsaintecroix.com\/wp-content\/uploads\/2025\/06\/CP-Morgane-Bricard-10-scaled-1434x1434-9a47d799afc0.jpg\" media=\"(min-width: 90rem) and (min-resolution: 192dpi), (min-width: 90rem) and (-webkit-min-device-pixel-ratio: 2)\"><source srcset=\"data:image\/svg+xml;base64,PHN2ZyB4bWxucz0naHR0cDovL3d3dy53My5vcmcvMjAwMC9zdmcnIHk9JzAnIHg9JzAnIHdpZHRoPScxMTE0JyBoZWlnaHQ9JzExMTQnIHZpZXdCb3g9JzAgMCAxMTE0IDExMTQnPjwvc3ZnPg==\" data-srcset=\"https:\/\/parcsaintecroix.com\/wp-content\/uploads\/2025\/06\/CP-Morgane-Bricard-10-scaled-1114x1114-9019338081fd.jpg\" media=\"(min-width: 75rem) and (min-resolution: 192dpi), (min-width: 75rem) and (-webkit-min-device-pixel-ratio: 2)\"><source srcset=\"data:image\/svg+xml;base64,PHN2ZyB4bWxucz0naHR0cDovL3d3dy53My5vcmcvMjAwMC9zdmcnIHk9JzAnIHg9JzAnIHdpZHRoPSc3NDAnIGhlaWdodD0nNzQwJyB2aWV3Qm94PScwIDAgNzQwIDc0MCc+PC9zdmc+\" data-srcset=\"https:\/\/parcsaintecroix.com\/wp-content\/uploads\/2025\/06\/CP-Morgane-Bricard-10-scaled-740x740-541343d2b933.jpg\" media=\"(min-width: 64rem) and (min-resolution: 192dpi), (min-width: 64rem) and (-webkit-min-device-pixel-ratio: 2)\"><source srcset=\"data:image\/svg+xml;base64,PHN2ZyB4bWxucz0naHR0cDovL3d3dy53My5vcmcvMjAwMC9zdmcnIHk9JzAnIHg9JzAnIHdpZHRoPSc0OTInIGhlaWdodD0nNDkyJyB2aWV3Qm94PScwIDAgNDkyIDQ5Mic+PC9zdmc+\" data-srcset=\"https:\/\/parcsaintecroix.com\/wp-content\/uploads\/2025\/06\/CP-Morgane-Bricard-10-scaled-492x492-11f09bf121b8.jpg\" media=\"(min-resolution: 192dpi), (-webkit-min-device-pixel-ratio: 2)\"><source srcset=\"data:image\/svg+xml;base64,PHN2ZyB4bWxucz0naHR0cDovL3d3dy53My5vcmcvMjAwMC9zdmcnIHk9JzAnIHg9JzAnIHdpZHRoPSc3MTcnIGhlaWdodD0nNzE3JyB2aWV3Qm94PScwIDAgNzE3IDcxNyc+PC9zdmc+\" data-srcset=\"https:\/\/parcsaintecroix.com\/wp-content\/uploads\/2025\/06\/CP-Morgane-Bricard-10-scaled-717x717-63289f274e1a.jpg\" media=\"(min-width: 90rem)\"><source srcset=\"data:image\/svg+xml;base64,PHN2ZyB4bWxucz0naHR0cDovL3d3dy53My5vcmcvMjAwMC9zdmcnIHk9JzAnIHg9JzAnIHdpZHRoPSc1NTcnIGhlaWdodD0nNTU3JyB2aWV3Qm94PScwIDAgNTU3IDU1Nyc+PC9zdmc+\" data-srcset=\"https:\/\/parcsaintecroix.com\/wp-content\/uploads\/2025\/06\/CP-Morgane-Bricard-10-scaled-557x557-87d4579f6953.jpg\" media=\"(min-width: 75rem)\"><source srcset=\"data:image\/svg+xml;base64,PHN2ZyB4bWxucz0naHR0cDovL3d3dy53My5vcmcvMjAwMC9zdmcnIHk9JzAnIHg9JzAnIHdpZHRoPSczNzAnIGhlaWdodD0nMzcwJyB2aWV3Qm94PScwIDAgMzcwIDM3MCc+PC9zdmc+\" data-srcset=\"https:\/\/parcsaintecroix.com\/wp-content\/uploads\/2025\/06\/CP-Morgane-Bricard-10-scaled-370x370-dcf66bb03c69.jpg\" media=\"(min-width: 64rem)\"><img loading=\"lazy\" decoding=\"async\" src=\"data:image\/svg+xml;base64,PHN2ZyB4bWxucz0naHR0cDovL3d3dy53My5vcmcvMjAwMC9zdmcnIHk9JzAnIHg9JzAnIHdpZHRoPScyNDYnIGhlaWdodD0nMjQ2JyB2aWV3Qm94PScwIDAgMjQ2IDI0Nic+PC9zdmc+\"  width=\"246\" height=\"246\" data-fade-in data-lazy-img data-src=\"https:\/\/parcsaintecroix.com\/wp-content\/uploads\/2025\/06\/CP-Morgane-Bricard-10-scaled-246x246-f0cddf1a034a.jpg\" alt=\"\" style=\";--aspect-ratio-small: 1;--aspect-ratio-large: 1;--aspect-ratio-xlarge: 1;--aspect-ratio-xxlarge: 1;--aspect-ratio-retina: 1;--aspect-ratio-large_retina: 1;--aspect-ratio-xlarge_retina: 1;--aspect-ratio-xxlarge_retina: 1\" data-has-aspect-ratio=\"true\" \/><\/picture>            <\/figure>\n\n                      <\/div>\n                  <div>\n            \n            <figure>\n              <picture><source srcset=\"data:image\/svg+xml;base64,PHN2ZyB4bWxucz0naHR0cDovL3d3dy53My5vcmcvMjAwMC9zdmcnIHk9JzAnIHg9JzAnIHdpZHRoPScxNDM0JyBoZWlnaHQ9JzE0MzQnIHZpZXdCb3g9JzAgMCAxNDM0IDE0MzQnPjwvc3ZnPg==\" data-srcset=\"https:\/\/parcsaintecroix.com\/wp-content\/uploads\/2026\/04\/femmelle-tetras-anthony-kohler-scaled-1434x1434-9a47d799afc0.jpg\" media=\"(min-width: 90rem) and (min-resolution: 192dpi), (min-width: 90rem) and (-webkit-min-device-pixel-ratio: 2)\"><source srcset=\"data:image\/svg+xml;base64,PHN2ZyB4bWxucz0naHR0cDovL3d3dy53My5vcmcvMjAwMC9zdmcnIHk9JzAnIHg9JzAnIHdpZHRoPScxMTE0JyBoZWlnaHQ9JzExMTQnIHZpZXdCb3g9JzAgMCAxMTE0IDExMTQnPjwvc3ZnPg==\" data-srcset=\"https:\/\/parcsaintecroix.com\/wp-content\/uploads\/2026\/04\/femmelle-tetras-anthony-kohler-scaled-1114x1114-9019338081fd.jpg\" media=\"(min-width: 75rem) and (min-resolution: 192dpi), (min-width: 75rem) and (-webkit-min-device-pixel-ratio: 2)\"><source srcset=\"data:image\/svg+xml;base64,PHN2ZyB4bWxucz0naHR0cDovL3d3dy53My5vcmcvMjAwMC9zdmcnIHk9JzAnIHg9JzAnIHdpZHRoPSc3NDAnIGhlaWdodD0nNzQwJyB2aWV3Qm94PScwIDAgNzQwIDc0MCc+PC9zdmc+\" data-srcset=\"https:\/\/parcsaintecroix.com\/wp-content\/uploads\/2026\/04\/femmelle-tetras-anthony-kohler-scaled-740x740-541343d2b933.jpg\" media=\"(min-width: 64rem) and (min-resolution: 192dpi), (min-width: 64rem) and (-webkit-min-device-pixel-ratio: 2)\"><source srcset=\"data:image\/svg+xml;base64,PHN2ZyB4bWxucz0naHR0cDovL3d3dy53My5vcmcvMjAwMC9zdmcnIHk9JzAnIHg9JzAnIHdpZHRoPSc0OTInIGhlaWdodD0nNDkyJyB2aWV3Qm94PScwIDAgNDkyIDQ5Mic+PC9zdmc+\" data-srcset=\"https:\/\/parcsaintecroix.com\/wp-content\/uploads\/2026\/04\/femmelle-tetras-anthony-kohler-scaled-492x492-11f09bf121b8.jpg\" media=\"(min-resolution: 192dpi), (-webkit-min-device-pixel-ratio: 2)\"><source srcset=\"data:image\/svg+xml;base64,PHN2ZyB4bWxucz0naHR0cDovL3d3dy53My5vcmcvMjAwMC9zdmcnIHk9JzAnIHg9JzAnIHdpZHRoPSc3MTcnIGhlaWdodD0nNzE3JyB2aWV3Qm94PScwIDAgNzE3IDcxNyc+PC9zdmc+\" data-srcset=\"https:\/\/parcsaintecroix.com\/wp-content\/uploads\/2026\/04\/femmelle-tetras-anthony-kohler-scaled-717x717-63289f274e1a.jpg\" media=\"(min-width: 90rem)\"><source srcset=\"data:image\/svg+xml;base64,PHN2ZyB4bWxucz0naHR0cDovL3d3dy53My5vcmcvMjAwMC9zdmcnIHk9JzAnIHg9JzAnIHdpZHRoPSc1NTcnIGhlaWdodD0nNTU3JyB2aWV3Qm94PScwIDAgNTU3IDU1Nyc+PC9zdmc+\" data-srcset=\"https:\/\/parcsaintecroix.com\/wp-content\/uploads\/2026\/04\/femmelle-tetras-anthony-kohler-scaled-557x557-87d4579f6953.jpg\" media=\"(min-width: 75rem)\"><source srcset=\"data:image\/svg+xml;base64,PHN2ZyB4bWxucz0naHR0cDovL3d3dy53My5vcmcvMjAwMC9zdmcnIHk9JzAnIHg9JzAnIHdpZHRoPSczNzAnIGhlaWdodD0nMzcwJyB2aWV3Qm94PScwIDAgMzcwIDM3MCc+PC9zdmc+\" data-srcset=\"https:\/\/parcsaintecroix.com\/wp-content\/uploads\/2026\/04\/femmelle-tetras-anthony-kohler-scaled-370x370-dcf66bb03c69.jpg\" media=\"(min-width: 64rem)\"><img loading=\"lazy\" decoding=\"async\" src=\"data:image\/svg+xml;base64,PHN2ZyB4bWxucz0naHR0cDovL3d3dy53My5vcmcvMjAwMC9zdmcnIHk9JzAnIHg9JzAnIHdpZHRoPScyNDYnIGhlaWdodD0nMjQ2JyB2aWV3Qm94PScwIDAgMjQ2IDI0Nic+PC9zdmc+\"  width=\"246\" height=\"246\" data-fade-in data-lazy-img data-src=\"https:\/\/parcsaintecroix.com\/wp-content\/uploads\/2026\/04\/femmelle-tetras-anthony-kohler-scaled-246x246-f0cddf1a034a.jpg\" alt=\"\" style=\";--aspect-ratio-small: 1;--aspect-ratio-large: 1;--aspect-ratio-xlarge: 1;--aspect-ratio-xxlarge: 1;--aspect-ratio-retina: 1;--aspect-ratio-large_retina: 1;--aspect-ratio-xlarge_retina: 1;--aspect-ratio-xxlarge_retina: 1\" data-has-aspect-ratio=\"true\" \/><\/picture>            <\/figure>\n\n                      <\/div>\n                  <div>\n            \n            <figure>\n              <picture><source srcset=\"data:image\/svg+xml;base64,PHN2ZyB4bWxucz0naHR0cDovL3d3dy53My5vcmcvMjAwMC9zdmcnIHk9JzAnIHg9JzAnIHdpZHRoPScxNDM0JyBoZWlnaHQ9JzE0MzQnIHZpZXdCb3g9JzAgMCAxNDM0IDE0MzQnPjwvc3ZnPg==\" data-srcset=\"https:\/\/parcsaintecroix.com\/wp-content\/uploads\/2022\/09\/IMG_8529-scaled-1434x1434-9a47d799afc0.jpg\" media=\"(min-width: 90rem) and (min-resolution: 192dpi), (min-width: 90rem) and (-webkit-min-device-pixel-ratio: 2)\"><source srcset=\"data:image\/svg+xml;base64,PHN2ZyB4bWxucz0naHR0cDovL3d3dy53My5vcmcvMjAwMC9zdmcnIHk9JzAnIHg9JzAnIHdpZHRoPScxMTE0JyBoZWlnaHQ9JzExMTQnIHZpZXdCb3g9JzAgMCAxMTE0IDExMTQnPjwvc3ZnPg==\" data-srcset=\"https:\/\/parcsaintecroix.com\/wp-content\/uploads\/2022\/09\/IMG_8529-scaled-1114x1114-9019338081fd.jpg\" media=\"(min-width: 75rem) and (min-resolution: 192dpi), (min-width: 75rem) and (-webkit-min-device-pixel-ratio: 2)\"><source srcset=\"data:image\/svg+xml;base64,PHN2ZyB4bWxucz0naHR0cDovL3d3dy53My5vcmcvMjAwMC9zdmcnIHk9JzAnIHg9JzAnIHdpZHRoPSc3NDAnIGhlaWdodD0nNzQwJyB2aWV3Qm94PScwIDAgNzQwIDc0MCc+PC9zdmc+\" data-srcset=\"https:\/\/parcsaintecroix.com\/wp-content\/uploads\/2022\/09\/IMG_8529-scaled-740x740-541343d2b933.jpg\" media=\"(min-width: 64rem) and (min-resolution: 192dpi), (min-width: 64rem) and (-webkit-min-device-pixel-ratio: 2)\"><source srcset=\"data:image\/svg+xml;base64,PHN2ZyB4bWxucz0naHR0cDovL3d3dy53My5vcmcvMjAwMC9zdmcnIHk9JzAnIHg9JzAnIHdpZHRoPSc0OTInIGhlaWdodD0nNDkyJyB2aWV3Qm94PScwIDAgNDkyIDQ5Mic+PC9zdmc+\" data-srcset=\"https:\/\/parcsaintecroix.com\/wp-content\/uploads\/2022\/09\/IMG_8529-scaled-492x492-11f09bf121b8.jpg\" media=\"(min-resolution: 192dpi), (-webkit-min-device-pixel-ratio: 2)\"><source srcset=\"data:image\/svg+xml;base64,PHN2ZyB4bWxucz0naHR0cDovL3d3dy53My5vcmcvMjAwMC9zdmcnIHk9JzAnIHg9JzAnIHdpZHRoPSc3MTcnIGhlaWdodD0nNzE3JyB2aWV3Qm94PScwIDAgNzE3IDcxNyc+PC9zdmc+\" data-srcset=\"https:\/\/parcsaintecroix.com\/wp-content\/uploads\/2022\/09\/IMG_8529-scaled-717x717-63289f274e1a.jpg\" media=\"(min-width: 90rem)\"><source srcset=\"data:image\/svg+xml;base64,PHN2ZyB4bWxucz0naHR0cDovL3d3dy53My5vcmcvMjAwMC9zdmcnIHk9JzAnIHg9JzAnIHdpZHRoPSc1NTcnIGhlaWdodD0nNTU3JyB2aWV3Qm94PScwIDAgNTU3IDU1Nyc+PC9zdmc+\" data-srcset=\"https:\/\/parcsaintecroix.com\/wp-content\/uploads\/2022\/09\/IMG_8529-scaled-557x557-87d4579f6953.jpg\" media=\"(min-width: 75rem)\"><source srcset=\"data:image\/svg+xml;base64,PHN2ZyB4bWxucz0naHR0cDovL3d3dy53My5vcmcvMjAwMC9zdmcnIHk9JzAnIHg9JzAnIHdpZHRoPSczNzAnIGhlaWdodD0nMzcwJyB2aWV3Qm94PScwIDAgMzcwIDM3MCc+PC9zdmc+\" data-srcset=\"https:\/\/parcsaintecroix.com\/wp-content\/uploads\/2022\/09\/IMG_8529-scaled-370x370-dcf66bb03c69.jpg\" media=\"(min-width: 64rem)\"><img loading=\"lazy\" decoding=\"async\" src=\"data:image\/svg+xml;base64,PHN2ZyB4bWxucz0naHR0cDovL3d3dy53My5vcmcvMjAwMC9zdmcnIHk9JzAnIHg9JzAnIHdpZHRoPScyNDYnIGhlaWdodD0nMjQ2JyB2aWV3Qm94PScwIDAgMjQ2IDI0Nic+PC9zdmc+\"  width=\"246\" height=\"246\" data-fade-in data-lazy-img data-src=\"https:\/\/parcsaintecroix.com\/wp-content\/uploads\/2022\/09\/IMG_8529-scaled-246x246-f0cddf1a034a.jpg\" alt=\"\" style=\";--aspect-ratio-small: 1;--aspect-ratio-large: 1;--aspect-ratio-xlarge: 1;--aspect-ratio-xxlarge: 1;--aspect-ratio-retina: 1;--aspect-ratio-large_retina: 1;--aspect-ratio-xlarge_retina: 1;--aspect-ratio-xxlarge_retina: 1\" data-has-aspect-ratio=\"true\" \/><\/picture>            <\/figure>\n\n                      <\/div>\n            <\/div>\n  \n  \n<\/section>\n\n\n<section class=\"block-grid-wrapper block-grid-for-core-heading\">\n      <div class=\"default-editor-content grid-for-core-heading grid-container fluid fluid\">\n        <div class=\"grid-x grid-padding-x align-center\">\n          <div class=\"cell\">\n            \n<h2 class=\"wp-block-heading\"><strong><strong>Des esp\u00e8ces embl\u00e9matiques&nbsp;et des projets tr\u00e8s concrets<\/strong><\/strong><\/h2>\n          <\/div>\n        <\/div>\n      <\/div>\n\n      <\/section>\n\n\n<section  class=\"wp-block-acf-general-internal-linking  block-index-31 section-content section-internal-linking\"  itemprop=\"hasPart\" itemscope itemtype=\"https:\/\/schema.org\/WebPageElement\">\n  <div class=\"grid-container full\">\n    <div class=\"grid-x grid-padding-x\">\n      <div class=\"cell text-center\">\n              <\/div>\n    <\/div>\n\n          <div class=\"grid-x internal-linking-wrapper align-center\">\n                  <div class=\"cell medium-6 large-4 cell-colored text-center\"  style=\"--bg-color: #bf9170;\" >\n            <div class=\"wrapper\">\n                                <figure>\n                    <picture><source srcset=\"data:image\/svg+xml;base64,PHN2ZyB4bWxucz0naHR0cDovL3d3dy53My5vcmcvMjAwMC9zdmcnIHk9JzAnIHg9JzAnIHdpZHRoPSc4NDQnIGhlaWdodD0nNDgyJyB2aWV3Qm94PScwIDAgODQ0IDQ4Mic+PC9zdmc+\" data-srcset=\"https:\/\/parcsaintecroix.com\/wp-content\/uploads\/2026\/04\/grand-tetras-Kohler-scaled-844x482-2cd2f400a2ce.jpg\" media=\"(min-width: 64rem) and (min-resolution: 192dpi), (min-width: 64rem) and (-webkit-min-device-pixel-ratio: 2)\"><source srcset=\"data:image\/svg+xml;base64,PHN2ZyB4bWxucz0naHR0cDovL3d3dy53My5vcmcvMjAwMC9zdmcnIHk9JzAnIHg9JzAnIHdpZHRoPSc0MjgnIGhlaWdodD0nMzYwJyB2aWV3Qm94PScwIDAgNDI4IDM2MCc+PC9zdmc+\" data-srcset=\"https:\/\/parcsaintecroix.com\/wp-content\/uploads\/2026\/04\/grand-tetras-Kohler-scaled-428x360-a6b75eaa16c5.jpg\" media=\"(min-width: 48rem) and (min-resolution: 192dpi), (min-width: 48rem) and (-webkit-min-device-pixel-ratio: 2)\"><source srcset=\"data:image\/svg+xml;base64,PHN2ZyB4bWxucz0naHR0cDovL3d3dy53My5vcmcvMjAwMC9zdmcnIHk9JzAnIHg9JzAnIHdpZHRoPSc2NzInIGhlaWdodD0nMzgwJyB2aWV3Qm94PScwIDAgNjcyIDM4MCc+PC9zdmc+\" data-srcset=\"https:\/\/parcsaintecroix.com\/wp-content\/uploads\/2026\/04\/grand-tetras-Kohler-scaled-672x380-6a3712c35a52.jpg\" media=\"(min-resolution: 192dpi), (-webkit-min-device-pixel-ratio: 2)\"><source srcset=\"data:image\/svg+xml;base64,PHN2ZyB4bWxucz0naHR0cDovL3d3dy53My5vcmcvMjAwMC9zdmcnIHk9JzAnIHg9JzAnIHdpZHRoPSc0MjInIGhlaWdodD0nMjQxJyB2aWV3Qm94PScwIDAgNDIyIDI0MSc+PC9zdmc+\" data-srcset=\"https:\/\/parcsaintecroix.com\/wp-content\/uploads\/2026\/04\/grand-tetras-Kohler-scaled-422x241-d9c38540e3e0.jpg\" media=\"(min-width: 64rem)\"><source srcset=\"data:image\/svg+xml;base64,PHN2ZyB4bWxucz0naHR0cDovL3d3dy53My5vcmcvMjAwMC9zdmcnIHk9JzAnIHg9JzAnIHdpZHRoPScyMTQnIGhlaWdodD0nMTgwJyB2aWV3Qm94PScwIDAgMjE0IDE4MCc+PC9zdmc+\" data-srcset=\"https:\/\/parcsaintecroix.com\/wp-content\/uploads\/2026\/04\/grand-tetras-Kohler-scaled-214x180-e8f49b86c123.jpg\" media=\"(min-width: 48rem)\"><img loading=\"lazy\" decoding=\"async\" src=\"data:image\/svg+xml;base64,PHN2ZyB4bWxucz0naHR0cDovL3d3dy53My5vcmcvMjAwMC9zdmcnIHk9JzAnIHg9JzAnIHdpZHRoPSczMzYnIGhlaWdodD0nMTkwJyB2aWV3Qm94PScwIDAgMzM2IDE5MCc+PC9zdmc+\"  width=\"336\" height=\"190\" data-fade-in data-lazy-img data-src=\"https:\/\/parcsaintecroix.com\/wp-content\/uploads\/2026\/04\/grand-tetras-Kohler-scaled-336x190-3bbe5c31bbe7.jpg\" alt=\"\" style=\";--aspect-ratio-small: 1.7684210526316;--aspect-ratio-medium: 1.1888888888889;--aspect-ratio-large: 1.7510373443983;--aspect-ratio-retina: 1.7684210526316;--aspect-ratio-medium_retina: 1.1888888888889;--aspect-ratio-large_retina: 1.7510373443983\" data-has-aspect-ratio=\"true\" \/><\/picture>                  <\/figure>\n                \n              <div class=\"text-wrapper\">\n                                  <h3 class=\"title\" itemprop=\"name\">Le grand t\u00e9tras<\/h3>\n                \n                                  <p class=\"descr\" itemprop=\"description\">Esp\u00e8ce discr\u00e8te et fragile, le grand t\u00e9tras fait l\u2019objet d\u2019un engagement fort \u00e0 Sainte-Croix. Le parc accompagne les programmes de renforcement dans les Vosges et en R\u00e9publique tch\u00e8que pour contribuer au retour de cet oiseau mythique. <\/p>\n                \n                                    <div class=\"wp-block-button is-style-transparent-button-with-white-border\">\n                      <a class=\"wp-block-button__link\"\n                        href=\"https:\/\/parcsaintecroix.com\/fr\/est-ce-que-grand-tetras-espece-menacee\"\n                        data-gtm-event=\"\"\n                        data-gtm-event-label=\"\"\n                      >\n                        En savoir plus                      <\/a>\n                    <\/div>\n                                <\/div>\n            <\/div>\n          <\/div>\n\n                  <div class=\"cell medium-6 large-4 cell-colored text-center\"  style=\"--bg-color: #55775e;\" >\n            <div class=\"wrapper\">\n                                <figure>\n                    <picture><source srcset=\"data:image\/svg+xml;base64,PHN2ZyB4bWxucz0naHR0cDovL3d3dy53My5vcmcvMjAwMC9zdmcnIHk9JzAnIHg9JzAnIHdpZHRoPSc4NDQnIGhlaWdodD0nNDgyJyB2aWV3Qm94PScwIDAgODQ0IDQ4Mic+PC9zdmc+\" data-srcset=\"https:\/\/parcsaintecroix.com\/wp-content\/uploads\/2025\/04\/CP-Anthony-Kohler-1-844x482-2cd2f400a2ce.jpg\" media=\"(min-width: 64rem) and (min-resolution: 192dpi), (min-width: 64rem) and (-webkit-min-device-pixel-ratio: 2)\"><source srcset=\"data:image\/svg+xml;base64,PHN2ZyB4bWxucz0naHR0cDovL3d3dy53My5vcmcvMjAwMC9zdmcnIHk9JzAnIHg9JzAnIHdpZHRoPSc0MjgnIGhlaWdodD0nMzYwJyB2aWV3Qm94PScwIDAgNDI4IDM2MCc+PC9zdmc+\" data-srcset=\"https:\/\/parcsaintecroix.com\/wp-content\/uploads\/2025\/04\/CP-Anthony-Kohler-1-428x360-a6b75eaa16c5.jpg\" media=\"(min-width: 48rem) and (min-resolution: 192dpi), (min-width: 48rem) and (-webkit-min-device-pixel-ratio: 2)\"><source srcset=\"data:image\/svg+xml;base64,PHN2ZyB4bWxucz0naHR0cDovL3d3dy53My5vcmcvMjAwMC9zdmcnIHk9JzAnIHg9JzAnIHdpZHRoPSc2NzInIGhlaWdodD0nMzgwJyB2aWV3Qm94PScwIDAgNjcyIDM4MCc+PC9zdmc+\" data-srcset=\"https:\/\/parcsaintecroix.com\/wp-content\/uploads\/2025\/04\/CP-Anthony-Kohler-1-672x380-6a3712c35a52.jpg\" media=\"(min-resolution: 192dpi), (-webkit-min-device-pixel-ratio: 2)\"><source srcset=\"data:image\/svg+xml;base64,PHN2ZyB4bWxucz0naHR0cDovL3d3dy53My5vcmcvMjAwMC9zdmcnIHk9JzAnIHg9JzAnIHdpZHRoPSc0MjInIGhlaWdodD0nMjQxJyB2aWV3Qm94PScwIDAgNDIyIDI0MSc+PC9zdmc+\" data-srcset=\"https:\/\/parcsaintecroix.com\/wp-content\/uploads\/2025\/04\/CP-Anthony-Kohler-1-422x241-d9c38540e3e0.jpg\" media=\"(min-width: 64rem)\"><source srcset=\"data:image\/svg+xml;base64,PHN2ZyB4bWxucz0naHR0cDovL3d3dy53My5vcmcvMjAwMC9zdmcnIHk9JzAnIHg9JzAnIHdpZHRoPScyMTQnIGhlaWdodD0nMTgwJyB2aWV3Qm94PScwIDAgMjE0IDE4MCc+PC9zdmc+\" data-srcset=\"https:\/\/parcsaintecroix.com\/wp-content\/uploads\/2025\/04\/CP-Anthony-Kohler-1-214x180-e8f49b86c123.jpg\" media=\"(min-width: 48rem)\"><img loading=\"lazy\" decoding=\"async\" src=\"data:image\/svg+xml;base64,PHN2ZyB4bWxucz0naHR0cDovL3d3dy53My5vcmcvMjAwMC9zdmcnIHk9JzAnIHg9JzAnIHdpZHRoPSczMzYnIGhlaWdodD0nMTkwJyB2aWV3Qm94PScwIDAgMzM2IDE5MCc+PC9zdmc+\"  width=\"336\" height=\"190\" data-fade-in data-lazy-img data-src=\"https:\/\/parcsaintecroix.com\/wp-content\/uploads\/2025\/04\/CP-Anthony-Kohler-1-336x190-3bbe5c31bbe7.jpg\" alt=\"\" style=\";--aspect-ratio-small: 1.7684210526316;--aspect-ratio-medium: 1.1888888888889;--aspect-ratio-large: 1.7510373443983;--aspect-ratio-retina: 1.7684210526316;--aspect-ratio-medium_retina: 1.1888888888889;--aspect-ratio-large_retina: 1.7510373443983\" data-has-aspect-ratio=\"true\" \/><\/picture>                  <\/figure>\n                \n              <div class=\"text-wrapper\">\n                                  <h3 class=\"title\" itemprop=\"name\">Le pygargue<\/h3>\n                \n                                  <p class=\"descr\" itemprop=\"description\">Saviez-vous que le pygargue \u00e0 queue blanche fait son retour en Lorraine ? Sainte-Croix accompagne cette aventure fascinante aux c\u00f4t\u00e9s des acteurs de terrain, en soutenant le suivi des oiseaux et la protection de leurs nids.<\/p>\n                \n                                    <div class=\"wp-block-button is-style-transparent-button-with-white-border\">\n                      <a class=\"wp-block-button__link\"\n                        href=\"https:\/\/parcsaintecroix.com\/fr\/sainte-croix-sengage-pour-le-pygargue-a-queue-blanche\"\n                        data-gtm-event=\"\"\n                        data-gtm-event-label=\"\"\n                      >\n                        En savoir plus                      <\/a>\n                    <\/div>\n                                <\/div>\n            <\/div>\n          <\/div>\n\n              <\/div>\n    \n  <\/div>\n<\/section>\n\n\n\n<section  class=\"wp-block-acf-general-internal-linking  block-index-32 section-content section-internal-linking\"  itemprop=\"hasPart\" itemscope itemtype=\"https:\/\/schema.org\/WebPageElement\">\n  <div class=\"grid-container full\">\n    <div class=\"grid-x grid-padding-x\">\n      <div class=\"cell text-center\">\n              <\/div>\n    <\/div>\n\n          <div class=\"grid-x internal-linking-wrapper align-center\">\n                  <div class=\"cell medium-6 large-4 cell-colored text-center\"  style=\"--bg-color: #bf9170;\" >\n            <div class=\"wrapper\">\n                                <figure>\n                    <picture><source srcset=\"data:image\/svg+xml;base64,PHN2ZyB4bWxucz0naHR0cDovL3d3dy53My5vcmcvMjAwMC9zdmcnIHk9JzAnIHg9JzAnIHdpZHRoPSc4NDQnIGhlaWdodD0nNDgyJyB2aWV3Qm94PScwIDAgODQ0IDQ4Mic+PC9zdmc+\" data-srcset=\"https:\/\/parcsaintecroix.com\/wp-content\/uploads\/2022\/09\/File290-scaled-844x482-2cd2f400a2ce.jpg\" media=\"(min-width: 64rem) and (min-resolution: 192dpi), (min-width: 64rem) and (-webkit-min-device-pixel-ratio: 2)\"><source srcset=\"data:image\/svg+xml;base64,PHN2ZyB4bWxucz0naHR0cDovL3d3dy53My5vcmcvMjAwMC9zdmcnIHk9JzAnIHg9JzAnIHdpZHRoPSc0MjgnIGhlaWdodD0nMzYwJyB2aWV3Qm94PScwIDAgNDI4IDM2MCc+PC9zdmc+\" data-srcset=\"https:\/\/parcsaintecroix.com\/wp-content\/uploads\/2022\/09\/File290-scaled-428x360-a6b75eaa16c5.jpg\" media=\"(min-width: 48rem) and (min-resolution: 192dpi), (min-width: 48rem) and (-webkit-min-device-pixel-ratio: 2)\"><source srcset=\"data:image\/svg+xml;base64,PHN2ZyB4bWxucz0naHR0cDovL3d3dy53My5vcmcvMjAwMC9zdmcnIHk9JzAnIHg9JzAnIHdpZHRoPSc2NzInIGhlaWdodD0nMzgwJyB2aWV3Qm94PScwIDAgNjcyIDM4MCc+PC9zdmc+\" data-srcset=\"https:\/\/parcsaintecroix.com\/wp-content\/uploads\/2022\/09\/File290-scaled-672x380-6a3712c35a52.jpg\" media=\"(min-resolution: 192dpi), (-webkit-min-device-pixel-ratio: 2)\"><source srcset=\"data:image\/svg+xml;base64,PHN2ZyB4bWxucz0naHR0cDovL3d3dy53My5vcmcvMjAwMC9zdmcnIHk9JzAnIHg9JzAnIHdpZHRoPSc0MjInIGhlaWdodD0nMjQxJyB2aWV3Qm94PScwIDAgNDIyIDI0MSc+PC9zdmc+\" data-srcset=\"https:\/\/parcsaintecroix.com\/wp-content\/uploads\/2022\/09\/File290-scaled-422x241-d9c38540e3e0.jpg\" media=\"(min-width: 64rem)\"><source srcset=\"data:image\/svg+xml;base64,PHN2ZyB4bWxucz0naHR0cDovL3d3dy53My5vcmcvMjAwMC9zdmcnIHk9JzAnIHg9JzAnIHdpZHRoPScyMTQnIGhlaWdodD0nMTgwJyB2aWV3Qm94PScwIDAgMjE0IDE4MCc+PC9zdmc+\" data-srcset=\"https:\/\/parcsaintecroix.com\/wp-content\/uploads\/2022\/09\/File290-scaled-214x180-e8f49b86c123.jpg\" media=\"(min-width: 48rem)\"><img loading=\"lazy\" decoding=\"async\" src=\"data:image\/svg+xml;base64,PHN2ZyB4bWxucz0naHR0cDovL3d3dy53My5vcmcvMjAwMC9zdmcnIHk9JzAnIHg9JzAnIHdpZHRoPSczMzYnIGhlaWdodD0nMTkwJyB2aWV3Qm94PScwIDAgMzM2IDE5MCc+PC9zdmc+\"  width=\"336\" height=\"190\" data-fade-in data-lazy-img data-src=\"https:\/\/parcsaintecroix.com\/wp-content\/uploads\/2022\/09\/File290-scaled-336x190-3bbe5c31bbe7.jpg\" alt=\"\" style=\";--aspect-ratio-small: 1.7684210526316;--aspect-ratio-medium: 1.1888888888889;--aspect-ratio-large: 1.7510373443983;--aspect-ratio-retina: 1.7684210526316;--aspect-ratio-medium_retina: 1.1888888888889;--aspect-ratio-large_retina: 1.7510373443983\" data-has-aspect-ratio=\"true\" \/><\/picture>                  <\/figure>\n                \n              <div class=\"text-wrapper\">\n                                  <h3 class=\"title\" itemprop=\"name\">Le bison d\u2019Europe<\/h3>\n                \n                                  <p class=\"descr\" itemprop=\"description\">Critiquement menac\u00e9, ce carnivore rare b\u00e9n\u00e9ficie du soutien du parc, dans une logique de sauvegarde \u00e0 long terme. Cela passe par la r\u00e9introduction de cette esp\u00e8ce en Azerbaidjan <\/p>\n                \n                                    <div class=\"wp-block-button is-style-transparent-button-with-white-border\">\n                      <a class=\"wp-block-button__link\"\n                        href=\"https:\/\/parcsaintecroix.com\/fr\/reintroduction-du-bison-europeen\"\n                        data-gtm-event=\"\"\n                        data-gtm-event-label=\"\"\n                      >\n                        En savoir plus                      <\/a>\n                    <\/div>\n                                <\/div>\n            <\/div>\n          <\/div>\n\n                  <div class=\"cell medium-6 large-4 cell-colored text-center\"  style=\"--bg-color: #55775e;\" >\n            <div class=\"wrapper\">\n                                <figure>\n                    <picture><source srcset=\"data:image\/svg+xml;base64,PHN2ZyB4bWxucz0naHR0cDovL3d3dy53My5vcmcvMjAwMC9zdmcnIHk9JzAnIHg9JzAnIHdpZHRoPSc4NDQnIGhlaWdodD0nNDgyJyB2aWV3Qm94PScwIDAgODQ0IDQ4Mic+PC9zdmc+\" data-srcset=\"https:\/\/parcsaintecroix.com\/wp-content\/uploads\/2025\/10\/CP-Carla-Datola-3-844x482-2cd2f400a2ce.jpg\" media=\"(min-width: 64rem) and (min-resolution: 192dpi), (min-width: 64rem) and (-webkit-min-device-pixel-ratio: 2)\"><source srcset=\"data:image\/svg+xml;base64,PHN2ZyB4bWxucz0naHR0cDovL3d3dy53My5vcmcvMjAwMC9zdmcnIHk9JzAnIHg9JzAnIHdpZHRoPSc0MjgnIGhlaWdodD0nMzYwJyB2aWV3Qm94PScwIDAgNDI4IDM2MCc+PC9zdmc+\" data-srcset=\"https:\/\/parcsaintecroix.com\/wp-content\/uploads\/2025\/10\/CP-Carla-Datola-3-428x360-a6b75eaa16c5.jpg\" media=\"(min-width: 48rem) and (min-resolution: 192dpi), (min-width: 48rem) and (-webkit-min-device-pixel-ratio: 2)\"><source srcset=\"data:image\/svg+xml;base64,PHN2ZyB4bWxucz0naHR0cDovL3d3dy53My5vcmcvMjAwMC9zdmcnIHk9JzAnIHg9JzAnIHdpZHRoPSc2NzInIGhlaWdodD0nMzgwJyB2aWV3Qm94PScwIDAgNjcyIDM4MCc+PC9zdmc+\" data-srcset=\"https:\/\/parcsaintecroix.com\/wp-content\/uploads\/2025\/10\/CP-Carla-Datola-3-672x380-6a3712c35a52.jpg\" media=\"(min-resolution: 192dpi), (-webkit-min-device-pixel-ratio: 2)\"><source srcset=\"data:image\/svg+xml;base64,PHN2ZyB4bWxucz0naHR0cDovL3d3dy53My5vcmcvMjAwMC9zdmcnIHk9JzAnIHg9JzAnIHdpZHRoPSc0MjInIGhlaWdodD0nMjQxJyB2aWV3Qm94PScwIDAgNDIyIDI0MSc+PC9zdmc+\" data-srcset=\"https:\/\/parcsaintecroix.com\/wp-content\/uploads\/2025\/10\/CP-Carla-Datola-3-422x241-d9c38540e3e0.jpg\" media=\"(min-width: 64rem)\"><source srcset=\"data:image\/svg+xml;base64,PHN2ZyB4bWxucz0naHR0cDovL3d3dy53My5vcmcvMjAwMC9zdmcnIHk9JzAnIHg9JzAnIHdpZHRoPScyMTQnIGhlaWdodD0nMTgwJyB2aWV3Qm94PScwIDAgMjE0IDE4MCc+PC9zdmc+\" data-srcset=\"https:\/\/parcsaintecroix.com\/wp-content\/uploads\/2025\/10\/CP-Carla-Datola-3-214x180-e8f49b86c123.jpg\" media=\"(min-width: 48rem)\"><img loading=\"lazy\" decoding=\"async\" src=\"data:image\/svg+xml;base64,PHN2ZyB4bWxucz0naHR0cDovL3d3dy53My5vcmcvMjAwMC9zdmcnIHk9JzAnIHg9JzAnIHdpZHRoPSczMzYnIGhlaWdodD0nMTkwJyB2aWV3Qm94PScwIDAgMzM2IDE5MCc+PC9zdmc+\"  width=\"336\" height=\"190\" data-fade-in data-lazy-img data-src=\"https:\/\/parcsaintecroix.com\/wp-content\/uploads\/2025\/10\/CP-Carla-Datola-3-336x190-3bbe5c31bbe7.jpg\" alt=\"\" style=\";--aspect-ratio-small: 1.7684210526316;--aspect-ratio-medium: 1.1888888888889;--aspect-ratio-large: 1.7510373443983;--aspect-ratio-retina: 1.7684210526316;--aspect-ratio-medium_retina: 1.1888888888889;--aspect-ratio-large_retina: 1.7510373443983\" data-has-aspect-ratio=\"true\" \/><\/picture>                  <\/figure>\n                \n              <div class=\"text-wrapper\">\n                                  <h3 class=\"title\" itemprop=\"name\">Le loup, le lynx, l\u2019ours&#8230;<\/h3>\n                \n                                  <p class=\"descr\" itemprop=\"description\">Prot\u00e9ger la biodiversit\u00e9, c\u2019est aussi favoriser le dialogue entre nature et soci\u00e9t\u00e9. Sainte-Croix soutient plusieurs programmes qui travaillent \u00e0 construire cette coexistence. <\/p>\n                \n                                    <div class=\"wp-block-button is-style-transparent-button-with-white-border\">\n                      <a class=\"wp-block-button__link\"\n                        href=\"https:\/\/parcsaintecroix.com\/fr\/engagez-vous\"\n                        data-gtm-event=\"\"\n                        data-gtm-event-label=\"\"\n                      >\n                        En savoir plus                      <\/a>\n                    <\/div>\n                                <\/div>\n            <\/div>\n          <\/div>\n\n              <\/div>\n    \n  <\/div>\n<\/section>\n\n\n<section class=\"block-grid-wrapper block-grid-for-core-heading\">\n      <div class=\"default-editor-content grid-for-core-heading grid-container fluid fluid\">\n        <div class=\"grid-x grid-padding-x align-center\">\n          <div class=\"cell\">\n            \n<h2 class=\"wp-block-heading\"><br><strong><strong>Un engagement qui d\u00e9passe le parc<\/strong><\/strong><\/h2>\n          <\/div>\n        <\/div>\n      <\/div>\n\n      <\/section>\n\n<section class=\"block-grid-wrapper block-grid-for-core-paragraph\">\n      <div class=\"default-editor-content grid-for-core-paragraph grid-container fluid fluid\">\n        <div class=\"grid-x grid-padding-x align-center\">\n          <div class=\"cell\">\n            \n<p>En 2025, gr\u00e2ce au&nbsp;<strong>Fonds de dotation Sainte-Croix Biodiversit\u00e9<\/strong>, ce sont&nbsp;<strong>146 960 \u20ac<\/strong>&nbsp;qui ont permis de soutenir plus de 30 projets de conservation.&nbsp;<\/p>\n          <\/div>\n        <\/div>\n      <\/div>\n\n      <\/section>\n\n<section class=\"block-grid-wrapper block-grid-for-core-paragraph\">\n      <div class=\"default-editor-content grid-for-core-paragraph grid-container fluid fluid\">\n        <div class=\"grid-x grid-padding-x align-center\">\n          <div class=\"cell\">\n            \n<p>R\u00e9introduction d\u2019esp\u00e8ces, recherches scientifiques, protection des milieux, accompagnement des territoires\u2026&nbsp;<\/p>\n          <\/div>\n        <\/div>\n      <\/div>\n\n      <\/section>\n\n<section class=\"block-grid-wrapper block-grid-for-core-paragraph\">\n      <div class=\"default-editor-content grid-for-core-paragraph grid-container fluid fluid\">\n        <div class=\"grid-x grid-padding-x align-center\">\n          <div class=\"cell\">\n            \n<p>Chaque action soutenue participe \u00e0 quelque chose de plus grand : redonner une place au vivant.&nbsp;<\/p>\n          <\/div>\n        <\/div>\n      <\/div>\n\n      <\/section>\n\n<section class=\"block-grid-wrapper block-grid-for-core-buttons\">\n      <div class=\"default-editor-content grid-for-core-buttons grid-container fluid fluid\">\n        <div class=\"grid-x grid-padding-x align-center\">\n          <div class=\"cell\">\n            \n<div class=\"wp-block-buttons is-content-justification-center is-layout-flex wp-container-core-buttons-is-layout-16018d1d wp-block-buttons-is-layout-flex\">\n<div class=\"wp-block-button is-style-transparent-button-with-blue-border\"><a class=\"wp-block-button__link button-icon-- wp-element-button\" href=\"https:\/\/parcsaintecroix.com\/fr\/engagez-vous\">S&rsquo;engagez avec nous <\/a><\/div>\n<\/div>\n          <\/div>\n        <\/div>\n      <\/div>\n\n      <\/section>\n\n<section class=\"block-grid-wrapper block-grid-for-core-heading\">\n      <div class=\"default-editor-content grid-for-core-heading grid-container fluid fluid\">\n        <div class=\"grid-x grid-padding-x align-center\">\n          <div class=\"cell\">\n            \n<h2 class=\"wp-block-heading\"><strong>Et vous, dans tout \u00e7a ?<\/strong>&nbsp;<\/h2>\n          <\/div>\n        <\/div>\n      <\/div>\n\n      <\/section>\n\n<section class=\"block-grid-wrapper block-grid-for-core-media-text\">\n      <div class=\"default-editor-content grid-for-core-media-text grid-container fluid fluid\">\n        <div class=\"grid-x grid-padding-x align-center\">\n          <div class=\"cell\">\n            \n<div class=\"wp-block-media-text has-media-on-the-right is-stacked-on-mobile\" style=\"grid-template-columns:auto 57%\"><div class=\"wp-block-media-text__content\">\n<p>En venant \u00e0 Sainte-Croix, vous faites d\u00e9j\u00e0 partie de cette aventure.&nbsp;<\/p>\n\n\n\n<p>Votre visite contribue \u00e0 soutenir :&nbsp;<\/p>\n\n\n\n<ul class=\"wp-block-list\">\n<li>des&nbsp;programmes de conservation,&nbsp;&nbsp;<\/li>\n<\/ul>\n\n\n\n<ul class=\"wp-block-list\">\n<li>des&nbsp;actions de terrain,&nbsp;&nbsp;<\/li>\n<\/ul>\n\n\n\n<ul class=\"wp-block-list\">\n<li>des&nbsp;projets scientifiques,&nbsp;&nbsp;<\/li>\n<\/ul>\n\n\n\n<ul class=\"wp-block-list\">\n<li>et&nbsp;la sensibilisation des g\u00e9n\u00e9rations futures.&nbsp;&nbsp;<\/li>\n<\/ul>\n\n\n\n<p>Ici, l\u2019\u00e9merveillement n\u2019est jamais s\u00e9par\u00e9 de l\u2019engagement.&nbsp;<\/p>\n\n\n\n<p>Quand vous observez une chouette de l\u2019Oural, un grand t\u00e9tras ou un loup, vous d\u00e9couvrez aussi les histoires de leur protection.&nbsp;<\/p>\n\n\n\n<p>Et peut-\u00eatre, sans le savoir, vous devenez vous aussi ambassadeur du vivant.<\/p>\n<\/div><figure class=\"wp-block-media-text__media\"><img loading=\"lazy\" decoding=\"async\" width=\"1024\" height=\"683\" src=\"https:\/\/parcsaintecroix.com\/wp-content\/uploads\/2025\/08\/CP-Carla-Datola-18-1-1024x683-fd90e2c36371.jpg\" alt=\"\" class=\"wp-image-37570 size-full\" srcset=\"https:\/\/parcsaintecroix.com\/wp-content\/uploads\/2025\/08\/CP-Carla-Datola-18-1-1024x683-fd90e2c36371.jpg 1024w, https:\/\/parcsaintecroix.com\/wp-content\/uploads\/2025\/08\/CP-Carla-Datola-18-1-300x200-512c1e2135f8.jpg 300w, https:\/\/parcsaintecroix.com\/wp-content\/uploads\/2025\/08\/CP-Carla-Datola-18-1-768x512-b56108145cc7.jpg 768w, https:\/\/parcsaintecroix.com\/wp-content\/uploads\/2025\/08\/CP-Carla-Datola-18-1-1536x1024-3c33d8efde71.jpg 1536w, https:\/\/parcsaintecroix.com\/wp-content\/uploads\/2025\/08\/CP-Carla-Datola-18-1-100x67-fab7673e88b9.jpg 100w, https:\/\/parcsaintecroix.com\/wp-content\/uploads\/2025\/08\/CP-Carla-Datola-18-1.jpg 2048w, https:\/\/parcsaintecroix.com\/wp-content\/uploads\/2025\/08\/CP-Carla-Datola-18-1-852x568-6f255e59085b.jpg 852w, https:\/\/parcsaintecroix.com\/wp-content\/uploads\/2025\/08\/CP-Carla-Datola-18-1-1704x1136-8421bee02ef1.jpg 1704w\" sizes=\"auto, (max-width: 1024px) 100vw, 1024px\" \/><\/figure><\/div>\n          <\/div>\n        <\/div>\n      <\/div>\n\n      <\/section>\n\n<section class=\"block-grid-wrapper block-grid-for-core-heading\">\n      <div class=\"default-editor-content grid-for-core-heading grid-container fluid fluid\">\n        <div class=\"grid-x grid-padding-x align-center\">\n          <div class=\"cell\">\n            \n<h2 class=\"wp-block-heading\"><strong><strong><strong><strong><strong>Sainte-Croix, une r\u00e9serve naturelle d\u2019\u00e9motions\u2026 et d\u2019actions<\/strong>&nbsp;<\/strong><\/strong><\/strong><\/strong><\/h2>\n          <\/div>\n        <\/div>\n      <\/div>\n\n      <\/section>\n\n<section class=\"block-grid-wrapper block-grid-for-core-paragraph\">\n      <div class=\"default-editor-content grid-for-core-paragraph grid-container fluid fluid\">\n        <div class=\"grid-x grid-padding-x align-center\">\n          <div class=\"cell\">\n            \n<p>Plus qu\u2019un parc animalier, Sainte-Croix est un lieu o\u00f9 l\u2019on comprend que la biodiversit\u00e9 n\u2019est pas une id\u00e9e lointaine mais un acte \u00e0 faire ensemble. <\/p>\n          <\/div>\n        <\/div>\n      <\/div>\n\n      <\/section>\n\n<section class=\"block-grid-wrapper block-grid-for-core-paragraph\">\n      <div class=\"default-editor-content grid-for-core-paragraph grid-container fluid fluid\">\n        <div class=\"grid-x grid-padding-x align-center\">\n          <div class=\"cell\">\n            \n<p>Elle est l\u00e0, vivante, fragile, inspirante.&nbsp;Et ensemble, nous pouvons la prot\u00e9ger.&nbsp;<\/p>\n          <\/div>\n        <\/div>\n      <\/div>\n\n      <\/section>\n\n<section class=\"block-grid-wrapper block-grid-for-core-paragraph\">\n      <div class=\"default-editor-content grid-for-core-paragraph grid-container fluid fluid\">\n        <div class=\"grid-x grid-padding-x align-center\">\n          <div class=\"cell\">\n            \n<p class=\"has-small-font-size\"><em>CP: Parc Sainte-Croix, Claire Carr\u00e9<\/em><\/p>\n          <\/div>\n        <\/div>\n      <\/div>\n\n      <\/section>\n\n\n    <section  class=\"wp-block-acf-three-articles  block-index-58 section-content section-three-articles\"       itemprop=\"hasPart\" itemscope\n\n      <div class=\"grid-container full\">\n\n        <div class=\"grid-x title-wrapper\">\n\n          <div class=\"cell\">\n                          <h2 class=\"section-title\" itemprop=\"name heading\">En ce moment \u00e0 Sainte-Croix<\/h2>\n            \n                      <\/div>\n\n        <\/div>\n\n\n        <div class=\"grid-x listing-latest-news news-slider align-center\">\n          <article class=\"cell medium-6 large-4 js-article article-box flex-container flex-dir-column post-37937 post type-post status-publish format-standard has-post-thumbnail hentry category-animaux category-le-parc\"  itemscope itemtype=\"https:\/\/schema.org\/Article\" itemid=\"https:\/\/parcsaintecroix.com\/fr\/quelle-est-la-difference-entre-le-bison-deurope-et-le-bison-damerique\" itemref=\"publisher\">\n      <meta itemprop=\"author\" content=\"Parc de Saint Croix\" \/>\n    <meta itemprop=\"image\" content=\"https:\/\/parcsaintecroix.com\/wp-content\/uploads\/2025\/10\/CP-Morgane-Bricard-64-scaled.jpg\" \/>\n    <meta itemprop=\"datePublished\" content=\"2026-04-30T20:33:47+02:00\" \/>\n    <meta itemprop=\"dateModified\" content=\"2026-04-30T20:33:50+02:00\" \/>\n      <div class=\"news-content-wrapper\">\n          <a href=\"https:\/\/parcsaintecroix.com\/fr\/quelle-est-la-difference-entre-le-bison-deurope-et-le-bison-damerique\" itemprop=\"url mainEntityOfPage\">\n        \n                  <span class=\"label-category\">Animaux<\/span>\n        \n        <figure>\n          <img decoding=\"async\"  data-fade-in loading=\"lazy\" src=\"data:image\/png;base64,R0lGODlhAQABAAD\/ACwAAAAAAQABAAACADs=\" data-lazy-interchange=\"[https:\/\/parcsaintecroix.com\/wp-content\/uploads\/2025\/10\/CP-Morgane-Bricard-64-scaled-668x668-71ab615e0a86.jpg, small], [https:\/\/parcsaintecroix.com\/wp-content\/uploads\/2025\/10\/CP-Morgane-Bricard-64-scaled-423x423-f5ddf0753daf.jpg, large], [https:\/\/parcsaintecroix.com\/wp-content\/uploads\/2025\/10\/CP-Morgane-Bricard-64-scaled-800x800-b303cee25c1f.jpg, xlarge], [https:\/\/parcsaintecroix.com\/wp-content\/uploads\/2025\/10\/CP-Morgane-Bricard-64-scaled-846x846-97851059a762.jpg, large_retina], [https:\/\/parcsaintecroix.com\/wp-content\/uploads\/2025\/10\/CP-Morgane-Bricard-64-scaled-1600x1600-f1dbcba1895c.jpg, xlarge_retina]\" data-interchange-sizes=\"{&quot;small&quot;:{&quot;w&quot;:668,&quot;h&quot;:668},&quot;large&quot;:{&quot;w&quot;:423,&quot;h&quot;:423},&quot;xlarge&quot;:{&quot;w&quot;:800,&quot;h&quot;:800},&quot;large_retina&quot;:{&quot;w&quot;:846,&quot;h&quot;:846},&quot;xlarge_retina&quot;:{&quot;w&quot;:1600,&quot;h&quot;:1600}}\"  style=\";--aspect-ratio-small: 1;--aspect-ratio-large: 1;--aspect-ratio-xlarge: 1;--aspect-ratio-large_retina: 1;--aspect-ratio-xlarge_retina: 1\" data-has-aspect-ratio=\"true\" alt=\"Quelle est la diff\u00e9rence entre le bison d&rsquo;Europe et le bison d&rsquo;Am\u00e9rique ?\" itemprop=\"image\" data-fade-in \/>\n        <\/figure>\n\n              <\/a>\n      <\/div>\n\n  <div class=\"article-box-content flex-child-grow flex-container flex-dir-column\">\n    <header class=\"entry-header\">\n      <h2 class=\"entry-name\" itemprop=\"name headline\">\n        <a href=\"https:\/\/parcsaintecroix.com\/fr\/quelle-est-la-difference-entre-le-bison-deurope-et-le-bison-damerique\">Quelle est la diff\u00e9rence entre le bison d&rsquo;Europe et le bison d&rsquo;Am\u00e9rique ?<\/a>\n      <\/h2>\n    <\/header>\n\n    <div class=\"entry-content\">\n      <p class=\"excerpt\">Au Parc Animalier de Sainte\u2011Croix, deux esp\u00e8ces impressionnantes issues d\u2019un h\u00e9ritage pr\u00e9historique commun, proche de l\u2019aurochs, \u00e9voluent &#8230;<\/p>\n    <\/div>\n\n    <p class=\"entry-date\">\n      Publi\u00e9 le 30 avril 2026    <\/p>\n\n  <\/div>\n<\/article>\n\n<article class=\"cell medium-6 large-4 js-article article-box flex-container flex-dir-column post-38694 post type-post status-publish format-standard has-post-thumbnail hentry category-animaux category-le-parc\"  itemscope itemtype=\"https:\/\/schema.org\/Article\" itemid=\"https:\/\/parcsaintecroix.com\/fr\/le-renard-roux-en-france-une-espece-nuisible\" itemref=\"publisher\">\n      <meta itemprop=\"author\" content=\"Parc de Saint Croix\" \/>\n    <meta itemprop=\"image\" content=\"https:\/\/parcsaintecroix.com\/wp-content\/uploads\/2025\/12\/CP-Lydie-Comte-Antoine.jpg\" \/>\n    <meta itemprop=\"datePublished\" content=\"2026-04-30T20:32:32+02:00\" \/>\n    <meta itemprop=\"dateModified\" content=\"2026-04-30T20:32:36+02:00\" \/>\n      <div class=\"news-content-wrapper\">\n          <a href=\"https:\/\/parcsaintecroix.com\/fr\/le-renard-roux-en-france-une-espece-nuisible\" itemprop=\"url mainEntityOfPage\">\n        \n                  <span class=\"label-category\">Animaux<\/span>\n        \n        <figure>\n          <img decoding=\"async\"  data-fade-in loading=\"lazy\" src=\"data:image\/png;base64,R0lGODlhAQABAAD\/ACwAAAAAAQABAAACADs=\" data-lazy-interchange=\"[https:\/\/parcsaintecroix.com\/wp-content\/uploads\/2025\/12\/CP-Lydie-Comte-Antoine-668x668-71ab615e0a86.jpg, small], [https:\/\/parcsaintecroix.com\/wp-content\/uploads\/2025\/12\/CP-Lydie-Comte-Antoine-423x423-f5ddf0753daf.jpg, large], [https:\/\/parcsaintecroix.com\/wp-content\/uploads\/2025\/12\/CP-Lydie-Comte-Antoine-800x800-b303cee25c1f.jpg, xlarge], [https:\/\/parcsaintecroix.com\/wp-content\/uploads\/2025\/12\/CP-Lydie-Comte-Antoine-846x846-97851059a762.jpg, large_retina], [https:\/\/parcsaintecroix.com\/wp-content\/uploads\/2025\/12\/CP-Lydie-Comte-Antoine-1366x1366-f1dbcba1895c.jpg, xlarge_retina]\" data-interchange-sizes=\"{&quot;small&quot;:{&quot;w&quot;:668,&quot;h&quot;:668},&quot;large&quot;:{&quot;w&quot;:423,&quot;h&quot;:423},&quot;xlarge&quot;:{&quot;w&quot;:800,&quot;h&quot;:800},&quot;large_retina&quot;:{&quot;w&quot;:846,&quot;h&quot;:846},&quot;xlarge_retina&quot;:{&quot;w&quot;:1366,&quot;h&quot;:1366}}\"  style=\";--aspect-ratio-small: 1;--aspect-ratio-large: 1;--aspect-ratio-xlarge: 1;--aspect-ratio-large_retina: 1;--aspect-ratio-xlarge_retina: 1\" data-has-aspect-ratio=\"true\" alt=\"Le renard roux en France : une esp\u00e8ce nuisible ?\" itemprop=\"image\" data-fade-in \/>\n        <\/figure>\n\n              <\/a>\n      <\/div>\n\n  <div class=\"article-box-content flex-child-grow flex-container flex-dir-column\">\n    <header class=\"entry-header\">\n      <h2 class=\"entry-name\" itemprop=\"name headline\">\n        <a href=\"https:\/\/parcsaintecroix.com\/fr\/le-renard-roux-en-france-une-espece-nuisible\">Le renard roux en France : une esp\u00e8ce nuisible ?<\/a>\n      <\/h2>\n    <\/header>\n\n    <div class=\"entry-content\">\n      <p class=\"excerpt\">Longtemps consid\u00e9r\u00e9 comme une esp\u00e8ce animale nuisible, le renard roux est encore aujourd\u2019hui porteur de nombreux pr\u00e9jug\u00e9s. &#8230;<\/p>\n    <\/div>\n\n    <p class=\"entry-date\">\n      Publi\u00e9 le 30 avril 2026    <\/p>\n\n  <\/div>\n<\/article>\n\n<article class=\"cell medium-6 large-4 js-article article-box flex-container flex-dir-column post-41005 post type-post status-publish format-standard has-post-thumbnail hentry category-animaux category-le-parc\"  itemscope itemtype=\"https:\/\/schema.org\/Article\" itemid=\"https:\/\/parcsaintecroix.com\/fr\/comment-faire-un-jardin-agroecologique-chez-soi\" itemref=\"publisher\">\n      <meta itemprop=\"author\" content=\"Parc de Saint Croix\" \/>\n    <meta itemprop=\"image\" content=\"https:\/\/parcsaintecroix.com\/wp-content\/uploads\/2026\/04\/Station-sol-CP-Carla-Datola-4.jpg\" \/>\n    <meta itemprop=\"datePublished\" content=\"2026-04-30T20:29:21+02:00\" \/>\n    <meta itemprop=\"dateModified\" content=\"2026-04-30T20:29:24+02:00\" \/>\n      <div class=\"news-content-wrapper\">\n          <a href=\"https:\/\/parcsaintecroix.com\/fr\/comment-faire-un-jardin-agroecologique-chez-soi\" itemprop=\"url mainEntityOfPage\">\n        \n                  <span class=\"label-category\">Animaux<\/span>\n        \n        <figure>\n          <img decoding=\"async\"  data-fade-in loading=\"lazy\" src=\"data:image\/png;base64,R0lGODlhAQABAAD\/ACwAAAAAAQABAAACADs=\" data-lazy-interchange=\"[https:\/\/parcsaintecroix.com\/wp-content\/uploads\/2026\/04\/Station-sol-CP-Carla-Datola-4-668x668-71ab615e0a86.jpg, small], [https:\/\/parcsaintecroix.com\/wp-content\/uploads\/2026\/04\/Station-sol-CP-Carla-Datola-4-423x423-f5ddf0753daf.jpg, large], [https:\/\/parcsaintecroix.com\/wp-content\/uploads\/2026\/04\/Station-sol-CP-Carla-Datola-4-800x800-b303cee25c1f.jpg, xlarge], [https:\/\/parcsaintecroix.com\/wp-content\/uploads\/2026\/04\/Station-sol-CP-Carla-Datola-4-846x846-97851059a762.jpg, large_retina], [https:\/\/parcsaintecroix.com\/wp-content\/uploads\/2026\/04\/Station-sol-CP-Carla-Datola-4-1366x1366-f1dbcba1895c.jpg, xlarge_retina]\" data-interchange-sizes=\"{&quot;small&quot;:{&quot;w&quot;:668,&quot;h&quot;:668},&quot;large&quot;:{&quot;w&quot;:423,&quot;h&quot;:423},&quot;xlarge&quot;:{&quot;w&quot;:800,&quot;h&quot;:800},&quot;large_retina&quot;:{&quot;w&quot;:846,&quot;h&quot;:846},&quot;xlarge_retina&quot;:{&quot;w&quot;:1366,&quot;h&quot;:1366}}\"  style=\";--aspect-ratio-small: 1;--aspect-ratio-large: 1;--aspect-ratio-xlarge: 1;--aspect-ratio-large_retina: 1;--aspect-ratio-xlarge_retina: 1\" data-has-aspect-ratio=\"true\" alt=\"Comment faire un jardin agro\u00e9cologique chez soi ?\" itemprop=\"image\" data-fade-in \/>\n        <\/figure>\n\n              <\/a>\n      <\/div>\n\n  <div class=\"article-box-content flex-child-grow flex-container flex-dir-column\">\n    <header class=\"entry-header\">\n      <h2 class=\"entry-name\" itemprop=\"name headline\">\n        <a href=\"https:\/\/parcsaintecroix.com\/fr\/comment-faire-un-jardin-agroecologique-chez-soi\">Comment faire un jardin agro\u00e9cologique chez soi ?<\/a>\n      <\/h2>\n    <\/header>\n\n    <div class=\"entry-content\">\n      <p class=\"excerpt\">Cr\u00e9er un jardin agro\u00e9cologique chez soi, c\u2019est choisir un mode de culture respectueux de la nature, de &#8230;<\/p>\n    <\/div>\n\n    <p class=\"entry-date\">\n      Publi\u00e9 le 30 avril 2026    <\/p>\n\n  <\/div>\n<\/article>\n\n        <\/div>\n\n\n              <\/div>\n    <\/section>\n    ","protected":false},"excerpt":{"rendered":"<p>Observer un loup, entendre le chant d\u2019un grand t\u00e9tras, croiser une cigogne survolant les \u00e9tangs\u2026 \u00c0 Sainte-Croix, chaque rencontre avec un animal raconte une histoire plus grande : celle de la pr\u00e9servation du vivant.&nbsp; Depuis plus de 45 ans, le Parc Animalier de Sainte-Croix est bien plus qu\u2019un lieu d\u2019\u00e9merveillement. C\u2019est une v\u00e9ritable \u00e9cole de [&hellip;]<\/p>\n","protected":false},"author":10,"featured_media":38984,"comment_status":"closed","ping_status":"closed","sticky":false,"template":"","format":"standard","meta":{"_acf_changed":false,"_themeisle_gutenberg_block_has_review":false,"footnotes":""},"categories":[223,23],"tags":[],"class_list":["post-41046","post","type-post","status-publish","format-standard","has-post-thumbnail","hentry","category-animaux","category-le-parc"],"acf":[],"yoast_head":"<!-- This site is optimized with the Yoast SEO plugin v27.3 - https:\/\/yoast.com\/product\/yoast-seo-wordpress\/ -->\n<title>Agir pour la sauvegarde des animaux | Parc Sainte-Croix<\/title>\n<meta name=\"description\" content=\"Biodiversit\u00e9, esp\u00e8ces menac\u00e9es, r\u00e9introduction : d\u00e9couvrez comment le Parc de Sainte-Croix agit pour la conservation en France et en Europe.\" \/>\n<meta name=\"robots\" content=\"index, follow, max-snippet:-1, max-image-preview:large, max-video-preview:-1\" \/>\n<link rel=\"canonical\" href=\"https:\/\/parcsaintecroix.com\/fr\/sainte-croix-agit-pour-la-sauvegarde-des-especes\" \/>\n<meta property=\"og:locale\" content=\"fr_FR\" \/>\n<meta property=\"og:type\" content=\"article\" \/>\n<meta property=\"og:title\" content=\"Agir pour la sauvegarde des animaux | Parc Sainte-Croix\" \/>\n<meta property=\"og:description\" content=\"Biodiversit\u00e9, esp\u00e8ces menac\u00e9es, r\u00e9introduction : d\u00e9couvrez comment le Parc de Sainte-Croix agit pour la conservation en France et en Europe.\" \/>\n<meta property=\"og:url\" content=\"https:\/\/parcsaintecroix.com\/fr\/sainte-croix-agit-pour-la-sauvegarde-des-especes\" \/>\n<meta property=\"og:site_name\" content=\"Parc de Saint Croix\" \/>\n<meta property=\"article:publisher\" content=\"https:\/\/www.facebook.com\/LodgesSainteCroix\/\" \/>\n<meta property=\"article:published_time\" content=\"2026-04-30T16:54:17+00:00\" \/>\n<meta property=\"article:modified_time\" content=\"2026-04-30T17:46:38+00:00\" \/>\n<meta property=\"og:image\" content=\"https:\/\/parcsaintecroix.com\/wp-content\/uploads\/2026\/02\/CP-Claire-Carre-23-scaled.jpg\" \/>\n\t<meta property=\"og:image:width\" content=\"2560\" \/>\n\t<meta property=\"og:image:height\" content=\"1893\" \/>\n\t<meta property=\"og:image:type\" content=\"image\/jpeg\" \/>\n<meta name=\"author\" content=\"Noemie Thiery\" \/>\n<meta name=\"twitter:card\" content=\"summary_large_image\" \/>\n<meta name=\"twitter:creator\" content=\"@parc_stecroix\" \/>\n<meta name=\"twitter:site\" content=\"@parc_stecroix\" \/>\n<meta name=\"twitter:label1\" content=\"\u00c9crit par\" \/>\n\t<meta name=\"twitter:data1\" content=\"Noemie Thiery\" \/>\n\t<meta name=\"twitter:label2\" content=\"Dur\u00e9e de lecture estim\u00e9e\" \/>\n\t<meta name=\"twitter:data2\" content=\"4 minutes\" \/>\n<script type=\"application\/ld+json\" class=\"yoast-schema-graph\">{\"@context\":\"https:\\\/\\\/schema.org\",\"@graph\":[{\"@type\":\"Article\",\"@id\":\"https:\\\/\\\/parcsaintecroix.com\\\/fr\\\/sainte-croix-agit-pour-la-sauvegarde-des-especes#article\",\"isPartOf\":{\"@id\":\"https:\\\/\\\/parcsaintecroix.com\\\/fr\\\/sainte-croix-agit-pour-la-sauvegarde-des-especes\"},\"author\":{\"name\":\"Noemie Thiery\",\"@id\":\"https:\\\/\\\/parcsaintecroix.com\\\/fr\\\/#\\\/schema\\\/person\\\/65f332915192f61bb9ce8f0cc3ba495b\"},\"headline\":\"Sainte-Croix, agit pour la sauvegarde des esp\u00e8ces\u00a0\",\"datePublished\":\"2026-04-30T16:54:17+00:00\",\"dateModified\":\"2026-04-30T17:46:38+00:00\",\"mainEntityOfPage\":{\"@id\":\"https:\\\/\\\/parcsaintecroix.com\\\/fr\\\/sainte-croix-agit-pour-la-sauvegarde-des-especes\"},\"wordCount\":632,\"publisher\":{\"@id\":\"https:\\\/\\\/parcsaintecroix.com\\\/fr\\\/#organization\"},\"image\":{\"@id\":\"https:\\\/\\\/parcsaintecroix.com\\\/fr\\\/sainte-croix-agit-pour-la-sauvegarde-des-especes#primaryimage\"},\"thumbnailUrl\":\"https:\\\/\\\/parcsaintecroix.com\\\/wp-content\\\/uploads\\\/2026\\\/02\\\/CP-Claire-Carre-23-scaled.jpg\",\"articleSection\":[\"Animaux\",\"Le parc\"],\"inLanguage\":\"fr-FR\"},{\"@type\":\"WebPage\",\"@id\":\"https:\\\/\\\/parcsaintecroix.com\\\/fr\\\/sainte-croix-agit-pour-la-sauvegarde-des-especes\",\"url\":\"https:\\\/\\\/parcsaintecroix.com\\\/fr\\\/sainte-croix-agit-pour-la-sauvegarde-des-especes\",\"name\":\"Agir pour la sauvegarde des animaux | Parc Sainte-Croix\",\"isPartOf\":{\"@id\":\"https:\\\/\\\/parcsaintecroix.com\\\/fr\\\/#website\"},\"primaryImageOfPage\":{\"@id\":\"https:\\\/\\\/parcsaintecroix.com\\\/fr\\\/sainte-croix-agit-pour-la-sauvegarde-des-especes#primaryimage\"},\"image\":{\"@id\":\"https:\\\/\\\/parcsaintecroix.com\\\/fr\\\/sainte-croix-agit-pour-la-sauvegarde-des-especes#primaryimage\"},\"thumbnailUrl\":\"https:\\\/\\\/parcsaintecroix.com\\\/wp-content\\\/uploads\\\/2026\\\/02\\\/CP-Claire-Carre-23-scaled.jpg\",\"datePublished\":\"2026-04-30T16:54:17+00:00\",\"dateModified\":\"2026-04-30T17:46:38+00:00\",\"description\":\"Biodiversit\u00e9, esp\u00e8ces menac\u00e9es, r\u00e9introduction : d\u00e9couvrez comment le Parc de Sainte-Croix agit pour la conservation en France et en Europe.\",\"breadcrumb\":{\"@id\":\"https:\\\/\\\/parcsaintecroix.com\\\/fr\\\/sainte-croix-agit-pour-la-sauvegarde-des-especes#breadcrumb\"},\"inLanguage\":\"fr-FR\",\"potentialAction\":[{\"@type\":\"ReadAction\",\"target\":[\"https:\\\/\\\/parcsaintecroix.com\\\/fr\\\/sainte-croix-agit-pour-la-sauvegarde-des-especes\"]}]},{\"@type\":\"ImageObject\",\"inLanguage\":\"fr-FR\",\"@id\":\"https:\\\/\\\/parcsaintecroix.com\\\/fr\\\/sainte-croix-agit-pour-la-sauvegarde-des-especes#primaryimage\",\"url\":\"https:\\\/\\\/parcsaintecroix.com\\\/wp-content\\\/uploads\\\/2026\\\/02\\\/CP-Claire-Carre-23-scaled.jpg\",\"contentUrl\":\"https:\\\/\\\/parcsaintecroix.com\\\/wp-content\\\/uploads\\\/2026\\\/02\\\/CP-Claire-Carre-23-scaled.jpg\",\"width\":2560,\"height\":1893,\"caption\":\"\u00a9 Claire Carr\u00e9\"},{\"@type\":\"BreadcrumbList\",\"@id\":\"https:\\\/\\\/parcsaintecroix.com\\\/fr\\\/sainte-croix-agit-pour-la-sauvegarde-des-especes#breadcrumb\",\"itemListElement\":[{\"@type\":\"ListItem\",\"position\":1,\"name\":\"Accueil\",\"item\":\"https:\\\/\\\/parcsaintecroix.com\\\/fr\"},{\"@type\":\"ListItem\",\"position\":2,\"name\":\"Sainte-Croix, agit pour la sauvegarde des esp\u00e8ces\u00a0\"}]},{\"@type\":\"WebSite\",\"@id\":\"https:\\\/\\\/parcsaintecroix.com\\\/fr\\\/#website\",\"url\":\"https:\\\/\\\/parcsaintecroix.com\\\/fr\\\/\",\"name\":\"Parc de Saint Croix\",\"description\":\"\",\"publisher\":{\"@id\":\"https:\\\/\\\/parcsaintecroix.com\\\/fr\\\/#organization\"},\"inLanguage\":\"fr-FR\"},{\"@type\":\"Organization\",\"@id\":\"https:\\\/\\\/parcsaintecroix.com\\\/fr\\\/#organization\",\"name\":\"Parc de Saint Croix\",\"url\":\"https:\\\/\\\/parcsaintecroix.com\\\/fr\\\/\",\"logo\":{\"@type\":\"ImageObject\",\"inLanguage\":\"fr-FR\",\"@id\":\"https:\\\/\\\/parcsaintecroix.com\\\/fr\\\/#\\\/schema\\\/logo\\\/image\\\/\",\"url\":\"https:\\\/\\\/parcsaintecroix.com\\\/wp-content\\\/uploads\\\/2022\\\/09\\\/SainteCroix-Favicon.png\",\"contentUrl\":\"https:\\\/\\\/parcsaintecroix.com\\\/wp-content\\\/uploads\\\/2022\\\/09\\\/SainteCroix-Favicon.png\",\"width\":512,\"height\":512,\"caption\":\"Parc de Saint Croix\"},\"image\":{\"@id\":\"https:\\\/\\\/parcsaintecroix.com\\\/fr\\\/#\\\/schema\\\/logo\\\/image\\\/\"},\"sameAs\":[\"https:\\\/\\\/www.facebook.com\\\/LodgesSainteCroix\\\/\",\"https:\\\/\\\/x.com\\\/parc_stecroix\"]},{\"@type\":\"Person\",\"@id\":\"https:\\\/\\\/parcsaintecroix.com\\\/fr\\\/#\\\/schema\\\/person\\\/65f332915192f61bb9ce8f0cc3ba495b\",\"name\":\"Noemie Thiery\"}]}<\/script>\n<!-- \/ Yoast SEO plugin. -->","yoast_head_json":{"title":"Agir pour la sauvegarde des animaux | Parc Sainte-Croix","description":"Biodiversit\u00e9, esp\u00e8ces menac\u00e9es, r\u00e9introduction : d\u00e9couvrez comment le Parc de Sainte-Croix agit pour la conservation en France et en Europe.","robots":{"index":"index","follow":"follow","max-snippet":"max-snippet:-1","max-image-preview":"max-image-preview:large","max-video-preview":"max-video-preview:-1"},"canonical":"https:\/\/parcsaintecroix.com\/fr\/sainte-croix-agit-pour-la-sauvegarde-des-especes","og_locale":"fr_FR","og_type":"article","og_title":"Agir pour la sauvegarde des animaux | Parc Sainte-Croix","og_description":"Biodiversit\u00e9, esp\u00e8ces menac\u00e9es, r\u00e9introduction : d\u00e9couvrez comment le Parc de Sainte-Croix agit pour la conservation en France et en Europe.","og_url":"https:\/\/parcsaintecroix.com\/fr\/sainte-croix-agit-pour-la-sauvegarde-des-especes","og_site_name":"Parc de Saint Croix","article_publisher":"https:\/\/www.facebook.com\/LodgesSainteCroix\/","article_published_time":"2026-04-30T16:54:17+00:00","article_modified_time":"2026-04-30T17:46:38+00:00","og_image":[{"width":2560,"height":1893,"url":"https:\/\/parcsaintecroix.com\/wp-content\/uploads\/2026\/02\/CP-Claire-Carre-23-scaled.jpg","type":"image\/jpeg"}],"author":"Noemie Thiery","twitter_card":"summary_large_image","twitter_creator":"@parc_stecroix","twitter_site":"@parc_stecroix","twitter_misc":{"\u00c9crit par":"Noemie Thiery","Dur\u00e9e de lecture estim\u00e9e":"4 minutes"},"schema":{"@context":"https:\/\/schema.org","@graph":[{"@type":"Article","@id":"https:\/\/parcsaintecroix.com\/fr\/sainte-croix-agit-pour-la-sauvegarde-des-especes#article","isPartOf":{"@id":"https:\/\/parcsaintecroix.com\/fr\/sainte-croix-agit-pour-la-sauvegarde-des-especes"},"author":{"name":"Noemie Thiery","@id":"https:\/\/parcsaintecroix.com\/fr\/#\/schema\/person\/65f332915192f61bb9ce8f0cc3ba495b"},"headline":"Sainte-Croix, agit pour la sauvegarde des esp\u00e8ces\u00a0","datePublished":"2026-04-30T16:54:17+00:00","dateModified":"2026-04-30T17:46:38+00:00","mainEntityOfPage":{"@id":"https:\/\/parcsaintecroix.com\/fr\/sainte-croix-agit-pour-la-sauvegarde-des-especes"},"wordCount":632,"publisher":{"@id":"https:\/\/parcsaintecroix.com\/fr\/#organization"},"image":{"@id":"https:\/\/parcsaintecroix.com\/fr\/sainte-croix-agit-pour-la-sauvegarde-des-especes#primaryimage"},"thumbnailUrl":"https:\/\/parcsaintecroix.com\/wp-content\/uploads\/2026\/02\/CP-Claire-Carre-23-scaled.jpg","articleSection":["Animaux","Le parc"],"inLanguage":"fr-FR"},{"@type":"WebPage","@id":"https:\/\/parcsaintecroix.com\/fr\/sainte-croix-agit-pour-la-sauvegarde-des-especes","url":"https:\/\/parcsaintecroix.com\/fr\/sainte-croix-agit-pour-la-sauvegarde-des-especes","name":"Agir pour la sauvegarde des animaux | Parc Sainte-Croix","isPartOf":{"@id":"https:\/\/parcsaintecroix.com\/fr\/#website"},"primaryImageOfPage":{"@id":"https:\/\/parcsaintecroix.com\/fr\/sainte-croix-agit-pour-la-sauvegarde-des-especes#primaryimage"},"image":{"@id":"https:\/\/parcsaintecroix.com\/fr\/sainte-croix-agit-pour-la-sauvegarde-des-especes#primaryimage"},"thumbnailUrl":"https:\/\/parcsaintecroix.com\/wp-content\/uploads\/2026\/02\/CP-Claire-Carre-23-scaled.jpg","datePublished":"2026-04-30T16:54:17+00:00","dateModified":"2026-04-30T17:46:38+00:00","description":"Biodiversit\u00e9, esp\u00e8ces menac\u00e9es, r\u00e9introduction : d\u00e9couvrez comment le Parc de Sainte-Croix agit pour la conservation en France et en Europe.","breadcrumb":{"@id":"https:\/\/parcsaintecroix.com\/fr\/sainte-croix-agit-pour-la-sauvegarde-des-especes#breadcrumb"},"inLanguage":"fr-FR","potentialAction":[{"@type":"ReadAction","target":["https:\/\/parcsaintecroix.com\/fr\/sainte-croix-agit-pour-la-sauvegarde-des-especes"]}]},{"@type":"ImageObject","inLanguage":"fr-FR","@id":"https:\/\/parcsaintecroix.com\/fr\/sainte-croix-agit-pour-la-sauvegarde-des-especes#primaryimage","url":"https:\/\/parcsaintecroix.com\/wp-content\/uploads\/2026\/02\/CP-Claire-Carre-23-scaled.jpg","contentUrl":"https:\/\/parcsaintecroix.com\/wp-content\/uploads\/2026\/02\/CP-Claire-Carre-23-scaled.jpg","width":2560,"height":1893,"caption":"\u00a9 Claire Carr\u00e9"},{"@type":"BreadcrumbList","@id":"https:\/\/parcsaintecroix.com\/fr\/sainte-croix-agit-pour-la-sauvegarde-des-especes#breadcrumb","itemListElement":[{"@type":"ListItem","position":1,"name":"Accueil","item":"https:\/\/parcsaintecroix.com\/fr"},{"@type":"ListItem","position":2,"name":"Sainte-Croix, agit pour la sauvegarde des esp\u00e8ces\u00a0"}]},{"@type":"WebSite","@id":"https:\/\/parcsaintecroix.com\/fr\/#website","url":"https:\/\/parcsaintecroix.com\/fr\/","name":"Parc de Saint Croix","description":"","publisher":{"@id":"https:\/\/parcsaintecroix.com\/fr\/#organization"},"inLanguage":"fr-FR"},{"@type":"Organization","@id":"https:\/\/parcsaintecroix.com\/fr\/#organization","name":"Parc de Saint Croix","url":"https:\/\/parcsaintecroix.com\/fr\/","logo":{"@type":"ImageObject","inLanguage":"fr-FR","@id":"https:\/\/parcsaintecroix.com\/fr\/#\/schema\/logo\/image\/","url":"https:\/\/parcsaintecroix.com\/wp-content\/uploads\/2022\/09\/SainteCroix-Favicon.png","contentUrl":"https:\/\/parcsaintecroix.com\/wp-content\/uploads\/2022\/09\/SainteCroix-Favicon.png","width":512,"height":512,"caption":"Parc de Saint Croix"},"image":{"@id":"https:\/\/parcsaintecroix.com\/fr\/#\/schema\/logo\/image\/"},"sameAs":["https:\/\/www.facebook.com\/LodgesSainteCroix\/","https:\/\/x.com\/parc_stecroix"]},{"@type":"Person","@id":"https:\/\/parcsaintecroix.com\/fr\/#\/schema\/person\/65f332915192f61bb9ce8f0cc3ba495b","name":"Noemie Thiery"}]}},"_links":{"self":[{"href":"https:\/\/parcsaintecroix.com\/fr\/wp-json\/wp\/v2\/posts\/41046","targetHints":{"allow":["GET"]}}],"collection":[{"href":"https:\/\/parcsaintecroix.com\/fr\/wp-json\/wp\/v2\/posts"}],"about":[{"href":"https:\/\/parcsaintecroix.com\/fr\/wp-json\/wp\/v2\/types\/post"}],"author":[{"embeddable":true,"href":"https:\/\/parcsaintecroix.com\/fr\/wp-json\/wp\/v2\/users\/10"}],"replies":[{"embeddable":true,"href":"https:\/\/parcsaintecroix.com\/fr\/wp-json\/wp\/v2\/comments?post=41046"}],"version-history":[{"count":5,"href":"https:\/\/parcsaintecroix.com\/fr\/wp-json\/wp\/v2\/posts\/41046\/revisions"}],"predecessor-version":[{"id":41183,"href":"https:\/\/parcsaintecroix.com\/fr\/wp-json\/wp\/v2\/posts\/41046\/revisions\/41183"}],"wp:featuredmedia":[{"embeddable":true,"href":"https:\/\/parcsaintecroix.com\/fr\/wp-json\/wp\/v2\/media\/38984"}],"wp:attachment":[{"href":"https:\/\/parcsaintecroix.com\/fr\/wp-json\/wp\/v2\/media?parent=41046"}],"wp:term":[{"taxonomy":"category","embeddable":true,"href":"https:\/\/parcsaintecroix.com\/fr\/wp-json\/wp\/v2\/categories?post=41046"},{"taxonomy":"post_tag","embeddable":true,"href":"https:\/\/parcsaintecroix.com\/fr\/wp-json\/wp\/v2\/tags?post=41046"}],"curies":[{"name":"wp","href":"https:\/\/api.w.org\/{rel}","templated":true}]}}